{"id":471604,"date":"2020-06-26T09:45:03","date_gmt":"2020-06-26T12:45:03","guid":{"rendered":"https:\/\/bahiaeconomica.com.br\/wp\/beta\/?p=471604"},"modified":"2020-06-26T09:53:38","modified_gmt":"2020-06-26T12:53:38","slug":"governo-divulga-calendario-da-terceira-parcela-do-auxilio","status":"publish","type":"post","link":"https:\/\/bahiaeconomica.com.br\/wp\/2020\/06\/26\/governo-divulga-calendario-da-terceira-parcela-do-auxilio\/","title":{"rendered":"GOVERNO DIVULGA CALEND\u00c1RIO DA TERCEIRA PARCELA DO AUX\u00cdLIO"},"content":{"rendered":"<p>O governo divulgou na noite desta quinta-feira (25), em edi\u00e7\u00e3o extra do &#8220;Di\u00e1rio Oficial da Uni\u00e3o&#8221;, o calend\u00e1rio de pagamentos da terceira parcela do aux\u00edlio <!--more-->emergencial de R$ 600. A partir deste s\u00e1bado (4) e at\u00e9 4 de julho, o dinheiro ser\u00e1 depositado nas contas da poupan\u00e7a social digital para pagamento de contas, boletos e compras por meio do cart\u00e3o de d\u00e9bito digital. Para quem vai fazer saque em dinheiro, os pagamentos come\u00e7am em 18 de julho e v\u00e3o at\u00e9 19 de setembro. Nesta quinta, o presidente Jair Bolsonaro afirmou que o governo avalia a prorroga\u00e7\u00e3o do aux\u00edlio emergencial, com o pagamento de tr\u00eas parcelas adicionais, nos valores de R$ 500, R$ 400 e R$ 300.<\/p>\n<p>Calend\u00e1rio dos dep\u00f3sitos<\/p>\n<p>As datas de dep\u00f3sito nas contas digitais s\u00e3o as seguintes:<\/p>\n<ul>\n<li>27 de junho \u2013 nascidos em janeiro e fevereiro (pagamento do 1\u00ba lote da terceira parcela \/ do 2\u00ba lote da segunda parcela \/ e do 4\u00ba lote da primeira parcela)<\/li>\n<li>30 de junho \u2013 nascidos em mar\u00e7o e abril (pagamento do 1\u00ba lote da terceira parcela \/ do 2\u00ba lote da segunda parcela \/ e do 4\u00ba lote da primeira parcela)<\/li>\n<li>1\u00ba de julho \u2013 nascidos em maio e junho (pagamento do 1\u00ba lote da terceira parcela \/ do 2\u00ba lote da segunda parcela \/ e do 4\u00ba lote da primeira parcela)<\/li>\n<li>2 de julho \u2013 nascidos em julho e agosto (pagamento do 1\u00ba lote da terceira parcela \/ do 2\u00ba lote da segunda parcela \/ e do 4\u00ba lote da primeira parcela)<\/li>\n<li>3 de julho \u2013 nascidos em setembro e outubro (pagamento do 1\u00ba lote da terceira parcela \/ do 2\u00ba lote da segunda parcela \/ e do 4\u00ba lote da primeira parcela)<\/li>\n<li>4 de julho \u2013 nascidos em novembro e dezembro (pagamento do 1\u00ba lote da terceira parcela \/ do 2\u00ba lote da segunda parcela \/ e do 4\u00ba lote da primeira parcela)<\/li>\n<\/ul>\n<p>Calend\u00e1rio para saques<\/p>\n<p>As datas de pagamento para quem vai fazer saque em dinheiro s\u00e3o as seguintes:<\/p>\n<ul>\n<li>18 de julho \u2013 nascidos em janeiro (1\u00ba lote da terceira parcela \/ do 2\u00ba lote da segunda parcela \/ e do 4\u00ba lote da primeira parcela)<\/li>\n<li>25 de julho \u2013 nascidos em fevereiro (1\u00ba lote da terceira parcela \/ do 2\u00ba lote da segunda parcela \/ e do 4\u00ba lote da primeira parcela)<\/li>\n<li>1\u00ba de agosto \u2013 nascidos em mar\u00e7o (1\u00ba lote da terceira parcela \/ do 2\u00ba lote da segunda parcela \/ e do 4\u00ba lote da primeira parcela)<\/li>\n<li>8 de agosto \u2013 nascidos em abril (1\u00ba lote da terceira parcela \/ do 2\u00ba lote da segunda parcela \/ e do 4\u00ba lote da primeira parcela)<\/li>\n<li>15 de agosto \u2013 nascidos em maio (1\u00ba lote da terceira parcela \/ do 2\u00ba lote da segunda parcela \/ e do 4\u00ba lote da primeira parcela)<\/li>\n<li>29 de agosto \u2013 nascidos em junho (1\u00ba lote da terceira parcela \/ do 2\u00ba lote da segunda parcela \/ e do 4\u00ba lote da primeira parcela)<\/li>\n<li>1\u00ba de setembro \u2013 nascidos em julho (1\u00ba lote da terceira parcela \/ do 2\u00ba lote da segunda parcela \/ e do 4\u00ba lote da primeira parcela)<\/li>\n<li>8 de setembro \u2013 nascidos em agosto (1\u00ba lote da terceira parcela \/ do 2\u00ba lote da segunda parcela \/ e do 4\u00ba lote da primeira parcela)<\/li>\n<li>10 de setembro \u2013 nascidos em setembro (1\u00ba lote da terceira parcela \/ do 2\u00ba lote da segunda parcela \/ e do 4\u00ba lote da primeira parcela)<\/li>\n<li>12 de setembro \u2013 nascidos em outubro (1\u00ba lote da terceira parcela \/ do 2\u00ba lote da segunda parcela \/ e do 4\u00ba lote da primeira parcela)<\/li>\n<li>15 de setembro \u2013 nascidos em novembro (1\u00ba lote da terceira parcela \/ do 2\u00ba lote da segunda parcela \/ e do 4\u00ba lote da primeira parcela)<\/li>\n<li>19 de setembro \u2013 nascidos em dezembro (1\u00ba lote da terceira parcela \/ do 2\u00ba lote da segunda parcela \/ e do 4\u00ba lote da primeira parcela)<\/li>\n<\/ul>\n<p>Foto: divulga\u00e7\u00e3o<\/p>\n","protected":false},"excerpt":{"rendered":"<p>O governo divulgou na noite desta quinta-feira (25), em edi\u00e7\u00e3o extra do &#8220;Di\u00e1rio Oficial da Uni\u00e3o&#8221;, o calend\u00e1rio de pagamentos da terceira parcela do aux\u00edlio<\/p>\n","protected":false},"author":1,"featured_media":455017,"comment_status":"closed","ping_status":"closed","sticky":false,"template":"","format":"standard","meta":[],"categories":[14,3],"tags":[],"acf":[],"yoast_head":"<!-- This site is optimized with the Yoast SEO plugin v20.8 - https:\/\/yoast.com\/wordpress\/plugins\/seo\/ -->\n<title>GOVERNO DIVULGA CALEND\u00c1RIO DA TERCEIRA PARCELA DO AUX\u00cdLIO - Bahia Economica<\/title>\n<meta name=\"description\" content=\"O maior portal de Economia da Bahia DESTAQUE DO DIA, ECONOMIA \/ POL\u00cdTICA Bahia Economica\" \/>\n<meta name=\"robots\" content=\"index, follow, max-snippet:-1, max-image-preview:large, max-video-preview:-1\" \/>\n<link rel=\"canonical\" href=\"https:\/\/bahiaeconomica.com.br\/wp\/2020\/06\/26\/governo-divulga-calendario-da-terceira-parcela-do-auxilio\/\" \/>\n<meta property=\"og:locale\" content=\"pt_BR\" \/>\n<meta property=\"og:type\" content=\"article\" \/>\n<meta property=\"og:title\" content=\"GOVERNO DIVULGA CALEND\u00c1RIO DA TERCEIRA PARCELA DO AUX\u00cdLIO - Bahia Economica\" \/>\n<meta property=\"og:description\" content=\"O maior portal de Economia da Bahia DESTAQUE DO DIA, ECONOMIA \/ POL\u00cdTICA Bahia Economica\" \/>\n<meta property=\"og:url\" content=\"https:\/\/bahiaeconomica.com.br\/wp\/2020\/06\/26\/governo-divulga-calendario-da-terceira-parcela-do-auxilio\/\" \/>\n<meta property=\"og:site_name\" content=\"Bahia Economica\" \/>\n<meta property=\"article:publisher\" content=\"https:\/\/www.facebook.com\/bahiaeconomica\" \/>\n<meta property=\"article:published_time\" content=\"2020-06-26T12:45:03+00:00\" \/>\n<meta property=\"article:modified_time\" content=\"2020-06-26T12:53:38+00:00\" \/>\n<meta property=\"og:image\" content=\"https:\/\/bahiaeconomica.com.br\/wp\/wp-content\/uploads\/2020\/04\/auxilio-emergencial-saiba-quem-tem-direito-e-como-receber.jpg\" \/>\n\t<meta property=\"og:image:width\" content=\"500\" \/>\n\t<meta property=\"og:image:height\" content=\"300\" \/>\n\t<meta property=\"og:image:type\" content=\"image\/jpeg\" \/>\n<meta name=\"author\" content=\"admin\" \/>\n<meta name=\"twitter:card\" content=\"summary_large_image\" \/>\n<meta name=\"twitter:label1\" content=\"Escrito por\" \/>\n\t<meta name=\"twitter:data1\" content=\"admin\" \/>\n\t<meta name=\"twitter:label2\" content=\"Est. tempo de leitura\" \/>\n\t<meta name=\"twitter:data2\" content=\"3 minutos\" \/>\n<script type=\"application\/ld+json\" class=\"yoast-schema-graph\">{\"@context\":\"https:\/\/schema.org\",\"@graph\":[{\"@type\":\"Article\",\"@id\":\"https:\/\/bahiaeconomica.com.br\/wp\/2020\/06\/26\/governo-divulga-calendario-da-terceira-parcela-do-auxilio\/#article\",\"isPartOf\":{\"@id\":\"https:\/\/bahiaeconomica.com.br\/wp\/2020\/06\/26\/governo-divulga-calendario-da-terceira-parcela-do-auxilio\/\"},\"author\":{\"name\":\"admin\",\"@id\":\"https:\/\/bahiaeconomica.com.br\/wp\/#\/schema\/person\/cb1ab5ba96ad3d9390805381c76284ec\"},\"headline\":\"GOVERNO DIVULGA CALEND\u00c1RIO DA TERCEIRA PARCELA DO AUX\u00cdLIO\",\"datePublished\":\"2020-06-26T12:45:03+00:00\",\"dateModified\":\"2020-06-26T12:53:38+00:00\",\"mainEntityOfPage\":{\"@id\":\"https:\/\/bahiaeconomica.com.br\/wp\/2020\/06\/26\/governo-divulga-calendario-da-terceira-parcela-do-auxilio\/\"},\"wordCount\":556,\"publisher\":{\"@id\":\"https:\/\/bahiaeconomica.com.br\/wp\/#organization\"},\"articleSection\":[\"DESTAQUE DO DIA\",\"ECONOMIA \/ POL\u00cdTICA\"],\"inLanguage\":\"pt-BR\"},{\"@type\":\"WebPage\",\"@id\":\"https:\/\/bahiaeconomica.com.br\/wp\/2020\/06\/26\/governo-divulga-calendario-da-terceira-parcela-do-auxilio\/\",\"url\":\"https:\/\/bahiaeconomica.com.br\/wp\/2020\/06\/26\/governo-divulga-calendario-da-terceira-parcela-do-auxilio\/\",\"name\":\"GOVERNO DIVULGA CALEND\u00c1RIO DA TERCEIRA PARCELA DO AUX\u00cdLIO - Bahia Economica\",\"isPartOf\":{\"@id\":\"https:\/\/bahiaeconomica.com.br\/wp\/#website\"},\"datePublished\":\"2020-06-26T12:45:03+00:00\",\"dateModified\":\"2020-06-26T12:53:38+00:00\",\"description\":\"O maior portal de Economia da Bahia DESTAQUE DO DIA, ECONOMIA \/ POL\u00cdTICA Bahia Economica\",\"breadcrumb\":{\"@id\":\"https:\/\/bahiaeconomica.com.br\/wp\/2020\/06\/26\/governo-divulga-calendario-da-terceira-parcela-do-auxilio\/#breadcrumb\"},\"inLanguage\":\"pt-BR\",\"potentialAction\":[{\"@type\":\"ReadAction\",\"target\":[\"https:\/\/bahiaeconomica.com.br\/wp\/2020\/06\/26\/governo-divulga-calendario-da-terceira-parcela-do-auxilio\/\"]}]},{\"@type\":\"BreadcrumbList\",\"@id\":\"https:\/\/bahiaeconomica.com.br\/wp\/2020\/06\/26\/governo-divulga-calendario-da-terceira-parcela-do-auxilio\/#breadcrumb\",\"itemListElement\":[{\"@type\":\"ListItem\",\"position\":1,\"name\":\"In\u00edcio\",\"item\":\"https:\/\/bahiaeconomica.com.br\/wp\/\"},{\"@type\":\"ListItem\",\"position\":2,\"name\":\"GOVERNO DIVULGA CALEND\u00c1RIO DA TERCEIRA PARCELA DO AUX\u00cdLIO\"}]},{\"@type\":\"WebSite\",\"@id\":\"https:\/\/bahiaeconomica.com.br\/wp\/#website\",\"url\":\"https:\/\/bahiaeconomica.com.br\/wp\/\",\"name\":\"Bahia Economica\",\"description\":\"O maior portal de Economia da Bahia\",\"publisher\":{\"@id\":\"https:\/\/bahiaeconomica.com.br\/wp\/#organization\"},\"potentialAction\":[{\"@type\":\"SearchAction\",\"target\":{\"@type\":\"EntryPoint\",\"urlTemplate\":\"https:\/\/bahiaeconomica.com.br\/wp\/?s={search_term_string}\"},\"query-input\":\"required name=search_term_string\"}],\"inLanguage\":\"pt-BR\"},{\"@type\":\"Organization\",\"@id\":\"https:\/\/bahiaeconomica.com.br\/wp\/#organization\",\"name\":\"Bahia Econ\u00f4mica\",\"url\":\"https:\/\/bahiaeconomica.com.br\/wp\/\",\"logo\":{\"@type\":\"ImageObject\",\"inLanguage\":\"pt-BR\",\"@id\":\"https:\/\/bahiaeconomica.com.br\/wp\/#\/schema\/logo\/image\/\",\"url\":\"https:\/\/bahiaeconomica.com.br\/wp\/wp-content\/uploads\/2020\/12\/cropped-BE.png\",\"contentUrl\":\"https:\/\/bahiaeconomica.com.br\/wp\/wp-content\/uploads\/2020\/12\/cropped-BE.png\",\"width\":512,\"height\":512,\"caption\":\"Bahia Econ\u00f4mica\"},\"image\":{\"@id\":\"https:\/\/bahiaeconomica.com.br\/wp\/#\/schema\/logo\/image\/\"},\"sameAs\":[\"https:\/\/www.facebook.com\/bahiaeconomica\"]},{\"@type\":\"Person\",\"@id\":\"https:\/\/bahiaeconomica.com.br\/wp\/#\/schema\/person\/cb1ab5ba96ad3d9390805381c76284ec\",\"name\":\"admin\",\"url\":\"https:\/\/bahiaeconomica.com.br\/wp\/author\/admin\/\"}]}<\/script>\n<!-- \/ Yoast SEO plugin. -->","yoast_head_json":{"title":"GOVERNO DIVULGA CALEND\u00c1RIO DA TERCEIRA PARCELA DO AUX\u00cdLIO - Bahia Economica","description":"O maior portal de Economia da Bahia DESTAQUE DO DIA, ECONOMIA \/ POL\u00cdTICA Bahia Economica","robots":{"index":"index","follow":"follow","max-snippet":"max-snippet:-1","max-image-preview":"max-image-preview:large","max-video-preview":"max-video-preview:-1"},"canonical":"https:\/\/bahiaeconomica.com.br\/wp\/2020\/06\/26\/governo-divulga-calendario-da-terceira-parcela-do-auxilio\/","og_locale":"pt_BR","og_type":"article","og_title":"GOVERNO DIVULGA CALEND\u00c1RIO DA TERCEIRA PARCELA DO AUX\u00cdLIO - Bahia Economica","og_description":"O maior portal de Economia da Bahia DESTAQUE DO DIA, ECONOMIA \/ POL\u00cdTICA Bahia Economica","og_url":"https:\/\/bahiaeconomica.com.br\/wp\/2020\/06\/26\/governo-divulga-calendario-da-terceira-parcela-do-auxilio\/","og_site_name":"Bahia Economica","article_publisher":"https:\/\/www.facebook.com\/bahiaeconomica","article_published_time":"2020-06-26T12:45:03+00:00","article_modified_time":"2020-06-26T12:53:38+00:00","og_image":[{"width":500,"height":300,"url":"https:\/\/bahiaeconomica.com.br\/wp\/wp-content\/uploads\/2020\/04\/auxilio-emergencial-saiba-quem-tem-direito-e-como-receber.jpg","type":"image\/jpeg"}],"author":"admin","twitter_card":"summary_large_image","twitter_misc":{"Escrito por":"admin","Est. tempo de leitura":"3 minutos"},"schema":{"@context":"https:\/\/schema.org","@graph":[{"@type":"Article","@id":"https:\/\/bahiaeconomica.com.br\/wp\/2020\/06\/26\/governo-divulga-calendario-da-terceira-parcela-do-auxilio\/#article","isPartOf":{"@id":"https:\/\/bahiaeconomica.com.br\/wp\/2020\/06\/26\/governo-divulga-calendario-da-terceira-parcela-do-auxilio\/"},"author":{"name":"admin","@id":"https:\/\/bahiaeconomica.com.br\/wp\/#\/schema\/person\/cb1ab5ba96ad3d9390805381c76284ec"},"headline":"GOVERNO DIVULGA CALEND\u00c1RIO DA TERCEIRA PARCELA DO AUX\u00cdLIO","datePublished":"2020-06-26T12:45:03+00:00","dateModified":"2020-06-26T12:53:38+00:00","mainEntityOfPage":{"@id":"https:\/\/bahiaeconomica.com.br\/wp\/2020\/06\/26\/governo-divulga-calendario-da-terceira-parcela-do-auxilio\/"},"wordCount":556,"publisher":{"@id":"https:\/\/bahiaeconomica.com.br\/wp\/#organization"},"articleSection":["DESTAQUE DO DIA","ECONOMIA \/ POL\u00cdTICA"],"inLanguage":"pt-BR"},{"@type":"WebPage","@id":"https:\/\/bahiaeconomica.com.br\/wp\/2020\/06\/26\/governo-divulga-calendario-da-terceira-parcela-do-auxilio\/","url":"https:\/\/bahiaeconomica.com.br\/wp\/2020\/06\/26\/governo-divulga-calendario-da-terceira-parcela-do-auxilio\/","name":"GOVERNO DIVULGA CALEND\u00c1RIO DA TERCEIRA PARCELA DO AUX\u00cdLIO - Bahia Economica","isPartOf":{"@id":"https:\/\/bahiaeconomica.com.br\/wp\/#website"},"datePublished":"2020-06-26T12:45:03+00:00","dateModified":"2020-06-26T12:53:38+00:00","description":"O maior portal de Economia da Bahia DESTAQUE DO DIA, ECONOMIA \/ POL\u00cdTICA Bahia Economica","breadcrumb":{"@id":"https:\/\/bahiaeconomica.com.br\/wp\/2020\/06\/26\/governo-divulga-calendario-da-terceira-parcela-do-auxilio\/#breadcrumb"},"inLanguage":"pt-BR","potentialAction":[{"@type":"ReadAction","target":["https:\/\/bahiaeconomica.com.br\/wp\/2020\/06\/26\/governo-divulga-calendario-da-terceira-parcela-do-auxilio\/"]}]},{"@type":"BreadcrumbList","@id":"https:\/\/bahiaeconomica.com.br\/wp\/2020\/06\/26\/governo-divulga-calendario-da-terceira-parcela-do-auxilio\/#breadcrumb","itemListElement":[{"@type":"ListItem","position":1,"name":"In\u00edcio","item":"https:\/\/bahiaeconomica.com.br\/wp\/"},{"@type":"ListItem","position":2,"name":"GOVERNO DIVULGA CALEND\u00c1RIO DA TERCEIRA PARCELA DO AUX\u00cdLIO"}]},{"@type":"WebSite","@id":"https:\/\/bahiaeconomica.com.br\/wp\/#website","url":"https:\/\/bahiaeconomica.com.br\/wp\/","name":"Bahia Economica","description":"O maior portal de Economia da Bahia","publisher":{"@id":"https:\/\/bahiaeconomica.com.br\/wp\/#organization"},"potentialAction":[{"@type":"SearchAction","target":{"@type":"EntryPoint","urlTemplate":"https:\/\/bahiaeconomica.com.br\/wp\/?s={search_term_string}"},"query-input":"required name=search_term_string"}],"inLanguage":"pt-BR"},{"@type":"Organization","@id":"https:\/\/bahiaeconomica.com.br\/wp\/#organization","name":"Bahia Econ\u00f4mica","url":"https:\/\/bahiaeconomica.com.br\/wp\/","logo":{"@type":"ImageObject","inLanguage":"pt-BR","@id":"https:\/\/bahiaeconomica.com.br\/wp\/#\/schema\/logo\/image\/","url":"https:\/\/bahiaeconomica.com.br\/wp\/wp-content\/uploads\/2020\/12\/cropped-BE.png","contentUrl":"https:\/\/bahiaeconomica.com.br\/wp\/wp-content\/uploads\/2020\/12\/cropped-BE.png","width":512,"height":512,"caption":"Bahia Econ\u00f4mica"},"image":{"@id":"https:\/\/bahiaeconomica.com.br\/wp\/#\/schema\/logo\/image\/"},"sameAs":["https:\/\/www.facebook.com\/bahiaeconomica"]},{"@type":"Person","@id":"https:\/\/bahiaeconomica.com.br\/wp\/#\/schema\/person\/cb1ab5ba96ad3d9390805381c76284ec","name":"admin","url":"https:\/\/bahiaeconomica.com.br\/wp\/author\/admin\/"}]}},"views":2,"_links":{"self":[{"href":"https:\/\/bahiaeconomica.com.br\/wp\/wp-json\/wp\/v2\/posts\/471604"}],"collection":[{"href":"https:\/\/bahiaeconomica.com.br\/wp\/wp-json\/wp\/v2\/posts"}],"about":[{"href":"https:\/\/bahiaeconomica.com.br\/wp\/wp-json\/wp\/v2\/types\/post"}],"author":[{"embeddable":true,"href":"https:\/\/bahiaeconomica.com.br\/wp\/wp-json\/wp\/v2\/users\/1"}],"replies":[{"embeddable":true,"href":"https:\/\/bahiaeconomica.com.br\/wp\/wp-json\/wp\/v2\/comments?post=471604"}],"version-history":[{"count":1,"href":"https:\/\/bahiaeconomica.com.br\/wp\/wp-json\/wp\/v2\/posts\/471604\/revisions"}],"predecessor-version":[{"id":471606,"href":"https:\/\/bahiaeconomica.com.br\/wp\/wp-json\/wp\/v2\/posts\/471604\/revisions\/471606"}],"wp:featuredmedia":[{"embeddable":true,"href":"https:\/\/bahiaeconomica.com.br\/wp\/wp-json\/wp\/v2\/media\/455017"}],"wp:attachment":[{"href":"https:\/\/bahiaeconomica.com.br\/wp\/wp-json\/wp\/v2\/media?parent=471604"}],"wp:term":[{"taxonomy":"category","embeddable":true,"href":"https:\/\/bahiaeconomica.com.br\/wp\/wp-json\/wp\/v2\/categories?post=471604"},{"taxonomy":"post_tag","embeddable":true,"href":"https:\/\/bahiaeconomica.com.br\/wp\/wp-json\/wp\/v2\/tags?post=471604"}],"curies":[{"name":"wp","href":"https:\/\/api.w.org\/{rel}","templated":true}]}}