{"id":470302,"date":"2020-06-19T17:32:15","date_gmt":"2020-06-19T20:32:15","guid":{"rendered":"https:\/\/bahiaeconomica.com.br\/wp\/beta\/?p=470302"},"modified":"2020-06-19T17:33:11","modified_gmt":"2020-06-19T20:33:11","slug":"veja-quem-pode-procurar-dpu-por-auxilio-emergencial-negado","status":"publish","type":"post","link":"https:\/\/bahiaeconomica.com.br\/wp\/2020\/06\/19\/veja-quem-pode-procurar-dpu-por-auxilio-emergencial-negado\/","title":{"rendered":"VEJA QUEM PODE PROCURAR DPU POR AUX\u00cdLIO EMERGENCIAL NEGADO"},"content":{"rendered":"<p>A Defensoria P\u00fablica da Uni\u00e3o publicou, em seu site, um<a href=\"https:\/\/www.dpu.def.br\/dpucontraocoronavirus\/perguntas-e-respostas\"> guia com perguntas e respostas<\/a> para auxiliar pessoas que <!--more-->tiveram o aux\u00edlio emergencial negado e querem recorrer ao \u00f3rg\u00e3o para conseguir um acordo e evitar um processo judicial.<\/p>\n<p>Na \u00faltima ter\u00e7a-feira (16), o Ministro da Cidadania, Onyx Lorenzoni, e o defensor p\u00fablico-geral federal, Gabriel Faria Oliveira, assinaram um acordo de coopera\u00e7\u00e3o t\u00e9cnica para solucionar o caso por meio administrativo. A <a href=\"https:\/\/www.dpu.def.br\/contatos-dpu\">Defensoria P\u00fablica da Uni\u00e3o<\/a> est\u00e1 presente em todas as capitais e em mais 43 cidades do interior.<\/p>\n<p>\u00c9 importante lembrar que quem n\u00e3o se encaixa nos crit\u00e9rios legais para receber o benef\u00edcio, n\u00e3o pode receb\u00ea-lo por meio da DPU. A contesta\u00e7\u00e3o s\u00f3 ser\u00e1 poss\u00edvel nos casos em que a pessoa tenha o direito, mas, por um problema cadastral, teve o pedido indeferido.<\/p>\n<p>&nbsp;<\/p>\n<p>&nbsp;<\/p>\n<p>&nbsp;<\/p>\n<p>Foto: Paulo Paiva\/Agif &#8211; Ag\u00eancia De Fotografia\/Agif Ag\u00eancia De Fotografia\/Estad\u00e3o Conte\u00fado<\/p>\n","protected":false},"excerpt":{"rendered":"<p>A Defensoria P\u00fablica da Uni\u00e3o publicou, em seu site, um guia com perguntas e respostas para auxiliar pessoas que<\/p>\n","protected":false},"author":1,"featured_media":457900,"comment_status":"closed","ping_status":"closed","sticky":false,"template":"","format":"standard","meta":[],"categories":[3],"tags":[],"acf":[],"yoast_head":"<!-- This site is optimized with the Yoast SEO plugin v20.8 - https:\/\/yoast.com\/wordpress\/plugins\/seo\/ -->\n<title>VEJA QUEM PODE PROCURAR DPU POR AUX\u00cdLIO EMERGENCIAL NEGADO - Bahia Economica<\/title>\n<meta name=\"description\" content=\"O maior portal de Economia da Bahia ECONOMIA \/ POL\u00cdTICA Bahia Economica\" \/>\n<meta name=\"robots\" content=\"index, follow, max-snippet:-1, max-image-preview:large, max-video-preview:-1\" \/>\n<link rel=\"canonical\" href=\"https:\/\/bahiaeconomica.com.br\/wp\/2020\/06\/19\/veja-quem-pode-procurar-dpu-por-auxilio-emergencial-negado\/\" \/>\n<meta property=\"og:locale\" content=\"pt_BR\" \/>\n<meta property=\"og:type\" content=\"article\" \/>\n<meta property=\"og:title\" content=\"VEJA QUEM PODE PROCURAR DPU POR AUX\u00cdLIO EMERGENCIAL NEGADO - Bahia Economica\" \/>\n<meta property=\"og:description\" content=\"O maior portal de Economia da Bahia ECONOMIA \/ POL\u00cdTICA Bahia Economica\" \/>\n<meta property=\"og:url\" content=\"https:\/\/bahiaeconomica.com.br\/wp\/2020\/06\/19\/veja-quem-pode-procurar-dpu-por-auxilio-emergencial-negado\/\" \/>\n<meta property=\"og:site_name\" content=\"Bahia Economica\" \/>\n<meta property=\"article:publisher\" content=\"https:\/\/www.facebook.com\/bahiaeconomica\" \/>\n<meta property=\"article:published_time\" content=\"2020-06-19T20:32:15+00:00\" \/>\n<meta property=\"article:modified_time\" content=\"2020-06-19T20:33:11+00:00\" \/>\n<meta property=\"og:image\" content=\"https:\/\/bahiaeconomica.com.br\/wp\/wp-content\/uploads\/2020\/04\/caixa-auxilio-emergencial-2.jpg\" \/>\n\t<meta property=\"og:image:width\" content=\"500\" \/>\n\t<meta property=\"og:image:height\" content=\"300\" \/>\n\t<meta property=\"og:image:type\" content=\"image\/jpeg\" \/>\n<meta name=\"author\" content=\"admin\" \/>\n<meta name=\"twitter:card\" content=\"summary_large_image\" \/>\n<meta name=\"twitter:label1\" content=\"Escrito por\" \/>\n\t<meta name=\"twitter:data1\" content=\"admin\" \/>\n\t<meta name=\"twitter:label2\" content=\"Est. tempo de leitura\" \/>\n\t<meta name=\"twitter:data2\" content=\"1 minuto\" \/>\n<script type=\"application\/ld+json\" class=\"yoast-schema-graph\">{\"@context\":\"https:\/\/schema.org\",\"@graph\":[{\"@type\":\"Article\",\"@id\":\"https:\/\/bahiaeconomica.com.br\/wp\/2020\/06\/19\/veja-quem-pode-procurar-dpu-por-auxilio-emergencial-negado\/#article\",\"isPartOf\":{\"@id\":\"https:\/\/bahiaeconomica.com.br\/wp\/2020\/06\/19\/veja-quem-pode-procurar-dpu-por-auxilio-emergencial-negado\/\"},\"author\":{\"name\":\"admin\",\"@id\":\"https:\/\/bahiaeconomica.com.br\/wp\/#\/schema\/person\/cb1ab5ba96ad3d9390805381c76284ec\"},\"headline\":\"VEJA QUEM PODE PROCURAR DPU POR AUX\u00cdLIO EMERGENCIAL NEGADO\",\"datePublished\":\"2020-06-19T20:32:15+00:00\",\"dateModified\":\"2020-06-19T20:33:11+00:00\",\"mainEntityOfPage\":{\"@id\":\"https:\/\/bahiaeconomica.com.br\/wp\/2020\/06\/19\/veja-quem-pode-procurar-dpu-por-auxilio-emergencial-negado\/\"},\"wordCount\":177,\"publisher\":{\"@id\":\"https:\/\/bahiaeconomica.com.br\/wp\/#organization\"},\"articleSection\":[\"ECONOMIA \/ POL\u00cdTICA\"],\"inLanguage\":\"pt-BR\"},{\"@type\":\"WebPage\",\"@id\":\"https:\/\/bahiaeconomica.com.br\/wp\/2020\/06\/19\/veja-quem-pode-procurar-dpu-por-auxilio-emergencial-negado\/\",\"url\":\"https:\/\/bahiaeconomica.com.br\/wp\/2020\/06\/19\/veja-quem-pode-procurar-dpu-por-auxilio-emergencial-negado\/\",\"name\":\"VEJA QUEM PODE PROCURAR DPU POR AUX\u00cdLIO EMERGENCIAL NEGADO - Bahia Economica\",\"isPartOf\":{\"@id\":\"https:\/\/bahiaeconomica.com.br\/wp\/#website\"},\"datePublished\":\"2020-06-19T20:32:15+00:00\",\"dateModified\":\"2020-06-19T20:33:11+00:00\",\"description\":\"O maior portal de Economia da Bahia ECONOMIA \/ POL\u00cdTICA Bahia Economica\",\"breadcrumb\":{\"@id\":\"https:\/\/bahiaeconomica.com.br\/wp\/2020\/06\/19\/veja-quem-pode-procurar-dpu-por-auxilio-emergencial-negado\/#breadcrumb\"},\"inLanguage\":\"pt-BR\",\"potentialAction\":[{\"@type\":\"ReadAction\",\"target\":[\"https:\/\/bahiaeconomica.com.br\/wp\/2020\/06\/19\/veja-quem-pode-procurar-dpu-por-auxilio-emergencial-negado\/\"]}]},{\"@type\":\"BreadcrumbList\",\"@id\":\"https:\/\/bahiaeconomica.com.br\/wp\/2020\/06\/19\/veja-quem-pode-procurar-dpu-por-auxilio-emergencial-negado\/#breadcrumb\",\"itemListElement\":[{\"@type\":\"ListItem\",\"position\":1,\"name\":\"In\u00edcio\",\"item\":\"https:\/\/bahiaeconomica.com.br\/wp\/\"},{\"@type\":\"ListItem\",\"position\":2,\"name\":\"VEJA QUEM PODE PROCURAR DPU POR AUX\u00cdLIO EMERGENCIAL NEGADO\"}]},{\"@type\":\"WebSite\",\"@id\":\"https:\/\/bahiaeconomica.com.br\/wp\/#website\",\"url\":\"https:\/\/bahiaeconomica.com.br\/wp\/\",\"name\":\"Bahia Economica\",\"description\":\"O maior portal de Economia da Bahia\",\"publisher\":{\"@id\":\"https:\/\/bahiaeconomica.com.br\/wp\/#organization\"},\"potentialAction\":[{\"@type\":\"SearchAction\",\"target\":{\"@type\":\"EntryPoint\",\"urlTemplate\":\"https:\/\/bahiaeconomica.com.br\/wp\/?s={search_term_string}\"},\"query-input\":\"required name=search_term_string\"}],\"inLanguage\":\"pt-BR\"},{\"@type\":\"Organization\",\"@id\":\"https:\/\/bahiaeconomica.com.br\/wp\/#organization\",\"name\":\"Bahia Econ\u00f4mica\",\"url\":\"https:\/\/bahiaeconomica.com.br\/wp\/\",\"logo\":{\"@type\":\"ImageObject\",\"inLanguage\":\"pt-BR\",\"@id\":\"https:\/\/bahiaeconomica.com.br\/wp\/#\/schema\/logo\/image\/\",\"url\":\"https:\/\/bahiaeconomica.com.br\/wp\/wp-content\/uploads\/2020\/12\/cropped-BE.png\",\"contentUrl\":\"https:\/\/bahiaeconomica.com.br\/wp\/wp-content\/uploads\/2020\/12\/cropped-BE.png\",\"width\":512,\"height\":512,\"caption\":\"Bahia Econ\u00f4mica\"},\"image\":{\"@id\":\"https:\/\/bahiaeconomica.com.br\/wp\/#\/schema\/logo\/image\/\"},\"sameAs\":[\"https:\/\/www.facebook.com\/bahiaeconomica\"]},{\"@type\":\"Person\",\"@id\":\"https:\/\/bahiaeconomica.com.br\/wp\/#\/schema\/person\/cb1ab5ba96ad3d9390805381c76284ec\",\"name\":\"admin\",\"url\":\"https:\/\/bahiaeconomica.com.br\/wp\/author\/admin\/\"}]}<\/script>\n<!-- \/ Yoast SEO plugin. -->","yoast_head_json":{"title":"VEJA QUEM PODE PROCURAR DPU POR AUX\u00cdLIO EMERGENCIAL NEGADO - Bahia Economica","description":"O maior portal de Economia da Bahia ECONOMIA \/ POL\u00cdTICA Bahia Economica","robots":{"index":"index","follow":"follow","max-snippet":"max-snippet:-1","max-image-preview":"max-image-preview:large","max-video-preview":"max-video-preview:-1"},"canonical":"https:\/\/bahiaeconomica.com.br\/wp\/2020\/06\/19\/veja-quem-pode-procurar-dpu-por-auxilio-emergencial-negado\/","og_locale":"pt_BR","og_type":"article","og_title":"VEJA QUEM PODE PROCURAR DPU POR AUX\u00cdLIO EMERGENCIAL NEGADO - Bahia Economica","og_description":"O maior portal de Economia da Bahia ECONOMIA \/ POL\u00cdTICA Bahia Economica","og_url":"https:\/\/bahiaeconomica.com.br\/wp\/2020\/06\/19\/veja-quem-pode-procurar-dpu-por-auxilio-emergencial-negado\/","og_site_name":"Bahia Economica","article_publisher":"https:\/\/www.facebook.com\/bahiaeconomica","article_published_time":"2020-06-19T20:32:15+00:00","article_modified_time":"2020-06-19T20:33:11+00:00","og_image":[{"width":500,"height":300,"url":"https:\/\/bahiaeconomica.com.br\/wp\/wp-content\/uploads\/2020\/04\/caixa-auxilio-emergencial-2.jpg","type":"image\/jpeg"}],"author":"admin","twitter_card":"summary_large_image","twitter_misc":{"Escrito por":"admin","Est. tempo de leitura":"1 minuto"},"schema":{"@context":"https:\/\/schema.org","@graph":[{"@type":"Article","@id":"https:\/\/bahiaeconomica.com.br\/wp\/2020\/06\/19\/veja-quem-pode-procurar-dpu-por-auxilio-emergencial-negado\/#article","isPartOf":{"@id":"https:\/\/bahiaeconomica.com.br\/wp\/2020\/06\/19\/veja-quem-pode-procurar-dpu-por-auxilio-emergencial-negado\/"},"author":{"name":"admin","@id":"https:\/\/bahiaeconomica.com.br\/wp\/#\/schema\/person\/cb1ab5ba96ad3d9390805381c76284ec"},"headline":"VEJA QUEM PODE PROCURAR DPU POR AUX\u00cdLIO EMERGENCIAL NEGADO","datePublished":"2020-06-19T20:32:15+00:00","dateModified":"2020-06-19T20:33:11+00:00","mainEntityOfPage":{"@id":"https:\/\/bahiaeconomica.com.br\/wp\/2020\/06\/19\/veja-quem-pode-procurar-dpu-por-auxilio-emergencial-negado\/"},"wordCount":177,"publisher":{"@id":"https:\/\/bahiaeconomica.com.br\/wp\/#organization"},"articleSection":["ECONOMIA \/ POL\u00cdTICA"],"inLanguage":"pt-BR"},{"@type":"WebPage","@id":"https:\/\/bahiaeconomica.com.br\/wp\/2020\/06\/19\/veja-quem-pode-procurar-dpu-por-auxilio-emergencial-negado\/","url":"https:\/\/bahiaeconomica.com.br\/wp\/2020\/06\/19\/veja-quem-pode-procurar-dpu-por-auxilio-emergencial-negado\/","name":"VEJA QUEM PODE PROCURAR DPU POR AUX\u00cdLIO EMERGENCIAL NEGADO - Bahia Economica","isPartOf":{"@id":"https:\/\/bahiaeconomica.com.br\/wp\/#website"},"datePublished":"2020-06-19T20:32:15+00:00","dateModified":"2020-06-19T20:33:11+00:00","description":"O maior portal de Economia da Bahia ECONOMIA \/ POL\u00cdTICA Bahia Economica","breadcrumb":{"@id":"https:\/\/bahiaeconomica.com.br\/wp\/2020\/06\/19\/veja-quem-pode-procurar-dpu-por-auxilio-emergencial-negado\/#breadcrumb"},"inLanguage":"pt-BR","potentialAction":[{"@type":"ReadAction","target":["https:\/\/bahiaeconomica.com.br\/wp\/2020\/06\/19\/veja-quem-pode-procurar-dpu-por-auxilio-emergencial-negado\/"]}]},{"@type":"BreadcrumbList","@id":"https:\/\/bahiaeconomica.com.br\/wp\/2020\/06\/19\/veja-quem-pode-procurar-dpu-por-auxilio-emergencial-negado\/#breadcrumb","itemListElement":[{"@type":"ListItem","position":1,"name":"In\u00edcio","item":"https:\/\/bahiaeconomica.com.br\/wp\/"},{"@type":"ListItem","position":2,"name":"VEJA QUEM PODE PROCURAR DPU POR AUX\u00cdLIO EMERGENCIAL NEGADO"}]},{"@type":"WebSite","@id":"https:\/\/bahiaeconomica.com.br\/wp\/#website","url":"https:\/\/bahiaeconomica.com.br\/wp\/","name":"Bahia Economica","description":"O maior portal de Economia da Bahia","publisher":{"@id":"https:\/\/bahiaeconomica.com.br\/wp\/#organization"},"potentialAction":[{"@type":"SearchAction","target":{"@type":"EntryPoint","urlTemplate":"https:\/\/bahiaeconomica.com.br\/wp\/?s={search_term_string}"},"query-input":"required name=search_term_string"}],"inLanguage":"pt-BR"},{"@type":"Organization","@id":"https:\/\/bahiaeconomica.com.br\/wp\/#organization","name":"Bahia Econ\u00f4mica","url":"https:\/\/bahiaeconomica.com.br\/wp\/","logo":{"@type":"ImageObject","inLanguage":"pt-BR","@id":"https:\/\/bahiaeconomica.com.br\/wp\/#\/schema\/logo\/image\/","url":"https:\/\/bahiaeconomica.com.br\/wp\/wp-content\/uploads\/2020\/12\/cropped-BE.png","contentUrl":"https:\/\/bahiaeconomica.com.br\/wp\/wp-content\/uploads\/2020\/12\/cropped-BE.png","width":512,"height":512,"caption":"Bahia Econ\u00f4mica"},"image":{"@id":"https:\/\/bahiaeconomica.com.br\/wp\/#\/schema\/logo\/image\/"},"sameAs":["https:\/\/www.facebook.com\/bahiaeconomica"]},{"@type":"Person","@id":"https:\/\/bahiaeconomica.com.br\/wp\/#\/schema\/person\/cb1ab5ba96ad3d9390805381c76284ec","name":"admin","url":"https:\/\/bahiaeconomica.com.br\/wp\/author\/admin\/"}]}},"views":0,"_links":{"self":[{"href":"https:\/\/bahiaeconomica.com.br\/wp\/wp-json\/wp\/v2\/posts\/470302"}],"collection":[{"href":"https:\/\/bahiaeconomica.com.br\/wp\/wp-json\/wp\/v2\/posts"}],"about":[{"href":"https:\/\/bahiaeconomica.com.br\/wp\/wp-json\/wp\/v2\/types\/post"}],"author":[{"embeddable":true,"href":"https:\/\/bahiaeconomica.com.br\/wp\/wp-json\/wp\/v2\/users\/1"}],"replies":[{"embeddable":true,"href":"https:\/\/bahiaeconomica.com.br\/wp\/wp-json\/wp\/v2\/comments?post=470302"}],"version-history":[{"count":1,"href":"https:\/\/bahiaeconomica.com.br\/wp\/wp-json\/wp\/v2\/posts\/470302\/revisions"}],"predecessor-version":[{"id":470309,"href":"https:\/\/bahiaeconomica.com.br\/wp\/wp-json\/wp\/v2\/posts\/470302\/revisions\/470309"}],"wp:featuredmedia":[{"embeddable":true,"href":"https:\/\/bahiaeconomica.com.br\/wp\/wp-json\/wp\/v2\/media\/457900"}],"wp:attachment":[{"href":"https:\/\/bahiaeconomica.com.br\/wp\/wp-json\/wp\/v2\/media?parent=470302"}],"wp:term":[{"taxonomy":"category","embeddable":true,"href":"https:\/\/bahiaeconomica.com.br\/wp\/wp-json\/wp\/v2\/categories?post=470302"},{"taxonomy":"post_tag","embeddable":true,"href":"https:\/\/bahiaeconomica.com.br\/wp\/wp-json\/wp\/v2\/tags?post=470302"}],"curies":[{"name":"wp","href":"https:\/\/api.w.org\/{rel}","templated":true}]}}