{"id":470284,"date":"2020-06-19T17:01:08","date_gmt":"2020-06-19T20:01:08","guid":{"rendered":"https:\/\/bahiaeconomica.com.br\/wp\/beta\/?p=470284"},"modified":"2020-06-19T17:01:08","modified_gmt":"2020-06-19T20:01:08","slug":"sara-winter-tem-prisao-prorrogada-por-mais-5-dias","status":"publish","type":"post","link":"https:\/\/bahiaeconomica.com.br\/wp\/2020\/06\/19\/sara-winter-tem-prisao-prorrogada-por-mais-5-dias\/","title":{"rendered":"SARA WINTER TEM PRIS\u00c3O PRORROGADA POR MAIS 5 DIAS"},"content":{"rendered":"<p>O ministro Alexandre de Moraes, do Supremo Tribunal Federal, prorrogou a pris\u00e3o<!--more--> tempor\u00e1ria da extremista Sara Giromini por mais cinco dias. A l\u00edder do grupo bolsonarista \u2018300 do Brasil \u2013 que j\u00e1 foi classificado pelo Minist\u00e9rio P\u00fablico do Distrito Federal como mil\u00edcia armada \u2013 foi detida pela Pol\u00edcia Federal na segunda-feira, 15, no \u00e2mbito do inqu\u00e9rito sobre a organiza\u00e7\u00e3o e financiamento de atos antidemocr\u00e1ticos.<\/p>\n<p>O pedido de pris\u00e3o de Sara foi feito pelo vice-procurador-geral da Rep\u00fablica Procuradoria-Geral da Rep\u00fablica Humberto Jacques de Medeiros e enviado ao gabinete de Alexandre na sexta feira, 12. Humberto Jacques pediu ainda a pris\u00e3o tempor\u00e1ria de outras cinco lideran\u00e7as do \u2018300 do Brasil\u2019.<\/p>\n<p>Segundo a PGR, h\u00e1 ind\u00edcios \u2018de que o grupo continua organizando e captando recursos financeiros para a\u00e7\u00f5es que se enquadram na Lei de Seguran\u00e7a Nacional\u2019. O objetivo das pris\u00f5es tempor\u00e1rias \u2018\u00e9 ouvir os investigados e reunir informa\u00e7\u00f5es de como funciona o esquema criminoso\u2019, diz o Minist\u00e9rio P\u00fablico Federal.<\/p>\n<p>No dia seguinte \u00e0 deten\u00e7\u00e3o, 16, Sara foi denunciada pelo Minist\u00e9rio P\u00fablico Federal pelos crimes de inj\u00faria e amea\u00e7a, \u2018praticados de forma continuada\u2019, contra Alexandre de Moraes. Ela, que foi alvo de buscas no inqu\u00e9rito das fake news, xingou e fez uma s\u00e9rie de amea\u00e7as contra o ministro, chamando-o para \u2018trocar socos\u2019. Al\u00e9m disso, prometeu perseguir e \u2018infernizar\u2019 a vida do ministro, respons\u00e1vel por determinar a a\u00e7\u00e3o da PF.<\/p>\n","protected":false},"excerpt":{"rendered":"<p>O ministro Alexandre de Moraes, do Supremo Tribunal Federal, prorrogou a pris\u00e3o<\/p>\n","protected":false},"author":1,"featured_media":468866,"comment_status":"closed","ping_status":"closed","sticky":false,"template":"","format":"standard","meta":[],"categories":[14,3],"tags":[],"acf":[],"yoast_head":"<!-- This site is optimized with the Yoast SEO plugin v20.8 - https:\/\/yoast.com\/wordpress\/plugins\/seo\/ -->\n<title>SARA WINTER TEM PRIS\u00c3O PRORROGADA POR MAIS 5 DIAS - Bahia Economica<\/title>\n<meta name=\"description\" content=\"O maior portal de Economia da Bahia DESTAQUE DO DIA, ECONOMIA \/ POL\u00cdTICA Bahia Economica\" \/>\n<meta name=\"robots\" content=\"index, follow, max-snippet:-1, max-image-preview:large, max-video-preview:-1\" \/>\n<link rel=\"canonical\" href=\"https:\/\/bahiaeconomica.com.br\/wp\/2020\/06\/19\/sara-winter-tem-prisao-prorrogada-por-mais-5-dias\/\" \/>\n<meta property=\"og:locale\" content=\"pt_BR\" \/>\n<meta property=\"og:type\" content=\"article\" \/>\n<meta property=\"og:title\" content=\"SARA WINTER TEM PRIS\u00c3O PRORROGADA POR MAIS 5 DIAS - Bahia Economica\" \/>\n<meta property=\"og:description\" content=\"O maior portal de Economia da Bahia DESTAQUE DO DIA, ECONOMIA \/ POL\u00cdTICA Bahia Economica\" \/>\n<meta property=\"og:url\" content=\"https:\/\/bahiaeconomica.com.br\/wp\/2020\/06\/19\/sara-winter-tem-prisao-prorrogada-por-mais-5-dias\/\" \/>\n<meta property=\"og:site_name\" content=\"Bahia Economica\" \/>\n<meta property=\"article:publisher\" content=\"https:\/\/www.facebook.com\/bahiaeconomica\" \/>\n<meta property=\"article:published_time\" content=\"2020-06-19T20:01:08+00:00\" \/>\n<meta property=\"og:image\" content=\"https:\/\/bahiaeconomica.com.br\/wp\/wp-content\/uploads\/2020\/06\/sara-winter.jpeg\" \/>\n\t<meta property=\"og:image:width\" content=\"500\" \/>\n\t<meta property=\"og:image:height\" content=\"300\" \/>\n\t<meta property=\"og:image:type\" content=\"image\/jpeg\" \/>\n<meta name=\"author\" content=\"admin\" \/>\n<meta name=\"twitter:card\" content=\"summary_large_image\" \/>\n<meta name=\"twitter:label1\" content=\"Escrito por\" \/>\n\t<meta name=\"twitter:data1\" content=\"admin\" \/>\n\t<meta name=\"twitter:label2\" content=\"Est. tempo de leitura\" \/>\n\t<meta name=\"twitter:data2\" content=\"1 minuto\" \/>\n<script type=\"application\/ld+json\" class=\"yoast-schema-graph\">{\"@context\":\"https:\/\/schema.org\",\"@graph\":[{\"@type\":\"Article\",\"@id\":\"https:\/\/bahiaeconomica.com.br\/wp\/2020\/06\/19\/sara-winter-tem-prisao-prorrogada-por-mais-5-dias\/#article\",\"isPartOf\":{\"@id\":\"https:\/\/bahiaeconomica.com.br\/wp\/2020\/06\/19\/sara-winter-tem-prisao-prorrogada-por-mais-5-dias\/\"},\"author\":{\"name\":\"admin\",\"@id\":\"https:\/\/bahiaeconomica.com.br\/wp\/#\/schema\/person\/cb1ab5ba96ad3d9390805381c76284ec\"},\"headline\":\"SARA WINTER TEM PRIS\u00c3O PRORROGADA POR MAIS 5 DIAS\",\"datePublished\":\"2020-06-19T20:01:08+00:00\",\"dateModified\":\"2020-06-19T20:01:08+00:00\",\"mainEntityOfPage\":{\"@id\":\"https:\/\/bahiaeconomica.com.br\/wp\/2020\/06\/19\/sara-winter-tem-prisao-prorrogada-por-mais-5-dias\/\"},\"wordCount\":260,\"publisher\":{\"@id\":\"https:\/\/bahiaeconomica.com.br\/wp\/#organization\"},\"articleSection\":[\"DESTAQUE DO DIA\",\"ECONOMIA \/ POL\u00cdTICA\"],\"inLanguage\":\"pt-BR\"},{\"@type\":\"WebPage\",\"@id\":\"https:\/\/bahiaeconomica.com.br\/wp\/2020\/06\/19\/sara-winter-tem-prisao-prorrogada-por-mais-5-dias\/\",\"url\":\"https:\/\/bahiaeconomica.com.br\/wp\/2020\/06\/19\/sara-winter-tem-prisao-prorrogada-por-mais-5-dias\/\",\"name\":\"SARA WINTER TEM PRIS\u00c3O PRORROGADA POR MAIS 5 DIAS - Bahia Economica\",\"isPartOf\":{\"@id\":\"https:\/\/bahiaeconomica.com.br\/wp\/#website\"},\"datePublished\":\"2020-06-19T20:01:08+00:00\",\"dateModified\":\"2020-06-19T20:01:08+00:00\",\"description\":\"O maior portal de Economia da Bahia DESTAQUE DO DIA, ECONOMIA \/ POL\u00cdTICA Bahia Economica\",\"breadcrumb\":{\"@id\":\"https:\/\/bahiaeconomica.com.br\/wp\/2020\/06\/19\/sara-winter-tem-prisao-prorrogada-por-mais-5-dias\/#breadcrumb\"},\"inLanguage\":\"pt-BR\",\"potentialAction\":[{\"@type\":\"ReadAction\",\"target\":[\"https:\/\/bahiaeconomica.com.br\/wp\/2020\/06\/19\/sara-winter-tem-prisao-prorrogada-por-mais-5-dias\/\"]}]},{\"@type\":\"BreadcrumbList\",\"@id\":\"https:\/\/bahiaeconomica.com.br\/wp\/2020\/06\/19\/sara-winter-tem-prisao-prorrogada-por-mais-5-dias\/#breadcrumb\",\"itemListElement\":[{\"@type\":\"ListItem\",\"position\":1,\"name\":\"In\u00edcio\",\"item\":\"https:\/\/bahiaeconomica.com.br\/wp\/\"},{\"@type\":\"ListItem\",\"position\":2,\"name\":\"SARA WINTER TEM PRIS\u00c3O PRORROGADA POR MAIS 5 DIAS\"}]},{\"@type\":\"WebSite\",\"@id\":\"https:\/\/bahiaeconomica.com.br\/wp\/#website\",\"url\":\"https:\/\/bahiaeconomica.com.br\/wp\/\",\"name\":\"Bahia Economica\",\"description\":\"O maior portal de Economia da Bahia\",\"publisher\":{\"@id\":\"https:\/\/bahiaeconomica.com.br\/wp\/#organization\"},\"potentialAction\":[{\"@type\":\"SearchAction\",\"target\":{\"@type\":\"EntryPoint\",\"urlTemplate\":\"https:\/\/bahiaeconomica.com.br\/wp\/?s={search_term_string}\"},\"query-input\":\"required name=search_term_string\"}],\"inLanguage\":\"pt-BR\"},{\"@type\":\"Organization\",\"@id\":\"https:\/\/bahiaeconomica.com.br\/wp\/#organization\",\"name\":\"Bahia Econ\u00f4mica\",\"url\":\"https:\/\/bahiaeconomica.com.br\/wp\/\",\"logo\":{\"@type\":\"ImageObject\",\"inLanguage\":\"pt-BR\",\"@id\":\"https:\/\/bahiaeconomica.com.br\/wp\/#\/schema\/logo\/image\/\",\"url\":\"https:\/\/bahiaeconomica.com.br\/wp\/wp-content\/uploads\/2020\/12\/cropped-BE.png\",\"contentUrl\":\"https:\/\/bahiaeconomica.com.br\/wp\/wp-content\/uploads\/2020\/12\/cropped-BE.png\",\"width\":512,\"height\":512,\"caption\":\"Bahia Econ\u00f4mica\"},\"image\":{\"@id\":\"https:\/\/bahiaeconomica.com.br\/wp\/#\/schema\/logo\/image\/\"},\"sameAs\":[\"https:\/\/www.facebook.com\/bahiaeconomica\"]},{\"@type\":\"Person\",\"@id\":\"https:\/\/bahiaeconomica.com.br\/wp\/#\/schema\/person\/cb1ab5ba96ad3d9390805381c76284ec\",\"name\":\"admin\",\"url\":\"https:\/\/bahiaeconomica.com.br\/wp\/author\/admin\/\"}]}<\/script>\n<!-- \/ Yoast SEO plugin. -->","yoast_head_json":{"title":"SARA WINTER TEM PRIS\u00c3O PRORROGADA POR MAIS 5 DIAS - Bahia Economica","description":"O maior portal de Economia da Bahia DESTAQUE DO DIA, ECONOMIA \/ POL\u00cdTICA Bahia Economica","robots":{"index":"index","follow":"follow","max-snippet":"max-snippet:-1","max-image-preview":"max-image-preview:large","max-video-preview":"max-video-preview:-1"},"canonical":"https:\/\/bahiaeconomica.com.br\/wp\/2020\/06\/19\/sara-winter-tem-prisao-prorrogada-por-mais-5-dias\/","og_locale":"pt_BR","og_type":"article","og_title":"SARA WINTER TEM PRIS\u00c3O PRORROGADA POR MAIS 5 DIAS - Bahia Economica","og_description":"O maior portal de Economia da Bahia DESTAQUE DO DIA, ECONOMIA \/ POL\u00cdTICA Bahia Economica","og_url":"https:\/\/bahiaeconomica.com.br\/wp\/2020\/06\/19\/sara-winter-tem-prisao-prorrogada-por-mais-5-dias\/","og_site_name":"Bahia Economica","article_publisher":"https:\/\/www.facebook.com\/bahiaeconomica","article_published_time":"2020-06-19T20:01:08+00:00","og_image":[{"width":500,"height":300,"url":"https:\/\/bahiaeconomica.com.br\/wp\/wp-content\/uploads\/2020\/06\/sara-winter.jpeg","type":"image\/jpeg"}],"author":"admin","twitter_card":"summary_large_image","twitter_misc":{"Escrito por":"admin","Est. tempo de leitura":"1 minuto"},"schema":{"@context":"https:\/\/schema.org","@graph":[{"@type":"Article","@id":"https:\/\/bahiaeconomica.com.br\/wp\/2020\/06\/19\/sara-winter-tem-prisao-prorrogada-por-mais-5-dias\/#article","isPartOf":{"@id":"https:\/\/bahiaeconomica.com.br\/wp\/2020\/06\/19\/sara-winter-tem-prisao-prorrogada-por-mais-5-dias\/"},"author":{"name":"admin","@id":"https:\/\/bahiaeconomica.com.br\/wp\/#\/schema\/person\/cb1ab5ba96ad3d9390805381c76284ec"},"headline":"SARA WINTER TEM PRIS\u00c3O PRORROGADA POR MAIS 5 DIAS","datePublished":"2020-06-19T20:01:08+00:00","dateModified":"2020-06-19T20:01:08+00:00","mainEntityOfPage":{"@id":"https:\/\/bahiaeconomica.com.br\/wp\/2020\/06\/19\/sara-winter-tem-prisao-prorrogada-por-mais-5-dias\/"},"wordCount":260,"publisher":{"@id":"https:\/\/bahiaeconomica.com.br\/wp\/#organization"},"articleSection":["DESTAQUE DO DIA","ECONOMIA \/ POL\u00cdTICA"],"inLanguage":"pt-BR"},{"@type":"WebPage","@id":"https:\/\/bahiaeconomica.com.br\/wp\/2020\/06\/19\/sara-winter-tem-prisao-prorrogada-por-mais-5-dias\/","url":"https:\/\/bahiaeconomica.com.br\/wp\/2020\/06\/19\/sara-winter-tem-prisao-prorrogada-por-mais-5-dias\/","name":"SARA WINTER TEM PRIS\u00c3O PRORROGADA POR MAIS 5 DIAS - Bahia Economica","isPartOf":{"@id":"https:\/\/bahiaeconomica.com.br\/wp\/#website"},"datePublished":"2020-06-19T20:01:08+00:00","dateModified":"2020-06-19T20:01:08+00:00","description":"O maior portal de Economia da Bahia DESTAQUE DO DIA, ECONOMIA \/ POL\u00cdTICA Bahia Economica","breadcrumb":{"@id":"https:\/\/bahiaeconomica.com.br\/wp\/2020\/06\/19\/sara-winter-tem-prisao-prorrogada-por-mais-5-dias\/#breadcrumb"},"inLanguage":"pt-BR","potentialAction":[{"@type":"ReadAction","target":["https:\/\/bahiaeconomica.com.br\/wp\/2020\/06\/19\/sara-winter-tem-prisao-prorrogada-por-mais-5-dias\/"]}]},{"@type":"BreadcrumbList","@id":"https:\/\/bahiaeconomica.com.br\/wp\/2020\/06\/19\/sara-winter-tem-prisao-prorrogada-por-mais-5-dias\/#breadcrumb","itemListElement":[{"@type":"ListItem","position":1,"name":"In\u00edcio","item":"https:\/\/bahiaeconomica.com.br\/wp\/"},{"@type":"ListItem","position":2,"name":"SARA WINTER TEM PRIS\u00c3O PRORROGADA POR MAIS 5 DIAS"}]},{"@type":"WebSite","@id":"https:\/\/bahiaeconomica.com.br\/wp\/#website","url":"https:\/\/bahiaeconomica.com.br\/wp\/","name":"Bahia Economica","description":"O maior portal de Economia da Bahia","publisher":{"@id":"https:\/\/bahiaeconomica.com.br\/wp\/#organization"},"potentialAction":[{"@type":"SearchAction","target":{"@type":"EntryPoint","urlTemplate":"https:\/\/bahiaeconomica.com.br\/wp\/?s={search_term_string}"},"query-input":"required name=search_term_string"}],"inLanguage":"pt-BR"},{"@type":"Organization","@id":"https:\/\/bahiaeconomica.com.br\/wp\/#organization","name":"Bahia Econ\u00f4mica","url":"https:\/\/bahiaeconomica.com.br\/wp\/","logo":{"@type":"ImageObject","inLanguage":"pt-BR","@id":"https:\/\/bahiaeconomica.com.br\/wp\/#\/schema\/logo\/image\/","url":"https:\/\/bahiaeconomica.com.br\/wp\/wp-content\/uploads\/2020\/12\/cropped-BE.png","contentUrl":"https:\/\/bahiaeconomica.com.br\/wp\/wp-content\/uploads\/2020\/12\/cropped-BE.png","width":512,"height":512,"caption":"Bahia Econ\u00f4mica"},"image":{"@id":"https:\/\/bahiaeconomica.com.br\/wp\/#\/schema\/logo\/image\/"},"sameAs":["https:\/\/www.facebook.com\/bahiaeconomica"]},{"@type":"Person","@id":"https:\/\/bahiaeconomica.com.br\/wp\/#\/schema\/person\/cb1ab5ba96ad3d9390805381c76284ec","name":"admin","url":"https:\/\/bahiaeconomica.com.br\/wp\/author\/admin\/"}]}},"views":61,"_links":{"self":[{"href":"https:\/\/bahiaeconomica.com.br\/wp\/wp-json\/wp\/v2\/posts\/470284"}],"collection":[{"href":"https:\/\/bahiaeconomica.com.br\/wp\/wp-json\/wp\/v2\/posts"}],"about":[{"href":"https:\/\/bahiaeconomica.com.br\/wp\/wp-json\/wp\/v2\/types\/post"}],"author":[{"embeddable":true,"href":"https:\/\/bahiaeconomica.com.br\/wp\/wp-json\/wp\/v2\/users\/1"}],"replies":[{"embeddable":true,"href":"https:\/\/bahiaeconomica.com.br\/wp\/wp-json\/wp\/v2\/comments?post=470284"}],"version-history":[{"count":1,"href":"https:\/\/bahiaeconomica.com.br\/wp\/wp-json\/wp\/v2\/posts\/470284\/revisions"}],"predecessor-version":[{"id":470287,"href":"https:\/\/bahiaeconomica.com.br\/wp\/wp-json\/wp\/v2\/posts\/470284\/revisions\/470287"}],"wp:featuredmedia":[{"embeddable":true,"href":"https:\/\/bahiaeconomica.com.br\/wp\/wp-json\/wp\/v2\/media\/468866"}],"wp:attachment":[{"href":"https:\/\/bahiaeconomica.com.br\/wp\/wp-json\/wp\/v2\/media?parent=470284"}],"wp:term":[{"taxonomy":"category","embeddable":true,"href":"https:\/\/bahiaeconomica.com.br\/wp\/wp-json\/wp\/v2\/categories?post=470284"},{"taxonomy":"post_tag","embeddable":true,"href":"https:\/\/bahiaeconomica.com.br\/wp\/wp-json\/wp\/v2\/tags?post=470284"}],"curies":[{"name":"wp","href":"https:\/\/api.w.org\/{rel}","templated":true}]}}