{"id":466779,"date":"2020-06-05T13:00:09","date_gmt":"2020-06-05T16:00:09","guid":{"rendered":"https:\/\/bahiaeconomica.com.br\/wp\/beta\/?p=466779"},"modified":"2020-06-05T11:53:17","modified_gmt":"2020-06-05T14:53:17","slug":"abrase-critica-decisao-judicial-que-impede-cobranca-de-aluguem-em-shopping-nao-precisava","status":"publish","type":"post","link":"https:\/\/bahiaeconomica.com.br\/wp\/2020\/06\/05\/abrase-critica-decisao-judicial-que-impede-cobranca-de-aluguem-em-shopping-nao-precisava\/","title":{"rendered":"ABRASE CRITICA DECIS\u00c3O JUDICIAL QUE IMPEDE COBRAN\u00c7A DE ALUGUEL EM SHOPPING. \u201cN\u00c3O PRECISAVA\u201d."},"content":{"rendered":"<p><strong>Por: Jo\u00e3o Paulo Almeida<\/strong><\/p>\n<p>A Justi\u00e7a da Bahia decidiu pela suspens\u00e3o da cobran\u00e7a de aluguel das lojas de v\u00e1rios shoppings da capital baiana. A medida \u00e9 v\u00e1lida enquanto os centros comerciais <!--more-->estiverem fechados por causa da pandemia do novo coronav\u00edrus. A decis\u00e3o foi da 3\u00aa Vara C\u00edvel e Comercial de Salvador, que acatou as liminares protocoladas pelo Sindlojas. De acordo com informa\u00e7\u00f5es do Sindicato dos Lojistas do Com\u00e9rcio do Estado da Bahia (Sindlojas), mantido apenas o pagamento da taxa de condom\u00ednio, cujo valor \u00e9 utilizado para a manuten\u00e7\u00e3o dos pr\u00f3prios estabelecimentos. (<a href=\"https:\/\/bahiaeconomica.com.br\/wp\/beta\/2020\/06\/03\/justica-suspende-aluguel-de-lojas-em-mais-dois-shoppings-de-salvador\/\">Veja aqui<\/a>)<\/p>\n<p><strong>Em contato com o portal Bahia Econ\u00f4mica,<\/strong> o coordenador regional da Bahia da Associa\u00e7\u00e3o Brasileira de Shopping Centers (Abrase), Edson Piaggio explicou que a\u00e7\u00e3o foi desnecess\u00e1ria por parte do sindilojas. Segundo o coordenador os pr\u00f3prios shoppings da capital n\u00e3o emitiram nenhum boleto nesse per\u00edodo de pandemia e assim n\u00e3o haveria necessidade de protocolar essa a\u00e7\u00e3o que s\u00f3 trouxe mais custos aos lojistas.<\/p>\n<p>\u201cEssa foi uma a\u00e7\u00e3o desnecess\u00e1ria por parte dos lojistas de Salvador, visto que os shoppings n\u00e3o haviam entregue nenhum boleto para nenhum lojista da capital N\u00f3s estamos cobrando apenas os cond\u00f4minos e existem casos dos condom\u00ednio serem abatidos em at\u00e9 50% dos valores. N\u00f3s sabemos da import\u00e2ncia de ajudar o lojista de shopping e afirmou que o mesmo problema que os lojistas passam o shoppings tamb\u00e9m passam\u201d, explicou.<\/p>\n<p>Foto: divulga\u00e7\u00e3o<\/p>\n","protected":false},"excerpt":{"rendered":"<p>Por: Jo\u00e3o Paulo Almeida A Justi\u00e7a da Bahia decidiu pela suspens\u00e3o da cobran\u00e7a de aluguel das lojas de v\u00e1rios shoppings da capital baiana. A medida \u00e9 v\u00e1lida enquanto os centros comerciais<\/p>\n","protected":false},"author":1,"featured_media":458123,"comment_status":"closed","ping_status":"closed","sticky":false,"template":"","format":"standard","meta":[],"categories":[3],"tags":[],"acf":[],"yoast_head":"<!-- This site is optimized with the Yoast SEO plugin v20.8 - https:\/\/yoast.com\/wordpress\/plugins\/seo\/ -->\n<title>ABRASE CRITICA DECIS\u00c3O JUDICIAL QUE IMPEDE COBRAN\u00c7A DE ALUGUEL EM SHOPPING. \u201cN\u00c3O PRECISAVA\u201d. - Bahia Economica<\/title>\n<meta name=\"description\" content=\"O maior portal de Economia da Bahia ECONOMIA \/ POL\u00cdTICA Bahia Economica\" \/>\n<meta name=\"robots\" content=\"index, follow, max-snippet:-1, max-image-preview:large, max-video-preview:-1\" \/>\n<link rel=\"canonical\" href=\"https:\/\/bahiaeconomica.com.br\/wp\/2020\/06\/05\/abrase-critica-decisao-judicial-que-impede-cobranca-de-aluguem-em-shopping-nao-precisava\/\" \/>\n<meta property=\"og:locale\" content=\"pt_BR\" \/>\n<meta property=\"og:type\" content=\"article\" \/>\n<meta property=\"og:title\" content=\"ABRASE CRITICA DECIS\u00c3O JUDICIAL QUE IMPEDE COBRAN\u00c7A DE ALUGUEL EM SHOPPING. \u201cN\u00c3O PRECISAVA\u201d. - Bahia Economica\" \/>\n<meta property=\"og:description\" content=\"O maior portal de Economia da Bahia ECONOMIA \/ POL\u00cdTICA Bahia Economica\" \/>\n<meta property=\"og:url\" content=\"https:\/\/bahiaeconomica.com.br\/wp\/2020\/06\/05\/abrase-critica-decisao-judicial-que-impede-cobranca-de-aluguem-em-shopping-nao-precisava\/\" \/>\n<meta property=\"og:site_name\" content=\"Bahia Economica\" \/>\n<meta property=\"article:publisher\" content=\"https:\/\/www.facebook.com\/bahiaeconomica\" \/>\n<meta property=\"article:published_time\" content=\"2020-06-05T16:00:09+00:00\" \/>\n<meta property=\"article:modified_time\" content=\"2020-06-05T14:53:17+00:00\" \/>\n<meta property=\"og:image\" content=\"https:\/\/bahiaeconomica.com.br\/wp\/wp-content\/uploads\/2020\/05\/shoppings-vazios.jpg\" \/>\n\t<meta property=\"og:image:width\" content=\"640\" \/>\n\t<meta property=\"og:image:height\" content=\"323\" \/>\n\t<meta property=\"og:image:type\" content=\"image\/jpeg\" \/>\n<meta name=\"author\" content=\"admin\" \/>\n<meta name=\"twitter:card\" content=\"summary_large_image\" \/>\n<meta name=\"twitter:label1\" content=\"Escrito por\" \/>\n\t<meta name=\"twitter:data1\" content=\"admin\" \/>\n\t<meta name=\"twitter:label2\" content=\"Est. tempo de leitura\" \/>\n\t<meta name=\"twitter:data2\" content=\"1 minuto\" \/>\n<script type=\"application\/ld+json\" class=\"yoast-schema-graph\">{\"@context\":\"https:\/\/schema.org\",\"@graph\":[{\"@type\":\"Article\",\"@id\":\"https:\/\/bahiaeconomica.com.br\/wp\/2020\/06\/05\/abrase-critica-decisao-judicial-que-impede-cobranca-de-aluguem-em-shopping-nao-precisava\/#article\",\"isPartOf\":{\"@id\":\"https:\/\/bahiaeconomica.com.br\/wp\/2020\/06\/05\/abrase-critica-decisao-judicial-que-impede-cobranca-de-aluguem-em-shopping-nao-precisava\/\"},\"author\":{\"name\":\"admin\",\"@id\":\"https:\/\/bahiaeconomica.com.br\/wp\/#\/schema\/person\/cb1ab5ba96ad3d9390805381c76284ec\"},\"headline\":\"ABRASE CRITICA DECIS\u00c3O JUDICIAL QUE IMPEDE COBRAN\u00c7A DE ALUGUEL EM SHOPPING. \u201cN\u00c3O PRECISAVA\u201d.\",\"datePublished\":\"2020-06-05T16:00:09+00:00\",\"dateModified\":\"2020-06-05T14:53:17+00:00\",\"mainEntityOfPage\":{\"@id\":\"https:\/\/bahiaeconomica.com.br\/wp\/2020\/06\/05\/abrase-critica-decisao-judicial-que-impede-cobranca-de-aluguem-em-shopping-nao-precisava\/\"},\"wordCount\":270,\"publisher\":{\"@id\":\"https:\/\/bahiaeconomica.com.br\/wp\/#organization\"},\"articleSection\":[\"ECONOMIA \/ POL\u00cdTICA\"],\"inLanguage\":\"pt-BR\"},{\"@type\":\"WebPage\",\"@id\":\"https:\/\/bahiaeconomica.com.br\/wp\/2020\/06\/05\/abrase-critica-decisao-judicial-que-impede-cobranca-de-aluguem-em-shopping-nao-precisava\/\",\"url\":\"https:\/\/bahiaeconomica.com.br\/wp\/2020\/06\/05\/abrase-critica-decisao-judicial-que-impede-cobranca-de-aluguem-em-shopping-nao-precisava\/\",\"name\":\"ABRASE CRITICA DECIS\u00c3O JUDICIAL QUE IMPEDE COBRAN\u00c7A DE ALUGUEL EM SHOPPING. \u201cN\u00c3O PRECISAVA\u201d. - Bahia Economica\",\"isPartOf\":{\"@id\":\"https:\/\/bahiaeconomica.com.br\/wp\/#website\"},\"datePublished\":\"2020-06-05T16:00:09+00:00\",\"dateModified\":\"2020-06-05T14:53:17+00:00\",\"description\":\"O maior portal de Economia da Bahia ECONOMIA \/ POL\u00cdTICA Bahia Economica\",\"breadcrumb\":{\"@id\":\"https:\/\/bahiaeconomica.com.br\/wp\/2020\/06\/05\/abrase-critica-decisao-judicial-que-impede-cobranca-de-aluguem-em-shopping-nao-precisava\/#breadcrumb\"},\"inLanguage\":\"pt-BR\",\"potentialAction\":[{\"@type\":\"ReadAction\",\"target\":[\"https:\/\/bahiaeconomica.com.br\/wp\/2020\/06\/05\/abrase-critica-decisao-judicial-que-impede-cobranca-de-aluguem-em-shopping-nao-precisava\/\"]}]},{\"@type\":\"BreadcrumbList\",\"@id\":\"https:\/\/bahiaeconomica.com.br\/wp\/2020\/06\/05\/abrase-critica-decisao-judicial-que-impede-cobranca-de-aluguem-em-shopping-nao-precisava\/#breadcrumb\",\"itemListElement\":[{\"@type\":\"ListItem\",\"position\":1,\"name\":\"In\u00edcio\",\"item\":\"https:\/\/bahiaeconomica.com.br\/wp\/\"},{\"@type\":\"ListItem\",\"position\":2,\"name\":\"ABRASE CRITICA DECIS\u00c3O JUDICIAL QUE IMPEDE COBRAN\u00c7A DE ALUGUEL EM SHOPPING. \u201cN\u00c3O PRECISAVA\u201d.\"}]},{\"@type\":\"WebSite\",\"@id\":\"https:\/\/bahiaeconomica.com.br\/wp\/#website\",\"url\":\"https:\/\/bahiaeconomica.com.br\/wp\/\",\"name\":\"Bahia Economica\",\"description\":\"O maior portal de Economia da Bahia\",\"publisher\":{\"@id\":\"https:\/\/bahiaeconomica.com.br\/wp\/#organization\"},\"potentialAction\":[{\"@type\":\"SearchAction\",\"target\":{\"@type\":\"EntryPoint\",\"urlTemplate\":\"https:\/\/bahiaeconomica.com.br\/wp\/?s={search_term_string}\"},\"query-input\":\"required name=search_term_string\"}],\"inLanguage\":\"pt-BR\"},{\"@type\":\"Organization\",\"@id\":\"https:\/\/bahiaeconomica.com.br\/wp\/#organization\",\"name\":\"Bahia Econ\u00f4mica\",\"url\":\"https:\/\/bahiaeconomica.com.br\/wp\/\",\"logo\":{\"@type\":\"ImageObject\",\"inLanguage\":\"pt-BR\",\"@id\":\"https:\/\/bahiaeconomica.com.br\/wp\/#\/schema\/logo\/image\/\",\"url\":\"https:\/\/bahiaeconomica.com.br\/wp\/wp-content\/uploads\/2020\/12\/cropped-BE.png\",\"contentUrl\":\"https:\/\/bahiaeconomica.com.br\/wp\/wp-content\/uploads\/2020\/12\/cropped-BE.png\",\"width\":512,\"height\":512,\"caption\":\"Bahia Econ\u00f4mica\"},\"image\":{\"@id\":\"https:\/\/bahiaeconomica.com.br\/wp\/#\/schema\/logo\/image\/\"},\"sameAs\":[\"https:\/\/www.facebook.com\/bahiaeconomica\"]},{\"@type\":\"Person\",\"@id\":\"https:\/\/bahiaeconomica.com.br\/wp\/#\/schema\/person\/cb1ab5ba96ad3d9390805381c76284ec\",\"name\":\"admin\",\"url\":\"https:\/\/bahiaeconomica.com.br\/wp\/author\/admin\/\"}]}<\/script>\n<!-- \/ Yoast SEO plugin. -->","yoast_head_json":{"title":"ABRASE CRITICA DECIS\u00c3O JUDICIAL QUE IMPEDE COBRAN\u00c7A DE ALUGUEL EM SHOPPING. \u201cN\u00c3O PRECISAVA\u201d. - Bahia Economica","description":"O maior portal de Economia da Bahia ECONOMIA \/ POL\u00cdTICA Bahia Economica","robots":{"index":"index","follow":"follow","max-snippet":"max-snippet:-1","max-image-preview":"max-image-preview:large","max-video-preview":"max-video-preview:-1"},"canonical":"https:\/\/bahiaeconomica.com.br\/wp\/2020\/06\/05\/abrase-critica-decisao-judicial-que-impede-cobranca-de-aluguem-em-shopping-nao-precisava\/","og_locale":"pt_BR","og_type":"article","og_title":"ABRASE CRITICA DECIS\u00c3O JUDICIAL QUE IMPEDE COBRAN\u00c7A DE ALUGUEL EM SHOPPING. \u201cN\u00c3O PRECISAVA\u201d. - Bahia Economica","og_description":"O maior portal de Economia da Bahia ECONOMIA \/ POL\u00cdTICA Bahia Economica","og_url":"https:\/\/bahiaeconomica.com.br\/wp\/2020\/06\/05\/abrase-critica-decisao-judicial-que-impede-cobranca-de-aluguem-em-shopping-nao-precisava\/","og_site_name":"Bahia Economica","article_publisher":"https:\/\/www.facebook.com\/bahiaeconomica","article_published_time":"2020-06-05T16:00:09+00:00","article_modified_time":"2020-06-05T14:53:17+00:00","og_image":[{"width":640,"height":323,"url":"https:\/\/bahiaeconomica.com.br\/wp\/wp-content\/uploads\/2020\/05\/shoppings-vazios.jpg","type":"image\/jpeg"}],"author":"admin","twitter_card":"summary_large_image","twitter_misc":{"Escrito por":"admin","Est. tempo de leitura":"1 minuto"},"schema":{"@context":"https:\/\/schema.org","@graph":[{"@type":"Article","@id":"https:\/\/bahiaeconomica.com.br\/wp\/2020\/06\/05\/abrase-critica-decisao-judicial-que-impede-cobranca-de-aluguem-em-shopping-nao-precisava\/#article","isPartOf":{"@id":"https:\/\/bahiaeconomica.com.br\/wp\/2020\/06\/05\/abrase-critica-decisao-judicial-que-impede-cobranca-de-aluguem-em-shopping-nao-precisava\/"},"author":{"name":"admin","@id":"https:\/\/bahiaeconomica.com.br\/wp\/#\/schema\/person\/cb1ab5ba96ad3d9390805381c76284ec"},"headline":"ABRASE CRITICA DECIS\u00c3O JUDICIAL QUE IMPEDE COBRAN\u00c7A DE ALUGUEL EM SHOPPING. \u201cN\u00c3O PRECISAVA\u201d.","datePublished":"2020-06-05T16:00:09+00:00","dateModified":"2020-06-05T14:53:17+00:00","mainEntityOfPage":{"@id":"https:\/\/bahiaeconomica.com.br\/wp\/2020\/06\/05\/abrase-critica-decisao-judicial-que-impede-cobranca-de-aluguem-em-shopping-nao-precisava\/"},"wordCount":270,"publisher":{"@id":"https:\/\/bahiaeconomica.com.br\/wp\/#organization"},"articleSection":["ECONOMIA \/ POL\u00cdTICA"],"inLanguage":"pt-BR"},{"@type":"WebPage","@id":"https:\/\/bahiaeconomica.com.br\/wp\/2020\/06\/05\/abrase-critica-decisao-judicial-que-impede-cobranca-de-aluguem-em-shopping-nao-precisava\/","url":"https:\/\/bahiaeconomica.com.br\/wp\/2020\/06\/05\/abrase-critica-decisao-judicial-que-impede-cobranca-de-aluguem-em-shopping-nao-precisava\/","name":"ABRASE CRITICA DECIS\u00c3O JUDICIAL QUE IMPEDE COBRAN\u00c7A DE ALUGUEL EM SHOPPING. \u201cN\u00c3O PRECISAVA\u201d. - Bahia Economica","isPartOf":{"@id":"https:\/\/bahiaeconomica.com.br\/wp\/#website"},"datePublished":"2020-06-05T16:00:09+00:00","dateModified":"2020-06-05T14:53:17+00:00","description":"O maior portal de Economia da Bahia ECONOMIA \/ POL\u00cdTICA Bahia Economica","breadcrumb":{"@id":"https:\/\/bahiaeconomica.com.br\/wp\/2020\/06\/05\/abrase-critica-decisao-judicial-que-impede-cobranca-de-aluguem-em-shopping-nao-precisava\/#breadcrumb"},"inLanguage":"pt-BR","potentialAction":[{"@type":"ReadAction","target":["https:\/\/bahiaeconomica.com.br\/wp\/2020\/06\/05\/abrase-critica-decisao-judicial-que-impede-cobranca-de-aluguem-em-shopping-nao-precisava\/"]}]},{"@type":"BreadcrumbList","@id":"https:\/\/bahiaeconomica.com.br\/wp\/2020\/06\/05\/abrase-critica-decisao-judicial-que-impede-cobranca-de-aluguem-em-shopping-nao-precisava\/#breadcrumb","itemListElement":[{"@type":"ListItem","position":1,"name":"In\u00edcio","item":"https:\/\/bahiaeconomica.com.br\/wp\/"},{"@type":"ListItem","position":2,"name":"ABRASE CRITICA DECIS\u00c3O JUDICIAL QUE IMPEDE COBRAN\u00c7A DE ALUGUEL EM SHOPPING. \u201cN\u00c3O PRECISAVA\u201d."}]},{"@type":"WebSite","@id":"https:\/\/bahiaeconomica.com.br\/wp\/#website","url":"https:\/\/bahiaeconomica.com.br\/wp\/","name":"Bahia Economica","description":"O maior portal de Economia da Bahia","publisher":{"@id":"https:\/\/bahiaeconomica.com.br\/wp\/#organization"},"potentialAction":[{"@type":"SearchAction","target":{"@type":"EntryPoint","urlTemplate":"https:\/\/bahiaeconomica.com.br\/wp\/?s={search_term_string}"},"query-input":"required name=search_term_string"}],"inLanguage":"pt-BR"},{"@type":"Organization","@id":"https:\/\/bahiaeconomica.com.br\/wp\/#organization","name":"Bahia Econ\u00f4mica","url":"https:\/\/bahiaeconomica.com.br\/wp\/","logo":{"@type":"ImageObject","inLanguage":"pt-BR","@id":"https:\/\/bahiaeconomica.com.br\/wp\/#\/schema\/logo\/image\/","url":"https:\/\/bahiaeconomica.com.br\/wp\/wp-content\/uploads\/2020\/12\/cropped-BE.png","contentUrl":"https:\/\/bahiaeconomica.com.br\/wp\/wp-content\/uploads\/2020\/12\/cropped-BE.png","width":512,"height":512,"caption":"Bahia Econ\u00f4mica"},"image":{"@id":"https:\/\/bahiaeconomica.com.br\/wp\/#\/schema\/logo\/image\/"},"sameAs":["https:\/\/www.facebook.com\/bahiaeconomica"]},{"@type":"Person","@id":"https:\/\/bahiaeconomica.com.br\/wp\/#\/schema\/person\/cb1ab5ba96ad3d9390805381c76284ec","name":"admin","url":"https:\/\/bahiaeconomica.com.br\/wp\/author\/admin\/"}]}},"views":8,"_links":{"self":[{"href":"https:\/\/bahiaeconomica.com.br\/wp\/wp-json\/wp\/v2\/posts\/466779"}],"collection":[{"href":"https:\/\/bahiaeconomica.com.br\/wp\/wp-json\/wp\/v2\/posts"}],"about":[{"href":"https:\/\/bahiaeconomica.com.br\/wp\/wp-json\/wp\/v2\/types\/post"}],"author":[{"embeddable":true,"href":"https:\/\/bahiaeconomica.com.br\/wp\/wp-json\/wp\/v2\/users\/1"}],"replies":[{"embeddable":true,"href":"https:\/\/bahiaeconomica.com.br\/wp\/wp-json\/wp\/v2\/comments?post=466779"}],"version-history":[{"count":3,"href":"https:\/\/bahiaeconomica.com.br\/wp\/wp-json\/wp\/v2\/posts\/466779\/revisions"}],"predecessor-version":[{"id":466789,"href":"https:\/\/bahiaeconomica.com.br\/wp\/wp-json\/wp\/v2\/posts\/466779\/revisions\/466789"}],"wp:featuredmedia":[{"embeddable":true,"href":"https:\/\/bahiaeconomica.com.br\/wp\/wp-json\/wp\/v2\/media\/458123"}],"wp:attachment":[{"href":"https:\/\/bahiaeconomica.com.br\/wp\/wp-json\/wp\/v2\/media?parent=466779"}],"wp:term":[{"taxonomy":"category","embeddable":true,"href":"https:\/\/bahiaeconomica.com.br\/wp\/wp-json\/wp\/v2\/categories?post=466779"},{"taxonomy":"post_tag","embeddable":true,"href":"https:\/\/bahiaeconomica.com.br\/wp\/wp-json\/wp\/v2\/tags?post=466779"}],"curies":[{"name":"wp","href":"https:\/\/api.w.org\/{rel}","templated":true}]}}