{"id":466223,"date":"2020-06-03T18:36:01","date_gmt":"2020-06-03T21:36:01","guid":{"rendered":"https:\/\/bahiaeconomica.com.br\/wp\/beta\/?p=466223"},"modified":"2020-06-03T18:36:01","modified_gmt":"2020-06-03T21:36:01","slug":"bahia-tem-22-451-casos-confirmados-de-covid-19-e-762-obitos","status":"publish","type":"post","link":"https:\/\/bahiaeconomica.com.br\/wp\/2020\/06\/03\/bahia-tem-22-451-casos-confirmados-de-covid-19-e-762-obitos\/","title":{"rendered":"BAHIA TEM 22.451 CASOS CONFIRMADOS DE COVID-19 E 762 \u00d3BITOS"},"content":{"rendered":"<p>A Bahia registra 22.451 casos confirmados de coronav\u00edrus (Covid-19), o que representa<!--more--> 17,44% do total de notifica\u00e7\u00f5es no estado. Os 26 \u00f3bitos contabilizados no boletim epidemiol\u00f3gico referem-se a um per\u00edodo de 26 dias, conforme observado nos perfis detalhados. Ou seja, tamb\u00e9m n\u00e3o ocorreram em 24 horas. Estas notifica\u00e7\u00f5es tardias est\u00e3o sendo apuradas pela Auditoria do Sistema \u00danico de Sa\u00fade (SUS) e pela Corregedoria.<\/p>\n<p>Considerando o n\u00famero de 22.451 casos confirmados, 7.823 recuperados e 762 \u00f3bitos, 13.866 pessoas permanecem monitoradas pela vigil\u00e2ncia epidemiol\u00f3gica e com sintomas da Covid-19, o que s\u00e3o chamados de casos ativos. Na Bahia, 3.240 profissionais da sa\u00fade foram confirmados para Covid-19.<\/p>\n<p>Os casos confirmados ocorreram em 315 munic\u00edpios do estado, com maior propor\u00e7\u00e3o em Salvador (60,68%). Os munic\u00edpios com os maiores coeficientes de incid\u00eancia por 1.000.000 habitantes Uru\u00e7uca (5.848,24), Ipia\u00fa (5.036,64), Itabuna (4.718,07), Salvador (4.622,70) e Itaju\u00edpe (4.245,77).<\/p>\n<p>O boletim epidemiol\u00f3gico registra 42.429 casos descartados e 128.721 notifica\u00e7\u00f5es em toda a Bahia. Estes dados representam notifica\u00e7\u00f5es oficiais compiladas pelo Centro de Informa\u00e7\u00f5es Estrat\u00e9gicas em Vigil\u00e2ncia em Sa\u00fade da Bahia (Cievs-BA), em conjunto com os Cievs municipais e as bases de dados do Minist\u00e9rio da Sa\u00fade at\u00e9 as 17 horas desta quarta-feira (3).<\/p>\n<p>Taxa de ocupa\u00e7\u00e3o<\/p>\n<p>Na Bahia, dos 1.853 leitos dispon\u00edveis do Sistema \u00danico de Sa\u00fade (SUS) exclusivos para coronav\u00edrus, 1.031 possuem pacientes internados, o que representa uma taxa de ocupa\u00e7\u00e3o de 56%. No que se refere aos leitos de UTI adulto e pedi\u00e1trico, dos 791 leitos exclusivos para o coronav\u00edrus, 544 possuem pacientes internados, compreendendo uma taxa de ocupa\u00e7\u00e3o de 69%. Cabe ressaltar que o n\u00famero de leitos \u00e9 flutuante, representando o quantitativo exato de vagas dispon\u00edveis no dia. Intercorr\u00eancias com equipamentos, rede de gases ou equipes incompletas, por exemplo, inviabilizam a disponibilidade do leito. Ressalte-se que novos leitos s\u00e3o abertos progressivamente mediante o aumento da demanda.<\/p>\n","protected":false},"excerpt":{"rendered":"<p>A Bahia registra 22.451 casos confirmados de coronav\u00edrus (Covid-19), o que representa<\/p>\n","protected":false},"author":1,"featured_media":460389,"comment_status":"closed","ping_status":"closed","sticky":false,"template":"","format":"standard","meta":[],"categories":[3],"tags":[],"acf":[],"yoast_head":"<!-- This site is optimized with the Yoast SEO plugin v20.8 - https:\/\/yoast.com\/wordpress\/plugins\/seo\/ -->\n<title>BAHIA TEM 22.451 CASOS CONFIRMADOS DE COVID-19 E 762 \u00d3BITOS - Bahia Economica<\/title>\n<meta name=\"description\" content=\"O maior portal de Economia da Bahia ECONOMIA \/ POL\u00cdTICA Bahia Economica\" \/>\n<meta name=\"robots\" content=\"index, follow, max-snippet:-1, max-image-preview:large, max-video-preview:-1\" \/>\n<link rel=\"canonical\" href=\"https:\/\/bahiaeconomica.com.br\/wp\/2020\/06\/03\/bahia-tem-22-451-casos-confirmados-de-covid-19-e-762-obitos\/\" \/>\n<meta property=\"og:locale\" content=\"pt_BR\" \/>\n<meta property=\"og:type\" content=\"article\" \/>\n<meta property=\"og:title\" content=\"BAHIA TEM 22.451 CASOS CONFIRMADOS DE COVID-19 E 762 \u00d3BITOS - Bahia Economica\" \/>\n<meta property=\"og:description\" content=\"O maior portal de Economia da Bahia ECONOMIA \/ POL\u00cdTICA Bahia Economica\" \/>\n<meta property=\"og:url\" content=\"https:\/\/bahiaeconomica.com.br\/wp\/2020\/06\/03\/bahia-tem-22-451-casos-confirmados-de-covid-19-e-762-obitos\/\" \/>\n<meta property=\"og:site_name\" content=\"Bahia Economica\" \/>\n<meta property=\"article:publisher\" content=\"https:\/\/www.facebook.com\/bahiaeconomica\" \/>\n<meta property=\"article:published_time\" content=\"2020-06-03T21:36:01+00:00\" \/>\n<meta property=\"og:image\" content=\"https:\/\/bahiaeconomica.com.br\/wp\/wp-content\/uploads\/2020\/05\/covid19770500-1.jpg\" \/>\n\t<meta property=\"og:image:width\" content=\"500\" \/>\n\t<meta property=\"og:image:height\" content=\"300\" \/>\n\t<meta property=\"og:image:type\" content=\"image\/jpeg\" \/>\n<meta name=\"author\" content=\"admin\" \/>\n<meta name=\"twitter:card\" content=\"summary_large_image\" \/>\n<meta name=\"twitter:label1\" content=\"Escrito por\" \/>\n\t<meta name=\"twitter:data1\" content=\"admin\" \/>\n\t<meta name=\"twitter:label2\" content=\"Est. tempo de leitura\" \/>\n\t<meta name=\"twitter:data2\" content=\"2 minutos\" \/>\n<script type=\"application\/ld+json\" class=\"yoast-schema-graph\">{\"@context\":\"https:\/\/schema.org\",\"@graph\":[{\"@type\":\"Article\",\"@id\":\"https:\/\/bahiaeconomica.com.br\/wp\/2020\/06\/03\/bahia-tem-22-451-casos-confirmados-de-covid-19-e-762-obitos\/#article\",\"isPartOf\":{\"@id\":\"https:\/\/bahiaeconomica.com.br\/wp\/2020\/06\/03\/bahia-tem-22-451-casos-confirmados-de-covid-19-e-762-obitos\/\"},\"author\":{\"name\":\"admin\",\"@id\":\"https:\/\/bahiaeconomica.com.br\/wp\/#\/schema\/person\/cb1ab5ba96ad3d9390805381c76284ec\"},\"headline\":\"BAHIA TEM 22.451 CASOS CONFIRMADOS DE COVID-19 E 762 \u00d3BITOS\",\"datePublished\":\"2020-06-03T21:36:01+00:00\",\"dateModified\":\"2020-06-03T21:36:01+00:00\",\"mainEntityOfPage\":{\"@id\":\"https:\/\/bahiaeconomica.com.br\/wp\/2020\/06\/03\/bahia-tem-22-451-casos-confirmados-de-covid-19-e-762-obitos\/\"},\"wordCount\":321,\"publisher\":{\"@id\":\"https:\/\/bahiaeconomica.com.br\/wp\/#organization\"},\"articleSection\":[\"ECONOMIA \/ POL\u00cdTICA\"],\"inLanguage\":\"pt-BR\"},{\"@type\":\"WebPage\",\"@id\":\"https:\/\/bahiaeconomica.com.br\/wp\/2020\/06\/03\/bahia-tem-22-451-casos-confirmados-de-covid-19-e-762-obitos\/\",\"url\":\"https:\/\/bahiaeconomica.com.br\/wp\/2020\/06\/03\/bahia-tem-22-451-casos-confirmados-de-covid-19-e-762-obitos\/\",\"name\":\"BAHIA TEM 22.451 CASOS CONFIRMADOS DE COVID-19 E 762 \u00d3BITOS - Bahia Economica\",\"isPartOf\":{\"@id\":\"https:\/\/bahiaeconomica.com.br\/wp\/#website\"},\"datePublished\":\"2020-06-03T21:36:01+00:00\",\"dateModified\":\"2020-06-03T21:36:01+00:00\",\"description\":\"O maior portal de Economia da Bahia ECONOMIA \/ POL\u00cdTICA Bahia Economica\",\"breadcrumb\":{\"@id\":\"https:\/\/bahiaeconomica.com.br\/wp\/2020\/06\/03\/bahia-tem-22-451-casos-confirmados-de-covid-19-e-762-obitos\/#breadcrumb\"},\"inLanguage\":\"pt-BR\",\"potentialAction\":[{\"@type\":\"ReadAction\",\"target\":[\"https:\/\/bahiaeconomica.com.br\/wp\/2020\/06\/03\/bahia-tem-22-451-casos-confirmados-de-covid-19-e-762-obitos\/\"]}]},{\"@type\":\"BreadcrumbList\",\"@id\":\"https:\/\/bahiaeconomica.com.br\/wp\/2020\/06\/03\/bahia-tem-22-451-casos-confirmados-de-covid-19-e-762-obitos\/#breadcrumb\",\"itemListElement\":[{\"@type\":\"ListItem\",\"position\":1,\"name\":\"In\u00edcio\",\"item\":\"https:\/\/bahiaeconomica.com.br\/wp\/\"},{\"@type\":\"ListItem\",\"position\":2,\"name\":\"BAHIA TEM 22.451 CASOS CONFIRMADOS DE COVID-19 E 762 \u00d3BITOS\"}]},{\"@type\":\"WebSite\",\"@id\":\"https:\/\/bahiaeconomica.com.br\/wp\/#website\",\"url\":\"https:\/\/bahiaeconomica.com.br\/wp\/\",\"name\":\"Bahia Economica\",\"description\":\"O maior portal de Economia da Bahia\",\"publisher\":{\"@id\":\"https:\/\/bahiaeconomica.com.br\/wp\/#organization\"},\"potentialAction\":[{\"@type\":\"SearchAction\",\"target\":{\"@type\":\"EntryPoint\",\"urlTemplate\":\"https:\/\/bahiaeconomica.com.br\/wp\/?s={search_term_string}\"},\"query-input\":\"required name=search_term_string\"}],\"inLanguage\":\"pt-BR\"},{\"@type\":\"Organization\",\"@id\":\"https:\/\/bahiaeconomica.com.br\/wp\/#organization\",\"name\":\"Bahia Econ\u00f4mica\",\"url\":\"https:\/\/bahiaeconomica.com.br\/wp\/\",\"logo\":{\"@type\":\"ImageObject\",\"inLanguage\":\"pt-BR\",\"@id\":\"https:\/\/bahiaeconomica.com.br\/wp\/#\/schema\/logo\/image\/\",\"url\":\"https:\/\/bahiaeconomica.com.br\/wp\/wp-content\/uploads\/2020\/12\/cropped-BE.png\",\"contentUrl\":\"https:\/\/bahiaeconomica.com.br\/wp\/wp-content\/uploads\/2020\/12\/cropped-BE.png\",\"width\":512,\"height\":512,\"caption\":\"Bahia Econ\u00f4mica\"},\"image\":{\"@id\":\"https:\/\/bahiaeconomica.com.br\/wp\/#\/schema\/logo\/image\/\"},\"sameAs\":[\"https:\/\/www.facebook.com\/bahiaeconomica\"]},{\"@type\":\"Person\",\"@id\":\"https:\/\/bahiaeconomica.com.br\/wp\/#\/schema\/person\/cb1ab5ba96ad3d9390805381c76284ec\",\"name\":\"admin\",\"url\":\"https:\/\/bahiaeconomica.com.br\/wp\/author\/admin\/\"}]}<\/script>\n<!-- \/ Yoast SEO plugin. -->","yoast_head_json":{"title":"BAHIA TEM 22.451 CASOS CONFIRMADOS DE COVID-19 E 762 \u00d3BITOS - Bahia Economica","description":"O maior portal de Economia da Bahia ECONOMIA \/ POL\u00cdTICA Bahia Economica","robots":{"index":"index","follow":"follow","max-snippet":"max-snippet:-1","max-image-preview":"max-image-preview:large","max-video-preview":"max-video-preview:-1"},"canonical":"https:\/\/bahiaeconomica.com.br\/wp\/2020\/06\/03\/bahia-tem-22-451-casos-confirmados-de-covid-19-e-762-obitos\/","og_locale":"pt_BR","og_type":"article","og_title":"BAHIA TEM 22.451 CASOS CONFIRMADOS DE COVID-19 E 762 \u00d3BITOS - Bahia Economica","og_description":"O maior portal de Economia da Bahia ECONOMIA \/ POL\u00cdTICA Bahia Economica","og_url":"https:\/\/bahiaeconomica.com.br\/wp\/2020\/06\/03\/bahia-tem-22-451-casos-confirmados-de-covid-19-e-762-obitos\/","og_site_name":"Bahia Economica","article_publisher":"https:\/\/www.facebook.com\/bahiaeconomica","article_published_time":"2020-06-03T21:36:01+00:00","og_image":[{"width":500,"height":300,"url":"https:\/\/bahiaeconomica.com.br\/wp\/wp-content\/uploads\/2020\/05\/covid19770500-1.jpg","type":"image\/jpeg"}],"author":"admin","twitter_card":"summary_large_image","twitter_misc":{"Escrito por":"admin","Est. tempo de leitura":"2 minutos"},"schema":{"@context":"https:\/\/schema.org","@graph":[{"@type":"Article","@id":"https:\/\/bahiaeconomica.com.br\/wp\/2020\/06\/03\/bahia-tem-22-451-casos-confirmados-de-covid-19-e-762-obitos\/#article","isPartOf":{"@id":"https:\/\/bahiaeconomica.com.br\/wp\/2020\/06\/03\/bahia-tem-22-451-casos-confirmados-de-covid-19-e-762-obitos\/"},"author":{"name":"admin","@id":"https:\/\/bahiaeconomica.com.br\/wp\/#\/schema\/person\/cb1ab5ba96ad3d9390805381c76284ec"},"headline":"BAHIA TEM 22.451 CASOS CONFIRMADOS DE COVID-19 E 762 \u00d3BITOS","datePublished":"2020-06-03T21:36:01+00:00","dateModified":"2020-06-03T21:36:01+00:00","mainEntityOfPage":{"@id":"https:\/\/bahiaeconomica.com.br\/wp\/2020\/06\/03\/bahia-tem-22-451-casos-confirmados-de-covid-19-e-762-obitos\/"},"wordCount":321,"publisher":{"@id":"https:\/\/bahiaeconomica.com.br\/wp\/#organization"},"articleSection":["ECONOMIA \/ POL\u00cdTICA"],"inLanguage":"pt-BR"},{"@type":"WebPage","@id":"https:\/\/bahiaeconomica.com.br\/wp\/2020\/06\/03\/bahia-tem-22-451-casos-confirmados-de-covid-19-e-762-obitos\/","url":"https:\/\/bahiaeconomica.com.br\/wp\/2020\/06\/03\/bahia-tem-22-451-casos-confirmados-de-covid-19-e-762-obitos\/","name":"BAHIA TEM 22.451 CASOS CONFIRMADOS DE COVID-19 E 762 \u00d3BITOS - Bahia Economica","isPartOf":{"@id":"https:\/\/bahiaeconomica.com.br\/wp\/#website"},"datePublished":"2020-06-03T21:36:01+00:00","dateModified":"2020-06-03T21:36:01+00:00","description":"O maior portal de Economia da Bahia ECONOMIA \/ POL\u00cdTICA Bahia Economica","breadcrumb":{"@id":"https:\/\/bahiaeconomica.com.br\/wp\/2020\/06\/03\/bahia-tem-22-451-casos-confirmados-de-covid-19-e-762-obitos\/#breadcrumb"},"inLanguage":"pt-BR","potentialAction":[{"@type":"ReadAction","target":["https:\/\/bahiaeconomica.com.br\/wp\/2020\/06\/03\/bahia-tem-22-451-casos-confirmados-de-covid-19-e-762-obitos\/"]}]},{"@type":"BreadcrumbList","@id":"https:\/\/bahiaeconomica.com.br\/wp\/2020\/06\/03\/bahia-tem-22-451-casos-confirmados-de-covid-19-e-762-obitos\/#breadcrumb","itemListElement":[{"@type":"ListItem","position":1,"name":"In\u00edcio","item":"https:\/\/bahiaeconomica.com.br\/wp\/"},{"@type":"ListItem","position":2,"name":"BAHIA TEM 22.451 CASOS CONFIRMADOS DE COVID-19 E 762 \u00d3BITOS"}]},{"@type":"WebSite","@id":"https:\/\/bahiaeconomica.com.br\/wp\/#website","url":"https:\/\/bahiaeconomica.com.br\/wp\/","name":"Bahia Economica","description":"O maior portal de Economia da Bahia","publisher":{"@id":"https:\/\/bahiaeconomica.com.br\/wp\/#organization"},"potentialAction":[{"@type":"SearchAction","target":{"@type":"EntryPoint","urlTemplate":"https:\/\/bahiaeconomica.com.br\/wp\/?s={search_term_string}"},"query-input":"required name=search_term_string"}],"inLanguage":"pt-BR"},{"@type":"Organization","@id":"https:\/\/bahiaeconomica.com.br\/wp\/#organization","name":"Bahia Econ\u00f4mica","url":"https:\/\/bahiaeconomica.com.br\/wp\/","logo":{"@type":"ImageObject","inLanguage":"pt-BR","@id":"https:\/\/bahiaeconomica.com.br\/wp\/#\/schema\/logo\/image\/","url":"https:\/\/bahiaeconomica.com.br\/wp\/wp-content\/uploads\/2020\/12\/cropped-BE.png","contentUrl":"https:\/\/bahiaeconomica.com.br\/wp\/wp-content\/uploads\/2020\/12\/cropped-BE.png","width":512,"height":512,"caption":"Bahia Econ\u00f4mica"},"image":{"@id":"https:\/\/bahiaeconomica.com.br\/wp\/#\/schema\/logo\/image\/"},"sameAs":["https:\/\/www.facebook.com\/bahiaeconomica"]},{"@type":"Person","@id":"https:\/\/bahiaeconomica.com.br\/wp\/#\/schema\/person\/cb1ab5ba96ad3d9390805381c76284ec","name":"admin","url":"https:\/\/bahiaeconomica.com.br\/wp\/author\/admin\/"}]}},"views":1,"_links":{"self":[{"href":"https:\/\/bahiaeconomica.com.br\/wp\/wp-json\/wp\/v2\/posts\/466223"}],"collection":[{"href":"https:\/\/bahiaeconomica.com.br\/wp\/wp-json\/wp\/v2\/posts"}],"about":[{"href":"https:\/\/bahiaeconomica.com.br\/wp\/wp-json\/wp\/v2\/types\/post"}],"author":[{"embeddable":true,"href":"https:\/\/bahiaeconomica.com.br\/wp\/wp-json\/wp\/v2\/users\/1"}],"replies":[{"embeddable":true,"href":"https:\/\/bahiaeconomica.com.br\/wp\/wp-json\/wp\/v2\/comments?post=466223"}],"version-history":[{"count":1,"href":"https:\/\/bahiaeconomica.com.br\/wp\/wp-json\/wp\/v2\/posts\/466223\/revisions"}],"predecessor-version":[{"id":466224,"href":"https:\/\/bahiaeconomica.com.br\/wp\/wp-json\/wp\/v2\/posts\/466223\/revisions\/466224"}],"wp:featuredmedia":[{"embeddable":true,"href":"https:\/\/bahiaeconomica.com.br\/wp\/wp-json\/wp\/v2\/media\/460389"}],"wp:attachment":[{"href":"https:\/\/bahiaeconomica.com.br\/wp\/wp-json\/wp\/v2\/media?parent=466223"}],"wp:term":[{"taxonomy":"category","embeddable":true,"href":"https:\/\/bahiaeconomica.com.br\/wp\/wp-json\/wp\/v2\/categories?post=466223"},{"taxonomy":"post_tag","embeddable":true,"href":"https:\/\/bahiaeconomica.com.br\/wp\/wp-json\/wp\/v2\/tags?post=466223"}],"curies":[{"name":"wp","href":"https:\/\/api.w.org\/{rel}","templated":true}]}}