{"id":466034,"date":"2020-06-03T09:15:35","date_gmt":"2020-06-03T12:15:35","guid":{"rendered":"https:\/\/bahiaeconomica.com.br\/wp\/beta\/?p=466034"},"modified":"2020-06-03T09:09:21","modified_gmt":"2020-06-03T12:09:21","slug":"aras-diz-que-constituicao-nao-admite-intervencao-militar","status":"publish","type":"post","link":"https:\/\/bahiaeconomica.com.br\/wp\/2020\/06\/03\/aras-diz-que-constituicao-nao-admite-intervencao-militar\/","title":{"rendered":"ARAS DIZ QUE CONSTITUI\u00c7\u00c3O N\u00c3O ADMITE GOLPE MILITAR"},"content":{"rendered":"<p>O procurador-geral da Rep\u00fablica, Augusto Aras, divulgou uma nota em que afirma que a Constitui\u00e7\u00e3o n\u00e3o prev\u00ea interven\u00e7\u00e3o militar. Em entrevista a <!--more-->Pedro Bial na segunda-feira (1), ele afirmara que, caso um Poder invadisse a compet\u00eancia de outro, ele perderia a garantia que Constitui\u00e7\u00e3o lhe d\u00e1. A informa\u00e7\u00e3o \u00e9 da coluna de Guilherme Amado, da revista \u00c9poca. Segundo a publica\u00e7\u00e3o, a fala de Aras foi mal recebida no Supremo Tribunal Federal (STF).<\/p>\n<p>\u201cA Constitui\u00e7\u00e3o n\u00e3o admite interven\u00e7\u00e3o militar. Ademais, as institui\u00e7\u00f5es funcionam normalmente. Os Poderes s\u00e3o harm\u00f4nicos e independentes entre si. Cada um deles h\u00e1 de praticar a autoconten\u00e7\u00e3o para que n\u00e3o se venha a contribuir para uma crise institucional. Conflitos entre Poderes constitu\u00eddos, associados a uma calamidade p\u00fablica e a outros fatores sociais concomitantes, podem culminar em desordem social. As For\u00e7as Armadas existem para a defesa da p\u00e1tria, para a garantia dos Poderes constitucionais e, por iniciativa de quaisquer destes, para a garantia da lei e da ordem, a fim de preservar o regime da democracia participativa brasileira\u201d, disse Augusto Aras em nota.<\/p>\n<p>Foto: Roberto Jayme\/Ascom-TSE<\/p>\n","protected":false},"excerpt":{"rendered":"<p>O procurador-geral da Rep\u00fablica, Augusto Aras, divulgou uma nota em que afirma que a Constitui\u00e7\u00e3o n\u00e3o prev\u00ea interven\u00e7\u00e3o militar. Em entrevista a<\/p>\n","protected":false},"author":1,"featured_media":458457,"comment_status":"closed","ping_status":"closed","sticky":false,"template":"","format":"standard","meta":[],"categories":[14,3],"tags":[],"acf":[],"yoast_head":"<!-- This site is optimized with the Yoast SEO plugin v20.8 - https:\/\/yoast.com\/wordpress\/plugins\/seo\/ -->\n<title>ARAS DIZ QUE CONSTITUI\u00c7\u00c3O N\u00c3O ADMITE GOLPE MILITAR - Bahia Economica<\/title>\n<meta name=\"description\" content=\"O maior portal de Economia da Bahia DESTAQUE DO DIA, ECONOMIA \/ POL\u00cdTICA Bahia Economica\" \/>\n<meta name=\"robots\" content=\"index, follow, max-snippet:-1, max-image-preview:large, max-video-preview:-1\" \/>\n<link rel=\"canonical\" href=\"https:\/\/bahiaeconomica.com.br\/wp\/2020\/06\/03\/aras-diz-que-constituicao-nao-admite-intervencao-militar\/\" \/>\n<meta property=\"og:locale\" content=\"pt_BR\" \/>\n<meta property=\"og:type\" content=\"article\" \/>\n<meta property=\"og:title\" content=\"ARAS DIZ QUE CONSTITUI\u00c7\u00c3O N\u00c3O ADMITE GOLPE MILITAR - Bahia Economica\" \/>\n<meta property=\"og:description\" content=\"O maior portal de Economia da Bahia DESTAQUE DO DIA, ECONOMIA \/ POL\u00cdTICA Bahia Economica\" \/>\n<meta property=\"og:url\" content=\"https:\/\/bahiaeconomica.com.br\/wp\/2020\/06\/03\/aras-diz-que-constituicao-nao-admite-intervencao-militar\/\" \/>\n<meta property=\"og:site_name\" content=\"Bahia Economica\" \/>\n<meta property=\"article:publisher\" content=\"https:\/\/www.facebook.com\/bahiaeconomica\" \/>\n<meta property=\"article:published_time\" content=\"2020-06-03T12:15:35+00:00\" \/>\n<meta property=\"article:modified_time\" content=\"2020-06-03T12:09:21+00:00\" \/>\n<meta property=\"og:image\" content=\"https:\/\/bahiaeconomica.com.br\/wp\/wp-content\/uploads\/2020\/05\/augusto-aras-d.jpg\" \/>\n\t<meta property=\"og:image:width\" content=\"500\" \/>\n\t<meta property=\"og:image:height\" content=\"300\" \/>\n\t<meta property=\"og:image:type\" content=\"image\/jpeg\" \/>\n<meta name=\"author\" content=\"admin\" \/>\n<meta name=\"twitter:card\" content=\"summary_large_image\" \/>\n<meta name=\"twitter:label1\" content=\"Escrito por\" \/>\n\t<meta name=\"twitter:data1\" content=\"admin\" \/>\n\t<meta name=\"twitter:label2\" content=\"Est. tempo de leitura\" \/>\n\t<meta name=\"twitter:data2\" content=\"1 minuto\" \/>\n<script type=\"application\/ld+json\" class=\"yoast-schema-graph\">{\"@context\":\"https:\/\/schema.org\",\"@graph\":[{\"@type\":\"Article\",\"@id\":\"https:\/\/bahiaeconomica.com.br\/wp\/2020\/06\/03\/aras-diz-que-constituicao-nao-admite-intervencao-militar\/#article\",\"isPartOf\":{\"@id\":\"https:\/\/bahiaeconomica.com.br\/wp\/2020\/06\/03\/aras-diz-que-constituicao-nao-admite-intervencao-militar\/\"},\"author\":{\"name\":\"admin\",\"@id\":\"https:\/\/bahiaeconomica.com.br\/wp\/#\/schema\/person\/cb1ab5ba96ad3d9390805381c76284ec\"},\"headline\":\"ARAS DIZ QUE CONSTITUI\u00c7\u00c3O N\u00c3O ADMITE GOLPE MILITAR\",\"datePublished\":\"2020-06-03T12:15:35+00:00\",\"dateModified\":\"2020-06-03T12:09:21+00:00\",\"mainEntityOfPage\":{\"@id\":\"https:\/\/bahiaeconomica.com.br\/wp\/2020\/06\/03\/aras-diz-que-constituicao-nao-admite-intervencao-militar\/\"},\"wordCount\":206,\"publisher\":{\"@id\":\"https:\/\/bahiaeconomica.com.br\/wp\/#organization\"},\"articleSection\":[\"DESTAQUE DO DIA\",\"ECONOMIA \/ POL\u00cdTICA\"],\"inLanguage\":\"pt-BR\"},{\"@type\":\"WebPage\",\"@id\":\"https:\/\/bahiaeconomica.com.br\/wp\/2020\/06\/03\/aras-diz-que-constituicao-nao-admite-intervencao-militar\/\",\"url\":\"https:\/\/bahiaeconomica.com.br\/wp\/2020\/06\/03\/aras-diz-que-constituicao-nao-admite-intervencao-militar\/\",\"name\":\"ARAS DIZ QUE CONSTITUI\u00c7\u00c3O N\u00c3O ADMITE GOLPE MILITAR - Bahia Economica\",\"isPartOf\":{\"@id\":\"https:\/\/bahiaeconomica.com.br\/wp\/#website\"},\"datePublished\":\"2020-06-03T12:15:35+00:00\",\"dateModified\":\"2020-06-03T12:09:21+00:00\",\"description\":\"O maior portal de Economia da Bahia DESTAQUE DO DIA, ECONOMIA \/ POL\u00cdTICA Bahia Economica\",\"breadcrumb\":{\"@id\":\"https:\/\/bahiaeconomica.com.br\/wp\/2020\/06\/03\/aras-diz-que-constituicao-nao-admite-intervencao-militar\/#breadcrumb\"},\"inLanguage\":\"pt-BR\",\"potentialAction\":[{\"@type\":\"ReadAction\",\"target\":[\"https:\/\/bahiaeconomica.com.br\/wp\/2020\/06\/03\/aras-diz-que-constituicao-nao-admite-intervencao-militar\/\"]}]},{\"@type\":\"BreadcrumbList\",\"@id\":\"https:\/\/bahiaeconomica.com.br\/wp\/2020\/06\/03\/aras-diz-que-constituicao-nao-admite-intervencao-militar\/#breadcrumb\",\"itemListElement\":[{\"@type\":\"ListItem\",\"position\":1,\"name\":\"In\u00edcio\",\"item\":\"https:\/\/bahiaeconomica.com.br\/wp\/\"},{\"@type\":\"ListItem\",\"position\":2,\"name\":\"ARAS DIZ QUE CONSTITUI\u00c7\u00c3O N\u00c3O ADMITE GOLPE MILITAR\"}]},{\"@type\":\"WebSite\",\"@id\":\"https:\/\/bahiaeconomica.com.br\/wp\/#website\",\"url\":\"https:\/\/bahiaeconomica.com.br\/wp\/\",\"name\":\"Bahia Economica\",\"description\":\"O maior portal de Economia da Bahia\",\"publisher\":{\"@id\":\"https:\/\/bahiaeconomica.com.br\/wp\/#organization\"},\"potentialAction\":[{\"@type\":\"SearchAction\",\"target\":{\"@type\":\"EntryPoint\",\"urlTemplate\":\"https:\/\/bahiaeconomica.com.br\/wp\/?s={search_term_string}\"},\"query-input\":\"required name=search_term_string\"}],\"inLanguage\":\"pt-BR\"},{\"@type\":\"Organization\",\"@id\":\"https:\/\/bahiaeconomica.com.br\/wp\/#organization\",\"name\":\"Bahia Econ\u00f4mica\",\"url\":\"https:\/\/bahiaeconomica.com.br\/wp\/\",\"logo\":{\"@type\":\"ImageObject\",\"inLanguage\":\"pt-BR\",\"@id\":\"https:\/\/bahiaeconomica.com.br\/wp\/#\/schema\/logo\/image\/\",\"url\":\"https:\/\/bahiaeconomica.com.br\/wp\/wp-content\/uploads\/2020\/12\/cropped-BE.png\",\"contentUrl\":\"https:\/\/bahiaeconomica.com.br\/wp\/wp-content\/uploads\/2020\/12\/cropped-BE.png\",\"width\":512,\"height\":512,\"caption\":\"Bahia Econ\u00f4mica\"},\"image\":{\"@id\":\"https:\/\/bahiaeconomica.com.br\/wp\/#\/schema\/logo\/image\/\"},\"sameAs\":[\"https:\/\/www.facebook.com\/bahiaeconomica\"]},{\"@type\":\"Person\",\"@id\":\"https:\/\/bahiaeconomica.com.br\/wp\/#\/schema\/person\/cb1ab5ba96ad3d9390805381c76284ec\",\"name\":\"admin\",\"url\":\"https:\/\/bahiaeconomica.com.br\/wp\/author\/admin\/\"}]}<\/script>\n<!-- \/ Yoast SEO plugin. -->","yoast_head_json":{"title":"ARAS DIZ QUE CONSTITUI\u00c7\u00c3O N\u00c3O ADMITE GOLPE MILITAR - Bahia Economica","description":"O maior portal de Economia da Bahia DESTAQUE DO DIA, ECONOMIA \/ POL\u00cdTICA Bahia Economica","robots":{"index":"index","follow":"follow","max-snippet":"max-snippet:-1","max-image-preview":"max-image-preview:large","max-video-preview":"max-video-preview:-1"},"canonical":"https:\/\/bahiaeconomica.com.br\/wp\/2020\/06\/03\/aras-diz-que-constituicao-nao-admite-intervencao-militar\/","og_locale":"pt_BR","og_type":"article","og_title":"ARAS DIZ QUE CONSTITUI\u00c7\u00c3O N\u00c3O ADMITE GOLPE MILITAR - Bahia Economica","og_description":"O maior portal de Economia da Bahia DESTAQUE DO DIA, ECONOMIA \/ POL\u00cdTICA Bahia Economica","og_url":"https:\/\/bahiaeconomica.com.br\/wp\/2020\/06\/03\/aras-diz-que-constituicao-nao-admite-intervencao-militar\/","og_site_name":"Bahia Economica","article_publisher":"https:\/\/www.facebook.com\/bahiaeconomica","article_published_time":"2020-06-03T12:15:35+00:00","article_modified_time":"2020-06-03T12:09:21+00:00","og_image":[{"width":500,"height":300,"url":"https:\/\/bahiaeconomica.com.br\/wp\/wp-content\/uploads\/2020\/05\/augusto-aras-d.jpg","type":"image\/jpeg"}],"author":"admin","twitter_card":"summary_large_image","twitter_misc":{"Escrito por":"admin","Est. tempo de leitura":"1 minuto"},"schema":{"@context":"https:\/\/schema.org","@graph":[{"@type":"Article","@id":"https:\/\/bahiaeconomica.com.br\/wp\/2020\/06\/03\/aras-diz-que-constituicao-nao-admite-intervencao-militar\/#article","isPartOf":{"@id":"https:\/\/bahiaeconomica.com.br\/wp\/2020\/06\/03\/aras-diz-que-constituicao-nao-admite-intervencao-militar\/"},"author":{"name":"admin","@id":"https:\/\/bahiaeconomica.com.br\/wp\/#\/schema\/person\/cb1ab5ba96ad3d9390805381c76284ec"},"headline":"ARAS DIZ QUE CONSTITUI\u00c7\u00c3O N\u00c3O ADMITE GOLPE MILITAR","datePublished":"2020-06-03T12:15:35+00:00","dateModified":"2020-06-03T12:09:21+00:00","mainEntityOfPage":{"@id":"https:\/\/bahiaeconomica.com.br\/wp\/2020\/06\/03\/aras-diz-que-constituicao-nao-admite-intervencao-militar\/"},"wordCount":206,"publisher":{"@id":"https:\/\/bahiaeconomica.com.br\/wp\/#organization"},"articleSection":["DESTAQUE DO DIA","ECONOMIA \/ POL\u00cdTICA"],"inLanguage":"pt-BR"},{"@type":"WebPage","@id":"https:\/\/bahiaeconomica.com.br\/wp\/2020\/06\/03\/aras-diz-que-constituicao-nao-admite-intervencao-militar\/","url":"https:\/\/bahiaeconomica.com.br\/wp\/2020\/06\/03\/aras-diz-que-constituicao-nao-admite-intervencao-militar\/","name":"ARAS DIZ QUE CONSTITUI\u00c7\u00c3O N\u00c3O ADMITE GOLPE MILITAR - Bahia Economica","isPartOf":{"@id":"https:\/\/bahiaeconomica.com.br\/wp\/#website"},"datePublished":"2020-06-03T12:15:35+00:00","dateModified":"2020-06-03T12:09:21+00:00","description":"O maior portal de Economia da Bahia DESTAQUE DO DIA, ECONOMIA \/ POL\u00cdTICA Bahia Economica","breadcrumb":{"@id":"https:\/\/bahiaeconomica.com.br\/wp\/2020\/06\/03\/aras-diz-que-constituicao-nao-admite-intervencao-militar\/#breadcrumb"},"inLanguage":"pt-BR","potentialAction":[{"@type":"ReadAction","target":["https:\/\/bahiaeconomica.com.br\/wp\/2020\/06\/03\/aras-diz-que-constituicao-nao-admite-intervencao-militar\/"]}]},{"@type":"BreadcrumbList","@id":"https:\/\/bahiaeconomica.com.br\/wp\/2020\/06\/03\/aras-diz-que-constituicao-nao-admite-intervencao-militar\/#breadcrumb","itemListElement":[{"@type":"ListItem","position":1,"name":"In\u00edcio","item":"https:\/\/bahiaeconomica.com.br\/wp\/"},{"@type":"ListItem","position":2,"name":"ARAS DIZ QUE CONSTITUI\u00c7\u00c3O N\u00c3O ADMITE GOLPE MILITAR"}]},{"@type":"WebSite","@id":"https:\/\/bahiaeconomica.com.br\/wp\/#website","url":"https:\/\/bahiaeconomica.com.br\/wp\/","name":"Bahia Economica","description":"O maior portal de Economia da Bahia","publisher":{"@id":"https:\/\/bahiaeconomica.com.br\/wp\/#organization"},"potentialAction":[{"@type":"SearchAction","target":{"@type":"EntryPoint","urlTemplate":"https:\/\/bahiaeconomica.com.br\/wp\/?s={search_term_string}"},"query-input":"required name=search_term_string"}],"inLanguage":"pt-BR"},{"@type":"Organization","@id":"https:\/\/bahiaeconomica.com.br\/wp\/#organization","name":"Bahia Econ\u00f4mica","url":"https:\/\/bahiaeconomica.com.br\/wp\/","logo":{"@type":"ImageObject","inLanguage":"pt-BR","@id":"https:\/\/bahiaeconomica.com.br\/wp\/#\/schema\/logo\/image\/","url":"https:\/\/bahiaeconomica.com.br\/wp\/wp-content\/uploads\/2020\/12\/cropped-BE.png","contentUrl":"https:\/\/bahiaeconomica.com.br\/wp\/wp-content\/uploads\/2020\/12\/cropped-BE.png","width":512,"height":512,"caption":"Bahia Econ\u00f4mica"},"image":{"@id":"https:\/\/bahiaeconomica.com.br\/wp\/#\/schema\/logo\/image\/"},"sameAs":["https:\/\/www.facebook.com\/bahiaeconomica"]},{"@type":"Person","@id":"https:\/\/bahiaeconomica.com.br\/wp\/#\/schema\/person\/cb1ab5ba96ad3d9390805381c76284ec","name":"admin","url":"https:\/\/bahiaeconomica.com.br\/wp\/author\/admin\/"}]}},"views":4,"_links":{"self":[{"href":"https:\/\/bahiaeconomica.com.br\/wp\/wp-json\/wp\/v2\/posts\/466034"}],"collection":[{"href":"https:\/\/bahiaeconomica.com.br\/wp\/wp-json\/wp\/v2\/posts"}],"about":[{"href":"https:\/\/bahiaeconomica.com.br\/wp\/wp-json\/wp\/v2\/types\/post"}],"author":[{"embeddable":true,"href":"https:\/\/bahiaeconomica.com.br\/wp\/wp-json\/wp\/v2\/users\/1"}],"replies":[{"embeddable":true,"href":"https:\/\/bahiaeconomica.com.br\/wp\/wp-json\/wp\/v2\/comments?post=466034"}],"version-history":[{"count":2,"href":"https:\/\/bahiaeconomica.com.br\/wp\/wp-json\/wp\/v2\/posts\/466034\/revisions"}],"predecessor-version":[{"id":466038,"href":"https:\/\/bahiaeconomica.com.br\/wp\/wp-json\/wp\/v2\/posts\/466034\/revisions\/466038"}],"wp:featuredmedia":[{"embeddable":true,"href":"https:\/\/bahiaeconomica.com.br\/wp\/wp-json\/wp\/v2\/media\/458457"}],"wp:attachment":[{"href":"https:\/\/bahiaeconomica.com.br\/wp\/wp-json\/wp\/v2\/media?parent=466034"}],"wp:term":[{"taxonomy":"category","embeddable":true,"href":"https:\/\/bahiaeconomica.com.br\/wp\/wp-json\/wp\/v2\/categories?post=466034"},{"taxonomy":"post_tag","embeddable":true,"href":"https:\/\/bahiaeconomica.com.br\/wp\/wp-json\/wp\/v2\/tags?post=466034"}],"curies":[{"name":"wp","href":"https:\/\/api.w.org\/{rel}","templated":true}]}}