{"id":465203,"date":"2020-06-22T07:00:39","date_gmt":"2020-06-22T10:00:39","guid":{"rendered":"https:\/\/bahiaeconomica.com.br\/wp\/beta\/?p=465203"},"modified":"2020-06-22T07:55:04","modified_gmt":"2020-06-22T10:55:04","slug":"j-aaa-entrevista-joao-leao-vice-governador-da-bahia","status":"publish","type":"post","link":"https:\/\/bahiaeconomica.com.br\/wp\/2020\/06\/22\/j-aaa-entrevista-joao-leao-vice-governador-da-bahia\/","title":{"rendered":"ENTREVISTA JO\u00c3O LE\u00c3O VICE GOVERNADOR DA BAHIA"},"content":{"rendered":"<p><strong>Por: Jo\u00e3o Paulo Almeida<\/strong><\/p>\n<p><strong>Bahia Econ\u00f4mica &#8211; como o senhor avalia o desempenho do governo Bolsonaro nesse per\u00edodo de pandemia?<\/strong><\/p>\n<p><strong>Jo\u00e3o Le\u00e3o \u2013<\/strong> Eu acredito que o presidente n\u00e3o est\u00e1 tomando a postura adequada para combater essa pandemia. Esse neg\u00f3cio de briga com governadores de n\u00e3o ouvir a popula\u00e7\u00e3o, ele est\u00e1 indo pelo pior caminho. Deveria vim para Bahia aprender com Rui e Neto com fazer pol\u00edtica. Advers\u00e1rios pol\u00edticos mas nesse momento est\u00e3o juntos criando mecanismos fortes para combater a crise da sa\u00fade. N\u00e3o se combate uma crise dessas com tanques e fuzis, tem que saber lidar e saber ouvir. Eu tenho a impress\u00e3o que ele n\u00e3o est\u00e1 atuando como presidente de uma na\u00e7\u00e3o como o Brasil. Ele n\u00e3o tem a postura de algu\u00e9m que pode responder por essa na\u00e7\u00e3o. Imagine voc\u00ea na Espanha, na It\u00e1lia na China ou vindo um presidente de uma na\u00e7\u00e3o chingando em reuni\u00e3o. Qual imagem ele passa. Ent\u00e3o eu acho que ele precisa ter humildade pedir desculpas e procurar melhorar suas a\u00e7\u00f5es e posturas.<\/p>\n<p><strong>BE- como senhor avalia as trocas constantes no minist\u00e9rio da sa\u00fade nesse per\u00edodo de crise aguda no setor?<\/strong><\/p>\n<p><strong>JL-<\/strong> Prova de uma falta completa de gest\u00e3o de um presidente que n\u00e3o deveria ocupar o cargo. O general que chegou l\u00e1 agora n\u00e3o tem nenhuma experi\u00eancia na sa\u00fade e n\u00e3o podia fazer isso. Ele tirou do poder pessoas com muitos anos na sa\u00fade, com experi\u00eancia grandiosa de sus e atendimento, ent\u00e3o eu acho que foi uma p\u00e9ssima escolha. N\u00e3o se trata uma pandemia dessas com fuzis e tanques. Temos que ter dialogo.<\/p>\n<p><strong>BE- Como o senhor avalia os ataques constantes a imprensa feitos pelo presidente?<\/strong><\/p>\n<p><strong>JL-<\/strong> Brigar com a imprensa n\u00e3o vai trazer benef\u00edcio nenhum a ele e a sua gest\u00e3o. N\u00e3o s\u00f3 a imprensa, ataques aos governadores, dissemina\u00e7\u00e3o de fake News, tudo isso mostra que ele n\u00e3o tem nesse momento condi\u00e7\u00e3o de ocupar o cargo que ocupa. N\u00e3o \u00e9 assim que se luta contra a pandemia.<\/p>\n<p><strong>BE- Como o senhor avalia a aproxima\u00e7\u00e3o do presidente Jair Bolsonaro com o centr\u00e3o onde o PP faz parte?<\/strong><\/p>\n<p><strong>JL-<\/strong> O PP faz parte eu n\u00e3o. Sou absolutamente contrario a essa gest\u00e3o. Sou contrario a essa aproxima\u00e7\u00e3o e o partido n\u00e3o t\u00eam o meu apoio em nenhuma situa\u00e7\u00e3o referente a isso. Eu sou do caminho do di\u00e1logo aberto e franco, mas seguindo essa pol\u00edtica de ataques e guerras eu n\u00e3o vou fazer parte.<\/p>\n<p><strong>BE- Como vai o projeto da Ponte Salvador Itaparica?<\/strong><\/p>\n<p><strong>JL-<\/strong> O projeto da Ponte Salvador Itaparica est\u00e1 caminhando. Eu recebi uma visita dos empres\u00e1rios que ganharam a obra e eles me disseram no olho no olho que est\u00e3o ansiosos para come\u00e7ar a obra. Assim que a normalidade dos voos voltar n\u00f3s vamos iniciar esse projeto. Os navios chineses que v\u00e3o fazer a funda\u00e7\u00e3o j\u00e1 est\u00e3o na china prontos para vim para c\u00e1 fazer essa funda\u00e7\u00e3o. Vamos apostar nisso e essa obra vai sair do papel ainda esse ano se a pandemia acabar.<\/p>\n<p><strong>BE- Falando de pol\u00edtica baiana o senhor acredita que as elei\u00e7\u00f5es municipais devem acontecer em 2020?<\/strong><\/p>\n<p><strong>JL-<\/strong> Na minha opini\u00e3o sim. Elas devem acontecer no dia 6 de dezembro o primeiro turno e no dia 20 de dezembro o segundo vou trabalhar para isso acontecer.<\/p>\n<p><strong>BE- O PP vai seguir o caminho do governo do estado e apoiar a Major Denice?<\/strong><\/p>\n<p><strong>JL-<\/strong> O PP tem um candidato forte em Salvador que \u00e9 o deputado Niltinho. N\u00f3s temos muita esperan\u00e7a nele e vamos manter a candidatura dele at\u00e9 o final. A n\u00e3o ser que haja alguma coisa muito forte que possa fazer essa candidatura ser retirada do pauta, mas hoje eu digo com clareza que o candidato do PP a prefeitura de Salvador \u00e9 Niltinho.<\/p>\n<p><strong>BE \u2013 Num eventual segundo turno o PP apoia a candidata do governador e vice versa<\/strong><\/p>\n<p><strong>JL-<\/strong> Sim. A base vai se manter unida e forte. Temos at\u00e9 o momento tr\u00eas candidatos da oposi\u00e7\u00e3o que \u00e9 Olivia Santana (PC do B), Niltinho do PP e Major Denice do PT. Todos tem projetos para Salvador e quando necess\u00e1rio v\u00e3o vestir a mesma camisa do governador.<\/p>\n<p><strong>BE- O Presidente Jair Bolsonaro tem anunciado um mega investimento em ferrovias para breve. A FIOL vai fazer parte desse projeto?<\/strong><\/p>\n<p><strong>JL-<\/strong> Sim. O ministro da infraestrutura Tarc\u00edsio Gomes de Freitas esteve aqui em barreiras tem pouco tempo para ver a obra de perto. Eu acho que essa obra vai ser de grande import\u00e2ncia para a popula\u00e7\u00e3o. Veja bem. N\u00f3s temos um trecho que vai de Barreiras at\u00e9 Bom Jesus da Lapa que j\u00e1 est\u00e1 com 32% das obras prontas. Esse trecho ter\u00e1 participa\u00e7\u00e3o dos militares na obra uma coisa que eu acho muito boa. A ponte sobre o Rio S\u00e3o Francisco est\u00e1 com 99% das obras prontas e a parte que vai de Caitit\u00e9 at\u00e9 Ilh\u00e9us 72% pronta. Ent\u00e3o falta muito pouco. Todas essas obras sa\u00edram no governo do Ex-presidente Lula e da ex-presidente Dilma. No governo Temer a obra parou. E agora no governo Bolsonaro n\u00f3s estamos com a esperan\u00e7a dela voltar a funcionar<\/p>\n<p><strong>BE- Como est\u00e1 o projeto do porto de Ilheus<\/strong><\/p>\n<p><strong>JL-<\/strong> A Bamim est\u00e1 respons\u00e1vel pelo porto e as obras j\u00e1 come\u00e7aram. Essa tamb\u00e9m \u00e9 uma obra grandiosa. Veja voc\u00ea que n\u00f3s temos soja, algod\u00e3o e v\u00e1rios outros materiais que v\u00e3o ser exportados por esse porto. Hoje temos que ir para Santos para exportar. Ent\u00e3o essa obra \u00e9 de suma import\u00e2ncia.<\/p>\n","protected":false},"excerpt":{"rendered":"<p>Por: Jo\u00e3o Paulo Almeida Bahia Econ\u00f4mica &#8211; como o senhor avalia o desempenho do governo Bolsonaro nesse per\u00edodo de pandemia? Jo\u00e3o Le\u00e3o \u2013 Eu acredito que o presidente n\u00e3o est\u00e1 tomando a postura adequada para combater essa pandemia. Esse neg\u00f3cio de briga com governadores de n\u00e3o ouvir a popula\u00e7\u00e3o, ele est\u00e1 indo pelo pior caminho. [&hellip;]<\/p>\n","protected":false},"author":1,"featured_media":399821,"comment_status":"closed","ping_status":"closed","sticky":false,"template":"","format":"standard","meta":[],"categories":[9],"tags":[],"acf":[],"yoast_head":"<!-- This site is optimized with the Yoast SEO plugin v20.8 - https:\/\/yoast.com\/wordpress\/plugins\/seo\/ -->\n<title>ENTREVISTA JO\u00c3O LE\u00c3O VICE GOVERNADOR DA BAHIA - Bahia Economica<\/title>\n<meta name=\"description\" content=\"O maior portal de Economia da Bahia ENTREVISTAS Bahia Economica\" \/>\n<meta name=\"robots\" content=\"index, follow, max-snippet:-1, max-image-preview:large, max-video-preview:-1\" \/>\n<link rel=\"canonical\" href=\"https:\/\/bahiaeconomica.com.br\/wp\/2020\/06\/22\/j-aaa-entrevista-joao-leao-vice-governador-da-bahia\/\" \/>\n<meta property=\"og:locale\" content=\"pt_BR\" \/>\n<meta property=\"og:type\" content=\"article\" \/>\n<meta property=\"og:title\" content=\"ENTREVISTA JO\u00c3O LE\u00c3O VICE GOVERNADOR DA BAHIA - Bahia Economica\" \/>\n<meta property=\"og:description\" content=\"O maior portal de Economia da Bahia ENTREVISTAS Bahia Economica\" \/>\n<meta property=\"og:url\" content=\"https:\/\/bahiaeconomica.com.br\/wp\/2020\/06\/22\/j-aaa-entrevista-joao-leao-vice-governador-da-bahia\/\" \/>\n<meta property=\"og:site_name\" content=\"Bahia Economica\" \/>\n<meta property=\"article:publisher\" content=\"https:\/\/www.facebook.com\/bahiaeconomica\" \/>\n<meta property=\"article:published_time\" content=\"2020-06-22T10:00:39+00:00\" \/>\n<meta property=\"article:modified_time\" content=\"2020-06-22T10:55:04+00:00\" \/>\n<meta property=\"og:image\" content=\"https:\/\/bahiaeconomica.com.br\/wp\/wp-content\/uploads\/2019\/09\/Jo\u00e3o-Le\u00e3o.png\" \/>\n\t<meta property=\"og:image:width\" content=\"500\" \/>\n\t<meta property=\"og:image:height\" content=\"300\" \/>\n\t<meta property=\"og:image:type\" content=\"image\/png\" \/>\n<meta name=\"author\" content=\"admin\" \/>\n<meta name=\"twitter:card\" content=\"summary_large_image\" \/>\n<meta name=\"twitter:label1\" content=\"Escrito por\" \/>\n\t<meta name=\"twitter:data1\" content=\"admin\" \/>\n\t<meta name=\"twitter:label2\" content=\"Est. tempo de leitura\" \/>\n\t<meta name=\"twitter:data2\" content=\"5 minutos\" \/>\n<script type=\"application\/ld+json\" class=\"yoast-schema-graph\">{\"@context\":\"https:\/\/schema.org\",\"@graph\":[{\"@type\":\"Article\",\"@id\":\"https:\/\/bahiaeconomica.com.br\/wp\/2020\/06\/22\/j-aaa-entrevista-joao-leao-vice-governador-da-bahia\/#article\",\"isPartOf\":{\"@id\":\"https:\/\/bahiaeconomica.com.br\/wp\/2020\/06\/22\/j-aaa-entrevista-joao-leao-vice-governador-da-bahia\/\"},\"author\":{\"name\":\"admin\",\"@id\":\"https:\/\/bahiaeconomica.com.br\/wp\/#\/schema\/person\/cb1ab5ba96ad3d9390805381c76284ec\"},\"headline\":\"ENTREVISTA JO\u00c3O LE\u00c3O VICE GOVERNADOR DA BAHIA\",\"datePublished\":\"2020-06-22T10:00:39+00:00\",\"dateModified\":\"2020-06-22T10:55:04+00:00\",\"mainEntityOfPage\":{\"@id\":\"https:\/\/bahiaeconomica.com.br\/wp\/2020\/06\/22\/j-aaa-entrevista-joao-leao-vice-governador-da-bahia\/\"},\"wordCount\":986,\"publisher\":{\"@id\":\"https:\/\/bahiaeconomica.com.br\/wp\/#organization\"},\"articleSection\":[\"ENTREVISTAS\"],\"inLanguage\":\"pt-BR\"},{\"@type\":\"WebPage\",\"@id\":\"https:\/\/bahiaeconomica.com.br\/wp\/2020\/06\/22\/j-aaa-entrevista-joao-leao-vice-governador-da-bahia\/\",\"url\":\"https:\/\/bahiaeconomica.com.br\/wp\/2020\/06\/22\/j-aaa-entrevista-joao-leao-vice-governador-da-bahia\/\",\"name\":\"ENTREVISTA JO\u00c3O LE\u00c3O VICE GOVERNADOR DA BAHIA - Bahia Economica\",\"isPartOf\":{\"@id\":\"https:\/\/bahiaeconomica.com.br\/wp\/#website\"},\"datePublished\":\"2020-06-22T10:00:39+00:00\",\"dateModified\":\"2020-06-22T10:55:04+00:00\",\"description\":\"O maior portal de Economia da Bahia ENTREVISTAS Bahia Economica\",\"breadcrumb\":{\"@id\":\"https:\/\/bahiaeconomica.com.br\/wp\/2020\/06\/22\/j-aaa-entrevista-joao-leao-vice-governador-da-bahia\/#breadcrumb\"},\"inLanguage\":\"pt-BR\",\"potentialAction\":[{\"@type\":\"ReadAction\",\"target\":[\"https:\/\/bahiaeconomica.com.br\/wp\/2020\/06\/22\/j-aaa-entrevista-joao-leao-vice-governador-da-bahia\/\"]}]},{\"@type\":\"BreadcrumbList\",\"@id\":\"https:\/\/bahiaeconomica.com.br\/wp\/2020\/06\/22\/j-aaa-entrevista-joao-leao-vice-governador-da-bahia\/#breadcrumb\",\"itemListElement\":[{\"@type\":\"ListItem\",\"position\":1,\"name\":\"In\u00edcio\",\"item\":\"https:\/\/bahiaeconomica.com.br\/wp\/\"},{\"@type\":\"ListItem\",\"position\":2,\"name\":\"ENTREVISTA JO\u00c3O LE\u00c3O VICE GOVERNADOR DA BAHIA\"}]},{\"@type\":\"WebSite\",\"@id\":\"https:\/\/bahiaeconomica.com.br\/wp\/#website\",\"url\":\"https:\/\/bahiaeconomica.com.br\/wp\/\",\"name\":\"Bahia Economica\",\"description\":\"O maior portal de Economia da Bahia\",\"publisher\":{\"@id\":\"https:\/\/bahiaeconomica.com.br\/wp\/#organization\"},\"potentialAction\":[{\"@type\":\"SearchAction\",\"target\":{\"@type\":\"EntryPoint\",\"urlTemplate\":\"https:\/\/bahiaeconomica.com.br\/wp\/?s={search_term_string}\"},\"query-input\":\"required name=search_term_string\"}],\"inLanguage\":\"pt-BR\"},{\"@type\":\"Organization\",\"@id\":\"https:\/\/bahiaeconomica.com.br\/wp\/#organization\",\"name\":\"Bahia Econ\u00f4mica\",\"url\":\"https:\/\/bahiaeconomica.com.br\/wp\/\",\"logo\":{\"@type\":\"ImageObject\",\"inLanguage\":\"pt-BR\",\"@id\":\"https:\/\/bahiaeconomica.com.br\/wp\/#\/schema\/logo\/image\/\",\"url\":\"https:\/\/bahiaeconomica.com.br\/wp\/wp-content\/uploads\/2020\/12\/cropped-BE.png\",\"contentUrl\":\"https:\/\/bahiaeconomica.com.br\/wp\/wp-content\/uploads\/2020\/12\/cropped-BE.png\",\"width\":512,\"height\":512,\"caption\":\"Bahia Econ\u00f4mica\"},\"image\":{\"@id\":\"https:\/\/bahiaeconomica.com.br\/wp\/#\/schema\/logo\/image\/\"},\"sameAs\":[\"https:\/\/www.facebook.com\/bahiaeconomica\"]},{\"@type\":\"Person\",\"@id\":\"https:\/\/bahiaeconomica.com.br\/wp\/#\/schema\/person\/cb1ab5ba96ad3d9390805381c76284ec\",\"name\":\"admin\",\"url\":\"https:\/\/bahiaeconomica.com.br\/wp\/author\/admin\/\"}]}<\/script>\n<!-- \/ Yoast SEO plugin. -->","yoast_head_json":{"title":"ENTREVISTA JO\u00c3O LE\u00c3O VICE GOVERNADOR DA BAHIA - Bahia Economica","description":"O maior portal de Economia da Bahia ENTREVISTAS Bahia Economica","robots":{"index":"index","follow":"follow","max-snippet":"max-snippet:-1","max-image-preview":"max-image-preview:large","max-video-preview":"max-video-preview:-1"},"canonical":"https:\/\/bahiaeconomica.com.br\/wp\/2020\/06\/22\/j-aaa-entrevista-joao-leao-vice-governador-da-bahia\/","og_locale":"pt_BR","og_type":"article","og_title":"ENTREVISTA JO\u00c3O LE\u00c3O VICE GOVERNADOR DA BAHIA - Bahia Economica","og_description":"O maior portal de Economia da Bahia ENTREVISTAS Bahia Economica","og_url":"https:\/\/bahiaeconomica.com.br\/wp\/2020\/06\/22\/j-aaa-entrevista-joao-leao-vice-governador-da-bahia\/","og_site_name":"Bahia Economica","article_publisher":"https:\/\/www.facebook.com\/bahiaeconomica","article_published_time":"2020-06-22T10:00:39+00:00","article_modified_time":"2020-06-22T10:55:04+00:00","og_image":[{"width":500,"height":300,"url":"https:\/\/bahiaeconomica.com.br\/wp\/wp-content\/uploads\/2019\/09\/Jo\u00e3o-Le\u00e3o.png","type":"image\/png"}],"author":"admin","twitter_card":"summary_large_image","twitter_misc":{"Escrito por":"admin","Est. tempo de leitura":"5 minutos"},"schema":{"@context":"https:\/\/schema.org","@graph":[{"@type":"Article","@id":"https:\/\/bahiaeconomica.com.br\/wp\/2020\/06\/22\/j-aaa-entrevista-joao-leao-vice-governador-da-bahia\/#article","isPartOf":{"@id":"https:\/\/bahiaeconomica.com.br\/wp\/2020\/06\/22\/j-aaa-entrevista-joao-leao-vice-governador-da-bahia\/"},"author":{"name":"admin","@id":"https:\/\/bahiaeconomica.com.br\/wp\/#\/schema\/person\/cb1ab5ba96ad3d9390805381c76284ec"},"headline":"ENTREVISTA JO\u00c3O LE\u00c3O VICE GOVERNADOR DA BAHIA","datePublished":"2020-06-22T10:00:39+00:00","dateModified":"2020-06-22T10:55:04+00:00","mainEntityOfPage":{"@id":"https:\/\/bahiaeconomica.com.br\/wp\/2020\/06\/22\/j-aaa-entrevista-joao-leao-vice-governador-da-bahia\/"},"wordCount":986,"publisher":{"@id":"https:\/\/bahiaeconomica.com.br\/wp\/#organization"},"articleSection":["ENTREVISTAS"],"inLanguage":"pt-BR"},{"@type":"WebPage","@id":"https:\/\/bahiaeconomica.com.br\/wp\/2020\/06\/22\/j-aaa-entrevista-joao-leao-vice-governador-da-bahia\/","url":"https:\/\/bahiaeconomica.com.br\/wp\/2020\/06\/22\/j-aaa-entrevista-joao-leao-vice-governador-da-bahia\/","name":"ENTREVISTA JO\u00c3O LE\u00c3O VICE GOVERNADOR DA BAHIA - Bahia Economica","isPartOf":{"@id":"https:\/\/bahiaeconomica.com.br\/wp\/#website"},"datePublished":"2020-06-22T10:00:39+00:00","dateModified":"2020-06-22T10:55:04+00:00","description":"O maior portal de Economia da Bahia ENTREVISTAS Bahia Economica","breadcrumb":{"@id":"https:\/\/bahiaeconomica.com.br\/wp\/2020\/06\/22\/j-aaa-entrevista-joao-leao-vice-governador-da-bahia\/#breadcrumb"},"inLanguage":"pt-BR","potentialAction":[{"@type":"ReadAction","target":["https:\/\/bahiaeconomica.com.br\/wp\/2020\/06\/22\/j-aaa-entrevista-joao-leao-vice-governador-da-bahia\/"]}]},{"@type":"BreadcrumbList","@id":"https:\/\/bahiaeconomica.com.br\/wp\/2020\/06\/22\/j-aaa-entrevista-joao-leao-vice-governador-da-bahia\/#breadcrumb","itemListElement":[{"@type":"ListItem","position":1,"name":"In\u00edcio","item":"https:\/\/bahiaeconomica.com.br\/wp\/"},{"@type":"ListItem","position":2,"name":"ENTREVISTA JO\u00c3O LE\u00c3O VICE GOVERNADOR DA BAHIA"}]},{"@type":"WebSite","@id":"https:\/\/bahiaeconomica.com.br\/wp\/#website","url":"https:\/\/bahiaeconomica.com.br\/wp\/","name":"Bahia Economica","description":"O maior portal de Economia da Bahia","publisher":{"@id":"https:\/\/bahiaeconomica.com.br\/wp\/#organization"},"potentialAction":[{"@type":"SearchAction","target":{"@type":"EntryPoint","urlTemplate":"https:\/\/bahiaeconomica.com.br\/wp\/?s={search_term_string}"},"query-input":"required name=search_term_string"}],"inLanguage":"pt-BR"},{"@type":"Organization","@id":"https:\/\/bahiaeconomica.com.br\/wp\/#organization","name":"Bahia Econ\u00f4mica","url":"https:\/\/bahiaeconomica.com.br\/wp\/","logo":{"@type":"ImageObject","inLanguage":"pt-BR","@id":"https:\/\/bahiaeconomica.com.br\/wp\/#\/schema\/logo\/image\/","url":"https:\/\/bahiaeconomica.com.br\/wp\/wp-content\/uploads\/2020\/12\/cropped-BE.png","contentUrl":"https:\/\/bahiaeconomica.com.br\/wp\/wp-content\/uploads\/2020\/12\/cropped-BE.png","width":512,"height":512,"caption":"Bahia Econ\u00f4mica"},"image":{"@id":"https:\/\/bahiaeconomica.com.br\/wp\/#\/schema\/logo\/image\/"},"sameAs":["https:\/\/www.facebook.com\/bahiaeconomica"]},{"@type":"Person","@id":"https:\/\/bahiaeconomica.com.br\/wp\/#\/schema\/person\/cb1ab5ba96ad3d9390805381c76284ec","name":"admin","url":"https:\/\/bahiaeconomica.com.br\/wp\/author\/admin\/"}]}},"views":5,"_links":{"self":[{"href":"https:\/\/bahiaeconomica.com.br\/wp\/wp-json\/wp\/v2\/posts\/465203"}],"collection":[{"href":"https:\/\/bahiaeconomica.com.br\/wp\/wp-json\/wp\/v2\/posts"}],"about":[{"href":"https:\/\/bahiaeconomica.com.br\/wp\/wp-json\/wp\/v2\/types\/post"}],"author":[{"embeddable":true,"href":"https:\/\/bahiaeconomica.com.br\/wp\/wp-json\/wp\/v2\/users\/1"}],"replies":[{"embeddable":true,"href":"https:\/\/bahiaeconomica.com.br\/wp\/wp-json\/wp\/v2\/comments?post=465203"}],"version-history":[{"count":2,"href":"https:\/\/bahiaeconomica.com.br\/wp\/wp-json\/wp\/v2\/posts\/465203\/revisions"}],"predecessor-version":[{"id":470518,"href":"https:\/\/bahiaeconomica.com.br\/wp\/wp-json\/wp\/v2\/posts\/465203\/revisions\/470518"}],"wp:featuredmedia":[{"embeddable":true,"href":"https:\/\/bahiaeconomica.com.br\/wp\/wp-json\/wp\/v2\/media\/399821"}],"wp:attachment":[{"href":"https:\/\/bahiaeconomica.com.br\/wp\/wp-json\/wp\/v2\/media?parent=465203"}],"wp:term":[{"taxonomy":"category","embeddable":true,"href":"https:\/\/bahiaeconomica.com.br\/wp\/wp-json\/wp\/v2\/categories?post=465203"},{"taxonomy":"post_tag","embeddable":true,"href":"https:\/\/bahiaeconomica.com.br\/wp\/wp-json\/wp\/v2\/tags?post=465203"}],"curies":[{"name":"wp","href":"https:\/\/api.w.org\/{rel}","templated":true}]}}