{"id":463278,"date":"2020-05-22T20:02:33","date_gmt":"2020-05-22T23:02:33","guid":{"rendered":"https:\/\/bahiaeconomica.com.br\/wp\/beta\/?p=463278"},"modified":"2020-05-22T20:02:33","modified_gmt":"2020-05-22T23:02:33","slug":"brotas-e-cosme-de-farias-registram-49-casos-de-covid-19","status":"publish","type":"post","link":"https:\/\/bahiaeconomica.com.br\/wp\/2020\/05\/22\/brotas-e-cosme-de-farias-registram-49-casos-de-covid-19\/","title":{"rendered":"BROTAS E COSME DE FARIAS REGISTRAM 49 CASOS DE COVID-19"},"content":{"rendered":"<p>As medidas de regionaliza\u00e7\u00e3o implementadas pela Prefeitura como forma de conter<!--more--> o avan\u00e7o dos casos de Covid-19 em Salvador come\u00e7aram a valer hoje em Brotas e Cosme de Farias. Estas \u00e1reas v\u00e3o passar, pelos pr\u00f3ximos sete dias, por medidas restritivas mais r\u00edgidas e a\u00e7\u00f5es de prote\u00e7\u00e3o \u00e0 vida em fun\u00e7\u00e3o do alto n\u00famero de casos confirmados para o novo coronav\u00edrus em maio e o relaxamento dos moradores no isolamento social.<\/p>\n<p>Uma dessas a\u00e7\u00f5es de prote\u00e7\u00e3o \u00e0 vida \u00e9 a realiza\u00e7\u00e3o de testes r\u00e1pidos nas pessoas que apresentem sintomas da doen\u00e7a e ap\u00f3s medi\u00e7\u00e3o da temperatura. Nessas duas localidades, foram detectados neste primeiro dia 49 casos positivos, sendo 20 em Brotas e 29 em Cosme de Farias.<\/p>\n<p>No total, somando-se os dados de hoje computados tamb\u00e9m nos bairros de Plataforma, Liberdade, Lobato e Bonfim, outros que passam por medidas regionalizadas, foram realizados pela Secretaria Municipal de Sa\u00fade (SMS) 756 testes, com 158 casos positivos.<\/p>\n<p>Al\u00e9m dos testes r\u00e1pidos, a Prefeitura oferta nessas localidades distribui\u00e7\u00e3o de cestas b\u00e1sicas a ambulantes e feirantes, entrega de m\u00e1scaras, higieniza\u00e7\u00e3o de ruas, refor\u00e7o no enfrentamento ao mosquito Aedes aegypti e projeto Cras Itinerante. N\u00e3o h\u00e1 fechamento de vias ou mudan\u00e7as nas linhas de \u00f4nibus.<\/p>\n<p>Todo o com\u00e9rcio formal e informal deve estar fechado nesses bairros, com exce\u00e7\u00e3o para supermercados, farm\u00e1cias, ag\u00eancias banc\u00e1rias, lot\u00e9ricas, estabelecimentos que fazem delivery, cart\u00f3rios, reparti\u00e7\u00f5es p\u00fablicas, cl\u00ednicas veterin\u00e1rias, servi\u00e7os de imagem e radiologia, atendimento de tratamento cont\u00ednuo (oncologia, hemoterapia, hemodi\u00e1lise) e laborat\u00f3rios de an\u00e1lise cl\u00ednica.<\/p>\n<p>&nbsp;<\/p>\n<p>&nbsp;<\/p>\n<p>&nbsp;<\/p>\n<p>Fotos: Bruno Concha\/Secom<\/p>\n<p>&nbsp;<\/p>\n<p>&nbsp;<\/p>\n<p>&nbsp;<\/p>\n<p>&nbsp;<\/p>\n<p>&nbsp;<\/p>\n","protected":false},"excerpt":{"rendered":"<p>As medidas de regionaliza\u00e7\u00e3o implementadas pela Prefeitura como forma de conter<\/p>\n","protected":false},"author":1,"featured_media":463280,"comment_status":"closed","ping_status":"closed","sticky":false,"template":"","format":"standard","meta":[],"categories":[14,3],"tags":[],"acf":[],"yoast_head":"<!-- This site is optimized with the Yoast SEO plugin v20.8 - https:\/\/yoast.com\/wordpress\/plugins\/seo\/ -->\n<title>BROTAS E COSME DE FARIAS REGISTRAM 49 CASOS DE COVID-19 - Bahia Economica<\/title>\n<meta name=\"description\" content=\"O maior portal de Economia da Bahia DESTAQUE DO DIA, ECONOMIA \/ POL\u00cdTICA Bahia Economica\" \/>\n<meta name=\"robots\" content=\"index, follow, max-snippet:-1, max-image-preview:large, max-video-preview:-1\" \/>\n<link rel=\"canonical\" href=\"https:\/\/bahiaeconomica.com.br\/wp\/2020\/05\/22\/brotas-e-cosme-de-farias-registram-49-casos-de-covid-19\/\" \/>\n<meta property=\"og:locale\" content=\"pt_BR\" \/>\n<meta property=\"og:type\" content=\"article\" \/>\n<meta property=\"og:title\" content=\"BROTAS E COSME DE FARIAS REGISTRAM 49 CASOS DE COVID-19 - Bahia Economica\" \/>\n<meta property=\"og:description\" content=\"O maior portal de Economia da Bahia DESTAQUE DO DIA, ECONOMIA \/ POL\u00cdTICA Bahia Economica\" \/>\n<meta property=\"og:url\" content=\"https:\/\/bahiaeconomica.com.br\/wp\/2020\/05\/22\/brotas-e-cosme-de-farias-registram-49-casos-de-covid-19\/\" \/>\n<meta property=\"og:site_name\" content=\"Bahia Economica\" \/>\n<meta property=\"article:publisher\" content=\"https:\/\/www.facebook.com\/bahiaeconomica\" \/>\n<meta property=\"article:published_time\" content=\"2020-05-22T23:02:33+00:00\" \/>\n<meta property=\"og:image\" content=\"https:\/\/bahiaeconomica.com.br\/wp\/wp-content\/uploads\/2020\/05\/teste-coronavirus-foto-bruno-concha.jpg\" \/>\n\t<meta property=\"og:image:width\" content=\"500\" \/>\n\t<meta property=\"og:image:height\" content=\"300\" \/>\n\t<meta property=\"og:image:type\" content=\"image\/jpeg\" \/>\n<meta name=\"author\" content=\"admin\" \/>\n<meta name=\"twitter:card\" content=\"summary_large_image\" \/>\n<meta name=\"twitter:label1\" content=\"Escrito por\" \/>\n\t<meta name=\"twitter:data1\" content=\"admin\" \/>\n\t<meta name=\"twitter:label2\" content=\"Est. tempo de leitura\" \/>\n\t<meta name=\"twitter:data2\" content=\"1 minuto\" \/>\n<script type=\"application\/ld+json\" class=\"yoast-schema-graph\">{\"@context\":\"https:\/\/schema.org\",\"@graph\":[{\"@type\":\"Article\",\"@id\":\"https:\/\/bahiaeconomica.com.br\/wp\/2020\/05\/22\/brotas-e-cosme-de-farias-registram-49-casos-de-covid-19\/#article\",\"isPartOf\":{\"@id\":\"https:\/\/bahiaeconomica.com.br\/wp\/2020\/05\/22\/brotas-e-cosme-de-farias-registram-49-casos-de-covid-19\/\"},\"author\":{\"name\":\"admin\",\"@id\":\"https:\/\/bahiaeconomica.com.br\/wp\/#\/schema\/person\/cb1ab5ba96ad3d9390805381c76284ec\"},\"headline\":\"BROTAS E COSME DE FARIAS REGISTRAM 49 CASOS DE COVID-19\",\"datePublished\":\"2020-05-22T23:02:33+00:00\",\"dateModified\":\"2020-05-22T23:02:33+00:00\",\"mainEntityOfPage\":{\"@id\":\"https:\/\/bahiaeconomica.com.br\/wp\/2020\/05\/22\/brotas-e-cosme-de-farias-registram-49-casos-de-covid-19\/\"},\"wordCount\":302,\"publisher\":{\"@id\":\"https:\/\/bahiaeconomica.com.br\/wp\/#organization\"},\"articleSection\":[\"DESTAQUE DO DIA\",\"ECONOMIA \/ POL\u00cdTICA\"],\"inLanguage\":\"pt-BR\"},{\"@type\":\"WebPage\",\"@id\":\"https:\/\/bahiaeconomica.com.br\/wp\/2020\/05\/22\/brotas-e-cosme-de-farias-registram-49-casos-de-covid-19\/\",\"url\":\"https:\/\/bahiaeconomica.com.br\/wp\/2020\/05\/22\/brotas-e-cosme-de-farias-registram-49-casos-de-covid-19\/\",\"name\":\"BROTAS E COSME DE FARIAS REGISTRAM 49 CASOS DE COVID-19 - Bahia Economica\",\"isPartOf\":{\"@id\":\"https:\/\/bahiaeconomica.com.br\/wp\/#website\"},\"datePublished\":\"2020-05-22T23:02:33+00:00\",\"dateModified\":\"2020-05-22T23:02:33+00:00\",\"description\":\"O maior portal de Economia da Bahia DESTAQUE DO DIA, ECONOMIA \/ POL\u00cdTICA Bahia Economica\",\"breadcrumb\":{\"@id\":\"https:\/\/bahiaeconomica.com.br\/wp\/2020\/05\/22\/brotas-e-cosme-de-farias-registram-49-casos-de-covid-19\/#breadcrumb\"},\"inLanguage\":\"pt-BR\",\"potentialAction\":[{\"@type\":\"ReadAction\",\"target\":[\"https:\/\/bahiaeconomica.com.br\/wp\/2020\/05\/22\/brotas-e-cosme-de-farias-registram-49-casos-de-covid-19\/\"]}]},{\"@type\":\"BreadcrumbList\",\"@id\":\"https:\/\/bahiaeconomica.com.br\/wp\/2020\/05\/22\/brotas-e-cosme-de-farias-registram-49-casos-de-covid-19\/#breadcrumb\",\"itemListElement\":[{\"@type\":\"ListItem\",\"position\":1,\"name\":\"In\u00edcio\",\"item\":\"https:\/\/bahiaeconomica.com.br\/wp\/\"},{\"@type\":\"ListItem\",\"position\":2,\"name\":\"BROTAS E COSME DE FARIAS REGISTRAM 49 CASOS DE COVID-19\"}]},{\"@type\":\"WebSite\",\"@id\":\"https:\/\/bahiaeconomica.com.br\/wp\/#website\",\"url\":\"https:\/\/bahiaeconomica.com.br\/wp\/\",\"name\":\"Bahia Economica\",\"description\":\"O maior portal de Economia da Bahia\",\"publisher\":{\"@id\":\"https:\/\/bahiaeconomica.com.br\/wp\/#organization\"},\"potentialAction\":[{\"@type\":\"SearchAction\",\"target\":{\"@type\":\"EntryPoint\",\"urlTemplate\":\"https:\/\/bahiaeconomica.com.br\/wp\/?s={search_term_string}\"},\"query-input\":\"required name=search_term_string\"}],\"inLanguage\":\"pt-BR\"},{\"@type\":\"Organization\",\"@id\":\"https:\/\/bahiaeconomica.com.br\/wp\/#organization\",\"name\":\"Bahia Econ\u00f4mica\",\"url\":\"https:\/\/bahiaeconomica.com.br\/wp\/\",\"logo\":{\"@type\":\"ImageObject\",\"inLanguage\":\"pt-BR\",\"@id\":\"https:\/\/bahiaeconomica.com.br\/wp\/#\/schema\/logo\/image\/\",\"url\":\"https:\/\/bahiaeconomica.com.br\/wp\/wp-content\/uploads\/2020\/12\/cropped-BE.png\",\"contentUrl\":\"https:\/\/bahiaeconomica.com.br\/wp\/wp-content\/uploads\/2020\/12\/cropped-BE.png\",\"width\":512,\"height\":512,\"caption\":\"Bahia Econ\u00f4mica\"},\"image\":{\"@id\":\"https:\/\/bahiaeconomica.com.br\/wp\/#\/schema\/logo\/image\/\"},\"sameAs\":[\"https:\/\/www.facebook.com\/bahiaeconomica\"]},{\"@type\":\"Person\",\"@id\":\"https:\/\/bahiaeconomica.com.br\/wp\/#\/schema\/person\/cb1ab5ba96ad3d9390805381c76284ec\",\"name\":\"admin\",\"url\":\"https:\/\/bahiaeconomica.com.br\/wp\/author\/admin\/\"}]}<\/script>\n<!-- \/ Yoast SEO plugin. -->","yoast_head_json":{"title":"BROTAS E COSME DE FARIAS REGISTRAM 49 CASOS DE COVID-19 - Bahia Economica","description":"O maior portal de Economia da Bahia DESTAQUE DO DIA, ECONOMIA \/ POL\u00cdTICA Bahia Economica","robots":{"index":"index","follow":"follow","max-snippet":"max-snippet:-1","max-image-preview":"max-image-preview:large","max-video-preview":"max-video-preview:-1"},"canonical":"https:\/\/bahiaeconomica.com.br\/wp\/2020\/05\/22\/brotas-e-cosme-de-farias-registram-49-casos-de-covid-19\/","og_locale":"pt_BR","og_type":"article","og_title":"BROTAS E COSME DE FARIAS REGISTRAM 49 CASOS DE COVID-19 - Bahia Economica","og_description":"O maior portal de Economia da Bahia DESTAQUE DO DIA, ECONOMIA \/ POL\u00cdTICA Bahia Economica","og_url":"https:\/\/bahiaeconomica.com.br\/wp\/2020\/05\/22\/brotas-e-cosme-de-farias-registram-49-casos-de-covid-19\/","og_site_name":"Bahia Economica","article_publisher":"https:\/\/www.facebook.com\/bahiaeconomica","article_published_time":"2020-05-22T23:02:33+00:00","og_image":[{"width":500,"height":300,"url":"https:\/\/bahiaeconomica.com.br\/wp\/wp-content\/uploads\/2020\/05\/teste-coronavirus-foto-bruno-concha.jpg","type":"image\/jpeg"}],"author":"admin","twitter_card":"summary_large_image","twitter_misc":{"Escrito por":"admin","Est. tempo de leitura":"1 minuto"},"schema":{"@context":"https:\/\/schema.org","@graph":[{"@type":"Article","@id":"https:\/\/bahiaeconomica.com.br\/wp\/2020\/05\/22\/brotas-e-cosme-de-farias-registram-49-casos-de-covid-19\/#article","isPartOf":{"@id":"https:\/\/bahiaeconomica.com.br\/wp\/2020\/05\/22\/brotas-e-cosme-de-farias-registram-49-casos-de-covid-19\/"},"author":{"name":"admin","@id":"https:\/\/bahiaeconomica.com.br\/wp\/#\/schema\/person\/cb1ab5ba96ad3d9390805381c76284ec"},"headline":"BROTAS E COSME DE FARIAS REGISTRAM 49 CASOS DE COVID-19","datePublished":"2020-05-22T23:02:33+00:00","dateModified":"2020-05-22T23:02:33+00:00","mainEntityOfPage":{"@id":"https:\/\/bahiaeconomica.com.br\/wp\/2020\/05\/22\/brotas-e-cosme-de-farias-registram-49-casos-de-covid-19\/"},"wordCount":302,"publisher":{"@id":"https:\/\/bahiaeconomica.com.br\/wp\/#organization"},"articleSection":["DESTAQUE DO DIA","ECONOMIA \/ POL\u00cdTICA"],"inLanguage":"pt-BR"},{"@type":"WebPage","@id":"https:\/\/bahiaeconomica.com.br\/wp\/2020\/05\/22\/brotas-e-cosme-de-farias-registram-49-casos-de-covid-19\/","url":"https:\/\/bahiaeconomica.com.br\/wp\/2020\/05\/22\/brotas-e-cosme-de-farias-registram-49-casos-de-covid-19\/","name":"BROTAS E COSME DE FARIAS REGISTRAM 49 CASOS DE COVID-19 - Bahia Economica","isPartOf":{"@id":"https:\/\/bahiaeconomica.com.br\/wp\/#website"},"datePublished":"2020-05-22T23:02:33+00:00","dateModified":"2020-05-22T23:02:33+00:00","description":"O maior portal de Economia da Bahia DESTAQUE DO DIA, ECONOMIA \/ POL\u00cdTICA Bahia Economica","breadcrumb":{"@id":"https:\/\/bahiaeconomica.com.br\/wp\/2020\/05\/22\/brotas-e-cosme-de-farias-registram-49-casos-de-covid-19\/#breadcrumb"},"inLanguage":"pt-BR","potentialAction":[{"@type":"ReadAction","target":["https:\/\/bahiaeconomica.com.br\/wp\/2020\/05\/22\/brotas-e-cosme-de-farias-registram-49-casos-de-covid-19\/"]}]},{"@type":"BreadcrumbList","@id":"https:\/\/bahiaeconomica.com.br\/wp\/2020\/05\/22\/brotas-e-cosme-de-farias-registram-49-casos-de-covid-19\/#breadcrumb","itemListElement":[{"@type":"ListItem","position":1,"name":"In\u00edcio","item":"https:\/\/bahiaeconomica.com.br\/wp\/"},{"@type":"ListItem","position":2,"name":"BROTAS E COSME DE FARIAS REGISTRAM 49 CASOS DE COVID-19"}]},{"@type":"WebSite","@id":"https:\/\/bahiaeconomica.com.br\/wp\/#website","url":"https:\/\/bahiaeconomica.com.br\/wp\/","name":"Bahia Economica","description":"O maior portal de Economia da Bahia","publisher":{"@id":"https:\/\/bahiaeconomica.com.br\/wp\/#organization"},"potentialAction":[{"@type":"SearchAction","target":{"@type":"EntryPoint","urlTemplate":"https:\/\/bahiaeconomica.com.br\/wp\/?s={search_term_string}"},"query-input":"required name=search_term_string"}],"inLanguage":"pt-BR"},{"@type":"Organization","@id":"https:\/\/bahiaeconomica.com.br\/wp\/#organization","name":"Bahia Econ\u00f4mica","url":"https:\/\/bahiaeconomica.com.br\/wp\/","logo":{"@type":"ImageObject","inLanguage":"pt-BR","@id":"https:\/\/bahiaeconomica.com.br\/wp\/#\/schema\/logo\/image\/","url":"https:\/\/bahiaeconomica.com.br\/wp\/wp-content\/uploads\/2020\/12\/cropped-BE.png","contentUrl":"https:\/\/bahiaeconomica.com.br\/wp\/wp-content\/uploads\/2020\/12\/cropped-BE.png","width":512,"height":512,"caption":"Bahia Econ\u00f4mica"},"image":{"@id":"https:\/\/bahiaeconomica.com.br\/wp\/#\/schema\/logo\/image\/"},"sameAs":["https:\/\/www.facebook.com\/bahiaeconomica"]},{"@type":"Person","@id":"https:\/\/bahiaeconomica.com.br\/wp\/#\/schema\/person\/cb1ab5ba96ad3d9390805381c76284ec","name":"admin","url":"https:\/\/bahiaeconomica.com.br\/wp\/author\/admin\/"}]}},"views":2,"_links":{"self":[{"href":"https:\/\/bahiaeconomica.com.br\/wp\/wp-json\/wp\/v2\/posts\/463278"}],"collection":[{"href":"https:\/\/bahiaeconomica.com.br\/wp\/wp-json\/wp\/v2\/posts"}],"about":[{"href":"https:\/\/bahiaeconomica.com.br\/wp\/wp-json\/wp\/v2\/types\/post"}],"author":[{"embeddable":true,"href":"https:\/\/bahiaeconomica.com.br\/wp\/wp-json\/wp\/v2\/users\/1"}],"replies":[{"embeddable":true,"href":"https:\/\/bahiaeconomica.com.br\/wp\/wp-json\/wp\/v2\/comments?post=463278"}],"version-history":[{"count":1,"href":"https:\/\/bahiaeconomica.com.br\/wp\/wp-json\/wp\/v2\/posts\/463278\/revisions"}],"predecessor-version":[{"id":463281,"href":"https:\/\/bahiaeconomica.com.br\/wp\/wp-json\/wp\/v2\/posts\/463278\/revisions\/463281"}],"wp:featuredmedia":[{"embeddable":true,"href":"https:\/\/bahiaeconomica.com.br\/wp\/wp-json\/wp\/v2\/media\/463280"}],"wp:attachment":[{"href":"https:\/\/bahiaeconomica.com.br\/wp\/wp-json\/wp\/v2\/media?parent=463278"}],"wp:term":[{"taxonomy":"category","embeddable":true,"href":"https:\/\/bahiaeconomica.com.br\/wp\/wp-json\/wp\/v2\/categories?post=463278"},{"taxonomy":"post_tag","embeddable":true,"href":"https:\/\/bahiaeconomica.com.br\/wp\/wp-json\/wp\/v2\/tags?post=463278"}],"curies":[{"name":"wp","href":"https:\/\/api.w.org\/{rel}","templated":true}]}}