{"id":457759,"date":"2020-04-30T13:30:08","date_gmt":"2020-04-30T16:30:08","guid":{"rendered":"https:\/\/bahiaeconomica.com.br\/wp\/beta\/?p=457759"},"modified":"2020-04-30T13:29:31","modified_gmt":"2020-04-30T16:29:31","slug":"incendio-atinge-galpao-de-escolas-de-samba-no-rio","status":"publish","type":"post","link":"https:\/\/bahiaeconomica.com.br\/wp\/2020\/04\/30\/incendio-atinge-galpao-de-escolas-de-samba-no-rio\/","title":{"rendered":"INC\u00caNDIO ATINGE GALP\u00c3O DE ESCOLAS DE SAMBA NO RIO"},"content":{"rendered":"<p>Um inc\u00eandio atingiu a Cidade do Samba, onde est\u00e1 situado o galp\u00e3o de escolas de samba, na zona portu\u00e1ria do Rio de Janeiro (RJ), na manh\u00e3 de hoje (30). Bombeiros foram ao <!--more-->local e o fogo foi debelado por volta das 9h50. N\u00e3o houve registro de v\u00edtimas. As chamas foram identificadas no barrac\u00e3o da Unidos do Viradouro, campe\u00e3 do carnaval do Rio neste ano. De acordo com a agremia\u00e7\u00e3o, o inc\u00eandio come\u00e7ou em uma alegoria. De acordo com o G1, o diretor de carnaval da Viradouro, Dudu Falc\u00e3o, relatou que a alegoria foi perdida, assim como parte do que estava no terceiro andar do barrac\u00e3o.<\/p>\n<p>Foto : Divulga\u00e7\u00e3o\/Centro de Opera\u00e7\u00f5es Rio<\/p>\n","protected":false},"excerpt":{"rendered":"<p>Um inc\u00eandio atingiu a Cidade do Samba, onde est\u00e1 situado o galp\u00e3o de escolas de samba, na zona portu\u00e1ria do Rio de Janeiro (RJ), na manh\u00e3 de hoje (30). Bombeiros foram ao<\/p>\n","protected":false},"author":1,"featured_media":457761,"comment_status":"closed","ping_status":"closed","sticky":false,"template":"","format":"standard","meta":[],"categories":[14,3],"tags":[],"acf":[],"yoast_head":"<!-- This site is optimized with the Yoast SEO plugin v20.8 - https:\/\/yoast.com\/wordpress\/plugins\/seo\/ -->\n<title>INC\u00caNDIO ATINGE GALP\u00c3O DE ESCOLAS DE SAMBA NO RIO - Bahia Economica<\/title>\n<meta name=\"description\" content=\"O maior portal de Economia da Bahia DESTAQUE DO DIA, ECONOMIA \/ POL\u00cdTICA Bahia Economica\" \/>\n<meta name=\"robots\" content=\"index, follow, max-snippet:-1, max-image-preview:large, max-video-preview:-1\" \/>\n<link rel=\"canonical\" href=\"https:\/\/bahiaeconomica.com.br\/wp\/2020\/04\/30\/incendio-atinge-galpao-de-escolas-de-samba-no-rio\/\" \/>\n<meta property=\"og:locale\" content=\"pt_BR\" \/>\n<meta property=\"og:type\" content=\"article\" \/>\n<meta property=\"og:title\" content=\"INC\u00caNDIO ATINGE GALP\u00c3O DE ESCOLAS DE SAMBA NO RIO - Bahia Economica\" \/>\n<meta property=\"og:description\" content=\"O maior portal de Economia da Bahia DESTAQUE DO DIA, ECONOMIA \/ POL\u00cdTICA Bahia Economica\" \/>\n<meta property=\"og:url\" content=\"https:\/\/bahiaeconomica.com.br\/wp\/2020\/04\/30\/incendio-atinge-galpao-de-escolas-de-samba-no-rio\/\" \/>\n<meta property=\"og:site_name\" content=\"Bahia Economica\" \/>\n<meta property=\"article:publisher\" content=\"https:\/\/www.facebook.com\/bahiaeconomica\" \/>\n<meta property=\"article:published_time\" content=\"2020-04-30T16:30:08+00:00\" \/>\n<meta property=\"article:modified_time\" content=\"2020-04-30T16:29:31+00:00\" \/>\n<meta property=\"og:image\" content=\"https:\/\/bahiaeconomica.com.br\/wp\/wp-content\/uploads\/2020\/04\/91280incendio-atinge-galpao-de-escolas-de-samba-no-rio-3.jpg\" \/>\n\t<meta property=\"og:image:width\" content=\"1600\" \/>\n\t<meta property=\"og:image:height\" content=\"752\" \/>\n\t<meta property=\"og:image:type\" content=\"image\/jpeg\" \/>\n<meta name=\"author\" content=\"admin\" \/>\n<meta name=\"twitter:card\" content=\"summary_large_image\" \/>\n<meta name=\"twitter:label1\" content=\"Escrito por\" \/>\n\t<meta name=\"twitter:data1\" content=\"admin\" \/>\n\t<meta name=\"twitter:label2\" content=\"Est. tempo de leitura\" \/>\n\t<meta name=\"twitter:data2\" content=\"1 minuto\" \/>\n<script type=\"application\/ld+json\" class=\"yoast-schema-graph\">{\"@context\":\"https:\/\/schema.org\",\"@graph\":[{\"@type\":\"Article\",\"@id\":\"https:\/\/bahiaeconomica.com.br\/wp\/2020\/04\/30\/incendio-atinge-galpao-de-escolas-de-samba-no-rio\/#article\",\"isPartOf\":{\"@id\":\"https:\/\/bahiaeconomica.com.br\/wp\/2020\/04\/30\/incendio-atinge-galpao-de-escolas-de-samba-no-rio\/\"},\"author\":{\"name\":\"admin\",\"@id\":\"https:\/\/bahiaeconomica.com.br\/wp\/#\/schema\/person\/cb1ab5ba96ad3d9390805381c76284ec\"},\"headline\":\"INC\u00caNDIO ATINGE GALP\u00c3O DE ESCOLAS DE SAMBA NO RIO\",\"datePublished\":\"2020-04-30T16:30:08+00:00\",\"dateModified\":\"2020-04-30T16:29:31+00:00\",\"mainEntityOfPage\":{\"@id\":\"https:\/\/bahiaeconomica.com.br\/wp\/2020\/04\/30\/incendio-atinge-galpao-de-escolas-de-samba-no-rio\/\"},\"wordCount\":134,\"publisher\":{\"@id\":\"https:\/\/bahiaeconomica.com.br\/wp\/#organization\"},\"articleSection\":[\"DESTAQUE DO DIA\",\"ECONOMIA \/ POL\u00cdTICA\"],\"inLanguage\":\"pt-BR\"},{\"@type\":\"WebPage\",\"@id\":\"https:\/\/bahiaeconomica.com.br\/wp\/2020\/04\/30\/incendio-atinge-galpao-de-escolas-de-samba-no-rio\/\",\"url\":\"https:\/\/bahiaeconomica.com.br\/wp\/2020\/04\/30\/incendio-atinge-galpao-de-escolas-de-samba-no-rio\/\",\"name\":\"INC\u00caNDIO ATINGE GALP\u00c3O DE ESCOLAS DE SAMBA NO RIO - Bahia Economica\",\"isPartOf\":{\"@id\":\"https:\/\/bahiaeconomica.com.br\/wp\/#website\"},\"datePublished\":\"2020-04-30T16:30:08+00:00\",\"dateModified\":\"2020-04-30T16:29:31+00:00\",\"description\":\"O maior portal de Economia da Bahia DESTAQUE DO DIA, ECONOMIA \/ POL\u00cdTICA Bahia Economica\",\"breadcrumb\":{\"@id\":\"https:\/\/bahiaeconomica.com.br\/wp\/2020\/04\/30\/incendio-atinge-galpao-de-escolas-de-samba-no-rio\/#breadcrumb\"},\"inLanguage\":\"pt-BR\",\"potentialAction\":[{\"@type\":\"ReadAction\",\"target\":[\"https:\/\/bahiaeconomica.com.br\/wp\/2020\/04\/30\/incendio-atinge-galpao-de-escolas-de-samba-no-rio\/\"]}]},{\"@type\":\"BreadcrumbList\",\"@id\":\"https:\/\/bahiaeconomica.com.br\/wp\/2020\/04\/30\/incendio-atinge-galpao-de-escolas-de-samba-no-rio\/#breadcrumb\",\"itemListElement\":[{\"@type\":\"ListItem\",\"position\":1,\"name\":\"In\u00edcio\",\"item\":\"https:\/\/bahiaeconomica.com.br\/wp\/\"},{\"@type\":\"ListItem\",\"position\":2,\"name\":\"INC\u00caNDIO ATINGE GALP\u00c3O DE ESCOLAS DE SAMBA NO RIO\"}]},{\"@type\":\"WebSite\",\"@id\":\"https:\/\/bahiaeconomica.com.br\/wp\/#website\",\"url\":\"https:\/\/bahiaeconomica.com.br\/wp\/\",\"name\":\"Bahia Economica\",\"description\":\"O maior portal de Economia da Bahia\",\"publisher\":{\"@id\":\"https:\/\/bahiaeconomica.com.br\/wp\/#organization\"},\"potentialAction\":[{\"@type\":\"SearchAction\",\"target\":{\"@type\":\"EntryPoint\",\"urlTemplate\":\"https:\/\/bahiaeconomica.com.br\/wp\/?s={search_term_string}\"},\"query-input\":\"required name=search_term_string\"}],\"inLanguage\":\"pt-BR\"},{\"@type\":\"Organization\",\"@id\":\"https:\/\/bahiaeconomica.com.br\/wp\/#organization\",\"name\":\"Bahia Econ\u00f4mica\",\"url\":\"https:\/\/bahiaeconomica.com.br\/wp\/\",\"logo\":{\"@type\":\"ImageObject\",\"inLanguage\":\"pt-BR\",\"@id\":\"https:\/\/bahiaeconomica.com.br\/wp\/#\/schema\/logo\/image\/\",\"url\":\"https:\/\/bahiaeconomica.com.br\/wp\/wp-content\/uploads\/2020\/12\/cropped-BE.png\",\"contentUrl\":\"https:\/\/bahiaeconomica.com.br\/wp\/wp-content\/uploads\/2020\/12\/cropped-BE.png\",\"width\":512,\"height\":512,\"caption\":\"Bahia Econ\u00f4mica\"},\"image\":{\"@id\":\"https:\/\/bahiaeconomica.com.br\/wp\/#\/schema\/logo\/image\/\"},\"sameAs\":[\"https:\/\/www.facebook.com\/bahiaeconomica\"]},{\"@type\":\"Person\",\"@id\":\"https:\/\/bahiaeconomica.com.br\/wp\/#\/schema\/person\/cb1ab5ba96ad3d9390805381c76284ec\",\"name\":\"admin\",\"url\":\"https:\/\/bahiaeconomica.com.br\/wp\/author\/admin\/\"}]}<\/script>\n<!-- \/ Yoast SEO plugin. -->","yoast_head_json":{"title":"INC\u00caNDIO ATINGE GALP\u00c3O DE ESCOLAS DE SAMBA NO RIO - Bahia Economica","description":"O maior portal de Economia da Bahia DESTAQUE DO DIA, ECONOMIA \/ POL\u00cdTICA Bahia Economica","robots":{"index":"index","follow":"follow","max-snippet":"max-snippet:-1","max-image-preview":"max-image-preview:large","max-video-preview":"max-video-preview:-1"},"canonical":"https:\/\/bahiaeconomica.com.br\/wp\/2020\/04\/30\/incendio-atinge-galpao-de-escolas-de-samba-no-rio\/","og_locale":"pt_BR","og_type":"article","og_title":"INC\u00caNDIO ATINGE GALP\u00c3O DE ESCOLAS DE SAMBA NO RIO - Bahia Economica","og_description":"O maior portal de Economia da Bahia DESTAQUE DO DIA, ECONOMIA \/ POL\u00cdTICA Bahia Economica","og_url":"https:\/\/bahiaeconomica.com.br\/wp\/2020\/04\/30\/incendio-atinge-galpao-de-escolas-de-samba-no-rio\/","og_site_name":"Bahia Economica","article_publisher":"https:\/\/www.facebook.com\/bahiaeconomica","article_published_time":"2020-04-30T16:30:08+00:00","article_modified_time":"2020-04-30T16:29:31+00:00","og_image":[{"width":1600,"height":752,"url":"https:\/\/bahiaeconomica.com.br\/wp\/wp-content\/uploads\/2020\/04\/91280incendio-atinge-galpao-de-escolas-de-samba-no-rio-3.jpg","type":"image\/jpeg"}],"author":"admin","twitter_card":"summary_large_image","twitter_misc":{"Escrito por":"admin","Est. tempo de leitura":"1 minuto"},"schema":{"@context":"https:\/\/schema.org","@graph":[{"@type":"Article","@id":"https:\/\/bahiaeconomica.com.br\/wp\/2020\/04\/30\/incendio-atinge-galpao-de-escolas-de-samba-no-rio\/#article","isPartOf":{"@id":"https:\/\/bahiaeconomica.com.br\/wp\/2020\/04\/30\/incendio-atinge-galpao-de-escolas-de-samba-no-rio\/"},"author":{"name":"admin","@id":"https:\/\/bahiaeconomica.com.br\/wp\/#\/schema\/person\/cb1ab5ba96ad3d9390805381c76284ec"},"headline":"INC\u00caNDIO ATINGE GALP\u00c3O DE ESCOLAS DE SAMBA NO RIO","datePublished":"2020-04-30T16:30:08+00:00","dateModified":"2020-04-30T16:29:31+00:00","mainEntityOfPage":{"@id":"https:\/\/bahiaeconomica.com.br\/wp\/2020\/04\/30\/incendio-atinge-galpao-de-escolas-de-samba-no-rio\/"},"wordCount":134,"publisher":{"@id":"https:\/\/bahiaeconomica.com.br\/wp\/#organization"},"articleSection":["DESTAQUE DO DIA","ECONOMIA \/ POL\u00cdTICA"],"inLanguage":"pt-BR"},{"@type":"WebPage","@id":"https:\/\/bahiaeconomica.com.br\/wp\/2020\/04\/30\/incendio-atinge-galpao-de-escolas-de-samba-no-rio\/","url":"https:\/\/bahiaeconomica.com.br\/wp\/2020\/04\/30\/incendio-atinge-galpao-de-escolas-de-samba-no-rio\/","name":"INC\u00caNDIO ATINGE GALP\u00c3O DE ESCOLAS DE SAMBA NO RIO - Bahia Economica","isPartOf":{"@id":"https:\/\/bahiaeconomica.com.br\/wp\/#website"},"datePublished":"2020-04-30T16:30:08+00:00","dateModified":"2020-04-30T16:29:31+00:00","description":"O maior portal de Economia da Bahia DESTAQUE DO DIA, ECONOMIA \/ POL\u00cdTICA Bahia Economica","breadcrumb":{"@id":"https:\/\/bahiaeconomica.com.br\/wp\/2020\/04\/30\/incendio-atinge-galpao-de-escolas-de-samba-no-rio\/#breadcrumb"},"inLanguage":"pt-BR","potentialAction":[{"@type":"ReadAction","target":["https:\/\/bahiaeconomica.com.br\/wp\/2020\/04\/30\/incendio-atinge-galpao-de-escolas-de-samba-no-rio\/"]}]},{"@type":"BreadcrumbList","@id":"https:\/\/bahiaeconomica.com.br\/wp\/2020\/04\/30\/incendio-atinge-galpao-de-escolas-de-samba-no-rio\/#breadcrumb","itemListElement":[{"@type":"ListItem","position":1,"name":"In\u00edcio","item":"https:\/\/bahiaeconomica.com.br\/wp\/"},{"@type":"ListItem","position":2,"name":"INC\u00caNDIO ATINGE GALP\u00c3O DE ESCOLAS DE SAMBA NO RIO"}]},{"@type":"WebSite","@id":"https:\/\/bahiaeconomica.com.br\/wp\/#website","url":"https:\/\/bahiaeconomica.com.br\/wp\/","name":"Bahia Economica","description":"O maior portal de Economia da Bahia","publisher":{"@id":"https:\/\/bahiaeconomica.com.br\/wp\/#organization"},"potentialAction":[{"@type":"SearchAction","target":{"@type":"EntryPoint","urlTemplate":"https:\/\/bahiaeconomica.com.br\/wp\/?s={search_term_string}"},"query-input":"required name=search_term_string"}],"inLanguage":"pt-BR"},{"@type":"Organization","@id":"https:\/\/bahiaeconomica.com.br\/wp\/#organization","name":"Bahia Econ\u00f4mica","url":"https:\/\/bahiaeconomica.com.br\/wp\/","logo":{"@type":"ImageObject","inLanguage":"pt-BR","@id":"https:\/\/bahiaeconomica.com.br\/wp\/#\/schema\/logo\/image\/","url":"https:\/\/bahiaeconomica.com.br\/wp\/wp-content\/uploads\/2020\/12\/cropped-BE.png","contentUrl":"https:\/\/bahiaeconomica.com.br\/wp\/wp-content\/uploads\/2020\/12\/cropped-BE.png","width":512,"height":512,"caption":"Bahia Econ\u00f4mica"},"image":{"@id":"https:\/\/bahiaeconomica.com.br\/wp\/#\/schema\/logo\/image\/"},"sameAs":["https:\/\/www.facebook.com\/bahiaeconomica"]},{"@type":"Person","@id":"https:\/\/bahiaeconomica.com.br\/wp\/#\/schema\/person\/cb1ab5ba96ad3d9390805381c76284ec","name":"admin","url":"https:\/\/bahiaeconomica.com.br\/wp\/author\/admin\/"}]}},"views":3,"_links":{"self":[{"href":"https:\/\/bahiaeconomica.com.br\/wp\/wp-json\/wp\/v2\/posts\/457759"}],"collection":[{"href":"https:\/\/bahiaeconomica.com.br\/wp\/wp-json\/wp\/v2\/posts"}],"about":[{"href":"https:\/\/bahiaeconomica.com.br\/wp\/wp-json\/wp\/v2\/types\/post"}],"author":[{"embeddable":true,"href":"https:\/\/bahiaeconomica.com.br\/wp\/wp-json\/wp\/v2\/users\/1"}],"replies":[{"embeddable":true,"href":"https:\/\/bahiaeconomica.com.br\/wp\/wp-json\/wp\/v2\/comments?post=457759"}],"version-history":[{"count":1,"href":"https:\/\/bahiaeconomica.com.br\/wp\/wp-json\/wp\/v2\/posts\/457759\/revisions"}],"predecessor-version":[{"id":457763,"href":"https:\/\/bahiaeconomica.com.br\/wp\/wp-json\/wp\/v2\/posts\/457759\/revisions\/457763"}],"wp:featuredmedia":[{"embeddable":true,"href":"https:\/\/bahiaeconomica.com.br\/wp\/wp-json\/wp\/v2\/media\/457761"}],"wp:attachment":[{"href":"https:\/\/bahiaeconomica.com.br\/wp\/wp-json\/wp\/v2\/media?parent=457759"}],"wp:term":[{"taxonomy":"category","embeddable":true,"href":"https:\/\/bahiaeconomica.com.br\/wp\/wp-json\/wp\/v2\/categories?post=457759"},{"taxonomy":"post_tag","embeddable":true,"href":"https:\/\/bahiaeconomica.com.br\/wp\/wp-json\/wp\/v2\/tags?post=457759"}],"curies":[{"name":"wp","href":"https:\/\/api.w.org\/{rel}","templated":true}]}}