{"id":457339,"date":"2020-04-29T10:49:35","date_gmt":"2020-04-29T13:49:35","guid":{"rendered":"https:\/\/bahiaeconomica.com.br\/wp\/beta\/?p=457339"},"modified":"2020-04-29T10:49:35","modified_gmt":"2020-04-29T13:49:35","slug":"stf-decidira-se-desbloqueia-r-21-bilhoes-de-marcelo-odebrecht","status":"publish","type":"post","link":"https:\/\/bahiaeconomica.com.br\/wp\/2020\/04\/29\/stf-decidira-se-desbloqueia-r-21-bilhoes-de-marcelo-odebrecht\/","title":{"rendered":"STF DECIDIR\u00c1 SE DESBLOQUEIA R$ 2,1 BILH\u00d5ES DE MARCELO ODEBRECHT"},"content":{"rendered":"<p>O Supremo Tribunal Federal (STF) vai analisar no do pr\u00f3ximo dia 8 de maio<!--more--> um mandado de seguran\u00e7a impetrado por Marcelo Odebrecht para desbloquear R$ 2,1 bilh\u00f5es. O bloqueio foi determinado pelo Tribunal de Contas da Uni\u00e3o (TCU) diante de suposto superfaturamento nos contratos firmados com a Petrobras junto com a OAS para implantar a Refinaria Abreu e Lima, em Pernambuco.<\/p>\n<p>Para o representante da Odebrecht, o TCU n\u00e3o tem poder para determinar o bloqueio de bens de particulares e que a decis\u00e3o da Corte de Contas n\u00e3o teve fundamenta\u00e7\u00e3o, al\u00e9m de ser desproporcional, sem oitiva dos envolvidos e falta de comprova\u00e7\u00e3o de prov\u00e1vel dilapida\u00e7\u00e3o do patrim\u00f4nio para n\u00e3o ressarcir o er\u00e1rio. A empresa est\u00e1 sob recupera\u00e7\u00e3o judicial, com d\u00edvidas de R$ 98,5 bilh\u00f5es.<\/p>\n<p>Um parecer da ent\u00e3o procuradora geral da Rep\u00fablica, Raquel Dodge, assinado em agosto de 2018, pede a manuten\u00e7\u00e3o da decis\u00e3o do TCU diante da possibilidade de n\u00e3o ressarcimento dos cofres p\u00fablicos.<\/p>\n<p>Foto: Luis Ushirobira\/Valor<\/p>\n","protected":false},"excerpt":{"rendered":"<p>O Supremo Tribunal Federal (STF) vai analisar no do pr\u00f3ximo dia 8 de maio<\/p>\n","protected":false},"author":1,"featured_media":428126,"comment_status":"closed","ping_status":"closed","sticky":false,"template":"","format":"standard","meta":[],"categories":[14,3],"tags":[222,221,93],"acf":[],"yoast_head":"<!-- This site is optimized with the Yoast SEO plugin v20.8 - https:\/\/yoast.com\/wordpress\/plugins\/seo\/ -->\n<title>STF DECIDIR\u00c1 SE DESBLOQUEIA R$ 2,1 BILH\u00d5ES DE MARCELO ODEBRECHT - Bahia Economica<\/title>\n<meta name=\"description\" content=\"O maior portal de Economia da Bahia DESTAQUE DO DIA, ECONOMIA \/ POL\u00cdTICA Bahia Economica\" \/>\n<meta name=\"robots\" content=\"index, follow, max-snippet:-1, max-image-preview:large, max-video-preview:-1\" \/>\n<link rel=\"canonical\" href=\"https:\/\/bahiaeconomica.com.br\/wp\/2020\/04\/29\/stf-decidira-se-desbloqueia-r-21-bilhoes-de-marcelo-odebrecht\/\" \/>\n<meta property=\"og:locale\" content=\"pt_BR\" \/>\n<meta property=\"og:type\" content=\"article\" \/>\n<meta property=\"og:title\" content=\"STF DECIDIR\u00c1 SE DESBLOQUEIA R$ 2,1 BILH\u00d5ES DE MARCELO ODEBRECHT - Bahia Economica\" \/>\n<meta property=\"og:description\" content=\"O maior portal de Economia da Bahia DESTAQUE DO DIA, ECONOMIA \/ POL\u00cdTICA Bahia Economica\" \/>\n<meta property=\"og:url\" content=\"https:\/\/bahiaeconomica.com.br\/wp\/2020\/04\/29\/stf-decidira-se-desbloqueia-r-21-bilhoes-de-marcelo-odebrecht\/\" \/>\n<meta property=\"og:site_name\" content=\"Bahia Economica\" \/>\n<meta property=\"article:publisher\" content=\"https:\/\/www.facebook.com\/bahiaeconomica\" \/>\n<meta property=\"article:published_time\" content=\"2020-04-29T13:49:35+00:00\" \/>\n<meta property=\"og:image\" content=\"https:\/\/bahiaeconomica.com.br\/wp\/wp-content\/uploads\/2019\/12\/marcelo-odebrecht-e1576794149970.jpeg\" \/>\n\t<meta property=\"og:image:width\" content=\"500\" \/>\n\t<meta property=\"og:image:height\" content=\"323\" \/>\n\t<meta property=\"og:image:type\" content=\"image\/jpeg\" \/>\n<meta name=\"author\" content=\"admin\" \/>\n<meta name=\"twitter:card\" content=\"summary_large_image\" \/>\n<meta name=\"twitter:label1\" content=\"Escrito por\" \/>\n\t<meta name=\"twitter:data1\" content=\"admin\" \/>\n\t<meta name=\"twitter:label2\" content=\"Est. tempo de leitura\" \/>\n\t<meta name=\"twitter:data2\" content=\"1 minuto\" \/>\n<script type=\"application\/ld+json\" class=\"yoast-schema-graph\">{\"@context\":\"https:\/\/schema.org\",\"@graph\":[{\"@type\":\"Article\",\"@id\":\"https:\/\/bahiaeconomica.com.br\/wp\/2020\/04\/29\/stf-decidira-se-desbloqueia-r-21-bilhoes-de-marcelo-odebrecht\/#article\",\"isPartOf\":{\"@id\":\"https:\/\/bahiaeconomica.com.br\/wp\/2020\/04\/29\/stf-decidira-se-desbloqueia-r-21-bilhoes-de-marcelo-odebrecht\/\"},\"author\":{\"name\":\"admin\",\"@id\":\"https:\/\/bahiaeconomica.com.br\/wp\/#\/schema\/person\/cb1ab5ba96ad3d9390805381c76284ec\"},\"headline\":\"STF DECIDIR\u00c1 SE DESBLOQUEIA R$ 2,1 BILH\u00d5ES DE MARCELO ODEBRECHT\",\"datePublished\":\"2020-04-29T13:49:35+00:00\",\"dateModified\":\"2020-04-29T13:49:35+00:00\",\"mainEntityOfPage\":{\"@id\":\"https:\/\/bahiaeconomica.com.br\/wp\/2020\/04\/29\/stf-decidira-se-desbloqueia-r-21-bilhoes-de-marcelo-odebrecht\/\"},\"wordCount\":189,\"publisher\":{\"@id\":\"https:\/\/bahiaeconomica.com.br\/wp\/#organization\"},\"keywords\":[\"cofres p\u00fablicos\",\"Odebrecht\",\"STF\"],\"articleSection\":[\"DESTAQUE DO DIA\",\"ECONOMIA \/ POL\u00cdTICA\"],\"inLanguage\":\"pt-BR\"},{\"@type\":\"WebPage\",\"@id\":\"https:\/\/bahiaeconomica.com.br\/wp\/2020\/04\/29\/stf-decidira-se-desbloqueia-r-21-bilhoes-de-marcelo-odebrecht\/\",\"url\":\"https:\/\/bahiaeconomica.com.br\/wp\/2020\/04\/29\/stf-decidira-se-desbloqueia-r-21-bilhoes-de-marcelo-odebrecht\/\",\"name\":\"STF DECIDIR\u00c1 SE DESBLOQUEIA R$ 2,1 BILH\u00d5ES DE MARCELO ODEBRECHT - Bahia Economica\",\"isPartOf\":{\"@id\":\"https:\/\/bahiaeconomica.com.br\/wp\/#website\"},\"datePublished\":\"2020-04-29T13:49:35+00:00\",\"dateModified\":\"2020-04-29T13:49:35+00:00\",\"description\":\"O maior portal de Economia da Bahia DESTAQUE DO DIA, ECONOMIA \/ POL\u00cdTICA Bahia Economica\",\"breadcrumb\":{\"@id\":\"https:\/\/bahiaeconomica.com.br\/wp\/2020\/04\/29\/stf-decidira-se-desbloqueia-r-21-bilhoes-de-marcelo-odebrecht\/#breadcrumb\"},\"inLanguage\":\"pt-BR\",\"potentialAction\":[{\"@type\":\"ReadAction\",\"target\":[\"https:\/\/bahiaeconomica.com.br\/wp\/2020\/04\/29\/stf-decidira-se-desbloqueia-r-21-bilhoes-de-marcelo-odebrecht\/\"]}]},{\"@type\":\"BreadcrumbList\",\"@id\":\"https:\/\/bahiaeconomica.com.br\/wp\/2020\/04\/29\/stf-decidira-se-desbloqueia-r-21-bilhoes-de-marcelo-odebrecht\/#breadcrumb\",\"itemListElement\":[{\"@type\":\"ListItem\",\"position\":1,\"name\":\"In\u00edcio\",\"item\":\"https:\/\/bahiaeconomica.com.br\/wp\/\"},{\"@type\":\"ListItem\",\"position\":2,\"name\":\"STF DECIDIR\u00c1 SE DESBLOQUEIA R$ 2,1 BILH\u00d5ES DE MARCELO ODEBRECHT\"}]},{\"@type\":\"WebSite\",\"@id\":\"https:\/\/bahiaeconomica.com.br\/wp\/#website\",\"url\":\"https:\/\/bahiaeconomica.com.br\/wp\/\",\"name\":\"Bahia Economica\",\"description\":\"O maior portal de Economia da Bahia\",\"publisher\":{\"@id\":\"https:\/\/bahiaeconomica.com.br\/wp\/#organization\"},\"potentialAction\":[{\"@type\":\"SearchAction\",\"target\":{\"@type\":\"EntryPoint\",\"urlTemplate\":\"https:\/\/bahiaeconomica.com.br\/wp\/?s={search_term_string}\"},\"query-input\":\"required name=search_term_string\"}],\"inLanguage\":\"pt-BR\"},{\"@type\":\"Organization\",\"@id\":\"https:\/\/bahiaeconomica.com.br\/wp\/#organization\",\"name\":\"Bahia Econ\u00f4mica\",\"url\":\"https:\/\/bahiaeconomica.com.br\/wp\/\",\"logo\":{\"@type\":\"ImageObject\",\"inLanguage\":\"pt-BR\",\"@id\":\"https:\/\/bahiaeconomica.com.br\/wp\/#\/schema\/logo\/image\/\",\"url\":\"https:\/\/bahiaeconomica.com.br\/wp\/wp-content\/uploads\/2020\/12\/cropped-BE.png\",\"contentUrl\":\"https:\/\/bahiaeconomica.com.br\/wp\/wp-content\/uploads\/2020\/12\/cropped-BE.png\",\"width\":512,\"height\":512,\"caption\":\"Bahia Econ\u00f4mica\"},\"image\":{\"@id\":\"https:\/\/bahiaeconomica.com.br\/wp\/#\/schema\/logo\/image\/\"},\"sameAs\":[\"https:\/\/www.facebook.com\/bahiaeconomica\"]},{\"@type\":\"Person\",\"@id\":\"https:\/\/bahiaeconomica.com.br\/wp\/#\/schema\/person\/cb1ab5ba96ad3d9390805381c76284ec\",\"name\":\"admin\",\"url\":\"https:\/\/bahiaeconomica.com.br\/wp\/author\/admin\/\"}]}<\/script>\n<!-- \/ Yoast SEO plugin. -->","yoast_head_json":{"title":"STF DECIDIR\u00c1 SE DESBLOQUEIA R$ 2,1 BILH\u00d5ES DE MARCELO ODEBRECHT - Bahia Economica","description":"O maior portal de Economia da Bahia DESTAQUE DO DIA, ECONOMIA \/ POL\u00cdTICA Bahia Economica","robots":{"index":"index","follow":"follow","max-snippet":"max-snippet:-1","max-image-preview":"max-image-preview:large","max-video-preview":"max-video-preview:-1"},"canonical":"https:\/\/bahiaeconomica.com.br\/wp\/2020\/04\/29\/stf-decidira-se-desbloqueia-r-21-bilhoes-de-marcelo-odebrecht\/","og_locale":"pt_BR","og_type":"article","og_title":"STF DECIDIR\u00c1 SE DESBLOQUEIA R$ 2,1 BILH\u00d5ES DE MARCELO ODEBRECHT - Bahia Economica","og_description":"O maior portal de Economia da Bahia DESTAQUE DO DIA, ECONOMIA \/ POL\u00cdTICA Bahia Economica","og_url":"https:\/\/bahiaeconomica.com.br\/wp\/2020\/04\/29\/stf-decidira-se-desbloqueia-r-21-bilhoes-de-marcelo-odebrecht\/","og_site_name":"Bahia Economica","article_publisher":"https:\/\/www.facebook.com\/bahiaeconomica","article_published_time":"2020-04-29T13:49:35+00:00","og_image":[{"width":500,"height":323,"url":"https:\/\/bahiaeconomica.com.br\/wp\/wp-content\/uploads\/2019\/12\/marcelo-odebrecht-e1576794149970.jpeg","type":"image\/jpeg"}],"author":"admin","twitter_card":"summary_large_image","twitter_misc":{"Escrito por":"admin","Est. tempo de leitura":"1 minuto"},"schema":{"@context":"https:\/\/schema.org","@graph":[{"@type":"Article","@id":"https:\/\/bahiaeconomica.com.br\/wp\/2020\/04\/29\/stf-decidira-se-desbloqueia-r-21-bilhoes-de-marcelo-odebrecht\/#article","isPartOf":{"@id":"https:\/\/bahiaeconomica.com.br\/wp\/2020\/04\/29\/stf-decidira-se-desbloqueia-r-21-bilhoes-de-marcelo-odebrecht\/"},"author":{"name":"admin","@id":"https:\/\/bahiaeconomica.com.br\/wp\/#\/schema\/person\/cb1ab5ba96ad3d9390805381c76284ec"},"headline":"STF DECIDIR\u00c1 SE DESBLOQUEIA R$ 2,1 BILH\u00d5ES DE MARCELO ODEBRECHT","datePublished":"2020-04-29T13:49:35+00:00","dateModified":"2020-04-29T13:49:35+00:00","mainEntityOfPage":{"@id":"https:\/\/bahiaeconomica.com.br\/wp\/2020\/04\/29\/stf-decidira-se-desbloqueia-r-21-bilhoes-de-marcelo-odebrecht\/"},"wordCount":189,"publisher":{"@id":"https:\/\/bahiaeconomica.com.br\/wp\/#organization"},"keywords":["cofres p\u00fablicos","Odebrecht","STF"],"articleSection":["DESTAQUE DO DIA","ECONOMIA \/ POL\u00cdTICA"],"inLanguage":"pt-BR"},{"@type":"WebPage","@id":"https:\/\/bahiaeconomica.com.br\/wp\/2020\/04\/29\/stf-decidira-se-desbloqueia-r-21-bilhoes-de-marcelo-odebrecht\/","url":"https:\/\/bahiaeconomica.com.br\/wp\/2020\/04\/29\/stf-decidira-se-desbloqueia-r-21-bilhoes-de-marcelo-odebrecht\/","name":"STF DECIDIR\u00c1 SE DESBLOQUEIA R$ 2,1 BILH\u00d5ES DE MARCELO ODEBRECHT - Bahia Economica","isPartOf":{"@id":"https:\/\/bahiaeconomica.com.br\/wp\/#website"},"datePublished":"2020-04-29T13:49:35+00:00","dateModified":"2020-04-29T13:49:35+00:00","description":"O maior portal de Economia da Bahia DESTAQUE DO DIA, ECONOMIA \/ POL\u00cdTICA Bahia Economica","breadcrumb":{"@id":"https:\/\/bahiaeconomica.com.br\/wp\/2020\/04\/29\/stf-decidira-se-desbloqueia-r-21-bilhoes-de-marcelo-odebrecht\/#breadcrumb"},"inLanguage":"pt-BR","potentialAction":[{"@type":"ReadAction","target":["https:\/\/bahiaeconomica.com.br\/wp\/2020\/04\/29\/stf-decidira-se-desbloqueia-r-21-bilhoes-de-marcelo-odebrecht\/"]}]},{"@type":"BreadcrumbList","@id":"https:\/\/bahiaeconomica.com.br\/wp\/2020\/04\/29\/stf-decidira-se-desbloqueia-r-21-bilhoes-de-marcelo-odebrecht\/#breadcrumb","itemListElement":[{"@type":"ListItem","position":1,"name":"In\u00edcio","item":"https:\/\/bahiaeconomica.com.br\/wp\/"},{"@type":"ListItem","position":2,"name":"STF DECIDIR\u00c1 SE DESBLOQUEIA R$ 2,1 BILH\u00d5ES DE MARCELO ODEBRECHT"}]},{"@type":"WebSite","@id":"https:\/\/bahiaeconomica.com.br\/wp\/#website","url":"https:\/\/bahiaeconomica.com.br\/wp\/","name":"Bahia Economica","description":"O maior portal de Economia da Bahia","publisher":{"@id":"https:\/\/bahiaeconomica.com.br\/wp\/#organization"},"potentialAction":[{"@type":"SearchAction","target":{"@type":"EntryPoint","urlTemplate":"https:\/\/bahiaeconomica.com.br\/wp\/?s={search_term_string}"},"query-input":"required name=search_term_string"}],"inLanguage":"pt-BR"},{"@type":"Organization","@id":"https:\/\/bahiaeconomica.com.br\/wp\/#organization","name":"Bahia Econ\u00f4mica","url":"https:\/\/bahiaeconomica.com.br\/wp\/","logo":{"@type":"ImageObject","inLanguage":"pt-BR","@id":"https:\/\/bahiaeconomica.com.br\/wp\/#\/schema\/logo\/image\/","url":"https:\/\/bahiaeconomica.com.br\/wp\/wp-content\/uploads\/2020\/12\/cropped-BE.png","contentUrl":"https:\/\/bahiaeconomica.com.br\/wp\/wp-content\/uploads\/2020\/12\/cropped-BE.png","width":512,"height":512,"caption":"Bahia Econ\u00f4mica"},"image":{"@id":"https:\/\/bahiaeconomica.com.br\/wp\/#\/schema\/logo\/image\/"},"sameAs":["https:\/\/www.facebook.com\/bahiaeconomica"]},{"@type":"Person","@id":"https:\/\/bahiaeconomica.com.br\/wp\/#\/schema\/person\/cb1ab5ba96ad3d9390805381c76284ec","name":"admin","url":"https:\/\/bahiaeconomica.com.br\/wp\/author\/admin\/"}]}},"views":3,"_links":{"self":[{"href":"https:\/\/bahiaeconomica.com.br\/wp\/wp-json\/wp\/v2\/posts\/457339"}],"collection":[{"href":"https:\/\/bahiaeconomica.com.br\/wp\/wp-json\/wp\/v2\/posts"}],"about":[{"href":"https:\/\/bahiaeconomica.com.br\/wp\/wp-json\/wp\/v2\/types\/post"}],"author":[{"embeddable":true,"href":"https:\/\/bahiaeconomica.com.br\/wp\/wp-json\/wp\/v2\/users\/1"}],"replies":[{"embeddable":true,"href":"https:\/\/bahiaeconomica.com.br\/wp\/wp-json\/wp\/v2\/comments?post=457339"}],"version-history":[{"count":1,"href":"https:\/\/bahiaeconomica.com.br\/wp\/wp-json\/wp\/v2\/posts\/457339\/revisions"}],"predecessor-version":[{"id":457340,"href":"https:\/\/bahiaeconomica.com.br\/wp\/wp-json\/wp\/v2\/posts\/457339\/revisions\/457340"}],"wp:featuredmedia":[{"embeddable":true,"href":"https:\/\/bahiaeconomica.com.br\/wp\/wp-json\/wp\/v2\/media\/428126"}],"wp:attachment":[{"href":"https:\/\/bahiaeconomica.com.br\/wp\/wp-json\/wp\/v2\/media?parent=457339"}],"wp:term":[{"taxonomy":"category","embeddable":true,"href":"https:\/\/bahiaeconomica.com.br\/wp\/wp-json\/wp\/v2\/categories?post=457339"},{"taxonomy":"post_tag","embeddable":true,"href":"https:\/\/bahiaeconomica.com.br\/wp\/wp-json\/wp\/v2\/tags?post=457339"}],"curies":[{"name":"wp","href":"https:\/\/api.w.org\/{rel}","templated":true}]}}