{"id":455925,"date":"2020-04-23T19:00:06","date_gmt":"2020-04-23T22:00:06","guid":{"rendered":"https:\/\/bahiaeconomica.com.br\/wp\/beta\/?p=455925"},"modified":"2020-04-23T18:40:16","modified_gmt":"2020-04-23T21:40:16","slug":"mais-de-80-mil-alunos-da-rede-estadual-receberam-vale-alimentacao","status":"publish","type":"post","link":"https:\/\/bahiaeconomica.com.br\/wp\/2020\/04\/23\/mais-de-80-mil-alunos-da-rede-estadual-receberam-vale-alimentacao\/","title":{"rendered":"MAIS DE 80 MIL ALUNOS DA REDE ESTADUAL RECEBERAM VALE-ALIMENTA\u00c7\u00c3O"},"content":{"rendered":"<p>Mais de 80 mil estudantes da rede estadual de ensino j\u00e1 receberam o<!--more--> vale-alimenta\u00e7\u00e3o no valor de R$ 55 que est\u00e1 sendo entregue pelo Governo do Estado, em Salvador e mais 21 munic\u00edpios, durante a pandemia do Coronav\u00edrus. Neste primeiro momento, 284 mil estudantes ser\u00e3o beneficiados pela medida. O vale-alimenta\u00e7\u00e3o come\u00e7ou a ser entregue na \u00faltima segunda-feira, nas redes Assa\u00ed e Cesta do Povo, com suas lojas credenciadas.<\/p>\n<p>&#8220;O grande objetivo desta a\u00e7\u00e3o \u00e9 garantir a seguran\u00e7a alimentar dos estudantes da rede estadual de ensino na Bahia, j\u00e1 que, com a pandemia, as escolas est\u00e3o fechadas e a aus\u00eancia da alimenta\u00e7\u00e3o escolar cria um forte impacto na economia da fam\u00edlia&#8221;, destaca o superintendente de Planejamento Operacional da Rede Escolar da Secretaria da Educa\u00e7\u00e3o do Estado, Manoel Vicente Calazans.<br \/>\nHor\u00e1rio de funcionamento<br \/>\nO benef\u00edcio pode ser retirado em qualquer dia da semana e enquanto durar o per\u00edodo de suspens\u00e3o das aulas. O vale \u00e9 destinado, exclusivamente, para a compra de g\u00eaneros aliment\u00edcios, como feij\u00e3o, arroz, macarr\u00e3o, carne, frango, frutas, verduras, caf\u00e9 e leite, dentre outros.<\/p>\n<p>A Rede Assa\u00ed funciona das 7h \u00e0s 22h. A Cesta do Povo e as lojas conveniadas, na capital, abrem das 7h \u00e0s 20h, e, no interior, das 8h \u00e0s 20h. Por conta do decreto municipal de Salvador, os supermercados atendem, preferencialmente, aos idosos das 7h \u00e0s 9h.<\/p>\n<p>Documentos necess\u00e1rios<br \/>\nA Secretaria da Educa\u00e7\u00e3o do Estado refor\u00e7a a orienta\u00e7\u00e3o para que v\u00e1 ao supermercado (Assa\u00ed ou Cesta do Povo e suas lojas credenciadas) apenas uma pessoa: o estudante, o pai, a m\u00e3e ou o respons\u00e1vel, cujo CPF est\u00e1 cadastrado na escola, e que esta ida seja planejada para evitar aglomera\u00e7\u00f5es. \u00c9 preciso apresentar o CPF e um documento de identidade com foto do estudante. Se a retirada for feita por outra pessoa, a mesma deve apresentar um documento de identidade e CPF, se tiver.<\/p>\n<p>Outra recomenda\u00e7\u00e3o \u00e9 para que, antes de ir ao supermercado, seja confirmado se o CPF j\u00e1 est\u00e1 cadastrado. Para isto, basta ligar para a escola onde o estudante est\u00e1 matriculado; para o n\u00famero 0800 284 0011; ou verificar pelo Sistema Siadiante no Portal da Educa\u00e7\u00e3o. Por esses meios, tamb\u00e9m \u00e9 poss\u00edvel saber se \u00e9 para ir na Rede Assa\u00ed ou na Cesta do Povo e suas lojas credenciadas.<\/p>\n","protected":false},"excerpt":{"rendered":"<p>Mais de 80 mil estudantes da rede estadual de ensino j\u00e1 receberam o<\/p>\n","protected":false},"author":1,"featured_media":412974,"comment_status":"closed","ping_status":"closed","sticky":false,"template":"","format":"standard","meta":[],"categories":[3],"tags":[],"acf":[],"yoast_head":"<!-- This site is optimized with the Yoast SEO plugin v20.8 - https:\/\/yoast.com\/wordpress\/plugins\/seo\/ -->\n<title>MAIS DE 80 MIL ALUNOS DA REDE ESTADUAL RECEBERAM VALE-ALIMENTA\u00c7\u00c3O - Bahia Economica<\/title>\n<meta name=\"description\" content=\"O maior portal de Economia da Bahia ECONOMIA \/ POL\u00cdTICA Bahia Economica\" \/>\n<meta name=\"robots\" content=\"index, follow, max-snippet:-1, max-image-preview:large, max-video-preview:-1\" \/>\n<link rel=\"canonical\" href=\"https:\/\/bahiaeconomica.com.br\/wp\/2020\/04\/23\/mais-de-80-mil-alunos-da-rede-estadual-receberam-vale-alimentacao\/\" \/>\n<meta property=\"og:locale\" content=\"pt_BR\" \/>\n<meta property=\"og:type\" content=\"article\" \/>\n<meta property=\"og:title\" content=\"MAIS DE 80 MIL ALUNOS DA REDE ESTADUAL RECEBERAM VALE-ALIMENTA\u00c7\u00c3O - Bahia Economica\" \/>\n<meta property=\"og:description\" content=\"O maior portal de Economia da Bahia ECONOMIA \/ POL\u00cdTICA Bahia Economica\" \/>\n<meta property=\"og:url\" content=\"https:\/\/bahiaeconomica.com.br\/wp\/2020\/04\/23\/mais-de-80-mil-alunos-da-rede-estadual-receberam-vale-alimentacao\/\" \/>\n<meta property=\"og:site_name\" content=\"Bahia Economica\" \/>\n<meta property=\"article:publisher\" content=\"https:\/\/www.facebook.com\/bahiaeconomica\" \/>\n<meta property=\"article:published_time\" content=\"2020-04-23T22:00:06+00:00\" \/>\n<meta property=\"article:modified_time\" content=\"2020-04-23T21:40:16+00:00\" \/>\n<meta property=\"og:image\" content=\"https:\/\/bahiaeconomica.com.br\/wp\/wp-content\/uploads\/2019\/11\/alunos-e1572986521276.jpg\" \/>\n\t<meta property=\"og:image:width\" content=\"500\" \/>\n\t<meta property=\"og:image:height\" content=\"281\" \/>\n\t<meta property=\"og:image:type\" content=\"image\/jpeg\" \/>\n<meta name=\"author\" content=\"admin\" \/>\n<meta name=\"twitter:card\" content=\"summary_large_image\" \/>\n<meta name=\"twitter:label1\" content=\"Escrito por\" \/>\n\t<meta name=\"twitter:data1\" content=\"admin\" \/>\n\t<meta name=\"twitter:label2\" content=\"Est. tempo de leitura\" \/>\n\t<meta name=\"twitter:data2\" content=\"2 minutos\" \/>\n<script type=\"application\/ld+json\" class=\"yoast-schema-graph\">{\"@context\":\"https:\/\/schema.org\",\"@graph\":[{\"@type\":\"Article\",\"@id\":\"https:\/\/bahiaeconomica.com.br\/wp\/2020\/04\/23\/mais-de-80-mil-alunos-da-rede-estadual-receberam-vale-alimentacao\/#article\",\"isPartOf\":{\"@id\":\"https:\/\/bahiaeconomica.com.br\/wp\/2020\/04\/23\/mais-de-80-mil-alunos-da-rede-estadual-receberam-vale-alimentacao\/\"},\"author\":{\"name\":\"admin\",\"@id\":\"https:\/\/bahiaeconomica.com.br\/wp\/#\/schema\/person\/cb1ab5ba96ad3d9390805381c76284ec\"},\"headline\":\"MAIS DE 80 MIL ALUNOS DA REDE ESTADUAL RECEBERAM VALE-ALIMENTA\u00c7\u00c3O\",\"datePublished\":\"2020-04-23T22:00:06+00:00\",\"dateModified\":\"2020-04-23T21:40:16+00:00\",\"mainEntityOfPage\":{\"@id\":\"https:\/\/bahiaeconomica.com.br\/wp\/2020\/04\/23\/mais-de-80-mil-alunos-da-rede-estadual-receberam-vale-alimentacao\/\"},\"wordCount\":405,\"publisher\":{\"@id\":\"https:\/\/bahiaeconomica.com.br\/wp\/#organization\"},\"articleSection\":[\"ECONOMIA \/ POL\u00cdTICA\"],\"inLanguage\":\"pt-BR\"},{\"@type\":\"WebPage\",\"@id\":\"https:\/\/bahiaeconomica.com.br\/wp\/2020\/04\/23\/mais-de-80-mil-alunos-da-rede-estadual-receberam-vale-alimentacao\/\",\"url\":\"https:\/\/bahiaeconomica.com.br\/wp\/2020\/04\/23\/mais-de-80-mil-alunos-da-rede-estadual-receberam-vale-alimentacao\/\",\"name\":\"MAIS DE 80 MIL ALUNOS DA REDE ESTADUAL RECEBERAM VALE-ALIMENTA\u00c7\u00c3O - Bahia Economica\",\"isPartOf\":{\"@id\":\"https:\/\/bahiaeconomica.com.br\/wp\/#website\"},\"datePublished\":\"2020-04-23T22:00:06+00:00\",\"dateModified\":\"2020-04-23T21:40:16+00:00\",\"description\":\"O maior portal de Economia da Bahia ECONOMIA \/ POL\u00cdTICA Bahia Economica\",\"breadcrumb\":{\"@id\":\"https:\/\/bahiaeconomica.com.br\/wp\/2020\/04\/23\/mais-de-80-mil-alunos-da-rede-estadual-receberam-vale-alimentacao\/#breadcrumb\"},\"inLanguage\":\"pt-BR\",\"potentialAction\":[{\"@type\":\"ReadAction\",\"target\":[\"https:\/\/bahiaeconomica.com.br\/wp\/2020\/04\/23\/mais-de-80-mil-alunos-da-rede-estadual-receberam-vale-alimentacao\/\"]}]},{\"@type\":\"BreadcrumbList\",\"@id\":\"https:\/\/bahiaeconomica.com.br\/wp\/2020\/04\/23\/mais-de-80-mil-alunos-da-rede-estadual-receberam-vale-alimentacao\/#breadcrumb\",\"itemListElement\":[{\"@type\":\"ListItem\",\"position\":1,\"name\":\"In\u00edcio\",\"item\":\"https:\/\/bahiaeconomica.com.br\/wp\/\"},{\"@type\":\"ListItem\",\"position\":2,\"name\":\"MAIS DE 80 MIL ALUNOS DA REDE ESTADUAL RECEBERAM VALE-ALIMENTA\u00c7\u00c3O\"}]},{\"@type\":\"WebSite\",\"@id\":\"https:\/\/bahiaeconomica.com.br\/wp\/#website\",\"url\":\"https:\/\/bahiaeconomica.com.br\/wp\/\",\"name\":\"Bahia Economica\",\"description\":\"O maior portal de Economia da Bahia\",\"publisher\":{\"@id\":\"https:\/\/bahiaeconomica.com.br\/wp\/#organization\"},\"potentialAction\":[{\"@type\":\"SearchAction\",\"target\":{\"@type\":\"EntryPoint\",\"urlTemplate\":\"https:\/\/bahiaeconomica.com.br\/wp\/?s={search_term_string}\"},\"query-input\":\"required name=search_term_string\"}],\"inLanguage\":\"pt-BR\"},{\"@type\":\"Organization\",\"@id\":\"https:\/\/bahiaeconomica.com.br\/wp\/#organization\",\"name\":\"Bahia Econ\u00f4mica\",\"url\":\"https:\/\/bahiaeconomica.com.br\/wp\/\",\"logo\":{\"@type\":\"ImageObject\",\"inLanguage\":\"pt-BR\",\"@id\":\"https:\/\/bahiaeconomica.com.br\/wp\/#\/schema\/logo\/image\/\",\"url\":\"https:\/\/bahiaeconomica.com.br\/wp\/wp-content\/uploads\/2020\/12\/cropped-BE.png\",\"contentUrl\":\"https:\/\/bahiaeconomica.com.br\/wp\/wp-content\/uploads\/2020\/12\/cropped-BE.png\",\"width\":512,\"height\":512,\"caption\":\"Bahia Econ\u00f4mica\"},\"image\":{\"@id\":\"https:\/\/bahiaeconomica.com.br\/wp\/#\/schema\/logo\/image\/\"},\"sameAs\":[\"https:\/\/www.facebook.com\/bahiaeconomica\"]},{\"@type\":\"Person\",\"@id\":\"https:\/\/bahiaeconomica.com.br\/wp\/#\/schema\/person\/cb1ab5ba96ad3d9390805381c76284ec\",\"name\":\"admin\",\"url\":\"https:\/\/bahiaeconomica.com.br\/wp\/author\/admin\/\"}]}<\/script>\n<!-- \/ Yoast SEO plugin. -->","yoast_head_json":{"title":"MAIS DE 80 MIL ALUNOS DA REDE ESTADUAL RECEBERAM VALE-ALIMENTA\u00c7\u00c3O - Bahia Economica","description":"O maior portal de Economia da Bahia ECONOMIA \/ POL\u00cdTICA Bahia Economica","robots":{"index":"index","follow":"follow","max-snippet":"max-snippet:-1","max-image-preview":"max-image-preview:large","max-video-preview":"max-video-preview:-1"},"canonical":"https:\/\/bahiaeconomica.com.br\/wp\/2020\/04\/23\/mais-de-80-mil-alunos-da-rede-estadual-receberam-vale-alimentacao\/","og_locale":"pt_BR","og_type":"article","og_title":"MAIS DE 80 MIL ALUNOS DA REDE ESTADUAL RECEBERAM VALE-ALIMENTA\u00c7\u00c3O - Bahia Economica","og_description":"O maior portal de Economia da Bahia ECONOMIA \/ POL\u00cdTICA Bahia Economica","og_url":"https:\/\/bahiaeconomica.com.br\/wp\/2020\/04\/23\/mais-de-80-mil-alunos-da-rede-estadual-receberam-vale-alimentacao\/","og_site_name":"Bahia Economica","article_publisher":"https:\/\/www.facebook.com\/bahiaeconomica","article_published_time":"2020-04-23T22:00:06+00:00","article_modified_time":"2020-04-23T21:40:16+00:00","og_image":[{"width":500,"height":281,"url":"https:\/\/bahiaeconomica.com.br\/wp\/wp-content\/uploads\/2019\/11\/alunos-e1572986521276.jpg","type":"image\/jpeg"}],"author":"admin","twitter_card":"summary_large_image","twitter_misc":{"Escrito por":"admin","Est. tempo de leitura":"2 minutos"},"schema":{"@context":"https:\/\/schema.org","@graph":[{"@type":"Article","@id":"https:\/\/bahiaeconomica.com.br\/wp\/2020\/04\/23\/mais-de-80-mil-alunos-da-rede-estadual-receberam-vale-alimentacao\/#article","isPartOf":{"@id":"https:\/\/bahiaeconomica.com.br\/wp\/2020\/04\/23\/mais-de-80-mil-alunos-da-rede-estadual-receberam-vale-alimentacao\/"},"author":{"name":"admin","@id":"https:\/\/bahiaeconomica.com.br\/wp\/#\/schema\/person\/cb1ab5ba96ad3d9390805381c76284ec"},"headline":"MAIS DE 80 MIL ALUNOS DA REDE ESTADUAL RECEBERAM VALE-ALIMENTA\u00c7\u00c3O","datePublished":"2020-04-23T22:00:06+00:00","dateModified":"2020-04-23T21:40:16+00:00","mainEntityOfPage":{"@id":"https:\/\/bahiaeconomica.com.br\/wp\/2020\/04\/23\/mais-de-80-mil-alunos-da-rede-estadual-receberam-vale-alimentacao\/"},"wordCount":405,"publisher":{"@id":"https:\/\/bahiaeconomica.com.br\/wp\/#organization"},"articleSection":["ECONOMIA \/ POL\u00cdTICA"],"inLanguage":"pt-BR"},{"@type":"WebPage","@id":"https:\/\/bahiaeconomica.com.br\/wp\/2020\/04\/23\/mais-de-80-mil-alunos-da-rede-estadual-receberam-vale-alimentacao\/","url":"https:\/\/bahiaeconomica.com.br\/wp\/2020\/04\/23\/mais-de-80-mil-alunos-da-rede-estadual-receberam-vale-alimentacao\/","name":"MAIS DE 80 MIL ALUNOS DA REDE ESTADUAL RECEBERAM VALE-ALIMENTA\u00c7\u00c3O - Bahia Economica","isPartOf":{"@id":"https:\/\/bahiaeconomica.com.br\/wp\/#website"},"datePublished":"2020-04-23T22:00:06+00:00","dateModified":"2020-04-23T21:40:16+00:00","description":"O maior portal de Economia da Bahia ECONOMIA \/ POL\u00cdTICA Bahia Economica","breadcrumb":{"@id":"https:\/\/bahiaeconomica.com.br\/wp\/2020\/04\/23\/mais-de-80-mil-alunos-da-rede-estadual-receberam-vale-alimentacao\/#breadcrumb"},"inLanguage":"pt-BR","potentialAction":[{"@type":"ReadAction","target":["https:\/\/bahiaeconomica.com.br\/wp\/2020\/04\/23\/mais-de-80-mil-alunos-da-rede-estadual-receberam-vale-alimentacao\/"]}]},{"@type":"BreadcrumbList","@id":"https:\/\/bahiaeconomica.com.br\/wp\/2020\/04\/23\/mais-de-80-mil-alunos-da-rede-estadual-receberam-vale-alimentacao\/#breadcrumb","itemListElement":[{"@type":"ListItem","position":1,"name":"In\u00edcio","item":"https:\/\/bahiaeconomica.com.br\/wp\/"},{"@type":"ListItem","position":2,"name":"MAIS DE 80 MIL ALUNOS DA REDE ESTADUAL RECEBERAM VALE-ALIMENTA\u00c7\u00c3O"}]},{"@type":"WebSite","@id":"https:\/\/bahiaeconomica.com.br\/wp\/#website","url":"https:\/\/bahiaeconomica.com.br\/wp\/","name":"Bahia Economica","description":"O maior portal de Economia da Bahia","publisher":{"@id":"https:\/\/bahiaeconomica.com.br\/wp\/#organization"},"potentialAction":[{"@type":"SearchAction","target":{"@type":"EntryPoint","urlTemplate":"https:\/\/bahiaeconomica.com.br\/wp\/?s={search_term_string}"},"query-input":"required name=search_term_string"}],"inLanguage":"pt-BR"},{"@type":"Organization","@id":"https:\/\/bahiaeconomica.com.br\/wp\/#organization","name":"Bahia Econ\u00f4mica","url":"https:\/\/bahiaeconomica.com.br\/wp\/","logo":{"@type":"ImageObject","inLanguage":"pt-BR","@id":"https:\/\/bahiaeconomica.com.br\/wp\/#\/schema\/logo\/image\/","url":"https:\/\/bahiaeconomica.com.br\/wp\/wp-content\/uploads\/2020\/12\/cropped-BE.png","contentUrl":"https:\/\/bahiaeconomica.com.br\/wp\/wp-content\/uploads\/2020\/12\/cropped-BE.png","width":512,"height":512,"caption":"Bahia Econ\u00f4mica"},"image":{"@id":"https:\/\/bahiaeconomica.com.br\/wp\/#\/schema\/logo\/image\/"},"sameAs":["https:\/\/www.facebook.com\/bahiaeconomica"]},{"@type":"Person","@id":"https:\/\/bahiaeconomica.com.br\/wp\/#\/schema\/person\/cb1ab5ba96ad3d9390805381c76284ec","name":"admin","url":"https:\/\/bahiaeconomica.com.br\/wp\/author\/admin\/"}]}},"views":1,"_links":{"self":[{"href":"https:\/\/bahiaeconomica.com.br\/wp\/wp-json\/wp\/v2\/posts\/455925"}],"collection":[{"href":"https:\/\/bahiaeconomica.com.br\/wp\/wp-json\/wp\/v2\/posts"}],"about":[{"href":"https:\/\/bahiaeconomica.com.br\/wp\/wp-json\/wp\/v2\/types\/post"}],"author":[{"embeddable":true,"href":"https:\/\/bahiaeconomica.com.br\/wp\/wp-json\/wp\/v2\/users\/1"}],"replies":[{"embeddable":true,"href":"https:\/\/bahiaeconomica.com.br\/wp\/wp-json\/wp\/v2\/comments?post=455925"}],"version-history":[{"count":1,"href":"https:\/\/bahiaeconomica.com.br\/wp\/wp-json\/wp\/v2\/posts\/455925\/revisions"}],"predecessor-version":[{"id":455926,"href":"https:\/\/bahiaeconomica.com.br\/wp\/wp-json\/wp\/v2\/posts\/455925\/revisions\/455926"}],"wp:featuredmedia":[{"embeddable":true,"href":"https:\/\/bahiaeconomica.com.br\/wp\/wp-json\/wp\/v2\/media\/412974"}],"wp:attachment":[{"href":"https:\/\/bahiaeconomica.com.br\/wp\/wp-json\/wp\/v2\/media?parent=455925"}],"wp:term":[{"taxonomy":"category","embeddable":true,"href":"https:\/\/bahiaeconomica.com.br\/wp\/wp-json\/wp\/v2\/categories?post=455925"},{"taxonomy":"post_tag","embeddable":true,"href":"https:\/\/bahiaeconomica.com.br\/wp\/wp-json\/wp\/v2\/tags?post=455925"}],"curies":[{"name":"wp","href":"https:\/\/api.w.org\/{rel}","templated":true}]}}