{"id":455431,"date":"2020-04-22T14:10:14","date_gmt":"2020-04-22T17:10:14","guid":{"rendered":"https:\/\/bahiaeconomica.com.br\/wp\/beta\/?p=455431"},"modified":"2020-04-22T14:29:39","modified_gmt":"2020-04-22T17:29:39","slug":"doria-anuncia-reabertura-gradual-das-atividades-em-11-de-maio","status":"publish","type":"post","link":"https:\/\/bahiaeconomica.com.br\/wp\/2020\/04\/22\/doria-anuncia-reabertura-gradual-das-atividades-em-11-de-maio\/","title":{"rendered":"D\u00d3RIA ANUNCIA REABERTURA GRADUAL DAS ATIVIDADES EM\u00a0 11 DE MAIO"},"content":{"rendered":"<p>O governador de S\u00e3o Paulo, Jo\u00e3o Doria (PSDB), anunciou nesta quarta-feira (22), a reabertura gradual da economia no estado a partir do dia 11 de maio. A medida de <!--more-->flexibiliza\u00e7\u00e3o do isolamento social devido ao coronav\u00edrus ser\u00e1 feita em etapas, com autoriza\u00e7\u00f5es espec\u00edficas para cada regi\u00e3o do estado. &#8220;Numa pandemia como essa, quem determina os nossos passos s\u00e3o a sa\u00fade e a medicina. A sa\u00fade e a ci\u00eancia e assim continuar\u00e1 a partir de 11 de maio, ap\u00f3s o t\u00e9rmino da atual quarentena que vai at\u00e9 10 de maio. Vamos levar em conta situa\u00e7\u00f5es locais, regionais e setores que possam retornar a economia com as devidas medidas de prote\u00e7\u00e3o&#8221;, disse Doria.<\/p>\n<p>Segundo Patr\u00edcia Ellen, secret\u00e1ria do Desenvolvimento Econ\u00f4mico, ser\u00e3o monitorados os leitos dispon\u00edveis nos hospitais por cada regi\u00e3o, diariamente, para saber como as medidas restritivas ser\u00e3o afrouxadas. O monitoramento de leitos di\u00e1rios j\u00e1 \u00e9 feito na cidade de S\u00e3o Paulo. \u201cPrimeiro passo \u00e9 segmentar os munic\u00edpios de acordo com a situa\u00e7\u00e3o da pandemia, capacidade do sistema de sa\u00fade. N\u00f3s receberemos da Sa\u00fade [secretaria] a defini\u00e7\u00e3o de quais os crit\u00e9rios chave, meta de n\u00famero de casos, quantidade de leitos, testes para sintom\u00e1ticos e suspeitos. Aqui, vamos precisar de uma colabora\u00e7\u00e3o muito grande do setor privado da testagem massiva em grandes empresas, em grandes ambientes econ\u00f4micos. Nos trabalharemos em conjunto para que as regi\u00f5es sejam definidas por n\u00edveis de risco. Teremos tr\u00eas n\u00edveis de risco: zona vermelha, zona amarela e zona verde. Lembrando que hoje n\u00f3s temos todas as regi\u00f5es entre a vermelha e a amarela. Para estar na zona verde, nos precisamos alcan\u00e7ar um baixo n\u00famero de casos, baixa ocupa\u00e7\u00e3o de leitos de UTI, testes dispon\u00edveis para sintom\u00e1ticos e suspeitos, e protocolos setoriais implementados&#8221;, afirmou ela.<\/p>\n<p>A reabertura da economia ap\u00f3s a quarentena foi batizada de &#8220;Plano S\u00e3o Paulo&#8221;. As autoriza\u00e7\u00f5es para o funcionamento do com\u00e9rcio v\u00e3o depender da situa\u00e7\u00e3o espec\u00edfica de cada cidade ou regi\u00e3o do estado, no entanto, n\u00e3o foram detalhados os estabelecimentos que poder\u00e3o voltar a funcionar em 11 de maio. \u201cA regionaliza\u00e7\u00e3o \u00e9 extremamente importante porque o pa\u00eds j\u00e1 \u00e9 heterog\u00eaneo, o estado tamb\u00e9m e, com isso, a gente precisa ter essa regionaliza\u00e7\u00e3o devido aos fatores cr\u00edticos em cada uma delas\u201d, afirmou o secret\u00e1rio estadual da Sa\u00fade, Jos\u00e9 Henrique Germann.<\/p>\n<p>De acordo com o vice-governador Rodrigo Garcia, a economia do estado n\u00e3o ficou paralisada durante a quarentena e manteve 74% do seu funcionamento. \u201cS\u00e3o Paulo n\u00e3o parou. Praticamente 74% da economia paulista funciona desde o primeiro dia da quarentena decretada no m\u00eas passado. A quarentena permitiu ao estado de S\u00e3o Paulo a prepara\u00e7\u00e3o da rede de Sa\u00fade\u201d, declarou. A quarentena teve in\u00edcio no dia 24 de mar\u00e7o nos 645 munic\u00edpios do estado. At\u00e9 as 17h desta ter\u00e7a-feira (21), S\u00e3o Paulo registrava 1.037 mortes pelo novo coronav\u00edrus e mais de 14 mil casos confirmados.<\/p>\n<p>Foto: divulga\u00e7\u00e3o<\/p>\n","protected":false},"excerpt":{"rendered":"<p>O governador de S\u00e3o Paulo, Jo\u00e3o Doria (PSDB), anunciou nesta quarta-feira (22), a reabertura gradual da economia no estado a partir do dia 11 de maio. A medida de<\/p>\n","protected":false},"author":1,"featured_media":410734,"comment_status":"closed","ping_status":"closed","sticky":false,"template":"","format":"standard","meta":[],"categories":[14,3],"tags":[],"acf":[],"yoast_head":"<!-- This site is optimized with the Yoast SEO plugin v20.8 - https:\/\/yoast.com\/wordpress\/plugins\/seo\/ -->\n<title>D\u00d3RIA ANUNCIA REABERTURA GRADUAL DAS ATIVIDADES EM\u00a0 11 DE MAIO - Bahia Economica<\/title>\n<meta name=\"description\" content=\"O maior portal de Economia da Bahia DESTAQUE DO DIA, ECONOMIA \/ POL\u00cdTICA Bahia Economica\" \/>\n<meta name=\"robots\" content=\"index, follow, max-snippet:-1, max-image-preview:large, max-video-preview:-1\" \/>\n<link rel=\"canonical\" href=\"https:\/\/bahiaeconomica.com.br\/wp\/2020\/04\/22\/doria-anuncia-reabertura-gradual-das-atividades-em-11-de-maio\/\" \/>\n<meta property=\"og:locale\" content=\"pt_BR\" \/>\n<meta property=\"og:type\" content=\"article\" \/>\n<meta property=\"og:title\" content=\"D\u00d3RIA ANUNCIA REABERTURA GRADUAL DAS ATIVIDADES EM\u00a0 11 DE MAIO - Bahia Economica\" \/>\n<meta property=\"og:description\" content=\"O maior portal de Economia da Bahia DESTAQUE DO DIA, ECONOMIA \/ POL\u00cdTICA Bahia Economica\" \/>\n<meta property=\"og:url\" content=\"https:\/\/bahiaeconomica.com.br\/wp\/2020\/04\/22\/doria-anuncia-reabertura-gradual-das-atividades-em-11-de-maio\/\" \/>\n<meta property=\"og:site_name\" content=\"Bahia Economica\" \/>\n<meta property=\"article:publisher\" content=\"https:\/\/www.facebook.com\/bahiaeconomica\" \/>\n<meta property=\"article:published_time\" content=\"2020-04-22T17:10:14+00:00\" \/>\n<meta property=\"article:modified_time\" content=\"2020-04-22T17:29:39+00:00\" \/>\n<meta property=\"og:image\" content=\"https:\/\/bahiaeconomica.com.br\/wp\/wp-content\/uploads\/2019\/10\/joaodoria500.jpg\" \/>\n\t<meta property=\"og:image:width\" content=\"500\" \/>\n\t<meta property=\"og:image:height\" content=\"300\" \/>\n\t<meta property=\"og:image:type\" content=\"image\/jpeg\" \/>\n<meta name=\"author\" content=\"admin\" \/>\n<meta name=\"twitter:card\" content=\"summary_large_image\" \/>\n<meta name=\"twitter:label1\" content=\"Escrito por\" \/>\n\t<meta name=\"twitter:data1\" content=\"admin\" \/>\n\t<meta name=\"twitter:label2\" content=\"Est. tempo de leitura\" \/>\n\t<meta name=\"twitter:data2\" content=\"3 minutos\" \/>\n<script type=\"application\/ld+json\" class=\"yoast-schema-graph\">{\"@context\":\"https:\/\/schema.org\",\"@graph\":[{\"@type\":\"Article\",\"@id\":\"https:\/\/bahiaeconomica.com.br\/wp\/2020\/04\/22\/doria-anuncia-reabertura-gradual-das-atividades-em-11-de-maio\/#article\",\"isPartOf\":{\"@id\":\"https:\/\/bahiaeconomica.com.br\/wp\/2020\/04\/22\/doria-anuncia-reabertura-gradual-das-atividades-em-11-de-maio\/\"},\"author\":{\"name\":\"admin\",\"@id\":\"https:\/\/bahiaeconomica.com.br\/wp\/#\/schema\/person\/cb1ab5ba96ad3d9390805381c76284ec\"},\"headline\":\"D\u00d3RIA ANUNCIA REABERTURA GRADUAL DAS ATIVIDADES EM\u00a0 11 DE MAIO\",\"datePublished\":\"2020-04-22T17:10:14+00:00\",\"dateModified\":\"2020-04-22T17:29:39+00:00\",\"mainEntityOfPage\":{\"@id\":\"https:\/\/bahiaeconomica.com.br\/wp\/2020\/04\/22\/doria-anuncia-reabertura-gradual-das-atividades-em-11-de-maio\/\"},\"wordCount\":540,\"publisher\":{\"@id\":\"https:\/\/bahiaeconomica.com.br\/wp\/#organization\"},\"articleSection\":[\"DESTAQUE DO DIA\",\"ECONOMIA \/ POL\u00cdTICA\"],\"inLanguage\":\"pt-BR\"},{\"@type\":\"WebPage\",\"@id\":\"https:\/\/bahiaeconomica.com.br\/wp\/2020\/04\/22\/doria-anuncia-reabertura-gradual-das-atividades-em-11-de-maio\/\",\"url\":\"https:\/\/bahiaeconomica.com.br\/wp\/2020\/04\/22\/doria-anuncia-reabertura-gradual-das-atividades-em-11-de-maio\/\",\"name\":\"D\u00d3RIA ANUNCIA REABERTURA GRADUAL DAS ATIVIDADES EM\u00a0 11 DE MAIO - Bahia Economica\",\"isPartOf\":{\"@id\":\"https:\/\/bahiaeconomica.com.br\/wp\/#website\"},\"datePublished\":\"2020-04-22T17:10:14+00:00\",\"dateModified\":\"2020-04-22T17:29:39+00:00\",\"description\":\"O maior portal de Economia da Bahia DESTAQUE DO DIA, ECONOMIA \/ POL\u00cdTICA Bahia Economica\",\"breadcrumb\":{\"@id\":\"https:\/\/bahiaeconomica.com.br\/wp\/2020\/04\/22\/doria-anuncia-reabertura-gradual-das-atividades-em-11-de-maio\/#breadcrumb\"},\"inLanguage\":\"pt-BR\",\"potentialAction\":[{\"@type\":\"ReadAction\",\"target\":[\"https:\/\/bahiaeconomica.com.br\/wp\/2020\/04\/22\/doria-anuncia-reabertura-gradual-das-atividades-em-11-de-maio\/\"]}]},{\"@type\":\"BreadcrumbList\",\"@id\":\"https:\/\/bahiaeconomica.com.br\/wp\/2020\/04\/22\/doria-anuncia-reabertura-gradual-das-atividades-em-11-de-maio\/#breadcrumb\",\"itemListElement\":[{\"@type\":\"ListItem\",\"position\":1,\"name\":\"In\u00edcio\",\"item\":\"https:\/\/bahiaeconomica.com.br\/wp\/\"},{\"@type\":\"ListItem\",\"position\":2,\"name\":\"D\u00d3RIA ANUNCIA REABERTURA GRADUAL DAS ATIVIDADES EM\u00a0 11 DE MAIO\"}]},{\"@type\":\"WebSite\",\"@id\":\"https:\/\/bahiaeconomica.com.br\/wp\/#website\",\"url\":\"https:\/\/bahiaeconomica.com.br\/wp\/\",\"name\":\"Bahia Economica\",\"description\":\"O maior portal de Economia da Bahia\",\"publisher\":{\"@id\":\"https:\/\/bahiaeconomica.com.br\/wp\/#organization\"},\"potentialAction\":[{\"@type\":\"SearchAction\",\"target\":{\"@type\":\"EntryPoint\",\"urlTemplate\":\"https:\/\/bahiaeconomica.com.br\/wp\/?s={search_term_string}\"},\"query-input\":\"required name=search_term_string\"}],\"inLanguage\":\"pt-BR\"},{\"@type\":\"Organization\",\"@id\":\"https:\/\/bahiaeconomica.com.br\/wp\/#organization\",\"name\":\"Bahia Econ\u00f4mica\",\"url\":\"https:\/\/bahiaeconomica.com.br\/wp\/\",\"logo\":{\"@type\":\"ImageObject\",\"inLanguage\":\"pt-BR\",\"@id\":\"https:\/\/bahiaeconomica.com.br\/wp\/#\/schema\/logo\/image\/\",\"url\":\"https:\/\/bahiaeconomica.com.br\/wp\/wp-content\/uploads\/2020\/12\/cropped-BE.png\",\"contentUrl\":\"https:\/\/bahiaeconomica.com.br\/wp\/wp-content\/uploads\/2020\/12\/cropped-BE.png\",\"width\":512,\"height\":512,\"caption\":\"Bahia Econ\u00f4mica\"},\"image\":{\"@id\":\"https:\/\/bahiaeconomica.com.br\/wp\/#\/schema\/logo\/image\/\"},\"sameAs\":[\"https:\/\/www.facebook.com\/bahiaeconomica\"]},{\"@type\":\"Person\",\"@id\":\"https:\/\/bahiaeconomica.com.br\/wp\/#\/schema\/person\/cb1ab5ba96ad3d9390805381c76284ec\",\"name\":\"admin\",\"url\":\"https:\/\/bahiaeconomica.com.br\/wp\/author\/admin\/\"}]}<\/script>\n<!-- \/ Yoast SEO plugin. -->","yoast_head_json":{"title":"D\u00d3RIA ANUNCIA REABERTURA GRADUAL DAS ATIVIDADES EM\u00a0 11 DE MAIO - Bahia Economica","description":"O maior portal de Economia da Bahia DESTAQUE DO DIA, ECONOMIA \/ POL\u00cdTICA Bahia Economica","robots":{"index":"index","follow":"follow","max-snippet":"max-snippet:-1","max-image-preview":"max-image-preview:large","max-video-preview":"max-video-preview:-1"},"canonical":"https:\/\/bahiaeconomica.com.br\/wp\/2020\/04\/22\/doria-anuncia-reabertura-gradual-das-atividades-em-11-de-maio\/","og_locale":"pt_BR","og_type":"article","og_title":"D\u00d3RIA ANUNCIA REABERTURA GRADUAL DAS ATIVIDADES EM\u00a0 11 DE MAIO - Bahia Economica","og_description":"O maior portal de Economia da Bahia DESTAQUE DO DIA, ECONOMIA \/ POL\u00cdTICA Bahia Economica","og_url":"https:\/\/bahiaeconomica.com.br\/wp\/2020\/04\/22\/doria-anuncia-reabertura-gradual-das-atividades-em-11-de-maio\/","og_site_name":"Bahia Economica","article_publisher":"https:\/\/www.facebook.com\/bahiaeconomica","article_published_time":"2020-04-22T17:10:14+00:00","article_modified_time":"2020-04-22T17:29:39+00:00","og_image":[{"width":500,"height":300,"url":"https:\/\/bahiaeconomica.com.br\/wp\/wp-content\/uploads\/2019\/10\/joaodoria500.jpg","type":"image\/jpeg"}],"author":"admin","twitter_card":"summary_large_image","twitter_misc":{"Escrito por":"admin","Est. tempo de leitura":"3 minutos"},"schema":{"@context":"https:\/\/schema.org","@graph":[{"@type":"Article","@id":"https:\/\/bahiaeconomica.com.br\/wp\/2020\/04\/22\/doria-anuncia-reabertura-gradual-das-atividades-em-11-de-maio\/#article","isPartOf":{"@id":"https:\/\/bahiaeconomica.com.br\/wp\/2020\/04\/22\/doria-anuncia-reabertura-gradual-das-atividades-em-11-de-maio\/"},"author":{"name":"admin","@id":"https:\/\/bahiaeconomica.com.br\/wp\/#\/schema\/person\/cb1ab5ba96ad3d9390805381c76284ec"},"headline":"D\u00d3RIA ANUNCIA REABERTURA GRADUAL DAS ATIVIDADES EM\u00a0 11 DE MAIO","datePublished":"2020-04-22T17:10:14+00:00","dateModified":"2020-04-22T17:29:39+00:00","mainEntityOfPage":{"@id":"https:\/\/bahiaeconomica.com.br\/wp\/2020\/04\/22\/doria-anuncia-reabertura-gradual-das-atividades-em-11-de-maio\/"},"wordCount":540,"publisher":{"@id":"https:\/\/bahiaeconomica.com.br\/wp\/#organization"},"articleSection":["DESTAQUE DO DIA","ECONOMIA \/ POL\u00cdTICA"],"inLanguage":"pt-BR"},{"@type":"WebPage","@id":"https:\/\/bahiaeconomica.com.br\/wp\/2020\/04\/22\/doria-anuncia-reabertura-gradual-das-atividades-em-11-de-maio\/","url":"https:\/\/bahiaeconomica.com.br\/wp\/2020\/04\/22\/doria-anuncia-reabertura-gradual-das-atividades-em-11-de-maio\/","name":"D\u00d3RIA ANUNCIA REABERTURA GRADUAL DAS ATIVIDADES EM\u00a0 11 DE MAIO - Bahia Economica","isPartOf":{"@id":"https:\/\/bahiaeconomica.com.br\/wp\/#website"},"datePublished":"2020-04-22T17:10:14+00:00","dateModified":"2020-04-22T17:29:39+00:00","description":"O maior portal de Economia da Bahia DESTAQUE DO DIA, ECONOMIA \/ POL\u00cdTICA Bahia Economica","breadcrumb":{"@id":"https:\/\/bahiaeconomica.com.br\/wp\/2020\/04\/22\/doria-anuncia-reabertura-gradual-das-atividades-em-11-de-maio\/#breadcrumb"},"inLanguage":"pt-BR","potentialAction":[{"@type":"ReadAction","target":["https:\/\/bahiaeconomica.com.br\/wp\/2020\/04\/22\/doria-anuncia-reabertura-gradual-das-atividades-em-11-de-maio\/"]}]},{"@type":"BreadcrumbList","@id":"https:\/\/bahiaeconomica.com.br\/wp\/2020\/04\/22\/doria-anuncia-reabertura-gradual-das-atividades-em-11-de-maio\/#breadcrumb","itemListElement":[{"@type":"ListItem","position":1,"name":"In\u00edcio","item":"https:\/\/bahiaeconomica.com.br\/wp\/"},{"@type":"ListItem","position":2,"name":"D\u00d3RIA ANUNCIA REABERTURA GRADUAL DAS ATIVIDADES EM\u00a0 11 DE MAIO"}]},{"@type":"WebSite","@id":"https:\/\/bahiaeconomica.com.br\/wp\/#website","url":"https:\/\/bahiaeconomica.com.br\/wp\/","name":"Bahia Economica","description":"O maior portal de Economia da Bahia","publisher":{"@id":"https:\/\/bahiaeconomica.com.br\/wp\/#organization"},"potentialAction":[{"@type":"SearchAction","target":{"@type":"EntryPoint","urlTemplate":"https:\/\/bahiaeconomica.com.br\/wp\/?s={search_term_string}"},"query-input":"required name=search_term_string"}],"inLanguage":"pt-BR"},{"@type":"Organization","@id":"https:\/\/bahiaeconomica.com.br\/wp\/#organization","name":"Bahia Econ\u00f4mica","url":"https:\/\/bahiaeconomica.com.br\/wp\/","logo":{"@type":"ImageObject","inLanguage":"pt-BR","@id":"https:\/\/bahiaeconomica.com.br\/wp\/#\/schema\/logo\/image\/","url":"https:\/\/bahiaeconomica.com.br\/wp\/wp-content\/uploads\/2020\/12\/cropped-BE.png","contentUrl":"https:\/\/bahiaeconomica.com.br\/wp\/wp-content\/uploads\/2020\/12\/cropped-BE.png","width":512,"height":512,"caption":"Bahia Econ\u00f4mica"},"image":{"@id":"https:\/\/bahiaeconomica.com.br\/wp\/#\/schema\/logo\/image\/"},"sameAs":["https:\/\/www.facebook.com\/bahiaeconomica"]},{"@type":"Person","@id":"https:\/\/bahiaeconomica.com.br\/wp\/#\/schema\/person\/cb1ab5ba96ad3d9390805381c76284ec","name":"admin","url":"https:\/\/bahiaeconomica.com.br\/wp\/author\/admin\/"}]}},"views":2,"_links":{"self":[{"href":"https:\/\/bahiaeconomica.com.br\/wp\/wp-json\/wp\/v2\/posts\/455431"}],"collection":[{"href":"https:\/\/bahiaeconomica.com.br\/wp\/wp-json\/wp\/v2\/posts"}],"about":[{"href":"https:\/\/bahiaeconomica.com.br\/wp\/wp-json\/wp\/v2\/types\/post"}],"author":[{"embeddable":true,"href":"https:\/\/bahiaeconomica.com.br\/wp\/wp-json\/wp\/v2\/users\/1"}],"replies":[{"embeddable":true,"href":"https:\/\/bahiaeconomica.com.br\/wp\/wp-json\/wp\/v2\/comments?post=455431"}],"version-history":[{"count":1,"href":"https:\/\/bahiaeconomica.com.br\/wp\/wp-json\/wp\/v2\/posts\/455431\/revisions"}],"predecessor-version":[{"id":455435,"href":"https:\/\/bahiaeconomica.com.br\/wp\/wp-json\/wp\/v2\/posts\/455431\/revisions\/455435"}],"wp:featuredmedia":[{"embeddable":true,"href":"https:\/\/bahiaeconomica.com.br\/wp\/wp-json\/wp\/v2\/media\/410734"}],"wp:attachment":[{"href":"https:\/\/bahiaeconomica.com.br\/wp\/wp-json\/wp\/v2\/media?parent=455431"}],"wp:term":[{"taxonomy":"category","embeddable":true,"href":"https:\/\/bahiaeconomica.com.br\/wp\/wp-json\/wp\/v2\/categories?post=455431"},{"taxonomy":"post_tag","embeddable":true,"href":"https:\/\/bahiaeconomica.com.br\/wp\/wp-json\/wp\/v2\/tags?post=455431"}],"curies":[{"name":"wp","href":"https:\/\/api.w.org\/{rel}","templated":true}]}}