{"id":452534,"date":"2020-04-08T14:50:54","date_gmt":"2020-04-08T17:50:54","guid":{"rendered":"https:\/\/bahiaeconomica.com.br\/wp\/beta\/?p=452534"},"modified":"2020-04-08T14:32:54","modified_gmt":"2020-04-08T17:32:54","slug":"baianos-criticam-ameaca-de-bolsonaro-a-ministro-da-saude","status":"publish","type":"post","link":"https:\/\/bahiaeconomica.com.br\/wp\/2020\/04\/08\/baianos-criticam-ameaca-de-bolsonaro-a-ministro-da-saude\/","title":{"rendered":"BAIANOS CRITICAM AMEA\u00c7A DE BOLSONARO A MINISTRO DA SA\u00daDE"},"content":{"rendered":"<p>Os pol\u00edticos baianos criticaram a postura do presidente Jair Bolsonaro (sem partido) de amea\u00e7ar retirar o ministro da Sa\u00fade, Luiz Henrique Mandetta, em meio<!--more--> ao crescimento do surto de coronav\u00edrus no pa\u00eds. Segundo a imprensa nacional, Bolsonaro s\u00f3 desistiu de demitir Mandetta ap\u00f3s interven\u00e7\u00e3o dos militares do governo e da c\u00fapula do Congresso Nacional e Judici\u00e1rio. Em uma postagem nas redes sociais, o governador da Bahia, Rui Costa (PT), afirmou que o presidente perdeu tempo no combate a covid-19.<\/p>\n<p>\u201cMinistro vai ser demitido; ministro fica. Assim se passou mais um dia com m\u00eddia e sociedade sendo pautadas. Quanta perda de tempo. Vamos trabalhar para comprar respiradores, insumos e lutar contra o inimigo comum que est\u00e1 matando. \u00c9 guerra. Tempo perdido s\u00e3o vidas perdidas\u201d, afirmou o governador. O senador \u00c2ngelo Coronel (PSD) tamb\u00e9m criticou Bolsonaro. \u201cUm verdadeiro absurdo e desservi\u00e7o \u00e0 na\u00e7\u00e3o o presidente, por ci\u00fames e vaidade, querer demitir seu competente ministro da Sa\u00fade. (O ministro da Justi\u00e7a, Sergio) Moro tamb\u00e9m foi v\u00edtima, mas conseguiu escapar, pelo menos at\u00e9 o momento. Um aviso aos ministros: se n\u00e3o quer ser o pr\u00f3ximo a cair, cuide-se de n\u00e3o aparecer\u201d, declarou o senador.<\/p>\n<p>O motivo que levou o presidente Jair Bolsonaro a cogitar a demiss\u00e3o de Mandetta foram as diverg\u00eancias p\u00fablicas de ambos a respeito das estrat\u00e9gias para conter a velocidade do cont\u00e1gio pelo novo coronav\u00edrus. Bolsonaro defende o que chama de &#8220;isolamento vertical&#8221;, ou seja, isolar somente idosos e pessoas que est\u00e3o no grupo de risco. J\u00e1 Mandetta \u00e9 a favor do isolamento amplo, adotado por governadores, pelo qual a recomenda\u00e7\u00e3o \u00e9 que as pessoas se mantenham em casa. No \u00faltimo domingo, Bolsonaro disse a apoiadores no Pal\u00e1cio da Alvorada que alguns ministros viraram &#8220;estrelas&#8221;, falam &#8220;pelos cotovelos&#8221; e afirmou tamb\u00e9m que &#8220;a hora deles (&#8230;) vai chegar&#8221;.<\/p>\n<p>Pr\u00e9-candidata a prefeita de Salvador, a major Denice Santiago (PT), surpreendeu e cutucou Mandetta em um momento em que o meio pol\u00edtico evita cr\u00edticas ao ministro, porque ele j\u00e1 tem enfrentado embates duros com o presidente Jair Bolsonaro. \u201cEm sua atua\u00e7\u00e3o como ministro, a pasta da sa\u00fade tem sofrido com a restri\u00e7\u00e3o de verbas, desest\u00edmulo a programas como o de sa\u00fade na fam\u00edlia, redu\u00e7\u00e3o de leitos em hospitais, paralisa\u00e7\u00e3o de constru\u00e7\u00e3o e reforma de hospitais e muitos outros desmandos. Ou seja, a nossa falta de preparo para a chegada da pandemia \u00e9 tamb\u00e9m culpa do Henrique Mandetta e seus superiores\u201d, postou, em sua conta no Instagram. \u201cEnt\u00e3o o pr\u00edncipe n\u00e3o \u00e9 t\u00e3o encantado quanto parece. E agora ele tem o apoio dos militares que est\u00e3o no desgoverno de Bolsonaro, incluindo o do Vice- residente, Hamilton Mour\u00e3o. Enfraquecido e isolado, Bolsonaro j\u00e1 recebe chacotas nas redes sociais sendo chamado de Rainha da Inglaterra (reina mas n\u00e3o manda). E o reino sofre em cada gueto, favela, comunidade, bairro, cidade as dores de n\u00e3o ter um representante que o reine com solidariedade, isen\u00e7\u00e3o e justi\u00e7a\u201d, emendou.<\/p>\n<p>Foto: Divulga\u00e7\u00e3o<\/p>\n","protected":false},"excerpt":{"rendered":"<p>Os pol\u00edticos baianos criticaram a postura do presidente Jair Bolsonaro (sem partido) de amea\u00e7ar retirar o ministro da Sa\u00fade, Luiz Henrique Mandetta, em meio<\/p>\n","protected":false},"author":1,"featured_media":433361,"comment_status":"closed","ping_status":"closed","sticky":false,"template":"","format":"standard","meta":[],"categories":[3],"tags":[],"acf":[],"yoast_head":"<!-- This site is optimized with the Yoast SEO plugin v20.8 - https:\/\/yoast.com\/wordpress\/plugins\/seo\/ -->\n<title>BAIANOS CRITICAM AMEA\u00c7A DE BOLSONARO A MINISTRO DA SA\u00daDE - Bahia Economica<\/title>\n<meta name=\"description\" content=\"O maior portal de Economia da Bahia ECONOMIA \/ POL\u00cdTICA Bahia Economica\" \/>\n<meta name=\"robots\" content=\"index, follow, max-snippet:-1, max-image-preview:large, max-video-preview:-1\" \/>\n<link rel=\"canonical\" href=\"https:\/\/bahiaeconomica.com.br\/wp\/2020\/04\/08\/baianos-criticam-ameaca-de-bolsonaro-a-ministro-da-saude\/\" \/>\n<meta property=\"og:locale\" content=\"pt_BR\" \/>\n<meta property=\"og:type\" content=\"article\" \/>\n<meta property=\"og:title\" content=\"BAIANOS CRITICAM AMEA\u00c7A DE BOLSONARO A MINISTRO DA SA\u00daDE - Bahia Economica\" \/>\n<meta property=\"og:description\" content=\"O maior portal de Economia da Bahia ECONOMIA \/ POL\u00cdTICA Bahia Economica\" \/>\n<meta property=\"og:url\" content=\"https:\/\/bahiaeconomica.com.br\/wp\/2020\/04\/08\/baianos-criticam-ameaca-de-bolsonaro-a-ministro-da-saude\/\" \/>\n<meta property=\"og:site_name\" content=\"Bahia Economica\" \/>\n<meta property=\"article:publisher\" content=\"https:\/\/www.facebook.com\/bahiaeconomica\" \/>\n<meta property=\"article:published_time\" content=\"2020-04-08T17:50:54+00:00\" \/>\n<meta property=\"article:modified_time\" content=\"2020-04-08T17:32:54+00:00\" \/>\n<meta property=\"og:image\" content=\"https:\/\/bahiaeconomica.com.br\/wp\/wp-content\/uploads\/2020\/01\/5e15d603122e7_Major-Deniceeeeeeeeeeee.jpg\" \/>\n\t<meta property=\"og:image:width\" content=\"500\" \/>\n\t<meta property=\"og:image:height\" content=\"300\" \/>\n\t<meta property=\"og:image:type\" content=\"image\/jpeg\" \/>\n<meta name=\"author\" content=\"admin\" \/>\n<meta name=\"twitter:card\" content=\"summary_large_image\" \/>\n<meta name=\"twitter:label1\" content=\"Escrito por\" \/>\n\t<meta name=\"twitter:data1\" content=\"admin\" \/>\n\t<meta name=\"twitter:label2\" content=\"Est. tempo de leitura\" \/>\n\t<meta name=\"twitter:data2\" content=\"3 minutos\" \/>\n<script type=\"application\/ld+json\" class=\"yoast-schema-graph\">{\"@context\":\"https:\/\/schema.org\",\"@graph\":[{\"@type\":\"Article\",\"@id\":\"https:\/\/bahiaeconomica.com.br\/wp\/2020\/04\/08\/baianos-criticam-ameaca-de-bolsonaro-a-ministro-da-saude\/#article\",\"isPartOf\":{\"@id\":\"https:\/\/bahiaeconomica.com.br\/wp\/2020\/04\/08\/baianos-criticam-ameaca-de-bolsonaro-a-ministro-da-saude\/\"},\"author\":{\"name\":\"admin\",\"@id\":\"https:\/\/bahiaeconomica.com.br\/wp\/#\/schema\/person\/cb1ab5ba96ad3d9390805381c76284ec\"},\"headline\":\"BAIANOS CRITICAM AMEA\u00c7A DE BOLSONARO A MINISTRO DA SA\u00daDE\",\"datePublished\":\"2020-04-08T17:50:54+00:00\",\"dateModified\":\"2020-04-08T17:32:54+00:00\",\"mainEntityOfPage\":{\"@id\":\"https:\/\/bahiaeconomica.com.br\/wp\/2020\/04\/08\/baianos-criticam-ameaca-de-bolsonaro-a-ministro-da-saude\/\"},\"wordCount\":541,\"publisher\":{\"@id\":\"https:\/\/bahiaeconomica.com.br\/wp\/#organization\"},\"articleSection\":[\"ECONOMIA \/ POL\u00cdTICA\"],\"inLanguage\":\"pt-BR\"},{\"@type\":\"WebPage\",\"@id\":\"https:\/\/bahiaeconomica.com.br\/wp\/2020\/04\/08\/baianos-criticam-ameaca-de-bolsonaro-a-ministro-da-saude\/\",\"url\":\"https:\/\/bahiaeconomica.com.br\/wp\/2020\/04\/08\/baianos-criticam-ameaca-de-bolsonaro-a-ministro-da-saude\/\",\"name\":\"BAIANOS CRITICAM AMEA\u00c7A DE BOLSONARO A MINISTRO DA SA\u00daDE - Bahia Economica\",\"isPartOf\":{\"@id\":\"https:\/\/bahiaeconomica.com.br\/wp\/#website\"},\"datePublished\":\"2020-04-08T17:50:54+00:00\",\"dateModified\":\"2020-04-08T17:32:54+00:00\",\"description\":\"O maior portal de Economia da Bahia ECONOMIA \/ POL\u00cdTICA Bahia Economica\",\"breadcrumb\":{\"@id\":\"https:\/\/bahiaeconomica.com.br\/wp\/2020\/04\/08\/baianos-criticam-ameaca-de-bolsonaro-a-ministro-da-saude\/#breadcrumb\"},\"inLanguage\":\"pt-BR\",\"potentialAction\":[{\"@type\":\"ReadAction\",\"target\":[\"https:\/\/bahiaeconomica.com.br\/wp\/2020\/04\/08\/baianos-criticam-ameaca-de-bolsonaro-a-ministro-da-saude\/\"]}]},{\"@type\":\"BreadcrumbList\",\"@id\":\"https:\/\/bahiaeconomica.com.br\/wp\/2020\/04\/08\/baianos-criticam-ameaca-de-bolsonaro-a-ministro-da-saude\/#breadcrumb\",\"itemListElement\":[{\"@type\":\"ListItem\",\"position\":1,\"name\":\"In\u00edcio\",\"item\":\"https:\/\/bahiaeconomica.com.br\/wp\/\"},{\"@type\":\"ListItem\",\"position\":2,\"name\":\"BAIANOS CRITICAM AMEA\u00c7A DE BOLSONARO A MINISTRO DA SA\u00daDE\"}]},{\"@type\":\"WebSite\",\"@id\":\"https:\/\/bahiaeconomica.com.br\/wp\/#website\",\"url\":\"https:\/\/bahiaeconomica.com.br\/wp\/\",\"name\":\"Bahia Economica\",\"description\":\"O maior portal de Economia da Bahia\",\"publisher\":{\"@id\":\"https:\/\/bahiaeconomica.com.br\/wp\/#organization\"},\"potentialAction\":[{\"@type\":\"SearchAction\",\"target\":{\"@type\":\"EntryPoint\",\"urlTemplate\":\"https:\/\/bahiaeconomica.com.br\/wp\/?s={search_term_string}\"},\"query-input\":\"required name=search_term_string\"}],\"inLanguage\":\"pt-BR\"},{\"@type\":\"Organization\",\"@id\":\"https:\/\/bahiaeconomica.com.br\/wp\/#organization\",\"name\":\"Bahia Econ\u00f4mica\",\"url\":\"https:\/\/bahiaeconomica.com.br\/wp\/\",\"logo\":{\"@type\":\"ImageObject\",\"inLanguage\":\"pt-BR\",\"@id\":\"https:\/\/bahiaeconomica.com.br\/wp\/#\/schema\/logo\/image\/\",\"url\":\"https:\/\/bahiaeconomica.com.br\/wp\/wp-content\/uploads\/2020\/12\/cropped-BE.png\",\"contentUrl\":\"https:\/\/bahiaeconomica.com.br\/wp\/wp-content\/uploads\/2020\/12\/cropped-BE.png\",\"width\":512,\"height\":512,\"caption\":\"Bahia Econ\u00f4mica\"},\"image\":{\"@id\":\"https:\/\/bahiaeconomica.com.br\/wp\/#\/schema\/logo\/image\/\"},\"sameAs\":[\"https:\/\/www.facebook.com\/bahiaeconomica\"]},{\"@type\":\"Person\",\"@id\":\"https:\/\/bahiaeconomica.com.br\/wp\/#\/schema\/person\/cb1ab5ba96ad3d9390805381c76284ec\",\"name\":\"admin\",\"url\":\"https:\/\/bahiaeconomica.com.br\/wp\/author\/admin\/\"}]}<\/script>\n<!-- \/ Yoast SEO plugin. -->","yoast_head_json":{"title":"BAIANOS CRITICAM AMEA\u00c7A DE BOLSONARO A MINISTRO DA SA\u00daDE - Bahia Economica","description":"O maior portal de Economia da Bahia ECONOMIA \/ POL\u00cdTICA Bahia Economica","robots":{"index":"index","follow":"follow","max-snippet":"max-snippet:-1","max-image-preview":"max-image-preview:large","max-video-preview":"max-video-preview:-1"},"canonical":"https:\/\/bahiaeconomica.com.br\/wp\/2020\/04\/08\/baianos-criticam-ameaca-de-bolsonaro-a-ministro-da-saude\/","og_locale":"pt_BR","og_type":"article","og_title":"BAIANOS CRITICAM AMEA\u00c7A DE BOLSONARO A MINISTRO DA SA\u00daDE - Bahia Economica","og_description":"O maior portal de Economia da Bahia ECONOMIA \/ POL\u00cdTICA Bahia Economica","og_url":"https:\/\/bahiaeconomica.com.br\/wp\/2020\/04\/08\/baianos-criticam-ameaca-de-bolsonaro-a-ministro-da-saude\/","og_site_name":"Bahia Economica","article_publisher":"https:\/\/www.facebook.com\/bahiaeconomica","article_published_time":"2020-04-08T17:50:54+00:00","article_modified_time":"2020-04-08T17:32:54+00:00","og_image":[{"width":500,"height":300,"url":"https:\/\/bahiaeconomica.com.br\/wp\/wp-content\/uploads\/2020\/01\/5e15d603122e7_Major-Deniceeeeeeeeeeee.jpg","type":"image\/jpeg"}],"author":"admin","twitter_card":"summary_large_image","twitter_misc":{"Escrito por":"admin","Est. tempo de leitura":"3 minutos"},"schema":{"@context":"https:\/\/schema.org","@graph":[{"@type":"Article","@id":"https:\/\/bahiaeconomica.com.br\/wp\/2020\/04\/08\/baianos-criticam-ameaca-de-bolsonaro-a-ministro-da-saude\/#article","isPartOf":{"@id":"https:\/\/bahiaeconomica.com.br\/wp\/2020\/04\/08\/baianos-criticam-ameaca-de-bolsonaro-a-ministro-da-saude\/"},"author":{"name":"admin","@id":"https:\/\/bahiaeconomica.com.br\/wp\/#\/schema\/person\/cb1ab5ba96ad3d9390805381c76284ec"},"headline":"BAIANOS CRITICAM AMEA\u00c7A DE BOLSONARO A MINISTRO DA SA\u00daDE","datePublished":"2020-04-08T17:50:54+00:00","dateModified":"2020-04-08T17:32:54+00:00","mainEntityOfPage":{"@id":"https:\/\/bahiaeconomica.com.br\/wp\/2020\/04\/08\/baianos-criticam-ameaca-de-bolsonaro-a-ministro-da-saude\/"},"wordCount":541,"publisher":{"@id":"https:\/\/bahiaeconomica.com.br\/wp\/#organization"},"articleSection":["ECONOMIA \/ POL\u00cdTICA"],"inLanguage":"pt-BR"},{"@type":"WebPage","@id":"https:\/\/bahiaeconomica.com.br\/wp\/2020\/04\/08\/baianos-criticam-ameaca-de-bolsonaro-a-ministro-da-saude\/","url":"https:\/\/bahiaeconomica.com.br\/wp\/2020\/04\/08\/baianos-criticam-ameaca-de-bolsonaro-a-ministro-da-saude\/","name":"BAIANOS CRITICAM AMEA\u00c7A DE BOLSONARO A MINISTRO DA SA\u00daDE - Bahia Economica","isPartOf":{"@id":"https:\/\/bahiaeconomica.com.br\/wp\/#website"},"datePublished":"2020-04-08T17:50:54+00:00","dateModified":"2020-04-08T17:32:54+00:00","description":"O maior portal de Economia da Bahia ECONOMIA \/ POL\u00cdTICA Bahia Economica","breadcrumb":{"@id":"https:\/\/bahiaeconomica.com.br\/wp\/2020\/04\/08\/baianos-criticam-ameaca-de-bolsonaro-a-ministro-da-saude\/#breadcrumb"},"inLanguage":"pt-BR","potentialAction":[{"@type":"ReadAction","target":["https:\/\/bahiaeconomica.com.br\/wp\/2020\/04\/08\/baianos-criticam-ameaca-de-bolsonaro-a-ministro-da-saude\/"]}]},{"@type":"BreadcrumbList","@id":"https:\/\/bahiaeconomica.com.br\/wp\/2020\/04\/08\/baianos-criticam-ameaca-de-bolsonaro-a-ministro-da-saude\/#breadcrumb","itemListElement":[{"@type":"ListItem","position":1,"name":"In\u00edcio","item":"https:\/\/bahiaeconomica.com.br\/wp\/"},{"@type":"ListItem","position":2,"name":"BAIANOS CRITICAM AMEA\u00c7A DE BOLSONARO A MINISTRO DA SA\u00daDE"}]},{"@type":"WebSite","@id":"https:\/\/bahiaeconomica.com.br\/wp\/#website","url":"https:\/\/bahiaeconomica.com.br\/wp\/","name":"Bahia Economica","description":"O maior portal de Economia da Bahia","publisher":{"@id":"https:\/\/bahiaeconomica.com.br\/wp\/#organization"},"potentialAction":[{"@type":"SearchAction","target":{"@type":"EntryPoint","urlTemplate":"https:\/\/bahiaeconomica.com.br\/wp\/?s={search_term_string}"},"query-input":"required name=search_term_string"}],"inLanguage":"pt-BR"},{"@type":"Organization","@id":"https:\/\/bahiaeconomica.com.br\/wp\/#organization","name":"Bahia Econ\u00f4mica","url":"https:\/\/bahiaeconomica.com.br\/wp\/","logo":{"@type":"ImageObject","inLanguage":"pt-BR","@id":"https:\/\/bahiaeconomica.com.br\/wp\/#\/schema\/logo\/image\/","url":"https:\/\/bahiaeconomica.com.br\/wp\/wp-content\/uploads\/2020\/12\/cropped-BE.png","contentUrl":"https:\/\/bahiaeconomica.com.br\/wp\/wp-content\/uploads\/2020\/12\/cropped-BE.png","width":512,"height":512,"caption":"Bahia Econ\u00f4mica"},"image":{"@id":"https:\/\/bahiaeconomica.com.br\/wp\/#\/schema\/logo\/image\/"},"sameAs":["https:\/\/www.facebook.com\/bahiaeconomica"]},{"@type":"Person","@id":"https:\/\/bahiaeconomica.com.br\/wp\/#\/schema\/person\/cb1ab5ba96ad3d9390805381c76284ec","name":"admin","url":"https:\/\/bahiaeconomica.com.br\/wp\/author\/admin\/"}]}},"views":1,"_links":{"self":[{"href":"https:\/\/bahiaeconomica.com.br\/wp\/wp-json\/wp\/v2\/posts\/452534"}],"collection":[{"href":"https:\/\/bahiaeconomica.com.br\/wp\/wp-json\/wp\/v2\/posts"}],"about":[{"href":"https:\/\/bahiaeconomica.com.br\/wp\/wp-json\/wp\/v2\/types\/post"}],"author":[{"embeddable":true,"href":"https:\/\/bahiaeconomica.com.br\/wp\/wp-json\/wp\/v2\/users\/1"}],"replies":[{"embeddable":true,"href":"https:\/\/bahiaeconomica.com.br\/wp\/wp-json\/wp\/v2\/comments?post=452534"}],"version-history":[{"count":1,"href":"https:\/\/bahiaeconomica.com.br\/wp\/wp-json\/wp\/v2\/posts\/452534\/revisions"}],"predecessor-version":[{"id":452537,"href":"https:\/\/bahiaeconomica.com.br\/wp\/wp-json\/wp\/v2\/posts\/452534\/revisions\/452537"}],"wp:featuredmedia":[{"embeddable":true,"href":"https:\/\/bahiaeconomica.com.br\/wp\/wp-json\/wp\/v2\/media\/433361"}],"wp:attachment":[{"href":"https:\/\/bahiaeconomica.com.br\/wp\/wp-json\/wp\/v2\/media?parent=452534"}],"wp:term":[{"taxonomy":"category","embeddable":true,"href":"https:\/\/bahiaeconomica.com.br\/wp\/wp-json\/wp\/v2\/categories?post=452534"},{"taxonomy":"post_tag","embeddable":true,"href":"https:\/\/bahiaeconomica.com.br\/wp\/wp-json\/wp\/v2\/tags?post=452534"}],"curies":[{"name":"wp","href":"https:\/\/api.w.org\/{rel}","templated":true}]}}