{"id":451997,"date":"2020-04-07T08:45:35","date_gmt":"2020-04-07T11:45:35","guid":{"rendered":"https:\/\/bahiaeconomica.com.br\/wp\/beta\/?p=451997"},"modified":"2020-04-07T07:38:46","modified_gmt":"2020-04-07T10:38:46","slug":"muitos-brasileiros-serao-expostos-ao-virus-em-tres-meses-diz-saude","status":"publish","type":"post","link":"https:\/\/bahiaeconomica.com.br\/wp\/2020\/04\/07\/muitos-brasileiros-serao-expostos-ao-virus-em-tres-meses-diz-saude\/","title":{"rendered":"MUITOS BRASILEIROS SER\u00c3O EXPOSTOS AO V\u00cdRUS EM TR\u00caS MESES, DIZ SA\u00daDE"},"content":{"rendered":"<p>O Minist\u00e9rio da Sa\u00fade estima que nos pr\u00f3ximos tr\u00eas meses a maioria da popula\u00e7\u00e3o brasileira ser\u00e1 exposta ao novo coronav\u00edrus, que causa a covid-19. A doen\u00e7a j\u00e1 matou <!--more-->553 pessoas no pa\u00eds e h\u00e1 12.056 casos confirmados. A previs\u00e3o est\u00e1 em boletim epidemiol\u00f3gico da pasta divulgado nesta segunda-feira. &#8220;Nos pr\u00f3ximos tr\u00eas meses, a maioria da popula\u00e7\u00e3o do Brasil, principalmente de grandes centros urbanos, ser\u00e1 exposta a esse v\u00edrus&#8221;. H\u00e1 padr\u00f5es de sazonalidade no Brasil, segundo o documento, para esse tipo de cont\u00e1gio. Na regi\u00e3o Sul, o pico da epidemia por v\u00edrus respirat\u00f3rios tende a ocorrer no inverno, entre junho e julho.<\/p>\n<p>A regi\u00e3o Norte traz preocupa\u00e7\u00e3o no per\u00edodo chuvoso, entre mar\u00e7o e abril. O governo do Amazonas j\u00e1 solicitou apoio do Minist\u00e9rio da Sa\u00fade para envio de respiradores. Nas demais regi\u00f5es do Brasil, h\u00e1 uma situa\u00e7\u00e3o intermedi\u00e1ria, com casos detectados ao longo de todo o ano, destaca o documento. O boletim estabelece um prazo de duas a tr\u00eas semanas para a obten\u00e7\u00e3o de resultados do uso de cloroquina associada \u00e0 azitromicina para tratamento da covid-19. O minist\u00e9rio considera que h\u00e1 &#8220;importante potencial&#8221;, mas afirma que &#8220;resultados preliminares de seguran\u00e7a e efic\u00e1cia do uso deste protocolo para uso ampliado&#8221; s\u00f3 ser\u00e1 obtido entre 15 e 21 dias. &#8220;No entanto, o uso compassivo est\u00e1 sendo adotado amplamente por crit\u00e9rio cl\u00ednico&#8221;, diz o boletim.<\/p>\n<p>O Minist\u00e9rio da Sa\u00fade tamb\u00e9m prev\u00ea, nesse documento, que a produ\u00e7\u00e3o de testes para diagn\u00f3stico est\u00e1 prejudicada por falta de insumos em grande parte do mercado por duas semanas. &#8220;N\u00e3o h\u00e1 escala de produ\u00e7\u00e3o nos principais fornecedores para suprimento de kits laboratoriais para pronta entrega nos pr\u00f3ximos 15 dias&#8221;, aponta o informe. A pasta apresenta, no documento, propostas de flexibiliza\u00e7\u00e3o das medidas de &#8220;distanciamento social ampliado&#8221; para as de &#8220;distanciamento social seletivo&#8221;, no qual apenas alguns grupos mais suscet\u00edveis \u00e0 doen\u00e7a ficam de fato isolados. Essa transi\u00e7\u00e3o poder\u00e1 acontecer a partir de 13 de abril em localidades nas quais casos confirmados da doen\u00e7a n\u00e3o tenham comprometido mais de 50% da capacidade instalada do seus sistemas de sa\u00fade.<\/p>\n<p>Em outro trecho, por\u00e9m, o minist\u00e9rio afirma que os estados que adotaram medidas de distanciamento ampliado devem mant\u00ea-las at\u00e9 que o suprimento de equipamentos (leitos, equipamento de prote\u00e7\u00e3o individual a profissionais, respiradores e testes laboratoriais), al\u00e9m das equipes de sa\u00fade, estejam dispon\u00edveis em quantitativo suficiente para fazer &#8220;com seguran\u00e7a a transi\u00e7\u00e3o para a estrat\u00e9gia de distanciamento social seletivo&#8221;. O minist\u00e9rio lista medidas gerais que considera importantes para evitar a transmiss\u00e3o r\u00e1pida do novo coronav\u00edrus, enfatizando que a sua ado\u00e7\u00e3o vai depender de cada localidade e do risco medido naquele momento. Traz regras mais restritivas que estavam em discuss\u00e3o com secret\u00e1rios estaduais de Sa\u00fade, como suspens\u00e3o de aulas em escolas e universidades e proibi\u00e7\u00e3o de qualquer evento de aglomera\u00e7\u00e3o, como shows, cultos, futebol e casa noturna.<\/p>\n<p>Foto: divulga\u00e7\u00e3o<\/p>\n","protected":false},"excerpt":{"rendered":"<p>O Minist\u00e9rio da Sa\u00fade estima que nos pr\u00f3ximos tr\u00eas meses a maioria da popula\u00e7\u00e3o brasileira ser\u00e1 exposta ao novo coronav\u00edrus, que causa a covid-19. A doen\u00e7a j\u00e1 matou<\/p>\n","protected":false},"author":1,"featured_media":451926,"comment_status":"closed","ping_status":"closed","sticky":false,"template":"","format":"standard","meta":[],"categories":[14,3],"tags":[],"acf":[],"yoast_head":"<!-- This site is optimized with the Yoast SEO plugin v20.8 - https:\/\/yoast.com\/wordpress\/plugins\/seo\/ -->\n<title>MUITOS BRASILEIROS SER\u00c3O EXPOSTOS AO V\u00cdRUS EM TR\u00caS MESES, DIZ SA\u00daDE - Bahia Economica<\/title>\n<meta name=\"description\" content=\"O maior portal de Economia da Bahia DESTAQUE DO DIA, ECONOMIA \/ POL\u00cdTICA Bahia Economica\" \/>\n<meta name=\"robots\" content=\"index, follow, max-snippet:-1, max-image-preview:large, max-video-preview:-1\" \/>\n<link rel=\"canonical\" href=\"https:\/\/bahiaeconomica.com.br\/wp\/2020\/04\/07\/muitos-brasileiros-serao-expostos-ao-virus-em-tres-meses-diz-saude\/\" \/>\n<meta property=\"og:locale\" content=\"pt_BR\" \/>\n<meta property=\"og:type\" content=\"article\" \/>\n<meta property=\"og:title\" content=\"MUITOS BRASILEIROS SER\u00c3O EXPOSTOS AO V\u00cdRUS EM TR\u00caS MESES, DIZ SA\u00daDE - Bahia Economica\" \/>\n<meta property=\"og:description\" content=\"O maior portal de Economia da Bahia DESTAQUE DO DIA, ECONOMIA \/ POL\u00cdTICA Bahia Economica\" \/>\n<meta property=\"og:url\" content=\"https:\/\/bahiaeconomica.com.br\/wp\/2020\/04\/07\/muitos-brasileiros-serao-expostos-ao-virus-em-tres-meses-diz-saude\/\" \/>\n<meta property=\"og:site_name\" content=\"Bahia Economica\" \/>\n<meta property=\"article:publisher\" content=\"https:\/\/www.facebook.com\/bahiaeconomica\" \/>\n<meta property=\"article:published_time\" content=\"2020-04-07T11:45:35+00:00\" \/>\n<meta property=\"article:modified_time\" content=\"2020-04-07T10:38:46+00:00\" \/>\n<meta property=\"og:image\" content=\"https:\/\/bahiaeconomica.com.br\/wp\/wp-content\/uploads\/2020\/04\/coronavirus-Adriano-Machado-Reuters.jpg\" \/>\n\t<meta property=\"og:image:width\" content=\"680\" \/>\n\t<meta property=\"og:image:height\" content=\"453\" \/>\n\t<meta property=\"og:image:type\" content=\"image\/jpeg\" \/>\n<meta name=\"author\" content=\"admin\" \/>\n<meta name=\"twitter:card\" content=\"summary_large_image\" \/>\n<meta name=\"twitter:label1\" content=\"Escrito por\" \/>\n\t<meta name=\"twitter:data1\" content=\"admin\" \/>\n\t<meta name=\"twitter:label2\" content=\"Est. tempo de leitura\" \/>\n\t<meta name=\"twitter:data2\" content=\"3 minutos\" \/>\n<script type=\"application\/ld+json\" class=\"yoast-schema-graph\">{\"@context\":\"https:\/\/schema.org\",\"@graph\":[{\"@type\":\"Article\",\"@id\":\"https:\/\/bahiaeconomica.com.br\/wp\/2020\/04\/07\/muitos-brasileiros-serao-expostos-ao-virus-em-tres-meses-diz-saude\/#article\",\"isPartOf\":{\"@id\":\"https:\/\/bahiaeconomica.com.br\/wp\/2020\/04\/07\/muitos-brasileiros-serao-expostos-ao-virus-em-tres-meses-diz-saude\/\"},\"author\":{\"name\":\"admin\",\"@id\":\"https:\/\/bahiaeconomica.com.br\/wp\/#\/schema\/person\/cb1ab5ba96ad3d9390805381c76284ec\"},\"headline\":\"MUITOS BRASILEIROS SER\u00c3O EXPOSTOS AO V\u00cdRUS EM TR\u00caS MESES, DIZ SA\u00daDE\",\"datePublished\":\"2020-04-07T11:45:35+00:00\",\"dateModified\":\"2020-04-07T10:38:46+00:00\",\"mainEntityOfPage\":{\"@id\":\"https:\/\/bahiaeconomica.com.br\/wp\/2020\/04\/07\/muitos-brasileiros-serao-expostos-ao-virus-em-tres-meses-diz-saude\/\"},\"wordCount\":543,\"publisher\":{\"@id\":\"https:\/\/bahiaeconomica.com.br\/wp\/#organization\"},\"articleSection\":[\"DESTAQUE DO DIA\",\"ECONOMIA \/ POL\u00cdTICA\"],\"inLanguage\":\"pt-BR\"},{\"@type\":\"WebPage\",\"@id\":\"https:\/\/bahiaeconomica.com.br\/wp\/2020\/04\/07\/muitos-brasileiros-serao-expostos-ao-virus-em-tres-meses-diz-saude\/\",\"url\":\"https:\/\/bahiaeconomica.com.br\/wp\/2020\/04\/07\/muitos-brasileiros-serao-expostos-ao-virus-em-tres-meses-diz-saude\/\",\"name\":\"MUITOS BRASILEIROS SER\u00c3O EXPOSTOS AO V\u00cdRUS EM TR\u00caS MESES, DIZ SA\u00daDE - Bahia Economica\",\"isPartOf\":{\"@id\":\"https:\/\/bahiaeconomica.com.br\/wp\/#website\"},\"datePublished\":\"2020-04-07T11:45:35+00:00\",\"dateModified\":\"2020-04-07T10:38:46+00:00\",\"description\":\"O maior portal de Economia da Bahia DESTAQUE DO DIA, ECONOMIA \/ POL\u00cdTICA Bahia Economica\",\"breadcrumb\":{\"@id\":\"https:\/\/bahiaeconomica.com.br\/wp\/2020\/04\/07\/muitos-brasileiros-serao-expostos-ao-virus-em-tres-meses-diz-saude\/#breadcrumb\"},\"inLanguage\":\"pt-BR\",\"potentialAction\":[{\"@type\":\"ReadAction\",\"target\":[\"https:\/\/bahiaeconomica.com.br\/wp\/2020\/04\/07\/muitos-brasileiros-serao-expostos-ao-virus-em-tres-meses-diz-saude\/\"]}]},{\"@type\":\"BreadcrumbList\",\"@id\":\"https:\/\/bahiaeconomica.com.br\/wp\/2020\/04\/07\/muitos-brasileiros-serao-expostos-ao-virus-em-tres-meses-diz-saude\/#breadcrumb\",\"itemListElement\":[{\"@type\":\"ListItem\",\"position\":1,\"name\":\"In\u00edcio\",\"item\":\"https:\/\/bahiaeconomica.com.br\/wp\/\"},{\"@type\":\"ListItem\",\"position\":2,\"name\":\"MUITOS BRASILEIROS SER\u00c3O EXPOSTOS AO V\u00cdRUS EM TR\u00caS MESES, DIZ SA\u00daDE\"}]},{\"@type\":\"WebSite\",\"@id\":\"https:\/\/bahiaeconomica.com.br\/wp\/#website\",\"url\":\"https:\/\/bahiaeconomica.com.br\/wp\/\",\"name\":\"Bahia Economica\",\"description\":\"O maior portal de Economia da Bahia\",\"publisher\":{\"@id\":\"https:\/\/bahiaeconomica.com.br\/wp\/#organization\"},\"potentialAction\":[{\"@type\":\"SearchAction\",\"target\":{\"@type\":\"EntryPoint\",\"urlTemplate\":\"https:\/\/bahiaeconomica.com.br\/wp\/?s={search_term_string}\"},\"query-input\":\"required name=search_term_string\"}],\"inLanguage\":\"pt-BR\"},{\"@type\":\"Organization\",\"@id\":\"https:\/\/bahiaeconomica.com.br\/wp\/#organization\",\"name\":\"Bahia Econ\u00f4mica\",\"url\":\"https:\/\/bahiaeconomica.com.br\/wp\/\",\"logo\":{\"@type\":\"ImageObject\",\"inLanguage\":\"pt-BR\",\"@id\":\"https:\/\/bahiaeconomica.com.br\/wp\/#\/schema\/logo\/image\/\",\"url\":\"https:\/\/bahiaeconomica.com.br\/wp\/wp-content\/uploads\/2020\/12\/cropped-BE.png\",\"contentUrl\":\"https:\/\/bahiaeconomica.com.br\/wp\/wp-content\/uploads\/2020\/12\/cropped-BE.png\",\"width\":512,\"height\":512,\"caption\":\"Bahia Econ\u00f4mica\"},\"image\":{\"@id\":\"https:\/\/bahiaeconomica.com.br\/wp\/#\/schema\/logo\/image\/\"},\"sameAs\":[\"https:\/\/www.facebook.com\/bahiaeconomica\"]},{\"@type\":\"Person\",\"@id\":\"https:\/\/bahiaeconomica.com.br\/wp\/#\/schema\/person\/cb1ab5ba96ad3d9390805381c76284ec\",\"name\":\"admin\",\"url\":\"https:\/\/bahiaeconomica.com.br\/wp\/author\/admin\/\"}]}<\/script>\n<!-- \/ Yoast SEO plugin. -->","yoast_head_json":{"title":"MUITOS BRASILEIROS SER\u00c3O EXPOSTOS AO V\u00cdRUS EM TR\u00caS MESES, DIZ SA\u00daDE - Bahia Economica","description":"O maior portal de Economia da Bahia DESTAQUE DO DIA, ECONOMIA \/ POL\u00cdTICA Bahia Economica","robots":{"index":"index","follow":"follow","max-snippet":"max-snippet:-1","max-image-preview":"max-image-preview:large","max-video-preview":"max-video-preview:-1"},"canonical":"https:\/\/bahiaeconomica.com.br\/wp\/2020\/04\/07\/muitos-brasileiros-serao-expostos-ao-virus-em-tres-meses-diz-saude\/","og_locale":"pt_BR","og_type":"article","og_title":"MUITOS BRASILEIROS SER\u00c3O EXPOSTOS AO V\u00cdRUS EM TR\u00caS MESES, DIZ SA\u00daDE - Bahia Economica","og_description":"O maior portal de Economia da Bahia DESTAQUE DO DIA, ECONOMIA \/ POL\u00cdTICA Bahia Economica","og_url":"https:\/\/bahiaeconomica.com.br\/wp\/2020\/04\/07\/muitos-brasileiros-serao-expostos-ao-virus-em-tres-meses-diz-saude\/","og_site_name":"Bahia Economica","article_publisher":"https:\/\/www.facebook.com\/bahiaeconomica","article_published_time":"2020-04-07T11:45:35+00:00","article_modified_time":"2020-04-07T10:38:46+00:00","og_image":[{"width":680,"height":453,"url":"https:\/\/bahiaeconomica.com.br\/wp\/wp-content\/uploads\/2020\/04\/coronavirus-Adriano-Machado-Reuters.jpg","type":"image\/jpeg"}],"author":"admin","twitter_card":"summary_large_image","twitter_misc":{"Escrito por":"admin","Est. tempo de leitura":"3 minutos"},"schema":{"@context":"https:\/\/schema.org","@graph":[{"@type":"Article","@id":"https:\/\/bahiaeconomica.com.br\/wp\/2020\/04\/07\/muitos-brasileiros-serao-expostos-ao-virus-em-tres-meses-diz-saude\/#article","isPartOf":{"@id":"https:\/\/bahiaeconomica.com.br\/wp\/2020\/04\/07\/muitos-brasileiros-serao-expostos-ao-virus-em-tres-meses-diz-saude\/"},"author":{"name":"admin","@id":"https:\/\/bahiaeconomica.com.br\/wp\/#\/schema\/person\/cb1ab5ba96ad3d9390805381c76284ec"},"headline":"MUITOS BRASILEIROS SER\u00c3O EXPOSTOS AO V\u00cdRUS EM TR\u00caS MESES, DIZ SA\u00daDE","datePublished":"2020-04-07T11:45:35+00:00","dateModified":"2020-04-07T10:38:46+00:00","mainEntityOfPage":{"@id":"https:\/\/bahiaeconomica.com.br\/wp\/2020\/04\/07\/muitos-brasileiros-serao-expostos-ao-virus-em-tres-meses-diz-saude\/"},"wordCount":543,"publisher":{"@id":"https:\/\/bahiaeconomica.com.br\/wp\/#organization"},"articleSection":["DESTAQUE DO DIA","ECONOMIA \/ POL\u00cdTICA"],"inLanguage":"pt-BR"},{"@type":"WebPage","@id":"https:\/\/bahiaeconomica.com.br\/wp\/2020\/04\/07\/muitos-brasileiros-serao-expostos-ao-virus-em-tres-meses-diz-saude\/","url":"https:\/\/bahiaeconomica.com.br\/wp\/2020\/04\/07\/muitos-brasileiros-serao-expostos-ao-virus-em-tres-meses-diz-saude\/","name":"MUITOS BRASILEIROS SER\u00c3O EXPOSTOS AO V\u00cdRUS EM TR\u00caS MESES, DIZ SA\u00daDE - Bahia Economica","isPartOf":{"@id":"https:\/\/bahiaeconomica.com.br\/wp\/#website"},"datePublished":"2020-04-07T11:45:35+00:00","dateModified":"2020-04-07T10:38:46+00:00","description":"O maior portal de Economia da Bahia DESTAQUE DO DIA, ECONOMIA \/ POL\u00cdTICA Bahia Economica","breadcrumb":{"@id":"https:\/\/bahiaeconomica.com.br\/wp\/2020\/04\/07\/muitos-brasileiros-serao-expostos-ao-virus-em-tres-meses-diz-saude\/#breadcrumb"},"inLanguage":"pt-BR","potentialAction":[{"@type":"ReadAction","target":["https:\/\/bahiaeconomica.com.br\/wp\/2020\/04\/07\/muitos-brasileiros-serao-expostos-ao-virus-em-tres-meses-diz-saude\/"]}]},{"@type":"BreadcrumbList","@id":"https:\/\/bahiaeconomica.com.br\/wp\/2020\/04\/07\/muitos-brasileiros-serao-expostos-ao-virus-em-tres-meses-diz-saude\/#breadcrumb","itemListElement":[{"@type":"ListItem","position":1,"name":"In\u00edcio","item":"https:\/\/bahiaeconomica.com.br\/wp\/"},{"@type":"ListItem","position":2,"name":"MUITOS BRASILEIROS SER\u00c3O EXPOSTOS AO V\u00cdRUS EM TR\u00caS MESES, DIZ SA\u00daDE"}]},{"@type":"WebSite","@id":"https:\/\/bahiaeconomica.com.br\/wp\/#website","url":"https:\/\/bahiaeconomica.com.br\/wp\/","name":"Bahia Economica","description":"O maior portal de Economia da Bahia","publisher":{"@id":"https:\/\/bahiaeconomica.com.br\/wp\/#organization"},"potentialAction":[{"@type":"SearchAction","target":{"@type":"EntryPoint","urlTemplate":"https:\/\/bahiaeconomica.com.br\/wp\/?s={search_term_string}"},"query-input":"required name=search_term_string"}],"inLanguage":"pt-BR"},{"@type":"Organization","@id":"https:\/\/bahiaeconomica.com.br\/wp\/#organization","name":"Bahia Econ\u00f4mica","url":"https:\/\/bahiaeconomica.com.br\/wp\/","logo":{"@type":"ImageObject","inLanguage":"pt-BR","@id":"https:\/\/bahiaeconomica.com.br\/wp\/#\/schema\/logo\/image\/","url":"https:\/\/bahiaeconomica.com.br\/wp\/wp-content\/uploads\/2020\/12\/cropped-BE.png","contentUrl":"https:\/\/bahiaeconomica.com.br\/wp\/wp-content\/uploads\/2020\/12\/cropped-BE.png","width":512,"height":512,"caption":"Bahia Econ\u00f4mica"},"image":{"@id":"https:\/\/bahiaeconomica.com.br\/wp\/#\/schema\/logo\/image\/"},"sameAs":["https:\/\/www.facebook.com\/bahiaeconomica"]},{"@type":"Person","@id":"https:\/\/bahiaeconomica.com.br\/wp\/#\/schema\/person\/cb1ab5ba96ad3d9390805381c76284ec","name":"admin","url":"https:\/\/bahiaeconomica.com.br\/wp\/author\/admin\/"}]}},"views":2,"_links":{"self":[{"href":"https:\/\/bahiaeconomica.com.br\/wp\/wp-json\/wp\/v2\/posts\/451997"}],"collection":[{"href":"https:\/\/bahiaeconomica.com.br\/wp\/wp-json\/wp\/v2\/posts"}],"about":[{"href":"https:\/\/bahiaeconomica.com.br\/wp\/wp-json\/wp\/v2\/types\/post"}],"author":[{"embeddable":true,"href":"https:\/\/bahiaeconomica.com.br\/wp\/wp-json\/wp\/v2\/users\/1"}],"replies":[{"embeddable":true,"href":"https:\/\/bahiaeconomica.com.br\/wp\/wp-json\/wp\/v2\/comments?post=451997"}],"version-history":[{"count":1,"href":"https:\/\/bahiaeconomica.com.br\/wp\/wp-json\/wp\/v2\/posts\/451997\/revisions"}],"predecessor-version":[{"id":452000,"href":"https:\/\/bahiaeconomica.com.br\/wp\/wp-json\/wp\/v2\/posts\/451997\/revisions\/452000"}],"wp:featuredmedia":[{"embeddable":true,"href":"https:\/\/bahiaeconomica.com.br\/wp\/wp-json\/wp\/v2\/media\/451926"}],"wp:attachment":[{"href":"https:\/\/bahiaeconomica.com.br\/wp\/wp-json\/wp\/v2\/media?parent=451997"}],"wp:term":[{"taxonomy":"category","embeddable":true,"href":"https:\/\/bahiaeconomica.com.br\/wp\/wp-json\/wp\/v2\/categories?post=451997"},{"taxonomy":"post_tag","embeddable":true,"href":"https:\/\/bahiaeconomica.com.br\/wp\/wp-json\/wp\/v2\/tags?post=451997"}],"curies":[{"name":"wp","href":"https:\/\/api.w.org\/{rel}","templated":true}]}}