{"id":450953,"date":"2020-04-02T10:24:18","date_gmt":"2020-04-02T13:24:18","guid":{"rendered":"https:\/\/bahiaeconomica.com.br\/wp\/beta\/?p=450953"},"modified":"2020-04-02T10:39:28","modified_gmt":"2020-04-02T13:39:28","slug":"empregadores-ja-podem-a-partir-de-hoje-suspender-contratos-e-reduzir-salarios-e-jornada","status":"publish","type":"post","link":"https:\/\/bahiaeconomica.com.br\/wp\/2020\/04\/02\/empregadores-ja-podem-a-partir-de-hoje-suspender-contratos-e-reduzir-salarios-e-jornada\/","title":{"rendered":"EMPREGADORES J\u00c1 PODEM A PARTIR DE HOJE SUSPENDER CONTRATOS E REDUZIR SAL\u00c1RIOS E JORNADA"},"content":{"rendered":"<p style=\"text-align: justify;\">A medida provis\u00f3ria que autoriza os empres\u00e1rios e empregadores a reduzir os sal\u00e1rios de funcion\u00e1rios e suspender contratos durante a crise do coronav\u00edrus j\u00e1 est\u00e1 em vigor. \u00a0O texto <!--more-->foi publicado em edi\u00e7\u00e3o extra do Di\u00e1rio Oficial da Uni\u00e3o ontem \u00e0 noite.\u00a0 A MP j\u00e1 tem for\u00e7a de lei imediatamente. O governo determinou tr\u00eas faixas de corte de sal\u00e1rio com redu\u00e7\u00e3o proporcional da jornada: 25%, 50% e 70%, mas cortes maiores ou menores que esses ser\u00e3o poss\u00edveis. Pela lei os empregados afetados ter\u00e3o parte da renda restitu\u00edda, atrav\u00e9s de uma parcela do seguro-desemprego. O governo estima gasto de R$ 51 bilh\u00f5es para complementar folhas de pagamentos.<\/p>\n<p style=\"text-align: justify;\">A empresa tamb\u00e9m poder\u00e1 suspender o contrato de trabalho por completo, ou seja, deixar\u00e1 de pagar o sal\u00e1rio do funcion\u00e1rio. Neste caso, se a empresa tiver receita de at\u00e9 R$ 4,8 milh\u00f5es, o trabalhador receber\u00e1 100% do seguro-desemprego, como se tivesse sido demitido. Se o faturamento da empresa for maior que esse, o empregador dever\u00e1 pagar ao menos 30% do sal\u00e1rio. E o funcion\u00e1rio receber\u00e1 70% do seguro-desemprego. Veja mais informa\u00e7\u00f5es:<\/p>\n<ol>\n<li style=\"text-align: justify;\">MP permite a suspens\u00e3o tempor\u00e1ria de contratos de trabalho. O empregado n\u00e3o trabalha e a empresa n\u00e3o paga sal\u00e1rios.<\/li>\n<li style=\"text-align: justify;\">A nova regra vale para empregados dom\u00e9sticos com carteira assinada<\/li>\n<li style=\"text-align: justify;\">A empresa vai deixar temporariamente de pagar o sal\u00e1rio do empregado, ou seja, \u00e9 uma redu\u00e7\u00e3o de 100% do sal\u00e1rio. A suspens\u00e3o pode ser de at\u00e9 dois meses.<\/li>\n<li style=\"text-align: justify;\">A empresa vai deixa temporariamente de pagar o sal\u00e1rio do empregado, ou seja, \u00e9 uma redu\u00e7\u00e3o de 100% do sal\u00e1rio. A suspens\u00e3o pode ser de at\u00e9 dois meses.<\/li>\n<li style=\"text-align: justify;\">A MP vale para trabalhadores intermitentes e al\u00e9m da compensa\u00e7\u00e3o esses trabalhadores ter\u00e3o direito ao aux\u00edlio de R$ 600 que ser\u00e1 pago a informais.<\/li>\n<li style=\"text-align: justify;\">A reposi\u00e7\u00e3o garantida pelo governo ser\u00e1 calculada sobre o seguro-desemprego a que o empregado teria direito caso fosse demitido. O valor total pago no m\u00eas n\u00e3o pode ser menor que o sal\u00e1rio m\u00ednimo (R$ 1.045).(OG)<\/li>\n<\/ol>\n","protected":false},"excerpt":{"rendered":"<p>A medida provis\u00f3ria que autoriza os empres\u00e1rios e empregadores a reduzir os sal\u00e1rios de funcion\u00e1rios e suspender contratos durante a crise do coronav\u00edrus j\u00e1 est\u00e1 em vigor. \u00a0O texto<\/p>\n","protected":false},"author":1,"featured_media":421233,"comment_status":"closed","ping_status":"closed","sticky":false,"template":"","format":"standard","meta":[],"categories":[3],"tags":[],"acf":[],"yoast_head":"<!-- This site is optimized with the Yoast SEO plugin v20.8 - https:\/\/yoast.com\/wordpress\/plugins\/seo\/ -->\n<title>EMPREGADORES J\u00c1 PODEM A PARTIR DE HOJE SUSPENDER CONTRATOS E REDUZIR SAL\u00c1RIOS E JORNADA - Bahia Economica<\/title>\n<meta name=\"description\" content=\"O maior portal de Economia da Bahia ECONOMIA \/ POL\u00cdTICA Bahia Economica\" \/>\n<meta name=\"robots\" content=\"index, follow, max-snippet:-1, max-image-preview:large, max-video-preview:-1\" \/>\n<link rel=\"canonical\" href=\"https:\/\/bahiaeconomica.com.br\/wp\/2020\/04\/02\/empregadores-ja-podem-a-partir-de-hoje-suspender-contratos-e-reduzir-salarios-e-jornada\/\" \/>\n<meta property=\"og:locale\" content=\"pt_BR\" \/>\n<meta property=\"og:type\" content=\"article\" \/>\n<meta property=\"og:title\" content=\"EMPREGADORES J\u00c1 PODEM A PARTIR DE HOJE SUSPENDER CONTRATOS E REDUZIR SAL\u00c1RIOS E JORNADA - Bahia Economica\" \/>\n<meta property=\"og:description\" content=\"O maior portal de Economia da Bahia ECONOMIA \/ POL\u00cdTICA Bahia Economica\" \/>\n<meta property=\"og:url\" content=\"https:\/\/bahiaeconomica.com.br\/wp\/2020\/04\/02\/empregadores-ja-podem-a-partir-de-hoje-suspender-contratos-e-reduzir-salarios-e-jornada\/\" \/>\n<meta property=\"og:site_name\" content=\"Bahia Economica\" \/>\n<meta property=\"article:publisher\" content=\"https:\/\/www.facebook.com\/bahiaeconomica\" \/>\n<meta property=\"article:published_time\" content=\"2020-04-02T13:24:18+00:00\" \/>\n<meta property=\"article:modified_time\" content=\"2020-04-02T13:39:28+00:00\" \/>\n<meta property=\"og:image\" content=\"https:\/\/bahiaeconomica.com.br\/wp\/wp-content\/uploads\/2019\/11\/desemprego-foto-reproducao-getty-images.jpg\" \/>\n\t<meta property=\"og:image:width\" content=\"500\" \/>\n\t<meta property=\"og:image:height\" content=\"300\" \/>\n\t<meta property=\"og:image:type\" content=\"image\/jpeg\" \/>\n<meta name=\"author\" content=\"admin\" \/>\n<meta name=\"twitter:card\" content=\"summary_large_image\" \/>\n<meta name=\"twitter:label1\" content=\"Escrito por\" \/>\n\t<meta name=\"twitter:data1\" content=\"admin\" \/>\n\t<meta name=\"twitter:label2\" content=\"Est. tempo de leitura\" \/>\n\t<meta name=\"twitter:data2\" content=\"2 minutos\" \/>\n<script type=\"application\/ld+json\" class=\"yoast-schema-graph\">{\"@context\":\"https:\/\/schema.org\",\"@graph\":[{\"@type\":\"Article\",\"@id\":\"https:\/\/bahiaeconomica.com.br\/wp\/2020\/04\/02\/empregadores-ja-podem-a-partir-de-hoje-suspender-contratos-e-reduzir-salarios-e-jornada\/#article\",\"isPartOf\":{\"@id\":\"https:\/\/bahiaeconomica.com.br\/wp\/2020\/04\/02\/empregadores-ja-podem-a-partir-de-hoje-suspender-contratos-e-reduzir-salarios-e-jornada\/\"},\"author\":{\"name\":\"admin\",\"@id\":\"https:\/\/bahiaeconomica.com.br\/wp\/#\/schema\/person\/cb1ab5ba96ad3d9390805381c76284ec\"},\"headline\":\"EMPREGADORES J\u00c1 PODEM A PARTIR DE HOJE SUSPENDER CONTRATOS E REDUZIR SAL\u00c1RIOS E JORNADA\",\"datePublished\":\"2020-04-02T13:24:18+00:00\",\"dateModified\":\"2020-04-02T13:39:28+00:00\",\"mainEntityOfPage\":{\"@id\":\"https:\/\/bahiaeconomica.com.br\/wp\/2020\/04\/02\/empregadores-ja-podem-a-partir-de-hoje-suspender-contratos-e-reduzir-salarios-e-jornada\/\"},\"wordCount\":370,\"publisher\":{\"@id\":\"https:\/\/bahiaeconomica.com.br\/wp\/#organization\"},\"articleSection\":[\"ECONOMIA \/ POL\u00cdTICA\"],\"inLanguage\":\"pt-BR\"},{\"@type\":\"WebPage\",\"@id\":\"https:\/\/bahiaeconomica.com.br\/wp\/2020\/04\/02\/empregadores-ja-podem-a-partir-de-hoje-suspender-contratos-e-reduzir-salarios-e-jornada\/\",\"url\":\"https:\/\/bahiaeconomica.com.br\/wp\/2020\/04\/02\/empregadores-ja-podem-a-partir-de-hoje-suspender-contratos-e-reduzir-salarios-e-jornada\/\",\"name\":\"EMPREGADORES J\u00c1 PODEM A PARTIR DE HOJE SUSPENDER CONTRATOS E REDUZIR SAL\u00c1RIOS E JORNADA - Bahia Economica\",\"isPartOf\":{\"@id\":\"https:\/\/bahiaeconomica.com.br\/wp\/#website\"},\"datePublished\":\"2020-04-02T13:24:18+00:00\",\"dateModified\":\"2020-04-02T13:39:28+00:00\",\"description\":\"O maior portal de Economia da Bahia ECONOMIA \/ POL\u00cdTICA Bahia Economica\",\"breadcrumb\":{\"@id\":\"https:\/\/bahiaeconomica.com.br\/wp\/2020\/04\/02\/empregadores-ja-podem-a-partir-de-hoje-suspender-contratos-e-reduzir-salarios-e-jornada\/#breadcrumb\"},\"inLanguage\":\"pt-BR\",\"potentialAction\":[{\"@type\":\"ReadAction\",\"target\":[\"https:\/\/bahiaeconomica.com.br\/wp\/2020\/04\/02\/empregadores-ja-podem-a-partir-de-hoje-suspender-contratos-e-reduzir-salarios-e-jornada\/\"]}]},{\"@type\":\"BreadcrumbList\",\"@id\":\"https:\/\/bahiaeconomica.com.br\/wp\/2020\/04\/02\/empregadores-ja-podem-a-partir-de-hoje-suspender-contratos-e-reduzir-salarios-e-jornada\/#breadcrumb\",\"itemListElement\":[{\"@type\":\"ListItem\",\"position\":1,\"name\":\"In\u00edcio\",\"item\":\"https:\/\/bahiaeconomica.com.br\/wp\/\"},{\"@type\":\"ListItem\",\"position\":2,\"name\":\"EMPREGADORES J\u00c1 PODEM A PARTIR DE HOJE SUSPENDER CONTRATOS E REDUZIR SAL\u00c1RIOS E JORNADA\"}]},{\"@type\":\"WebSite\",\"@id\":\"https:\/\/bahiaeconomica.com.br\/wp\/#website\",\"url\":\"https:\/\/bahiaeconomica.com.br\/wp\/\",\"name\":\"Bahia Economica\",\"description\":\"O maior portal de Economia da Bahia\",\"publisher\":{\"@id\":\"https:\/\/bahiaeconomica.com.br\/wp\/#organization\"},\"potentialAction\":[{\"@type\":\"SearchAction\",\"target\":{\"@type\":\"EntryPoint\",\"urlTemplate\":\"https:\/\/bahiaeconomica.com.br\/wp\/?s={search_term_string}\"},\"query-input\":\"required name=search_term_string\"}],\"inLanguage\":\"pt-BR\"},{\"@type\":\"Organization\",\"@id\":\"https:\/\/bahiaeconomica.com.br\/wp\/#organization\",\"name\":\"Bahia Econ\u00f4mica\",\"url\":\"https:\/\/bahiaeconomica.com.br\/wp\/\",\"logo\":{\"@type\":\"ImageObject\",\"inLanguage\":\"pt-BR\",\"@id\":\"https:\/\/bahiaeconomica.com.br\/wp\/#\/schema\/logo\/image\/\",\"url\":\"https:\/\/bahiaeconomica.com.br\/wp\/wp-content\/uploads\/2020\/12\/cropped-BE.png\",\"contentUrl\":\"https:\/\/bahiaeconomica.com.br\/wp\/wp-content\/uploads\/2020\/12\/cropped-BE.png\",\"width\":512,\"height\":512,\"caption\":\"Bahia Econ\u00f4mica\"},\"image\":{\"@id\":\"https:\/\/bahiaeconomica.com.br\/wp\/#\/schema\/logo\/image\/\"},\"sameAs\":[\"https:\/\/www.facebook.com\/bahiaeconomica\"]},{\"@type\":\"Person\",\"@id\":\"https:\/\/bahiaeconomica.com.br\/wp\/#\/schema\/person\/cb1ab5ba96ad3d9390805381c76284ec\",\"name\":\"admin\",\"url\":\"https:\/\/bahiaeconomica.com.br\/wp\/author\/admin\/\"}]}<\/script>\n<!-- \/ Yoast SEO plugin. -->","yoast_head_json":{"title":"EMPREGADORES J\u00c1 PODEM A PARTIR DE HOJE SUSPENDER CONTRATOS E REDUZIR SAL\u00c1RIOS E JORNADA - Bahia Economica","description":"O maior portal de Economia da Bahia ECONOMIA \/ POL\u00cdTICA Bahia Economica","robots":{"index":"index","follow":"follow","max-snippet":"max-snippet:-1","max-image-preview":"max-image-preview:large","max-video-preview":"max-video-preview:-1"},"canonical":"https:\/\/bahiaeconomica.com.br\/wp\/2020\/04\/02\/empregadores-ja-podem-a-partir-de-hoje-suspender-contratos-e-reduzir-salarios-e-jornada\/","og_locale":"pt_BR","og_type":"article","og_title":"EMPREGADORES J\u00c1 PODEM A PARTIR DE HOJE SUSPENDER CONTRATOS E REDUZIR SAL\u00c1RIOS E JORNADA - Bahia Economica","og_description":"O maior portal de Economia da Bahia ECONOMIA \/ POL\u00cdTICA Bahia Economica","og_url":"https:\/\/bahiaeconomica.com.br\/wp\/2020\/04\/02\/empregadores-ja-podem-a-partir-de-hoje-suspender-contratos-e-reduzir-salarios-e-jornada\/","og_site_name":"Bahia Economica","article_publisher":"https:\/\/www.facebook.com\/bahiaeconomica","article_published_time":"2020-04-02T13:24:18+00:00","article_modified_time":"2020-04-02T13:39:28+00:00","og_image":[{"width":500,"height":300,"url":"https:\/\/bahiaeconomica.com.br\/wp\/wp-content\/uploads\/2019\/11\/desemprego-foto-reproducao-getty-images.jpg","type":"image\/jpeg"}],"author":"admin","twitter_card":"summary_large_image","twitter_misc":{"Escrito por":"admin","Est. tempo de leitura":"2 minutos"},"schema":{"@context":"https:\/\/schema.org","@graph":[{"@type":"Article","@id":"https:\/\/bahiaeconomica.com.br\/wp\/2020\/04\/02\/empregadores-ja-podem-a-partir-de-hoje-suspender-contratos-e-reduzir-salarios-e-jornada\/#article","isPartOf":{"@id":"https:\/\/bahiaeconomica.com.br\/wp\/2020\/04\/02\/empregadores-ja-podem-a-partir-de-hoje-suspender-contratos-e-reduzir-salarios-e-jornada\/"},"author":{"name":"admin","@id":"https:\/\/bahiaeconomica.com.br\/wp\/#\/schema\/person\/cb1ab5ba96ad3d9390805381c76284ec"},"headline":"EMPREGADORES J\u00c1 PODEM A PARTIR DE HOJE SUSPENDER CONTRATOS E REDUZIR SAL\u00c1RIOS E JORNADA","datePublished":"2020-04-02T13:24:18+00:00","dateModified":"2020-04-02T13:39:28+00:00","mainEntityOfPage":{"@id":"https:\/\/bahiaeconomica.com.br\/wp\/2020\/04\/02\/empregadores-ja-podem-a-partir-de-hoje-suspender-contratos-e-reduzir-salarios-e-jornada\/"},"wordCount":370,"publisher":{"@id":"https:\/\/bahiaeconomica.com.br\/wp\/#organization"},"articleSection":["ECONOMIA \/ POL\u00cdTICA"],"inLanguage":"pt-BR"},{"@type":"WebPage","@id":"https:\/\/bahiaeconomica.com.br\/wp\/2020\/04\/02\/empregadores-ja-podem-a-partir-de-hoje-suspender-contratos-e-reduzir-salarios-e-jornada\/","url":"https:\/\/bahiaeconomica.com.br\/wp\/2020\/04\/02\/empregadores-ja-podem-a-partir-de-hoje-suspender-contratos-e-reduzir-salarios-e-jornada\/","name":"EMPREGADORES J\u00c1 PODEM A PARTIR DE HOJE SUSPENDER CONTRATOS E REDUZIR SAL\u00c1RIOS E JORNADA - Bahia Economica","isPartOf":{"@id":"https:\/\/bahiaeconomica.com.br\/wp\/#website"},"datePublished":"2020-04-02T13:24:18+00:00","dateModified":"2020-04-02T13:39:28+00:00","description":"O maior portal de Economia da Bahia ECONOMIA \/ POL\u00cdTICA Bahia Economica","breadcrumb":{"@id":"https:\/\/bahiaeconomica.com.br\/wp\/2020\/04\/02\/empregadores-ja-podem-a-partir-de-hoje-suspender-contratos-e-reduzir-salarios-e-jornada\/#breadcrumb"},"inLanguage":"pt-BR","potentialAction":[{"@type":"ReadAction","target":["https:\/\/bahiaeconomica.com.br\/wp\/2020\/04\/02\/empregadores-ja-podem-a-partir-de-hoje-suspender-contratos-e-reduzir-salarios-e-jornada\/"]}]},{"@type":"BreadcrumbList","@id":"https:\/\/bahiaeconomica.com.br\/wp\/2020\/04\/02\/empregadores-ja-podem-a-partir-de-hoje-suspender-contratos-e-reduzir-salarios-e-jornada\/#breadcrumb","itemListElement":[{"@type":"ListItem","position":1,"name":"In\u00edcio","item":"https:\/\/bahiaeconomica.com.br\/wp\/"},{"@type":"ListItem","position":2,"name":"EMPREGADORES J\u00c1 PODEM A PARTIR DE HOJE SUSPENDER CONTRATOS E REDUZIR SAL\u00c1RIOS E JORNADA"}]},{"@type":"WebSite","@id":"https:\/\/bahiaeconomica.com.br\/wp\/#website","url":"https:\/\/bahiaeconomica.com.br\/wp\/","name":"Bahia Economica","description":"O maior portal de Economia da Bahia","publisher":{"@id":"https:\/\/bahiaeconomica.com.br\/wp\/#organization"},"potentialAction":[{"@type":"SearchAction","target":{"@type":"EntryPoint","urlTemplate":"https:\/\/bahiaeconomica.com.br\/wp\/?s={search_term_string}"},"query-input":"required name=search_term_string"}],"inLanguage":"pt-BR"},{"@type":"Organization","@id":"https:\/\/bahiaeconomica.com.br\/wp\/#organization","name":"Bahia Econ\u00f4mica","url":"https:\/\/bahiaeconomica.com.br\/wp\/","logo":{"@type":"ImageObject","inLanguage":"pt-BR","@id":"https:\/\/bahiaeconomica.com.br\/wp\/#\/schema\/logo\/image\/","url":"https:\/\/bahiaeconomica.com.br\/wp\/wp-content\/uploads\/2020\/12\/cropped-BE.png","contentUrl":"https:\/\/bahiaeconomica.com.br\/wp\/wp-content\/uploads\/2020\/12\/cropped-BE.png","width":512,"height":512,"caption":"Bahia Econ\u00f4mica"},"image":{"@id":"https:\/\/bahiaeconomica.com.br\/wp\/#\/schema\/logo\/image\/"},"sameAs":["https:\/\/www.facebook.com\/bahiaeconomica"]},{"@type":"Person","@id":"https:\/\/bahiaeconomica.com.br\/wp\/#\/schema\/person\/cb1ab5ba96ad3d9390805381c76284ec","name":"admin","url":"https:\/\/bahiaeconomica.com.br\/wp\/author\/admin\/"}]}},"views":0,"_links":{"self":[{"href":"https:\/\/bahiaeconomica.com.br\/wp\/wp-json\/wp\/v2\/posts\/450953"}],"collection":[{"href":"https:\/\/bahiaeconomica.com.br\/wp\/wp-json\/wp\/v2\/posts"}],"about":[{"href":"https:\/\/bahiaeconomica.com.br\/wp\/wp-json\/wp\/v2\/types\/post"}],"author":[{"embeddable":true,"href":"https:\/\/bahiaeconomica.com.br\/wp\/wp-json\/wp\/v2\/users\/1"}],"replies":[{"embeddable":true,"href":"https:\/\/bahiaeconomica.com.br\/wp\/wp-json\/wp\/v2\/comments?post=450953"}],"version-history":[{"count":2,"href":"https:\/\/bahiaeconomica.com.br\/wp\/wp-json\/wp\/v2\/posts\/450953\/revisions"}],"predecessor-version":[{"id":450958,"href":"https:\/\/bahiaeconomica.com.br\/wp\/wp-json\/wp\/v2\/posts\/450953\/revisions\/450958"}],"wp:featuredmedia":[{"embeddable":true,"href":"https:\/\/bahiaeconomica.com.br\/wp\/wp-json\/wp\/v2\/media\/421233"}],"wp:attachment":[{"href":"https:\/\/bahiaeconomica.com.br\/wp\/wp-json\/wp\/v2\/media?parent=450953"}],"wp:term":[{"taxonomy":"category","embeddable":true,"href":"https:\/\/bahiaeconomica.com.br\/wp\/wp-json\/wp\/v2\/categories?post=450953"},{"taxonomy":"post_tag","embeddable":true,"href":"https:\/\/bahiaeconomica.com.br\/wp\/wp-json\/wp\/v2\/tags?post=450953"}],"curies":[{"name":"wp","href":"https:\/\/api.w.org\/{rel}","templated":true}]}}