{"id":450515,"date":"2020-04-01T08:15:25","date_gmt":"2020-04-01T11:15:25","guid":{"rendered":"https:\/\/bahiaeconomica.com.br\/wp\/beta\/?p=450515"},"modified":"2020-04-01T07:26:21","modified_gmt":"2020-04-01T10:26:21","slug":"governo-renova-fechamento-da-fronteira-com-a-venezuela-por-mais-30-dias","status":"publish","type":"post","link":"https:\/\/bahiaeconomica.com.br\/wp\/2020\/04\/01\/governo-renova-fechamento-da-fronteira-com-a-venezuela-por-mais-30-dias\/","title":{"rendered":"BRASIL RENOVA FECHAMENTO DA FRONTEIRA COM A VENEZUELA"},"content":{"rendered":"<p>O governo federal renovou por trinta dias o fechamento da fronteira com a Venezuela em raz\u00e3o do coronav\u00edrus. A portaria assinada por quatro ministros sustenta que o sistema de sa\u00fade brasileiro teria dificuldade em comportar o tratamento de estrangeiros infectados pelo novo v\u00edrus. A medida, que j\u00e1 estava em vigor desde 17 de mar\u00e7o, impede o acesso por rodovias ou outros meios terrestres.<\/p>\n<p>A portaria 158 leva em considera\u00e7\u00e3o a declara\u00e7\u00e3o de emerg\u00eancia em sa\u00fade p\u00fablica pela Organiza\u00e7\u00e3o Mundial da Sa\u00fade e tamb\u00e9m considera a &#8220;necessidade de dar efetividade \u00e0s medidas de sa\u00fade para resposta \u00e0 pandemia&#8221;. O documento n\u00e3o se aplica a brasileiros (natos ou naturalizados), a estrangeiro de organismos internacionais e \u00e0queles cujo ingresso seja autorizado em vista do interesse p\u00fablico.<\/p>\n<p>A decis\u00e3o n\u00e3o impede o tr\u00e1fego do transporte rodovi\u00e1rio de cargas. O descumprimento do previsto na portaria pode implicar em deporta\u00e7\u00e3o imediata do infrator. As fronteiras com outros pa\u00edses vizinhos tamb\u00e9m foram fechadas por decis\u00e3o do governo h\u00e1 duas semanas e a expectativa \u00e9 que a gest\u00e3o do presidente Jair Bolsonaro analise em breve a renova\u00e7\u00e3o desses bloqueios. Na semana passada, medida similar foi tomada quanto aos estrangeiros de todas as nacionalidades que chegam por via a\u00e9rea. Nesse caso, o transporte de cargas tamb\u00e9m n\u00e3o est\u00e1 englobado.<\/p>\n<p>Foto: divulga\u00e7\u00e3o<\/p>\n","protected":false},"excerpt":{"rendered":"<p>O governo federal renovou por trinta dias o fechamento da fronteira com a Venezuela em raz\u00e3o do coronav\u00edrus. A portaria assinada por quatro ministros sustenta que o sistema de sa\u00fade brasileiro teria dificuldade em comportar o tratamento de estrangeiros infectados pelo novo v\u00edrus. A medida, que j\u00e1 estava em vigor desde 17 de mar\u00e7o, impede [&hellip;]<\/p>\n","protected":false},"author":1,"featured_media":247266,"comment_status":"closed","ping_status":"closed","sticky":false,"template":"","format":"standard","meta":[],"categories":[14,3],"tags":[],"acf":[],"yoast_head":"<!-- This site is optimized with the Yoast SEO plugin v20.8 - https:\/\/yoast.com\/wordpress\/plugins\/seo\/ -->\n<title>BRASIL RENOVA FECHAMENTO DA FRONTEIRA COM A VENEZUELA - Bahia Economica<\/title>\n<meta name=\"description\" content=\"O maior portal de Economia da Bahia DESTAQUE DO DIA, ECONOMIA \/ POL\u00cdTICA Bahia Economica\" \/>\n<meta name=\"robots\" content=\"index, follow, max-snippet:-1, max-image-preview:large, max-video-preview:-1\" \/>\n<link rel=\"canonical\" href=\"https:\/\/bahiaeconomica.com.br\/wp\/2020\/04\/01\/governo-renova-fechamento-da-fronteira-com-a-venezuela-por-mais-30-dias\/\" \/>\n<meta property=\"og:locale\" content=\"pt_BR\" \/>\n<meta property=\"og:type\" content=\"article\" \/>\n<meta property=\"og:title\" content=\"BRASIL RENOVA FECHAMENTO DA FRONTEIRA COM A VENEZUELA - Bahia Economica\" \/>\n<meta property=\"og:description\" content=\"O maior portal de Economia da Bahia DESTAQUE DO DIA, ECONOMIA \/ POL\u00cdTICA Bahia Economica\" \/>\n<meta property=\"og:url\" content=\"https:\/\/bahiaeconomica.com.br\/wp\/2020\/04\/01\/governo-renova-fechamento-da-fronteira-com-a-venezuela-por-mais-30-dias\/\" \/>\n<meta property=\"og:site_name\" content=\"Bahia Economica\" \/>\n<meta property=\"article:publisher\" content=\"https:\/\/www.facebook.com\/bahiaeconomica\" \/>\n<meta property=\"article:published_time\" content=\"2020-04-01T11:15:25+00:00\" \/>\n<meta property=\"article:modified_time\" content=\"2020-04-01T10:26:21+00:00\" \/>\n<meta property=\"og:image\" content=\"https:\/\/bahiaeconomica.com.br\/wp\/wp-content\/uploads\/2019\/01\/67426maduro-pede-encontro-cara-a-cara-com-trump-3-e1547858863196.jpg\" \/>\n\t<meta property=\"og:image:width\" content=\"500\" \/>\n\t<meta property=\"og:image:height\" content=\"235\" \/>\n\t<meta property=\"og:image:type\" content=\"image\/jpeg\" \/>\n<meta name=\"author\" content=\"admin\" \/>\n<meta name=\"twitter:card\" content=\"summary_large_image\" \/>\n<meta name=\"twitter:label1\" content=\"Escrito por\" \/>\n\t<meta name=\"twitter:data1\" content=\"admin\" \/>\n\t<meta name=\"twitter:label2\" content=\"Est. tempo de leitura\" \/>\n\t<meta name=\"twitter:data2\" content=\"1 minuto\" \/>\n<script type=\"application\/ld+json\" class=\"yoast-schema-graph\">{\"@context\":\"https:\/\/schema.org\",\"@graph\":[{\"@type\":\"Article\",\"@id\":\"https:\/\/bahiaeconomica.com.br\/wp\/2020\/04\/01\/governo-renova-fechamento-da-fronteira-com-a-venezuela-por-mais-30-dias\/#article\",\"isPartOf\":{\"@id\":\"https:\/\/bahiaeconomica.com.br\/wp\/2020\/04\/01\/governo-renova-fechamento-da-fronteira-com-a-venezuela-por-mais-30-dias\/\"},\"author\":{\"name\":\"admin\",\"@id\":\"https:\/\/bahiaeconomica.com.br\/wp\/#\/schema\/person\/cb1ab5ba96ad3d9390805381c76284ec\"},\"headline\":\"BRASIL RENOVA FECHAMENTO DA FRONTEIRA COM A VENEZUELA\",\"datePublished\":\"2020-04-01T11:15:25+00:00\",\"dateModified\":\"2020-04-01T10:26:21+00:00\",\"mainEntityOfPage\":{\"@id\":\"https:\/\/bahiaeconomica.com.br\/wp\/2020\/04\/01\/governo-renova-fechamento-da-fronteira-com-a-venezuela-por-mais-30-dias\/\"},\"wordCount\":246,\"publisher\":{\"@id\":\"https:\/\/bahiaeconomica.com.br\/wp\/#organization\"},\"articleSection\":[\"DESTAQUE DO DIA\",\"ECONOMIA \/ POL\u00cdTICA\"],\"inLanguage\":\"pt-BR\"},{\"@type\":\"WebPage\",\"@id\":\"https:\/\/bahiaeconomica.com.br\/wp\/2020\/04\/01\/governo-renova-fechamento-da-fronteira-com-a-venezuela-por-mais-30-dias\/\",\"url\":\"https:\/\/bahiaeconomica.com.br\/wp\/2020\/04\/01\/governo-renova-fechamento-da-fronteira-com-a-venezuela-por-mais-30-dias\/\",\"name\":\"BRASIL RENOVA FECHAMENTO DA FRONTEIRA COM A VENEZUELA - Bahia Economica\",\"isPartOf\":{\"@id\":\"https:\/\/bahiaeconomica.com.br\/wp\/#website\"},\"datePublished\":\"2020-04-01T11:15:25+00:00\",\"dateModified\":\"2020-04-01T10:26:21+00:00\",\"description\":\"O maior portal de Economia da Bahia DESTAQUE DO DIA, ECONOMIA \/ POL\u00cdTICA Bahia Economica\",\"breadcrumb\":{\"@id\":\"https:\/\/bahiaeconomica.com.br\/wp\/2020\/04\/01\/governo-renova-fechamento-da-fronteira-com-a-venezuela-por-mais-30-dias\/#breadcrumb\"},\"inLanguage\":\"pt-BR\",\"potentialAction\":[{\"@type\":\"ReadAction\",\"target\":[\"https:\/\/bahiaeconomica.com.br\/wp\/2020\/04\/01\/governo-renova-fechamento-da-fronteira-com-a-venezuela-por-mais-30-dias\/\"]}]},{\"@type\":\"BreadcrumbList\",\"@id\":\"https:\/\/bahiaeconomica.com.br\/wp\/2020\/04\/01\/governo-renova-fechamento-da-fronteira-com-a-venezuela-por-mais-30-dias\/#breadcrumb\",\"itemListElement\":[{\"@type\":\"ListItem\",\"position\":1,\"name\":\"In\u00edcio\",\"item\":\"https:\/\/bahiaeconomica.com.br\/wp\/\"},{\"@type\":\"ListItem\",\"position\":2,\"name\":\"BRASIL RENOVA FECHAMENTO DA FRONTEIRA COM A VENEZUELA\"}]},{\"@type\":\"WebSite\",\"@id\":\"https:\/\/bahiaeconomica.com.br\/wp\/#website\",\"url\":\"https:\/\/bahiaeconomica.com.br\/wp\/\",\"name\":\"Bahia Economica\",\"description\":\"O maior portal de Economia da Bahia\",\"publisher\":{\"@id\":\"https:\/\/bahiaeconomica.com.br\/wp\/#organization\"},\"potentialAction\":[{\"@type\":\"SearchAction\",\"target\":{\"@type\":\"EntryPoint\",\"urlTemplate\":\"https:\/\/bahiaeconomica.com.br\/wp\/?s={search_term_string}\"},\"query-input\":\"required name=search_term_string\"}],\"inLanguage\":\"pt-BR\"},{\"@type\":\"Organization\",\"@id\":\"https:\/\/bahiaeconomica.com.br\/wp\/#organization\",\"name\":\"Bahia Econ\u00f4mica\",\"url\":\"https:\/\/bahiaeconomica.com.br\/wp\/\",\"logo\":{\"@type\":\"ImageObject\",\"inLanguage\":\"pt-BR\",\"@id\":\"https:\/\/bahiaeconomica.com.br\/wp\/#\/schema\/logo\/image\/\",\"url\":\"https:\/\/bahiaeconomica.com.br\/wp\/wp-content\/uploads\/2020\/12\/cropped-BE.png\",\"contentUrl\":\"https:\/\/bahiaeconomica.com.br\/wp\/wp-content\/uploads\/2020\/12\/cropped-BE.png\",\"width\":512,\"height\":512,\"caption\":\"Bahia Econ\u00f4mica\"},\"image\":{\"@id\":\"https:\/\/bahiaeconomica.com.br\/wp\/#\/schema\/logo\/image\/\"},\"sameAs\":[\"https:\/\/www.facebook.com\/bahiaeconomica\"]},{\"@type\":\"Person\",\"@id\":\"https:\/\/bahiaeconomica.com.br\/wp\/#\/schema\/person\/cb1ab5ba96ad3d9390805381c76284ec\",\"name\":\"admin\",\"url\":\"https:\/\/bahiaeconomica.com.br\/wp\/author\/admin\/\"}]}<\/script>\n<!-- \/ Yoast SEO plugin. -->","yoast_head_json":{"title":"BRASIL RENOVA FECHAMENTO DA FRONTEIRA COM A VENEZUELA - Bahia Economica","description":"O maior portal de Economia da Bahia DESTAQUE DO DIA, ECONOMIA \/ POL\u00cdTICA Bahia Economica","robots":{"index":"index","follow":"follow","max-snippet":"max-snippet:-1","max-image-preview":"max-image-preview:large","max-video-preview":"max-video-preview:-1"},"canonical":"https:\/\/bahiaeconomica.com.br\/wp\/2020\/04\/01\/governo-renova-fechamento-da-fronteira-com-a-venezuela-por-mais-30-dias\/","og_locale":"pt_BR","og_type":"article","og_title":"BRASIL RENOVA FECHAMENTO DA FRONTEIRA COM A VENEZUELA - Bahia Economica","og_description":"O maior portal de Economia da Bahia DESTAQUE DO DIA, ECONOMIA \/ POL\u00cdTICA Bahia Economica","og_url":"https:\/\/bahiaeconomica.com.br\/wp\/2020\/04\/01\/governo-renova-fechamento-da-fronteira-com-a-venezuela-por-mais-30-dias\/","og_site_name":"Bahia Economica","article_publisher":"https:\/\/www.facebook.com\/bahiaeconomica","article_published_time":"2020-04-01T11:15:25+00:00","article_modified_time":"2020-04-01T10:26:21+00:00","og_image":[{"width":500,"height":235,"url":"https:\/\/bahiaeconomica.com.br\/wp\/wp-content\/uploads\/2019\/01\/67426maduro-pede-encontro-cara-a-cara-com-trump-3-e1547858863196.jpg","type":"image\/jpeg"}],"author":"admin","twitter_card":"summary_large_image","twitter_misc":{"Escrito por":"admin","Est. tempo de leitura":"1 minuto"},"schema":{"@context":"https:\/\/schema.org","@graph":[{"@type":"Article","@id":"https:\/\/bahiaeconomica.com.br\/wp\/2020\/04\/01\/governo-renova-fechamento-da-fronteira-com-a-venezuela-por-mais-30-dias\/#article","isPartOf":{"@id":"https:\/\/bahiaeconomica.com.br\/wp\/2020\/04\/01\/governo-renova-fechamento-da-fronteira-com-a-venezuela-por-mais-30-dias\/"},"author":{"name":"admin","@id":"https:\/\/bahiaeconomica.com.br\/wp\/#\/schema\/person\/cb1ab5ba96ad3d9390805381c76284ec"},"headline":"BRASIL RENOVA FECHAMENTO DA FRONTEIRA COM A VENEZUELA","datePublished":"2020-04-01T11:15:25+00:00","dateModified":"2020-04-01T10:26:21+00:00","mainEntityOfPage":{"@id":"https:\/\/bahiaeconomica.com.br\/wp\/2020\/04\/01\/governo-renova-fechamento-da-fronteira-com-a-venezuela-por-mais-30-dias\/"},"wordCount":246,"publisher":{"@id":"https:\/\/bahiaeconomica.com.br\/wp\/#organization"},"articleSection":["DESTAQUE DO DIA","ECONOMIA \/ POL\u00cdTICA"],"inLanguage":"pt-BR"},{"@type":"WebPage","@id":"https:\/\/bahiaeconomica.com.br\/wp\/2020\/04\/01\/governo-renova-fechamento-da-fronteira-com-a-venezuela-por-mais-30-dias\/","url":"https:\/\/bahiaeconomica.com.br\/wp\/2020\/04\/01\/governo-renova-fechamento-da-fronteira-com-a-venezuela-por-mais-30-dias\/","name":"BRASIL RENOVA FECHAMENTO DA FRONTEIRA COM A VENEZUELA - Bahia Economica","isPartOf":{"@id":"https:\/\/bahiaeconomica.com.br\/wp\/#website"},"datePublished":"2020-04-01T11:15:25+00:00","dateModified":"2020-04-01T10:26:21+00:00","description":"O maior portal de Economia da Bahia DESTAQUE DO DIA, ECONOMIA \/ POL\u00cdTICA Bahia Economica","breadcrumb":{"@id":"https:\/\/bahiaeconomica.com.br\/wp\/2020\/04\/01\/governo-renova-fechamento-da-fronteira-com-a-venezuela-por-mais-30-dias\/#breadcrumb"},"inLanguage":"pt-BR","potentialAction":[{"@type":"ReadAction","target":["https:\/\/bahiaeconomica.com.br\/wp\/2020\/04\/01\/governo-renova-fechamento-da-fronteira-com-a-venezuela-por-mais-30-dias\/"]}]},{"@type":"BreadcrumbList","@id":"https:\/\/bahiaeconomica.com.br\/wp\/2020\/04\/01\/governo-renova-fechamento-da-fronteira-com-a-venezuela-por-mais-30-dias\/#breadcrumb","itemListElement":[{"@type":"ListItem","position":1,"name":"In\u00edcio","item":"https:\/\/bahiaeconomica.com.br\/wp\/"},{"@type":"ListItem","position":2,"name":"BRASIL RENOVA FECHAMENTO DA FRONTEIRA COM A VENEZUELA"}]},{"@type":"WebSite","@id":"https:\/\/bahiaeconomica.com.br\/wp\/#website","url":"https:\/\/bahiaeconomica.com.br\/wp\/","name":"Bahia Economica","description":"O maior portal de Economia da Bahia","publisher":{"@id":"https:\/\/bahiaeconomica.com.br\/wp\/#organization"},"potentialAction":[{"@type":"SearchAction","target":{"@type":"EntryPoint","urlTemplate":"https:\/\/bahiaeconomica.com.br\/wp\/?s={search_term_string}"},"query-input":"required name=search_term_string"}],"inLanguage":"pt-BR"},{"@type":"Organization","@id":"https:\/\/bahiaeconomica.com.br\/wp\/#organization","name":"Bahia Econ\u00f4mica","url":"https:\/\/bahiaeconomica.com.br\/wp\/","logo":{"@type":"ImageObject","inLanguage":"pt-BR","@id":"https:\/\/bahiaeconomica.com.br\/wp\/#\/schema\/logo\/image\/","url":"https:\/\/bahiaeconomica.com.br\/wp\/wp-content\/uploads\/2020\/12\/cropped-BE.png","contentUrl":"https:\/\/bahiaeconomica.com.br\/wp\/wp-content\/uploads\/2020\/12\/cropped-BE.png","width":512,"height":512,"caption":"Bahia Econ\u00f4mica"},"image":{"@id":"https:\/\/bahiaeconomica.com.br\/wp\/#\/schema\/logo\/image\/"},"sameAs":["https:\/\/www.facebook.com\/bahiaeconomica"]},{"@type":"Person","@id":"https:\/\/bahiaeconomica.com.br\/wp\/#\/schema\/person\/cb1ab5ba96ad3d9390805381c76284ec","name":"admin","url":"https:\/\/bahiaeconomica.com.br\/wp\/author\/admin\/"}]}},"views":3,"_links":{"self":[{"href":"https:\/\/bahiaeconomica.com.br\/wp\/wp-json\/wp\/v2\/posts\/450515"}],"collection":[{"href":"https:\/\/bahiaeconomica.com.br\/wp\/wp-json\/wp\/v2\/posts"}],"about":[{"href":"https:\/\/bahiaeconomica.com.br\/wp\/wp-json\/wp\/v2\/types\/post"}],"author":[{"embeddable":true,"href":"https:\/\/bahiaeconomica.com.br\/wp\/wp-json\/wp\/v2\/users\/1"}],"replies":[{"embeddable":true,"href":"https:\/\/bahiaeconomica.com.br\/wp\/wp-json\/wp\/v2\/comments?post=450515"}],"version-history":[{"count":2,"href":"https:\/\/bahiaeconomica.com.br\/wp\/wp-json\/wp\/v2\/posts\/450515\/revisions"}],"predecessor-version":[{"id":450551,"href":"https:\/\/bahiaeconomica.com.br\/wp\/wp-json\/wp\/v2\/posts\/450515\/revisions\/450551"}],"wp:featuredmedia":[{"embeddable":true,"href":"https:\/\/bahiaeconomica.com.br\/wp\/wp-json\/wp\/v2\/media\/247266"}],"wp:attachment":[{"href":"https:\/\/bahiaeconomica.com.br\/wp\/wp-json\/wp\/v2\/media?parent=450515"}],"wp:term":[{"taxonomy":"category","embeddable":true,"href":"https:\/\/bahiaeconomica.com.br\/wp\/wp-json\/wp\/v2\/categories?post=450515"},{"taxonomy":"post_tag","embeddable":true,"href":"https:\/\/bahiaeconomica.com.br\/wp\/wp-json\/wp\/v2\/tags?post=450515"}],"curies":[{"name":"wp","href":"https:\/\/api.w.org\/{rel}","templated":true}]}}