{"id":449512,"date":"2020-03-27T11:40:51","date_gmt":"2020-03-27T14:40:51","guid":{"rendered":"https:\/\/bahiaeconomica.com.br\/wp\/beta\/?p=449512"},"modified":"2020-03-27T11:55:49","modified_gmt":"2020-03-27T14:55:49","slug":"quarentena-bolsonaro-diz-que-governadores-e-prefeitos-vao-ter-que-pagar-encargos-trabalhistas","status":"publish","type":"post","link":"https:\/\/bahiaeconomica.com.br\/wp\/2020\/03\/27\/quarentena-bolsonaro-diz-que-governadores-e-prefeitos-vao-ter-que-pagar-encargos-trabalhistas\/","title":{"rendered":"QUARENTENA: BOLSONARO IRONIZA QUE GOVERNADORES E PREFEITOS V\u00c3O TER QUE PAGAR ENCARGOS TRABALHISTAS"},"content":{"rendered":"<p>O presidente Jair Bolsonaro afirmou na manh\u00e3 desta sexta-feira (27), na entrada do Pal\u00e1cio da Alvorada, que governadores e prefeitos que determinarem o fechamento<!--more--> obrigat\u00f3rio de estabelecimentos comerciais por conta do novo coronav\u00edrus ter\u00e3o que pagar os encargos trabalhistas durante a suspens\u00e3o.<\/p>\n<p>\u201cVi uma not\u00edcia na imprensa que o Ibaneis [governador do Distrito Federal] vai abrir tudo segunda-feira, \u00e9 isso? Olha a minha cara de tristeza aqui\u201d, ironizou.<\/p>\n<p>\u201c\u00d3, tem um artigo na CLT que diz que todo empres\u00e1rio, comerciante, etc., que for obrigado a fechar seu estabelecimento por decis\u00e3o do respectivo chefe do Executivo, os encargos trabalhistas quem paga \u00e9 o governador e o prefeito, t\u00e1 ok? Fecharam tudo. Era uma competi\u00e7\u00e3o quem ia fechar mais\u201d, complementou.<\/p>\n<p>Segundo informa\u00e7\u00f5es de O Globo, o governador Ibaneis Rocha (MDB) disse que a informa\u00e7\u00e3o do presidente \u00e9 &#8220;fake&#8221; e que ele n\u00e3o para de provocar. \u201cEu sigo por aqui firme cuidando do meu povo e contando com o apoio do governo federal\u201d, declarou.<\/p>\n<p>Sobre a men\u00e7\u00e3o \u00e0 CLT, Ibaneis, que \u00e9 advogado trabalhista, disse n\u00e3o conhecer o suposto artigo citado por Bolsonaro. \u201cN\u00e3o conhe\u00e7o esse artigo, mas vindo de um presidente da Rep\u00fablica ele deve saber o que fala. Ou n\u00e3o\u201d, comentou o governador.<\/p>\n<p>Foto: Carolina Antunes\/ PR<\/p>\n","protected":false},"excerpt":{"rendered":"<p>O presidente Jair Bolsonaro afirmou na manh\u00e3 desta sexta-feira (27), na entrada do Pal\u00e1cio da Alvorada, que governadores e prefeitos que determinarem o fechamento<\/p>\n","protected":false},"author":1,"featured_media":449517,"comment_status":"closed","ping_status":"closed","sticky":false,"template":"","format":"standard","meta":[],"categories":[3],"tags":[],"acf":[],"yoast_head":"<!-- This site is optimized with the Yoast SEO plugin v20.8 - https:\/\/yoast.com\/wordpress\/plugins\/seo\/ -->\n<title>QUARENTENA: BOLSONARO IRONIZA QUE GOVERNADORES E PREFEITOS V\u00c3O TER QUE PAGAR ENCARGOS TRABALHISTAS - Bahia Economica<\/title>\n<meta name=\"description\" content=\"O maior portal de Economia da Bahia ECONOMIA \/ POL\u00cdTICA Bahia Economica\" \/>\n<meta name=\"robots\" content=\"index, follow, max-snippet:-1, max-image-preview:large, max-video-preview:-1\" \/>\n<link rel=\"canonical\" href=\"https:\/\/bahiaeconomica.com.br\/wp\/2020\/03\/27\/quarentena-bolsonaro-diz-que-governadores-e-prefeitos-vao-ter-que-pagar-encargos-trabalhistas\/\" \/>\n<meta property=\"og:locale\" content=\"pt_BR\" \/>\n<meta property=\"og:type\" content=\"article\" \/>\n<meta property=\"og:title\" content=\"QUARENTENA: BOLSONARO IRONIZA QUE GOVERNADORES E PREFEITOS V\u00c3O TER QUE PAGAR ENCARGOS TRABALHISTAS - Bahia Economica\" \/>\n<meta property=\"og:description\" content=\"O maior portal de Economia da Bahia ECONOMIA \/ POL\u00cdTICA Bahia Economica\" \/>\n<meta property=\"og:url\" content=\"https:\/\/bahiaeconomica.com.br\/wp\/2020\/03\/27\/quarentena-bolsonaro-diz-que-governadores-e-prefeitos-vao-ter-que-pagar-encargos-trabalhistas\/\" \/>\n<meta property=\"og:site_name\" content=\"Bahia Economica\" \/>\n<meta property=\"article:publisher\" content=\"https:\/\/www.facebook.com\/bahiaeconomica\" \/>\n<meta property=\"article:published_time\" content=\"2020-03-27T14:40:51+00:00\" \/>\n<meta property=\"article:modified_time\" content=\"2020-03-27T14:55:49+00:00\" \/>\n<meta property=\"og:image\" content=\"https:\/\/bahiaeconomica.com.br\/wp\/wp-content\/uploads\/2020\/03\/Jair-Bolsonaro-Foto_-Carolina-Antunes-PR-1.jpg\" \/>\n\t<meta property=\"og:image:width\" content=\"500\" \/>\n\t<meta property=\"og:image:height\" content=\"300\" \/>\n\t<meta property=\"og:image:type\" content=\"image\/jpeg\" \/>\n<meta name=\"author\" content=\"admin\" \/>\n<meta name=\"twitter:card\" content=\"summary_large_image\" \/>\n<meta name=\"twitter:label1\" content=\"Escrito por\" \/>\n\t<meta name=\"twitter:data1\" content=\"admin\" \/>\n\t<meta name=\"twitter:label2\" content=\"Est. tempo de leitura\" \/>\n\t<meta name=\"twitter:data2\" content=\"1 minuto\" \/>\n<script type=\"application\/ld+json\" class=\"yoast-schema-graph\">{\"@context\":\"https:\/\/schema.org\",\"@graph\":[{\"@type\":\"Article\",\"@id\":\"https:\/\/bahiaeconomica.com.br\/wp\/2020\/03\/27\/quarentena-bolsonaro-diz-que-governadores-e-prefeitos-vao-ter-que-pagar-encargos-trabalhistas\/#article\",\"isPartOf\":{\"@id\":\"https:\/\/bahiaeconomica.com.br\/wp\/2020\/03\/27\/quarentena-bolsonaro-diz-que-governadores-e-prefeitos-vao-ter-que-pagar-encargos-trabalhistas\/\"},\"author\":{\"name\":\"admin\",\"@id\":\"https:\/\/bahiaeconomica.com.br\/wp\/#\/schema\/person\/cb1ab5ba96ad3d9390805381c76284ec\"},\"headline\":\"QUARENTENA: BOLSONARO IRONIZA QUE GOVERNADORES E PREFEITOS V\u00c3O TER QUE PAGAR ENCARGOS TRABALHISTAS\",\"datePublished\":\"2020-03-27T14:40:51+00:00\",\"dateModified\":\"2020-03-27T14:55:49+00:00\",\"mainEntityOfPage\":{\"@id\":\"https:\/\/bahiaeconomica.com.br\/wp\/2020\/03\/27\/quarentena-bolsonaro-diz-que-governadores-e-prefeitos-vao-ter-que-pagar-encargos-trabalhistas\/\"},\"wordCount\":231,\"publisher\":{\"@id\":\"https:\/\/bahiaeconomica.com.br\/wp\/#organization\"},\"articleSection\":[\"ECONOMIA \/ POL\u00cdTICA\"],\"inLanguage\":\"pt-BR\"},{\"@type\":\"WebPage\",\"@id\":\"https:\/\/bahiaeconomica.com.br\/wp\/2020\/03\/27\/quarentena-bolsonaro-diz-que-governadores-e-prefeitos-vao-ter-que-pagar-encargos-trabalhistas\/\",\"url\":\"https:\/\/bahiaeconomica.com.br\/wp\/2020\/03\/27\/quarentena-bolsonaro-diz-que-governadores-e-prefeitos-vao-ter-que-pagar-encargos-trabalhistas\/\",\"name\":\"QUARENTENA: BOLSONARO IRONIZA QUE GOVERNADORES E PREFEITOS V\u00c3O TER QUE PAGAR ENCARGOS TRABALHISTAS - Bahia Economica\",\"isPartOf\":{\"@id\":\"https:\/\/bahiaeconomica.com.br\/wp\/#website\"},\"datePublished\":\"2020-03-27T14:40:51+00:00\",\"dateModified\":\"2020-03-27T14:55:49+00:00\",\"description\":\"O maior portal de Economia da Bahia ECONOMIA \/ POL\u00cdTICA Bahia Economica\",\"breadcrumb\":{\"@id\":\"https:\/\/bahiaeconomica.com.br\/wp\/2020\/03\/27\/quarentena-bolsonaro-diz-que-governadores-e-prefeitos-vao-ter-que-pagar-encargos-trabalhistas\/#breadcrumb\"},\"inLanguage\":\"pt-BR\",\"potentialAction\":[{\"@type\":\"ReadAction\",\"target\":[\"https:\/\/bahiaeconomica.com.br\/wp\/2020\/03\/27\/quarentena-bolsonaro-diz-que-governadores-e-prefeitos-vao-ter-que-pagar-encargos-trabalhistas\/\"]}]},{\"@type\":\"BreadcrumbList\",\"@id\":\"https:\/\/bahiaeconomica.com.br\/wp\/2020\/03\/27\/quarentena-bolsonaro-diz-que-governadores-e-prefeitos-vao-ter-que-pagar-encargos-trabalhistas\/#breadcrumb\",\"itemListElement\":[{\"@type\":\"ListItem\",\"position\":1,\"name\":\"In\u00edcio\",\"item\":\"https:\/\/bahiaeconomica.com.br\/wp\/\"},{\"@type\":\"ListItem\",\"position\":2,\"name\":\"QUARENTENA: BOLSONARO IRONIZA QUE GOVERNADORES E PREFEITOS V\u00c3O TER QUE PAGAR ENCARGOS TRABALHISTAS\"}]},{\"@type\":\"WebSite\",\"@id\":\"https:\/\/bahiaeconomica.com.br\/wp\/#website\",\"url\":\"https:\/\/bahiaeconomica.com.br\/wp\/\",\"name\":\"Bahia Economica\",\"description\":\"O maior portal de Economia da Bahia\",\"publisher\":{\"@id\":\"https:\/\/bahiaeconomica.com.br\/wp\/#organization\"},\"potentialAction\":[{\"@type\":\"SearchAction\",\"target\":{\"@type\":\"EntryPoint\",\"urlTemplate\":\"https:\/\/bahiaeconomica.com.br\/wp\/?s={search_term_string}\"},\"query-input\":\"required name=search_term_string\"}],\"inLanguage\":\"pt-BR\"},{\"@type\":\"Organization\",\"@id\":\"https:\/\/bahiaeconomica.com.br\/wp\/#organization\",\"name\":\"Bahia Econ\u00f4mica\",\"url\":\"https:\/\/bahiaeconomica.com.br\/wp\/\",\"logo\":{\"@type\":\"ImageObject\",\"inLanguage\":\"pt-BR\",\"@id\":\"https:\/\/bahiaeconomica.com.br\/wp\/#\/schema\/logo\/image\/\",\"url\":\"https:\/\/bahiaeconomica.com.br\/wp\/wp-content\/uploads\/2020\/12\/cropped-BE.png\",\"contentUrl\":\"https:\/\/bahiaeconomica.com.br\/wp\/wp-content\/uploads\/2020\/12\/cropped-BE.png\",\"width\":512,\"height\":512,\"caption\":\"Bahia Econ\u00f4mica\"},\"image\":{\"@id\":\"https:\/\/bahiaeconomica.com.br\/wp\/#\/schema\/logo\/image\/\"},\"sameAs\":[\"https:\/\/www.facebook.com\/bahiaeconomica\"]},{\"@type\":\"Person\",\"@id\":\"https:\/\/bahiaeconomica.com.br\/wp\/#\/schema\/person\/cb1ab5ba96ad3d9390805381c76284ec\",\"name\":\"admin\",\"url\":\"https:\/\/bahiaeconomica.com.br\/wp\/author\/admin\/\"}]}<\/script>\n<!-- \/ Yoast SEO plugin. -->","yoast_head_json":{"title":"QUARENTENA: BOLSONARO IRONIZA QUE GOVERNADORES E PREFEITOS V\u00c3O TER QUE PAGAR ENCARGOS TRABALHISTAS - Bahia Economica","description":"O maior portal de Economia da Bahia ECONOMIA \/ POL\u00cdTICA Bahia Economica","robots":{"index":"index","follow":"follow","max-snippet":"max-snippet:-1","max-image-preview":"max-image-preview:large","max-video-preview":"max-video-preview:-1"},"canonical":"https:\/\/bahiaeconomica.com.br\/wp\/2020\/03\/27\/quarentena-bolsonaro-diz-que-governadores-e-prefeitos-vao-ter-que-pagar-encargos-trabalhistas\/","og_locale":"pt_BR","og_type":"article","og_title":"QUARENTENA: BOLSONARO IRONIZA QUE GOVERNADORES E PREFEITOS V\u00c3O TER QUE PAGAR ENCARGOS TRABALHISTAS - Bahia Economica","og_description":"O maior portal de Economia da Bahia ECONOMIA \/ POL\u00cdTICA Bahia Economica","og_url":"https:\/\/bahiaeconomica.com.br\/wp\/2020\/03\/27\/quarentena-bolsonaro-diz-que-governadores-e-prefeitos-vao-ter-que-pagar-encargos-trabalhistas\/","og_site_name":"Bahia Economica","article_publisher":"https:\/\/www.facebook.com\/bahiaeconomica","article_published_time":"2020-03-27T14:40:51+00:00","article_modified_time":"2020-03-27T14:55:49+00:00","og_image":[{"width":500,"height":300,"url":"https:\/\/bahiaeconomica.com.br\/wp\/wp-content\/uploads\/2020\/03\/Jair-Bolsonaro-Foto_-Carolina-Antunes-PR-1.jpg","type":"image\/jpeg"}],"author":"admin","twitter_card":"summary_large_image","twitter_misc":{"Escrito por":"admin","Est. tempo de leitura":"1 minuto"},"schema":{"@context":"https:\/\/schema.org","@graph":[{"@type":"Article","@id":"https:\/\/bahiaeconomica.com.br\/wp\/2020\/03\/27\/quarentena-bolsonaro-diz-que-governadores-e-prefeitos-vao-ter-que-pagar-encargos-trabalhistas\/#article","isPartOf":{"@id":"https:\/\/bahiaeconomica.com.br\/wp\/2020\/03\/27\/quarentena-bolsonaro-diz-que-governadores-e-prefeitos-vao-ter-que-pagar-encargos-trabalhistas\/"},"author":{"name":"admin","@id":"https:\/\/bahiaeconomica.com.br\/wp\/#\/schema\/person\/cb1ab5ba96ad3d9390805381c76284ec"},"headline":"QUARENTENA: BOLSONARO IRONIZA QUE GOVERNADORES E PREFEITOS V\u00c3O TER QUE PAGAR ENCARGOS TRABALHISTAS","datePublished":"2020-03-27T14:40:51+00:00","dateModified":"2020-03-27T14:55:49+00:00","mainEntityOfPage":{"@id":"https:\/\/bahiaeconomica.com.br\/wp\/2020\/03\/27\/quarentena-bolsonaro-diz-que-governadores-e-prefeitos-vao-ter-que-pagar-encargos-trabalhistas\/"},"wordCount":231,"publisher":{"@id":"https:\/\/bahiaeconomica.com.br\/wp\/#organization"},"articleSection":["ECONOMIA \/ POL\u00cdTICA"],"inLanguage":"pt-BR"},{"@type":"WebPage","@id":"https:\/\/bahiaeconomica.com.br\/wp\/2020\/03\/27\/quarentena-bolsonaro-diz-que-governadores-e-prefeitos-vao-ter-que-pagar-encargos-trabalhistas\/","url":"https:\/\/bahiaeconomica.com.br\/wp\/2020\/03\/27\/quarentena-bolsonaro-diz-que-governadores-e-prefeitos-vao-ter-que-pagar-encargos-trabalhistas\/","name":"QUARENTENA: BOLSONARO IRONIZA QUE GOVERNADORES E PREFEITOS V\u00c3O TER QUE PAGAR ENCARGOS TRABALHISTAS - Bahia Economica","isPartOf":{"@id":"https:\/\/bahiaeconomica.com.br\/wp\/#website"},"datePublished":"2020-03-27T14:40:51+00:00","dateModified":"2020-03-27T14:55:49+00:00","description":"O maior portal de Economia da Bahia ECONOMIA \/ POL\u00cdTICA Bahia Economica","breadcrumb":{"@id":"https:\/\/bahiaeconomica.com.br\/wp\/2020\/03\/27\/quarentena-bolsonaro-diz-que-governadores-e-prefeitos-vao-ter-que-pagar-encargos-trabalhistas\/#breadcrumb"},"inLanguage":"pt-BR","potentialAction":[{"@type":"ReadAction","target":["https:\/\/bahiaeconomica.com.br\/wp\/2020\/03\/27\/quarentena-bolsonaro-diz-que-governadores-e-prefeitos-vao-ter-que-pagar-encargos-trabalhistas\/"]}]},{"@type":"BreadcrumbList","@id":"https:\/\/bahiaeconomica.com.br\/wp\/2020\/03\/27\/quarentena-bolsonaro-diz-que-governadores-e-prefeitos-vao-ter-que-pagar-encargos-trabalhistas\/#breadcrumb","itemListElement":[{"@type":"ListItem","position":1,"name":"In\u00edcio","item":"https:\/\/bahiaeconomica.com.br\/wp\/"},{"@type":"ListItem","position":2,"name":"QUARENTENA: BOLSONARO IRONIZA QUE GOVERNADORES E PREFEITOS V\u00c3O TER QUE PAGAR ENCARGOS TRABALHISTAS"}]},{"@type":"WebSite","@id":"https:\/\/bahiaeconomica.com.br\/wp\/#website","url":"https:\/\/bahiaeconomica.com.br\/wp\/","name":"Bahia Economica","description":"O maior portal de Economia da Bahia","publisher":{"@id":"https:\/\/bahiaeconomica.com.br\/wp\/#organization"},"potentialAction":[{"@type":"SearchAction","target":{"@type":"EntryPoint","urlTemplate":"https:\/\/bahiaeconomica.com.br\/wp\/?s={search_term_string}"},"query-input":"required name=search_term_string"}],"inLanguage":"pt-BR"},{"@type":"Organization","@id":"https:\/\/bahiaeconomica.com.br\/wp\/#organization","name":"Bahia Econ\u00f4mica","url":"https:\/\/bahiaeconomica.com.br\/wp\/","logo":{"@type":"ImageObject","inLanguage":"pt-BR","@id":"https:\/\/bahiaeconomica.com.br\/wp\/#\/schema\/logo\/image\/","url":"https:\/\/bahiaeconomica.com.br\/wp\/wp-content\/uploads\/2020\/12\/cropped-BE.png","contentUrl":"https:\/\/bahiaeconomica.com.br\/wp\/wp-content\/uploads\/2020\/12\/cropped-BE.png","width":512,"height":512,"caption":"Bahia Econ\u00f4mica"},"image":{"@id":"https:\/\/bahiaeconomica.com.br\/wp\/#\/schema\/logo\/image\/"},"sameAs":["https:\/\/www.facebook.com\/bahiaeconomica"]},{"@type":"Person","@id":"https:\/\/bahiaeconomica.com.br\/wp\/#\/schema\/person\/cb1ab5ba96ad3d9390805381c76284ec","name":"admin","url":"https:\/\/bahiaeconomica.com.br\/wp\/author\/admin\/"}]}},"views":1,"_links":{"self":[{"href":"https:\/\/bahiaeconomica.com.br\/wp\/wp-json\/wp\/v2\/posts\/449512"}],"collection":[{"href":"https:\/\/bahiaeconomica.com.br\/wp\/wp-json\/wp\/v2\/posts"}],"about":[{"href":"https:\/\/bahiaeconomica.com.br\/wp\/wp-json\/wp\/v2\/types\/post"}],"author":[{"embeddable":true,"href":"https:\/\/bahiaeconomica.com.br\/wp\/wp-json\/wp\/v2\/users\/1"}],"replies":[{"embeddable":true,"href":"https:\/\/bahiaeconomica.com.br\/wp\/wp-json\/wp\/v2\/comments?post=449512"}],"version-history":[{"count":4,"href":"https:\/\/bahiaeconomica.com.br\/wp\/wp-json\/wp\/v2\/posts\/449512\/revisions"}],"predecessor-version":[{"id":449518,"href":"https:\/\/bahiaeconomica.com.br\/wp\/wp-json\/wp\/v2\/posts\/449512\/revisions\/449518"}],"wp:featuredmedia":[{"embeddable":true,"href":"https:\/\/bahiaeconomica.com.br\/wp\/wp-json\/wp\/v2\/media\/449517"}],"wp:attachment":[{"href":"https:\/\/bahiaeconomica.com.br\/wp\/wp-json\/wp\/v2\/media?parent=449512"}],"wp:term":[{"taxonomy":"category","embeddable":true,"href":"https:\/\/bahiaeconomica.com.br\/wp\/wp-json\/wp\/v2\/categories?post=449512"},{"taxonomy":"post_tag","embeddable":true,"href":"https:\/\/bahiaeconomica.com.br\/wp\/wp-json\/wp\/v2\/tags?post=449512"}],"curies":[{"name":"wp","href":"https:\/\/api.w.org\/{rel}","templated":true}]}}