{"id":444057,"date":"2020-03-02T19:25:52","date_gmt":"2020-03-02T22:25:52","guid":{"rendered":"https:\/\/bahiaeconomica.com.br\/wp\/beta\/?p=444057"},"modified":"2020-03-02T19:06:52","modified_gmt":"2020-03-02T22:06:52","slug":"bahia-pode-ter-12-milhao-de-declaracoes-do-ir-em-2020","status":"publish","type":"post","link":"https:\/\/bahiaeconomica.com.br\/wp\/2020\/03\/02\/bahia-pode-ter-12-milhao-de-declaracoes-do-ir-em-2020\/","title":{"rendered":"BAHIA PODE TER 1,2 MILH\u00c3O DE DECLARA\u00c7\u00d5ES DO IR EM 2020"},"content":{"rendered":"<p>O prazo de envio da Declara\u00e7\u00e3o do Imposto de Renda 2020 teve in\u00edcio \u00e0s 8h desta segunda-feira (2) e termina<!--more--> \u00e0s 23h59 do dia 30 de abril de 2020. A expectativa nacional \u00e9 de que 32 milh\u00f5es de declara\u00e7\u00f5es sejam enviadas at\u00e9 o final do prazo. Na Bahia, a previs\u00e3o \u00e9 de 1.277.000 declara\u00e7\u00f5es.<\/p>\n<p>Esse ano haver\u00e1 mudan\u00e7a no cronograma de pagamento dos lotes de restitui\u00e7\u00e3o, que iniciar\u00e1 mais cedo e ser\u00e1 reduzido a apenas 5 lotes. O primeiro ser\u00e1 pago em 29 de maio, e os demais lotes, nos dias 30 de junho, 31 de julho, 31 de agosto e 30 de setembro.<\/p>\n<p>Dentre as altera\u00e7\u00f5es no programa desse ano, houve a inclus\u00e3o da aba referente \u00e0 doa\u00e7\u00e3o diretamente na declara\u00e7\u00e3o de parte do imposto devido para os fundos nacional, distrital, estaduais e municipais do idoso.<\/p>\n<p>Os contribuintes que receberam valores iguais ou superiores a 200 mil reais em 2019 dever\u00e3o obrigatoriamente informar n\u00famero do recibo da \u00faltima declara\u00e7\u00e3o apresentada, com exce\u00e7\u00e3o dos que utilizam certificado digital e daqueles que nunca entregaram a declara\u00e7\u00e3o.<\/p>\n<p>Entre os contribuintes que est\u00e3o obrigados a apresentar a declara\u00e7\u00e3o est\u00e3o aqueles que em 2019:<\/p>\n<p>\u2022 Receberam rendimentos tribut\u00e1veis cuja soma foi superior a R$ 28.559,70;<br \/>\n\u2022 Obtiveram receita bruta em rela\u00e7\u00e3o \u00e0 atividade rural superior a R$ 142.798,50;<br \/>\n\u2022 Receberam rendimentos isentos, n\u00e3o tribut\u00e1veis ou tributados exclusivamente na fonte, cuja soma foi superior a R$ 40.000,00;<br \/>\n\u2022 Obtiveram, em qualquer m\u00eas, ganho de capital na aliena\u00e7\u00e3o de bens ou direitos, sujeito \u00e0 incid\u00eancia do imposto, ou realizaram opera\u00e7\u00f5es em bolsas de valores, de mercadorias, de futuros e assemelhadas;<br \/>\n\u2022 Tiveram, em 31 de dezembro, a posse ou a propriedade de bens ou direitos, inclusive terra nua, de valor total superior a R$ 300.000,00.<\/p>\n","protected":false},"excerpt":{"rendered":"<p>O prazo de envio da Declara\u00e7\u00e3o do Imposto de Renda 2020 teve in\u00edcio \u00e0s 8h desta segunda-feira (2) e termina<\/p>\n","protected":false},"author":1,"featured_media":434953,"comment_status":"closed","ping_status":"closed","sticky":false,"template":"","format":"standard","meta":[],"categories":[3],"tags":[],"acf":[],"yoast_head":"<!-- This site is optimized with the Yoast SEO plugin v20.8 - https:\/\/yoast.com\/wordpress\/plugins\/seo\/ -->\n<title>BAHIA PODE TER 1,2 MILH\u00c3O DE DECLARA\u00c7\u00d5ES DO IR EM 2020 - Bahia Economica<\/title>\n<meta name=\"description\" content=\"O maior portal de Economia da Bahia ECONOMIA \/ POL\u00cdTICA Bahia Economica\" \/>\n<meta name=\"robots\" content=\"index, follow, max-snippet:-1, max-image-preview:large, max-video-preview:-1\" \/>\n<link rel=\"canonical\" href=\"https:\/\/bahiaeconomica.com.br\/wp\/2020\/03\/02\/bahia-pode-ter-12-milhao-de-declaracoes-do-ir-em-2020\/\" \/>\n<meta property=\"og:locale\" content=\"pt_BR\" \/>\n<meta property=\"og:type\" content=\"article\" \/>\n<meta property=\"og:title\" content=\"BAHIA PODE TER 1,2 MILH\u00c3O DE DECLARA\u00c7\u00d5ES DO IR EM 2020 - Bahia Economica\" \/>\n<meta property=\"og:description\" content=\"O maior portal de Economia da Bahia ECONOMIA \/ POL\u00cdTICA Bahia Economica\" \/>\n<meta property=\"og:url\" content=\"https:\/\/bahiaeconomica.com.br\/wp\/2020\/03\/02\/bahia-pode-ter-12-milhao-de-declaracoes-do-ir-em-2020\/\" \/>\n<meta property=\"og:site_name\" content=\"Bahia Economica\" \/>\n<meta property=\"article:publisher\" content=\"https:\/\/www.facebook.com\/bahiaeconomica\" \/>\n<meta property=\"article:published_time\" content=\"2020-03-02T22:25:52+00:00\" \/>\n<meta property=\"article:modified_time\" content=\"2020-03-02T22:06:52+00:00\" \/>\n<meta property=\"og:image\" content=\"https:\/\/bahiaeconomica.com.br\/wp\/wp-content\/uploads\/2020\/01\/imposto-de-renda-foto-agencia-alagoas.jpeg\" \/>\n\t<meta property=\"og:image:width\" content=\"500\" \/>\n\t<meta property=\"og:image:height\" content=\"333\" \/>\n\t<meta property=\"og:image:type\" content=\"image\/jpeg\" \/>\n<meta name=\"author\" content=\"admin\" \/>\n<meta name=\"twitter:card\" content=\"summary_large_image\" \/>\n<meta name=\"twitter:label1\" content=\"Escrito por\" \/>\n\t<meta name=\"twitter:data1\" content=\"admin\" \/>\n\t<meta name=\"twitter:label2\" content=\"Est. tempo de leitura\" \/>\n\t<meta name=\"twitter:data2\" content=\"1 minuto\" \/>\n<script type=\"application\/ld+json\" class=\"yoast-schema-graph\">{\"@context\":\"https:\/\/schema.org\",\"@graph\":[{\"@type\":\"Article\",\"@id\":\"https:\/\/bahiaeconomica.com.br\/wp\/2020\/03\/02\/bahia-pode-ter-12-milhao-de-declaracoes-do-ir-em-2020\/#article\",\"isPartOf\":{\"@id\":\"https:\/\/bahiaeconomica.com.br\/wp\/2020\/03\/02\/bahia-pode-ter-12-milhao-de-declaracoes-do-ir-em-2020\/\"},\"author\":{\"name\":\"admin\",\"@id\":\"https:\/\/bahiaeconomica.com.br\/wp\/#\/schema\/person\/cb1ab5ba96ad3d9390805381c76284ec\"},\"headline\":\"BAHIA PODE TER 1,2 MILH\u00c3O DE DECLARA\u00c7\u00d5ES DO IR EM 2020\",\"datePublished\":\"2020-03-02T22:25:52+00:00\",\"dateModified\":\"2020-03-02T22:06:52+00:00\",\"mainEntityOfPage\":{\"@id\":\"https:\/\/bahiaeconomica.com.br\/wp\/2020\/03\/02\/bahia-pode-ter-12-milhao-de-declaracoes-do-ir-em-2020\/\"},\"wordCount\":298,\"publisher\":{\"@id\":\"https:\/\/bahiaeconomica.com.br\/wp\/#organization\"},\"articleSection\":[\"ECONOMIA \/ POL\u00cdTICA\"],\"inLanguage\":\"pt-BR\"},{\"@type\":\"WebPage\",\"@id\":\"https:\/\/bahiaeconomica.com.br\/wp\/2020\/03\/02\/bahia-pode-ter-12-milhao-de-declaracoes-do-ir-em-2020\/\",\"url\":\"https:\/\/bahiaeconomica.com.br\/wp\/2020\/03\/02\/bahia-pode-ter-12-milhao-de-declaracoes-do-ir-em-2020\/\",\"name\":\"BAHIA PODE TER 1,2 MILH\u00c3O DE DECLARA\u00c7\u00d5ES DO IR EM 2020 - Bahia Economica\",\"isPartOf\":{\"@id\":\"https:\/\/bahiaeconomica.com.br\/wp\/#website\"},\"datePublished\":\"2020-03-02T22:25:52+00:00\",\"dateModified\":\"2020-03-02T22:06:52+00:00\",\"description\":\"O maior portal de Economia da Bahia ECONOMIA \/ POL\u00cdTICA Bahia Economica\",\"breadcrumb\":{\"@id\":\"https:\/\/bahiaeconomica.com.br\/wp\/2020\/03\/02\/bahia-pode-ter-12-milhao-de-declaracoes-do-ir-em-2020\/#breadcrumb\"},\"inLanguage\":\"pt-BR\",\"potentialAction\":[{\"@type\":\"ReadAction\",\"target\":[\"https:\/\/bahiaeconomica.com.br\/wp\/2020\/03\/02\/bahia-pode-ter-12-milhao-de-declaracoes-do-ir-em-2020\/\"]}]},{\"@type\":\"BreadcrumbList\",\"@id\":\"https:\/\/bahiaeconomica.com.br\/wp\/2020\/03\/02\/bahia-pode-ter-12-milhao-de-declaracoes-do-ir-em-2020\/#breadcrumb\",\"itemListElement\":[{\"@type\":\"ListItem\",\"position\":1,\"name\":\"In\u00edcio\",\"item\":\"https:\/\/bahiaeconomica.com.br\/wp\/\"},{\"@type\":\"ListItem\",\"position\":2,\"name\":\"BAHIA PODE TER 1,2 MILH\u00c3O DE DECLARA\u00c7\u00d5ES DO IR EM 2020\"}]},{\"@type\":\"WebSite\",\"@id\":\"https:\/\/bahiaeconomica.com.br\/wp\/#website\",\"url\":\"https:\/\/bahiaeconomica.com.br\/wp\/\",\"name\":\"Bahia Economica\",\"description\":\"O maior portal de Economia da Bahia\",\"publisher\":{\"@id\":\"https:\/\/bahiaeconomica.com.br\/wp\/#organization\"},\"potentialAction\":[{\"@type\":\"SearchAction\",\"target\":{\"@type\":\"EntryPoint\",\"urlTemplate\":\"https:\/\/bahiaeconomica.com.br\/wp\/?s={search_term_string}\"},\"query-input\":\"required name=search_term_string\"}],\"inLanguage\":\"pt-BR\"},{\"@type\":\"Organization\",\"@id\":\"https:\/\/bahiaeconomica.com.br\/wp\/#organization\",\"name\":\"Bahia Econ\u00f4mica\",\"url\":\"https:\/\/bahiaeconomica.com.br\/wp\/\",\"logo\":{\"@type\":\"ImageObject\",\"inLanguage\":\"pt-BR\",\"@id\":\"https:\/\/bahiaeconomica.com.br\/wp\/#\/schema\/logo\/image\/\",\"url\":\"https:\/\/bahiaeconomica.com.br\/wp\/wp-content\/uploads\/2020\/12\/cropped-BE.png\",\"contentUrl\":\"https:\/\/bahiaeconomica.com.br\/wp\/wp-content\/uploads\/2020\/12\/cropped-BE.png\",\"width\":512,\"height\":512,\"caption\":\"Bahia Econ\u00f4mica\"},\"image\":{\"@id\":\"https:\/\/bahiaeconomica.com.br\/wp\/#\/schema\/logo\/image\/\"},\"sameAs\":[\"https:\/\/www.facebook.com\/bahiaeconomica\"]},{\"@type\":\"Person\",\"@id\":\"https:\/\/bahiaeconomica.com.br\/wp\/#\/schema\/person\/cb1ab5ba96ad3d9390805381c76284ec\",\"name\":\"admin\",\"url\":\"https:\/\/bahiaeconomica.com.br\/wp\/author\/admin\/\"}]}<\/script>\n<!-- \/ Yoast SEO plugin. -->","yoast_head_json":{"title":"BAHIA PODE TER 1,2 MILH\u00c3O DE DECLARA\u00c7\u00d5ES DO IR EM 2020 - Bahia Economica","description":"O maior portal de Economia da Bahia ECONOMIA \/ POL\u00cdTICA Bahia Economica","robots":{"index":"index","follow":"follow","max-snippet":"max-snippet:-1","max-image-preview":"max-image-preview:large","max-video-preview":"max-video-preview:-1"},"canonical":"https:\/\/bahiaeconomica.com.br\/wp\/2020\/03\/02\/bahia-pode-ter-12-milhao-de-declaracoes-do-ir-em-2020\/","og_locale":"pt_BR","og_type":"article","og_title":"BAHIA PODE TER 1,2 MILH\u00c3O DE DECLARA\u00c7\u00d5ES DO IR EM 2020 - Bahia Economica","og_description":"O maior portal de Economia da Bahia ECONOMIA \/ POL\u00cdTICA Bahia Economica","og_url":"https:\/\/bahiaeconomica.com.br\/wp\/2020\/03\/02\/bahia-pode-ter-12-milhao-de-declaracoes-do-ir-em-2020\/","og_site_name":"Bahia Economica","article_publisher":"https:\/\/www.facebook.com\/bahiaeconomica","article_published_time":"2020-03-02T22:25:52+00:00","article_modified_time":"2020-03-02T22:06:52+00:00","og_image":[{"width":500,"height":333,"url":"https:\/\/bahiaeconomica.com.br\/wp\/wp-content\/uploads\/2020\/01\/imposto-de-renda-foto-agencia-alagoas.jpeg","type":"image\/jpeg"}],"author":"admin","twitter_card":"summary_large_image","twitter_misc":{"Escrito por":"admin","Est. tempo de leitura":"1 minuto"},"schema":{"@context":"https:\/\/schema.org","@graph":[{"@type":"Article","@id":"https:\/\/bahiaeconomica.com.br\/wp\/2020\/03\/02\/bahia-pode-ter-12-milhao-de-declaracoes-do-ir-em-2020\/#article","isPartOf":{"@id":"https:\/\/bahiaeconomica.com.br\/wp\/2020\/03\/02\/bahia-pode-ter-12-milhao-de-declaracoes-do-ir-em-2020\/"},"author":{"name":"admin","@id":"https:\/\/bahiaeconomica.com.br\/wp\/#\/schema\/person\/cb1ab5ba96ad3d9390805381c76284ec"},"headline":"BAHIA PODE TER 1,2 MILH\u00c3O DE DECLARA\u00c7\u00d5ES DO IR EM 2020","datePublished":"2020-03-02T22:25:52+00:00","dateModified":"2020-03-02T22:06:52+00:00","mainEntityOfPage":{"@id":"https:\/\/bahiaeconomica.com.br\/wp\/2020\/03\/02\/bahia-pode-ter-12-milhao-de-declaracoes-do-ir-em-2020\/"},"wordCount":298,"publisher":{"@id":"https:\/\/bahiaeconomica.com.br\/wp\/#organization"},"articleSection":["ECONOMIA \/ POL\u00cdTICA"],"inLanguage":"pt-BR"},{"@type":"WebPage","@id":"https:\/\/bahiaeconomica.com.br\/wp\/2020\/03\/02\/bahia-pode-ter-12-milhao-de-declaracoes-do-ir-em-2020\/","url":"https:\/\/bahiaeconomica.com.br\/wp\/2020\/03\/02\/bahia-pode-ter-12-milhao-de-declaracoes-do-ir-em-2020\/","name":"BAHIA PODE TER 1,2 MILH\u00c3O DE DECLARA\u00c7\u00d5ES DO IR EM 2020 - Bahia Economica","isPartOf":{"@id":"https:\/\/bahiaeconomica.com.br\/wp\/#website"},"datePublished":"2020-03-02T22:25:52+00:00","dateModified":"2020-03-02T22:06:52+00:00","description":"O maior portal de Economia da Bahia ECONOMIA \/ POL\u00cdTICA Bahia Economica","breadcrumb":{"@id":"https:\/\/bahiaeconomica.com.br\/wp\/2020\/03\/02\/bahia-pode-ter-12-milhao-de-declaracoes-do-ir-em-2020\/#breadcrumb"},"inLanguage":"pt-BR","potentialAction":[{"@type":"ReadAction","target":["https:\/\/bahiaeconomica.com.br\/wp\/2020\/03\/02\/bahia-pode-ter-12-milhao-de-declaracoes-do-ir-em-2020\/"]}]},{"@type":"BreadcrumbList","@id":"https:\/\/bahiaeconomica.com.br\/wp\/2020\/03\/02\/bahia-pode-ter-12-milhao-de-declaracoes-do-ir-em-2020\/#breadcrumb","itemListElement":[{"@type":"ListItem","position":1,"name":"In\u00edcio","item":"https:\/\/bahiaeconomica.com.br\/wp\/"},{"@type":"ListItem","position":2,"name":"BAHIA PODE TER 1,2 MILH\u00c3O DE DECLARA\u00c7\u00d5ES DO IR EM 2020"}]},{"@type":"WebSite","@id":"https:\/\/bahiaeconomica.com.br\/wp\/#website","url":"https:\/\/bahiaeconomica.com.br\/wp\/","name":"Bahia Economica","description":"O maior portal de Economia da Bahia","publisher":{"@id":"https:\/\/bahiaeconomica.com.br\/wp\/#organization"},"potentialAction":[{"@type":"SearchAction","target":{"@type":"EntryPoint","urlTemplate":"https:\/\/bahiaeconomica.com.br\/wp\/?s={search_term_string}"},"query-input":"required name=search_term_string"}],"inLanguage":"pt-BR"},{"@type":"Organization","@id":"https:\/\/bahiaeconomica.com.br\/wp\/#organization","name":"Bahia Econ\u00f4mica","url":"https:\/\/bahiaeconomica.com.br\/wp\/","logo":{"@type":"ImageObject","inLanguage":"pt-BR","@id":"https:\/\/bahiaeconomica.com.br\/wp\/#\/schema\/logo\/image\/","url":"https:\/\/bahiaeconomica.com.br\/wp\/wp-content\/uploads\/2020\/12\/cropped-BE.png","contentUrl":"https:\/\/bahiaeconomica.com.br\/wp\/wp-content\/uploads\/2020\/12\/cropped-BE.png","width":512,"height":512,"caption":"Bahia Econ\u00f4mica"},"image":{"@id":"https:\/\/bahiaeconomica.com.br\/wp\/#\/schema\/logo\/image\/"},"sameAs":["https:\/\/www.facebook.com\/bahiaeconomica"]},{"@type":"Person","@id":"https:\/\/bahiaeconomica.com.br\/wp\/#\/schema\/person\/cb1ab5ba96ad3d9390805381c76284ec","name":"admin","url":"https:\/\/bahiaeconomica.com.br\/wp\/author\/admin\/"}]}},"views":1,"_links":{"self":[{"href":"https:\/\/bahiaeconomica.com.br\/wp\/wp-json\/wp\/v2\/posts\/444057"}],"collection":[{"href":"https:\/\/bahiaeconomica.com.br\/wp\/wp-json\/wp\/v2\/posts"}],"about":[{"href":"https:\/\/bahiaeconomica.com.br\/wp\/wp-json\/wp\/v2\/types\/post"}],"author":[{"embeddable":true,"href":"https:\/\/bahiaeconomica.com.br\/wp\/wp-json\/wp\/v2\/users\/1"}],"replies":[{"embeddable":true,"href":"https:\/\/bahiaeconomica.com.br\/wp\/wp-json\/wp\/v2\/comments?post=444057"}],"version-history":[{"count":1,"href":"https:\/\/bahiaeconomica.com.br\/wp\/wp-json\/wp\/v2\/posts\/444057\/revisions"}],"predecessor-version":[{"id":444058,"href":"https:\/\/bahiaeconomica.com.br\/wp\/wp-json\/wp\/v2\/posts\/444057\/revisions\/444058"}],"wp:featuredmedia":[{"embeddable":true,"href":"https:\/\/bahiaeconomica.com.br\/wp\/wp-json\/wp\/v2\/media\/434953"}],"wp:attachment":[{"href":"https:\/\/bahiaeconomica.com.br\/wp\/wp-json\/wp\/v2\/media?parent=444057"}],"wp:term":[{"taxonomy":"category","embeddable":true,"href":"https:\/\/bahiaeconomica.com.br\/wp\/wp-json\/wp\/v2\/categories?post=444057"},{"taxonomy":"post_tag","embeddable":true,"href":"https:\/\/bahiaeconomica.com.br\/wp\/wp-json\/wp\/v2\/tags?post=444057"}],"curies":[{"name":"wp","href":"https:\/\/api.w.org\/{rel}","templated":true}]}}