{"id":443785,"date":"2020-03-02T07:45:48","date_gmt":"2020-03-02T10:45:48","guid":{"rendered":"https:\/\/bahiaeconomica.com.br\/wp\/beta\/?p=443785"},"modified":"2020-03-02T07:22:37","modified_gmt":"2020-03-02T10:22:37","slug":"credenciamento-de-mototaxistas-pode-ser-feito-a-partir-de-16-de-marco","status":"publish","type":"post","link":"https:\/\/bahiaeconomica.com.br\/wp\/2020\/03\/02\/credenciamento-de-mototaxistas-pode-ser-feito-a-partir-de-16-de-marco\/","title":{"rendered":"CREDENCIAMENTO DE MOTOTAXISTAS PODE SER FEITO A PARTIR DO DIA 16"},"content":{"rendered":"<p>Condutores que pretendem exercer a atividade de mototaxista em Salvador devem se cadastrar junto \u00e0 Prefeitura entre os dias 16 de mar\u00e7o e 29 de maio. <!--more-->Ao todo, foram disponibilizadas 1.596 vagas para o servi\u00e7o. A documenta\u00e7\u00e3o exigida em edital dever\u00e1 ser entregue para avalia\u00e7\u00e3o na sede da Coordenadoria de T\u00e1xis e Transportes Especiais (Cotae), situada no Vale dos Barris, 501. Uma das exig\u00eancias \u00e9 que a moto credenciada para a presta\u00e7\u00e3o do servi\u00e7o tenha at\u00e9 oito anos de uso e cor amarela. Al\u00e9m disso, os condutores dever\u00e3o ser habilitados na Categoria A h\u00e1 pelo menos dois anos, precisam utilizar todos os itens de seguran\u00e7a estabelecidos e ter curso de especializa\u00e7\u00e3o sobre condu\u00e7\u00e3o de passageiros em ve\u00edculos motorizados de duas rodas.<\/p>\n<p>Para o titular da Secretaria de Mobilidade (Semob), F\u00e1bio Mota, o credenciamento confere mais seguran\u00e7a e credibilidade \u00e0 popula\u00e7\u00e3o para utilizar o servi\u00e7o. \u201cCada vez que n\u00f3s credenciamos algu\u00e9m, oferecemos mais seguran\u00e7a para o usu\u00e1rio, pois a regulamenta\u00e7\u00e3o comprova que os condutores t\u00eam a documenta\u00e7\u00e3o em dia e que a motocicleta cumpre os itens de seguran\u00e7a. Todos saem ganhando\u201d, afirmou Mota. Para informa\u00e7\u00f5es detalhadas sobre as exig\u00eancias, os interessados devem acessar o edital dispon\u00edvel no site www.mobilidade.salvador.ba.gov.br a partir desta segunda-feira (2).<\/p>\n<p>Os documentos exigidos pela Semob para o credenciamento s\u00e3o c\u00f3pia autenticada do Certificado de Registro e Licenciamento do Ve\u00edculo em nome do interessado, c\u00f3pia da Carteira de Habilita\u00e7\u00e3o, CPF, atestado m\u00e9dico de sanidade f\u00edsica e mental emitido, no m\u00e1ximo, h\u00e1 30 dias, e Certid\u00e3o Negativa Criminal. Quem for flagrado realizando transporte remunerado de pessoas sem o devido credenciamento ser\u00e1 autuado no artigo 231, Inciso VIII, do C\u00f3digo Brasileiro de Tr\u00e2nsito e estar\u00e1 sujeito \u00e0 multa de R$ 293,47 e \u00e0 perda de sete pontos na carteira por cometer infra\u00e7\u00e3o grav\u00edssima.<\/p>\n<p>Durante os quatro primeiros dias oficiais de Carnaval, a fiscaliza\u00e7\u00e3o da Secretaria de Mobilidade Urbana de Salvador (Semob) flagrou 90 mototaxistas que faziam transporte irregular de passageiros nos circuitos. Todos tiveram os ve\u00edculos apreendidos. Al\u00e9m da multa, propriet\u00e1rios cujas motos forem apreendidas precisam pagar o valor da taxa de reboque de R$86,82, al\u00e9m da di\u00e1ria do p\u00e1tio de R$36,18.<\/p>\n<p>Foto: divulga\u00e7\u00e3o<\/p>\n","protected":false},"excerpt":{"rendered":"<p>Condutores que pretendem exercer a atividade de mototaxista em Salvador devem se cadastrar junto \u00e0 Prefeitura entre os dias 16 de mar\u00e7o e 29 de maio.<\/p>\n","protected":false},"author":1,"featured_media":267217,"comment_status":"closed","ping_status":"closed","sticky":false,"template":"","format":"standard","meta":[],"categories":[14,3],"tags":[],"acf":[],"yoast_head":"<!-- This site is optimized with the Yoast SEO plugin v20.8 - https:\/\/yoast.com\/wordpress\/plugins\/seo\/ -->\n<title>CREDENCIAMENTO DE MOTOTAXISTAS PODE SER FEITO A PARTIR DO DIA 16 - Bahia Economica<\/title>\n<meta name=\"description\" content=\"O maior portal de Economia da Bahia DESTAQUE DO DIA, ECONOMIA \/ POL\u00cdTICA Bahia Economica\" \/>\n<meta name=\"robots\" content=\"index, follow, max-snippet:-1, max-image-preview:large, max-video-preview:-1\" \/>\n<link rel=\"canonical\" href=\"https:\/\/bahiaeconomica.com.br\/wp\/2020\/03\/02\/credenciamento-de-mototaxistas-pode-ser-feito-a-partir-de-16-de-marco\/\" \/>\n<meta property=\"og:locale\" content=\"pt_BR\" \/>\n<meta property=\"og:type\" content=\"article\" \/>\n<meta property=\"og:title\" content=\"CREDENCIAMENTO DE MOTOTAXISTAS PODE SER FEITO A PARTIR DO DIA 16 - Bahia Economica\" \/>\n<meta property=\"og:description\" content=\"O maior portal de Economia da Bahia DESTAQUE DO DIA, ECONOMIA \/ POL\u00cdTICA Bahia Economica\" \/>\n<meta property=\"og:url\" content=\"https:\/\/bahiaeconomica.com.br\/wp\/2020\/03\/02\/credenciamento-de-mototaxistas-pode-ser-feito-a-partir-de-16-de-marco\/\" \/>\n<meta property=\"og:site_name\" content=\"Bahia Economica\" \/>\n<meta property=\"article:publisher\" content=\"https:\/\/www.facebook.com\/bahiaeconomica\" \/>\n<meta property=\"article:published_time\" content=\"2020-03-02T10:45:48+00:00\" \/>\n<meta property=\"article:modified_time\" content=\"2020-03-02T10:22:37+00:00\" \/>\n<meta property=\"og:image\" content=\"https:\/\/bahiaeconomica.com.br\/wp\/wp-content\/uploads\/2019\/02\/DETRAN.jpg\" \/>\n\t<meta property=\"og:image:width\" content=\"500\" \/>\n\t<meta property=\"og:image:height\" content=\"300\" \/>\n\t<meta property=\"og:image:type\" content=\"image\/jpeg\" \/>\n<meta name=\"author\" content=\"admin\" \/>\n<meta name=\"twitter:card\" content=\"summary_large_image\" \/>\n<meta name=\"twitter:label1\" content=\"Escrito por\" \/>\n\t<meta name=\"twitter:data1\" content=\"admin\" \/>\n\t<meta name=\"twitter:label2\" content=\"Est. tempo de leitura\" \/>\n\t<meta name=\"twitter:data2\" content=\"2 minutos\" \/>\n<script type=\"application\/ld+json\" class=\"yoast-schema-graph\">{\"@context\":\"https:\/\/schema.org\",\"@graph\":[{\"@type\":\"Article\",\"@id\":\"https:\/\/bahiaeconomica.com.br\/wp\/2020\/03\/02\/credenciamento-de-mototaxistas-pode-ser-feito-a-partir-de-16-de-marco\/#article\",\"isPartOf\":{\"@id\":\"https:\/\/bahiaeconomica.com.br\/wp\/2020\/03\/02\/credenciamento-de-mototaxistas-pode-ser-feito-a-partir-de-16-de-marco\/\"},\"author\":{\"name\":\"admin\",\"@id\":\"https:\/\/bahiaeconomica.com.br\/wp\/#\/schema\/person\/cb1ab5ba96ad3d9390805381c76284ec\"},\"headline\":\"CREDENCIAMENTO DE MOTOTAXISTAS PODE SER FEITO A PARTIR DO DIA 16\",\"datePublished\":\"2020-03-02T10:45:48+00:00\",\"dateModified\":\"2020-03-02T10:22:37+00:00\",\"mainEntityOfPage\":{\"@id\":\"https:\/\/bahiaeconomica.com.br\/wp\/2020\/03\/02\/credenciamento-de-mototaxistas-pode-ser-feito-a-partir-de-16-de-marco\/\"},\"wordCount\":405,\"publisher\":{\"@id\":\"https:\/\/bahiaeconomica.com.br\/wp\/#organization\"},\"articleSection\":[\"DESTAQUE DO DIA\",\"ECONOMIA \/ POL\u00cdTICA\"],\"inLanguage\":\"pt-BR\"},{\"@type\":\"WebPage\",\"@id\":\"https:\/\/bahiaeconomica.com.br\/wp\/2020\/03\/02\/credenciamento-de-mototaxistas-pode-ser-feito-a-partir-de-16-de-marco\/\",\"url\":\"https:\/\/bahiaeconomica.com.br\/wp\/2020\/03\/02\/credenciamento-de-mototaxistas-pode-ser-feito-a-partir-de-16-de-marco\/\",\"name\":\"CREDENCIAMENTO DE MOTOTAXISTAS PODE SER FEITO A PARTIR DO DIA 16 - Bahia Economica\",\"isPartOf\":{\"@id\":\"https:\/\/bahiaeconomica.com.br\/wp\/#website\"},\"datePublished\":\"2020-03-02T10:45:48+00:00\",\"dateModified\":\"2020-03-02T10:22:37+00:00\",\"description\":\"O maior portal de Economia da Bahia DESTAQUE DO DIA, ECONOMIA \/ POL\u00cdTICA Bahia Economica\",\"breadcrumb\":{\"@id\":\"https:\/\/bahiaeconomica.com.br\/wp\/2020\/03\/02\/credenciamento-de-mototaxistas-pode-ser-feito-a-partir-de-16-de-marco\/#breadcrumb\"},\"inLanguage\":\"pt-BR\",\"potentialAction\":[{\"@type\":\"ReadAction\",\"target\":[\"https:\/\/bahiaeconomica.com.br\/wp\/2020\/03\/02\/credenciamento-de-mototaxistas-pode-ser-feito-a-partir-de-16-de-marco\/\"]}]},{\"@type\":\"BreadcrumbList\",\"@id\":\"https:\/\/bahiaeconomica.com.br\/wp\/2020\/03\/02\/credenciamento-de-mototaxistas-pode-ser-feito-a-partir-de-16-de-marco\/#breadcrumb\",\"itemListElement\":[{\"@type\":\"ListItem\",\"position\":1,\"name\":\"In\u00edcio\",\"item\":\"https:\/\/bahiaeconomica.com.br\/wp\/\"},{\"@type\":\"ListItem\",\"position\":2,\"name\":\"CREDENCIAMENTO DE MOTOTAXISTAS PODE SER FEITO A PARTIR DO DIA 16\"}]},{\"@type\":\"WebSite\",\"@id\":\"https:\/\/bahiaeconomica.com.br\/wp\/#website\",\"url\":\"https:\/\/bahiaeconomica.com.br\/wp\/\",\"name\":\"Bahia Economica\",\"description\":\"O maior portal de Economia da Bahia\",\"publisher\":{\"@id\":\"https:\/\/bahiaeconomica.com.br\/wp\/#organization\"},\"potentialAction\":[{\"@type\":\"SearchAction\",\"target\":{\"@type\":\"EntryPoint\",\"urlTemplate\":\"https:\/\/bahiaeconomica.com.br\/wp\/?s={search_term_string}\"},\"query-input\":\"required name=search_term_string\"}],\"inLanguage\":\"pt-BR\"},{\"@type\":\"Organization\",\"@id\":\"https:\/\/bahiaeconomica.com.br\/wp\/#organization\",\"name\":\"Bahia Econ\u00f4mica\",\"url\":\"https:\/\/bahiaeconomica.com.br\/wp\/\",\"logo\":{\"@type\":\"ImageObject\",\"inLanguage\":\"pt-BR\",\"@id\":\"https:\/\/bahiaeconomica.com.br\/wp\/#\/schema\/logo\/image\/\",\"url\":\"https:\/\/bahiaeconomica.com.br\/wp\/wp-content\/uploads\/2020\/12\/cropped-BE.png\",\"contentUrl\":\"https:\/\/bahiaeconomica.com.br\/wp\/wp-content\/uploads\/2020\/12\/cropped-BE.png\",\"width\":512,\"height\":512,\"caption\":\"Bahia Econ\u00f4mica\"},\"image\":{\"@id\":\"https:\/\/bahiaeconomica.com.br\/wp\/#\/schema\/logo\/image\/\"},\"sameAs\":[\"https:\/\/www.facebook.com\/bahiaeconomica\"]},{\"@type\":\"Person\",\"@id\":\"https:\/\/bahiaeconomica.com.br\/wp\/#\/schema\/person\/cb1ab5ba96ad3d9390805381c76284ec\",\"name\":\"admin\",\"url\":\"https:\/\/bahiaeconomica.com.br\/wp\/author\/admin\/\"}]}<\/script>\n<!-- \/ Yoast SEO plugin. -->","yoast_head_json":{"title":"CREDENCIAMENTO DE MOTOTAXISTAS PODE SER FEITO A PARTIR DO DIA 16 - Bahia Economica","description":"O maior portal de Economia da Bahia DESTAQUE DO DIA, ECONOMIA \/ POL\u00cdTICA Bahia Economica","robots":{"index":"index","follow":"follow","max-snippet":"max-snippet:-1","max-image-preview":"max-image-preview:large","max-video-preview":"max-video-preview:-1"},"canonical":"https:\/\/bahiaeconomica.com.br\/wp\/2020\/03\/02\/credenciamento-de-mototaxistas-pode-ser-feito-a-partir-de-16-de-marco\/","og_locale":"pt_BR","og_type":"article","og_title":"CREDENCIAMENTO DE MOTOTAXISTAS PODE SER FEITO A PARTIR DO DIA 16 - Bahia Economica","og_description":"O maior portal de Economia da Bahia DESTAQUE DO DIA, ECONOMIA \/ POL\u00cdTICA Bahia Economica","og_url":"https:\/\/bahiaeconomica.com.br\/wp\/2020\/03\/02\/credenciamento-de-mototaxistas-pode-ser-feito-a-partir-de-16-de-marco\/","og_site_name":"Bahia Economica","article_publisher":"https:\/\/www.facebook.com\/bahiaeconomica","article_published_time":"2020-03-02T10:45:48+00:00","article_modified_time":"2020-03-02T10:22:37+00:00","og_image":[{"width":500,"height":300,"url":"https:\/\/bahiaeconomica.com.br\/wp\/wp-content\/uploads\/2019\/02\/DETRAN.jpg","type":"image\/jpeg"}],"author":"admin","twitter_card":"summary_large_image","twitter_misc":{"Escrito por":"admin","Est. tempo de leitura":"2 minutos"},"schema":{"@context":"https:\/\/schema.org","@graph":[{"@type":"Article","@id":"https:\/\/bahiaeconomica.com.br\/wp\/2020\/03\/02\/credenciamento-de-mototaxistas-pode-ser-feito-a-partir-de-16-de-marco\/#article","isPartOf":{"@id":"https:\/\/bahiaeconomica.com.br\/wp\/2020\/03\/02\/credenciamento-de-mototaxistas-pode-ser-feito-a-partir-de-16-de-marco\/"},"author":{"name":"admin","@id":"https:\/\/bahiaeconomica.com.br\/wp\/#\/schema\/person\/cb1ab5ba96ad3d9390805381c76284ec"},"headline":"CREDENCIAMENTO DE MOTOTAXISTAS PODE SER FEITO A PARTIR DO DIA 16","datePublished":"2020-03-02T10:45:48+00:00","dateModified":"2020-03-02T10:22:37+00:00","mainEntityOfPage":{"@id":"https:\/\/bahiaeconomica.com.br\/wp\/2020\/03\/02\/credenciamento-de-mototaxistas-pode-ser-feito-a-partir-de-16-de-marco\/"},"wordCount":405,"publisher":{"@id":"https:\/\/bahiaeconomica.com.br\/wp\/#organization"},"articleSection":["DESTAQUE DO DIA","ECONOMIA \/ POL\u00cdTICA"],"inLanguage":"pt-BR"},{"@type":"WebPage","@id":"https:\/\/bahiaeconomica.com.br\/wp\/2020\/03\/02\/credenciamento-de-mototaxistas-pode-ser-feito-a-partir-de-16-de-marco\/","url":"https:\/\/bahiaeconomica.com.br\/wp\/2020\/03\/02\/credenciamento-de-mototaxistas-pode-ser-feito-a-partir-de-16-de-marco\/","name":"CREDENCIAMENTO DE MOTOTAXISTAS PODE SER FEITO A PARTIR DO DIA 16 - Bahia Economica","isPartOf":{"@id":"https:\/\/bahiaeconomica.com.br\/wp\/#website"},"datePublished":"2020-03-02T10:45:48+00:00","dateModified":"2020-03-02T10:22:37+00:00","description":"O maior portal de Economia da Bahia DESTAQUE DO DIA, ECONOMIA \/ POL\u00cdTICA Bahia Economica","breadcrumb":{"@id":"https:\/\/bahiaeconomica.com.br\/wp\/2020\/03\/02\/credenciamento-de-mototaxistas-pode-ser-feito-a-partir-de-16-de-marco\/#breadcrumb"},"inLanguage":"pt-BR","potentialAction":[{"@type":"ReadAction","target":["https:\/\/bahiaeconomica.com.br\/wp\/2020\/03\/02\/credenciamento-de-mototaxistas-pode-ser-feito-a-partir-de-16-de-marco\/"]}]},{"@type":"BreadcrumbList","@id":"https:\/\/bahiaeconomica.com.br\/wp\/2020\/03\/02\/credenciamento-de-mototaxistas-pode-ser-feito-a-partir-de-16-de-marco\/#breadcrumb","itemListElement":[{"@type":"ListItem","position":1,"name":"In\u00edcio","item":"https:\/\/bahiaeconomica.com.br\/wp\/"},{"@type":"ListItem","position":2,"name":"CREDENCIAMENTO DE MOTOTAXISTAS PODE SER FEITO A PARTIR DO DIA 16"}]},{"@type":"WebSite","@id":"https:\/\/bahiaeconomica.com.br\/wp\/#website","url":"https:\/\/bahiaeconomica.com.br\/wp\/","name":"Bahia Economica","description":"O maior portal de Economia da Bahia","publisher":{"@id":"https:\/\/bahiaeconomica.com.br\/wp\/#organization"},"potentialAction":[{"@type":"SearchAction","target":{"@type":"EntryPoint","urlTemplate":"https:\/\/bahiaeconomica.com.br\/wp\/?s={search_term_string}"},"query-input":"required name=search_term_string"}],"inLanguage":"pt-BR"},{"@type":"Organization","@id":"https:\/\/bahiaeconomica.com.br\/wp\/#organization","name":"Bahia Econ\u00f4mica","url":"https:\/\/bahiaeconomica.com.br\/wp\/","logo":{"@type":"ImageObject","inLanguage":"pt-BR","@id":"https:\/\/bahiaeconomica.com.br\/wp\/#\/schema\/logo\/image\/","url":"https:\/\/bahiaeconomica.com.br\/wp\/wp-content\/uploads\/2020\/12\/cropped-BE.png","contentUrl":"https:\/\/bahiaeconomica.com.br\/wp\/wp-content\/uploads\/2020\/12\/cropped-BE.png","width":512,"height":512,"caption":"Bahia Econ\u00f4mica"},"image":{"@id":"https:\/\/bahiaeconomica.com.br\/wp\/#\/schema\/logo\/image\/"},"sameAs":["https:\/\/www.facebook.com\/bahiaeconomica"]},{"@type":"Person","@id":"https:\/\/bahiaeconomica.com.br\/wp\/#\/schema\/person\/cb1ab5ba96ad3d9390805381c76284ec","name":"admin","url":"https:\/\/bahiaeconomica.com.br\/wp\/author\/admin\/"}]}},"views":2,"_links":{"self":[{"href":"https:\/\/bahiaeconomica.com.br\/wp\/wp-json\/wp\/v2\/posts\/443785"}],"collection":[{"href":"https:\/\/bahiaeconomica.com.br\/wp\/wp-json\/wp\/v2\/posts"}],"about":[{"href":"https:\/\/bahiaeconomica.com.br\/wp\/wp-json\/wp\/v2\/types\/post"}],"author":[{"embeddable":true,"href":"https:\/\/bahiaeconomica.com.br\/wp\/wp-json\/wp\/v2\/users\/1"}],"replies":[{"embeddable":true,"href":"https:\/\/bahiaeconomica.com.br\/wp\/wp-json\/wp\/v2\/comments?post=443785"}],"version-history":[{"count":2,"href":"https:\/\/bahiaeconomica.com.br\/wp\/wp-json\/wp\/v2\/posts\/443785\/revisions"}],"predecessor-version":[{"id":443787,"href":"https:\/\/bahiaeconomica.com.br\/wp\/wp-json\/wp\/v2\/posts\/443785\/revisions\/443787"}],"wp:featuredmedia":[{"embeddable":true,"href":"https:\/\/bahiaeconomica.com.br\/wp\/wp-json\/wp\/v2\/media\/267217"}],"wp:attachment":[{"href":"https:\/\/bahiaeconomica.com.br\/wp\/wp-json\/wp\/v2\/media?parent=443785"}],"wp:term":[{"taxonomy":"category","embeddable":true,"href":"https:\/\/bahiaeconomica.com.br\/wp\/wp-json\/wp\/v2\/categories?post=443785"},{"taxonomy":"post_tag","embeddable":true,"href":"https:\/\/bahiaeconomica.com.br\/wp\/wp-json\/wp\/v2\/tags?post=443785"}],"curies":[{"name":"wp","href":"https:\/\/api.w.org\/{rel}","templated":true}]}}