{"id":44241,"date":"2018-05-21T08:23:30","date_gmt":"2018-05-21T11:23:30","guid":{"rendered":"https:\/\/bahiaeconomica.com.br\/wp\/beta\/?p=44241"},"modified":"2018-05-21T08:24:17","modified_gmt":"2018-05-21T11:24:17","slug":"fachin-muda-envio-de-casos-para-1a-instancia","status":"publish","type":"post","link":"https:\/\/bahiaeconomica.com.br\/wp\/2018\/05\/21\/fachin-muda-envio-de-casos-para-1a-instancia\/","title":{"rendered":"FACHIN MUDA ENVIO DE CASOS DA LAVA-JATO PARA 1\u00aa INST\u00c2NCIA"},"content":{"rendered":"<p style=\"text-align: justify;\">O ministro Luiz Edson Fachin, relator da Lava Jato no Supremo Tribunal Federal, adotou uma estrat\u00e9gia diferenciada para definir quais casos no gabinete ser\u00e3o remetidos para inst\u00e2ncias inferiores da Justi\u00e7a por se tratarem de suspeitas de crimes cometidos fora do mandato e sem rela\u00e7\u00e3o com o cargo depois que a Corte restringiu o foro privilegiado, informa a jornalista Mariana Oliveira, da TV Globo.<\/p>\n<p style=\"text-align: justify;\">Alguns ministros optaram por fazer um pente-fino geral em todos os casos para enviar de uma vez para outras inst\u00e2ncias &#8211; o ministro Marco Aur\u00e9lio Mello remeteu 21 inqu\u00e9ritos e a\u00e7\u00f5es penais em um \u00fanico dia. Todos os gabinetes do STF j\u00e1 remeteram para outros tribunais mais de 100 casos de pol\u00edticos com foro. Fachin, no entanto, far\u00e1 uma an\u00e1lise de cada caso na medida em que tiverem andamento. Segundo o blog de Gerson Camarotti, os inqu\u00e9ritos em fase de coleta de provas pela Pol\u00edcia Federal ser\u00e3o analisados quando voltarem conclu\u00eddos para o gabinete.<\/p>\n","protected":false},"excerpt":{"rendered":"<p>O ministro Luiz Edson Fachin, relator da Lava Jato no Supremo Tribunal Federal, adotou uma estrat\u00e9gia diferenciada para definir quais casos no gabinete ser\u00e3o remetidos para inst\u00e2ncias inferiores da Justi\u00e7a por se tratarem de suspeitas de crimes cometidos fora do mandato e sem rela\u00e7\u00e3o com o cargo depois que a Corte restringiu o foro privilegiado, [&hellip;]<\/p>\n","protected":false},"author":1,"featured_media":8214,"comment_status":"open","ping_status":"open","sticky":false,"template":"","format":"standard","meta":[],"categories":[14],"tags":[],"acf":[],"yoast_head":"<!-- This site is optimized with the Yoast SEO plugin v20.8 - https:\/\/yoast.com\/wordpress\/plugins\/seo\/ -->\n<title>FACHIN MUDA ENVIO DE CASOS DA LAVA-JATO PARA 1\u00aa INST\u00c2NCIA - Bahia Economica<\/title>\n<meta name=\"description\" content=\"O maior portal de Economia da Bahia DESTAQUE DO DIA Bahia Economica\" \/>\n<meta name=\"robots\" content=\"index, follow, max-snippet:-1, max-image-preview:large, max-video-preview:-1\" \/>\n<link rel=\"canonical\" href=\"https:\/\/bahiaeconomica.com.br\/wp\/2018\/05\/21\/fachin-muda-envio-de-casos-para-1a-instancia\/\" \/>\n<meta property=\"og:locale\" content=\"pt_BR\" \/>\n<meta property=\"og:type\" content=\"article\" \/>\n<meta property=\"og:title\" content=\"FACHIN MUDA ENVIO DE CASOS DA LAVA-JATO PARA 1\u00aa INST\u00c2NCIA - Bahia Economica\" \/>\n<meta property=\"og:description\" content=\"O maior portal de Economia da Bahia DESTAQUE DO DIA Bahia Economica\" \/>\n<meta property=\"og:url\" content=\"https:\/\/bahiaeconomica.com.br\/wp\/2018\/05\/21\/fachin-muda-envio-de-casos-para-1a-instancia\/\" \/>\n<meta property=\"og:site_name\" content=\"Bahia Economica\" \/>\n<meta property=\"article:publisher\" content=\"https:\/\/www.facebook.com\/bahiaeconomica\" \/>\n<meta property=\"article:published_time\" content=\"2018-05-21T11:23:30+00:00\" \/>\n<meta property=\"article:modified_time\" content=\"2018-05-21T11:24:17+00:00\" \/>\n<meta property=\"og:image\" content=\"https:\/\/bahiaeconomica.com.br\/wp\/wp-content\/uploads\/2018\/04\/fachin.jpg\" \/>\n\t<meta property=\"og:image:width\" content=\"500\" \/>\n\t<meta property=\"og:image:height\" content=\"333\" \/>\n\t<meta property=\"og:image:type\" content=\"image\/jpeg\" \/>\n<meta name=\"author\" content=\"admin\" \/>\n<meta name=\"twitter:card\" content=\"summary_large_image\" \/>\n<meta name=\"twitter:label1\" content=\"Escrito por\" \/>\n\t<meta name=\"twitter:data1\" content=\"admin\" \/>\n\t<meta name=\"twitter:label2\" content=\"Est. tempo de leitura\" \/>\n\t<meta name=\"twitter:data2\" content=\"1 minuto\" \/>\n<script type=\"application\/ld+json\" class=\"yoast-schema-graph\">{\"@context\":\"https:\/\/schema.org\",\"@graph\":[{\"@type\":\"Article\",\"@id\":\"https:\/\/bahiaeconomica.com.br\/wp\/2018\/05\/21\/fachin-muda-envio-de-casos-para-1a-instancia\/#article\",\"isPartOf\":{\"@id\":\"https:\/\/bahiaeconomica.com.br\/wp\/2018\/05\/21\/fachin-muda-envio-de-casos-para-1a-instancia\/\"},\"author\":{\"name\":\"admin\",\"@id\":\"https:\/\/bahiaeconomica.com.br\/wp\/#\/schema\/person\/cb1ab5ba96ad3d9390805381c76284ec\"},\"headline\":\"FACHIN MUDA ENVIO DE CASOS DA LAVA-JATO PARA 1\u00aa INST\u00c2NCIA\",\"datePublished\":\"2018-05-21T11:23:30+00:00\",\"dateModified\":\"2018-05-21T11:24:17+00:00\",\"mainEntityOfPage\":{\"@id\":\"https:\/\/bahiaeconomica.com.br\/wp\/2018\/05\/21\/fachin-muda-envio-de-casos-para-1a-instancia\/\"},\"wordCount\":180,\"commentCount\":0,\"publisher\":{\"@id\":\"https:\/\/bahiaeconomica.com.br\/wp\/#organization\"},\"articleSection\":[\"DESTAQUE DO DIA\"],\"inLanguage\":\"pt-BR\",\"potentialAction\":[{\"@type\":\"CommentAction\",\"name\":\"Comment\",\"target\":[\"https:\/\/bahiaeconomica.com.br\/wp\/2018\/05\/21\/fachin-muda-envio-de-casos-para-1a-instancia\/#respond\"]}]},{\"@type\":\"WebPage\",\"@id\":\"https:\/\/bahiaeconomica.com.br\/wp\/2018\/05\/21\/fachin-muda-envio-de-casos-para-1a-instancia\/\",\"url\":\"https:\/\/bahiaeconomica.com.br\/wp\/2018\/05\/21\/fachin-muda-envio-de-casos-para-1a-instancia\/\",\"name\":\"FACHIN MUDA ENVIO DE CASOS DA LAVA-JATO PARA 1\u00aa INST\u00c2NCIA - Bahia Economica\",\"isPartOf\":{\"@id\":\"https:\/\/bahiaeconomica.com.br\/wp\/#website\"},\"datePublished\":\"2018-05-21T11:23:30+00:00\",\"dateModified\":\"2018-05-21T11:24:17+00:00\",\"description\":\"O maior portal de Economia da Bahia DESTAQUE DO DIA Bahia Economica\",\"breadcrumb\":{\"@id\":\"https:\/\/bahiaeconomica.com.br\/wp\/2018\/05\/21\/fachin-muda-envio-de-casos-para-1a-instancia\/#breadcrumb\"},\"inLanguage\":\"pt-BR\",\"potentialAction\":[{\"@type\":\"ReadAction\",\"target\":[\"https:\/\/bahiaeconomica.com.br\/wp\/2018\/05\/21\/fachin-muda-envio-de-casos-para-1a-instancia\/\"]}]},{\"@type\":\"BreadcrumbList\",\"@id\":\"https:\/\/bahiaeconomica.com.br\/wp\/2018\/05\/21\/fachin-muda-envio-de-casos-para-1a-instancia\/#breadcrumb\",\"itemListElement\":[{\"@type\":\"ListItem\",\"position\":1,\"name\":\"In\u00edcio\",\"item\":\"https:\/\/bahiaeconomica.com.br\/wp\/\"},{\"@type\":\"ListItem\",\"position\":2,\"name\":\"FACHIN MUDA ENVIO DE CASOS DA LAVA-JATO PARA 1\u00aa INST\u00c2NCIA\"}]},{\"@type\":\"WebSite\",\"@id\":\"https:\/\/bahiaeconomica.com.br\/wp\/#website\",\"url\":\"https:\/\/bahiaeconomica.com.br\/wp\/\",\"name\":\"Bahia Economica\",\"description\":\"O maior portal de Economia da Bahia\",\"publisher\":{\"@id\":\"https:\/\/bahiaeconomica.com.br\/wp\/#organization\"},\"potentialAction\":[{\"@type\":\"SearchAction\",\"target\":{\"@type\":\"EntryPoint\",\"urlTemplate\":\"https:\/\/bahiaeconomica.com.br\/wp\/?s={search_term_string}\"},\"query-input\":\"required name=search_term_string\"}],\"inLanguage\":\"pt-BR\"},{\"@type\":\"Organization\",\"@id\":\"https:\/\/bahiaeconomica.com.br\/wp\/#organization\",\"name\":\"Bahia Econ\u00f4mica\",\"url\":\"https:\/\/bahiaeconomica.com.br\/wp\/\",\"logo\":{\"@type\":\"ImageObject\",\"inLanguage\":\"pt-BR\",\"@id\":\"https:\/\/bahiaeconomica.com.br\/wp\/#\/schema\/logo\/image\/\",\"url\":\"https:\/\/bahiaeconomica.com.br\/wp\/wp-content\/uploads\/2020\/12\/cropped-BE.png\",\"contentUrl\":\"https:\/\/bahiaeconomica.com.br\/wp\/wp-content\/uploads\/2020\/12\/cropped-BE.png\",\"width\":512,\"height\":512,\"caption\":\"Bahia Econ\u00f4mica\"},\"image\":{\"@id\":\"https:\/\/bahiaeconomica.com.br\/wp\/#\/schema\/logo\/image\/\"},\"sameAs\":[\"https:\/\/www.facebook.com\/bahiaeconomica\"]},{\"@type\":\"Person\",\"@id\":\"https:\/\/bahiaeconomica.com.br\/wp\/#\/schema\/person\/cb1ab5ba96ad3d9390805381c76284ec\",\"name\":\"admin\",\"url\":\"https:\/\/bahiaeconomica.com.br\/wp\/author\/admin\/\"}]}<\/script>\n<!-- \/ Yoast SEO plugin. -->","yoast_head_json":{"title":"FACHIN MUDA ENVIO DE CASOS DA LAVA-JATO PARA 1\u00aa INST\u00c2NCIA - Bahia Economica","description":"O maior portal de Economia da Bahia DESTAQUE DO DIA Bahia Economica","robots":{"index":"index","follow":"follow","max-snippet":"max-snippet:-1","max-image-preview":"max-image-preview:large","max-video-preview":"max-video-preview:-1"},"canonical":"https:\/\/bahiaeconomica.com.br\/wp\/2018\/05\/21\/fachin-muda-envio-de-casos-para-1a-instancia\/","og_locale":"pt_BR","og_type":"article","og_title":"FACHIN MUDA ENVIO DE CASOS DA LAVA-JATO PARA 1\u00aa INST\u00c2NCIA - Bahia Economica","og_description":"O maior portal de Economia da Bahia DESTAQUE DO DIA Bahia Economica","og_url":"https:\/\/bahiaeconomica.com.br\/wp\/2018\/05\/21\/fachin-muda-envio-de-casos-para-1a-instancia\/","og_site_name":"Bahia Economica","article_publisher":"https:\/\/www.facebook.com\/bahiaeconomica","article_published_time":"2018-05-21T11:23:30+00:00","article_modified_time":"2018-05-21T11:24:17+00:00","og_image":[{"width":500,"height":333,"url":"https:\/\/bahiaeconomica.com.br\/wp\/wp-content\/uploads\/2018\/04\/fachin.jpg","type":"image\/jpeg"}],"author":"admin","twitter_card":"summary_large_image","twitter_misc":{"Escrito por":"admin","Est. tempo de leitura":"1 minuto"},"schema":{"@context":"https:\/\/schema.org","@graph":[{"@type":"Article","@id":"https:\/\/bahiaeconomica.com.br\/wp\/2018\/05\/21\/fachin-muda-envio-de-casos-para-1a-instancia\/#article","isPartOf":{"@id":"https:\/\/bahiaeconomica.com.br\/wp\/2018\/05\/21\/fachin-muda-envio-de-casos-para-1a-instancia\/"},"author":{"name":"admin","@id":"https:\/\/bahiaeconomica.com.br\/wp\/#\/schema\/person\/cb1ab5ba96ad3d9390805381c76284ec"},"headline":"FACHIN MUDA ENVIO DE CASOS DA LAVA-JATO PARA 1\u00aa INST\u00c2NCIA","datePublished":"2018-05-21T11:23:30+00:00","dateModified":"2018-05-21T11:24:17+00:00","mainEntityOfPage":{"@id":"https:\/\/bahiaeconomica.com.br\/wp\/2018\/05\/21\/fachin-muda-envio-de-casos-para-1a-instancia\/"},"wordCount":180,"commentCount":0,"publisher":{"@id":"https:\/\/bahiaeconomica.com.br\/wp\/#organization"},"articleSection":["DESTAQUE DO DIA"],"inLanguage":"pt-BR","potentialAction":[{"@type":"CommentAction","name":"Comment","target":["https:\/\/bahiaeconomica.com.br\/wp\/2018\/05\/21\/fachin-muda-envio-de-casos-para-1a-instancia\/#respond"]}]},{"@type":"WebPage","@id":"https:\/\/bahiaeconomica.com.br\/wp\/2018\/05\/21\/fachin-muda-envio-de-casos-para-1a-instancia\/","url":"https:\/\/bahiaeconomica.com.br\/wp\/2018\/05\/21\/fachin-muda-envio-de-casos-para-1a-instancia\/","name":"FACHIN MUDA ENVIO DE CASOS DA LAVA-JATO PARA 1\u00aa INST\u00c2NCIA - Bahia Economica","isPartOf":{"@id":"https:\/\/bahiaeconomica.com.br\/wp\/#website"},"datePublished":"2018-05-21T11:23:30+00:00","dateModified":"2018-05-21T11:24:17+00:00","description":"O maior portal de Economia da Bahia DESTAQUE DO DIA Bahia Economica","breadcrumb":{"@id":"https:\/\/bahiaeconomica.com.br\/wp\/2018\/05\/21\/fachin-muda-envio-de-casos-para-1a-instancia\/#breadcrumb"},"inLanguage":"pt-BR","potentialAction":[{"@type":"ReadAction","target":["https:\/\/bahiaeconomica.com.br\/wp\/2018\/05\/21\/fachin-muda-envio-de-casos-para-1a-instancia\/"]}]},{"@type":"BreadcrumbList","@id":"https:\/\/bahiaeconomica.com.br\/wp\/2018\/05\/21\/fachin-muda-envio-de-casos-para-1a-instancia\/#breadcrumb","itemListElement":[{"@type":"ListItem","position":1,"name":"In\u00edcio","item":"https:\/\/bahiaeconomica.com.br\/wp\/"},{"@type":"ListItem","position":2,"name":"FACHIN MUDA ENVIO DE CASOS DA LAVA-JATO PARA 1\u00aa INST\u00c2NCIA"}]},{"@type":"WebSite","@id":"https:\/\/bahiaeconomica.com.br\/wp\/#website","url":"https:\/\/bahiaeconomica.com.br\/wp\/","name":"Bahia Economica","description":"O maior portal de Economia da Bahia","publisher":{"@id":"https:\/\/bahiaeconomica.com.br\/wp\/#organization"},"potentialAction":[{"@type":"SearchAction","target":{"@type":"EntryPoint","urlTemplate":"https:\/\/bahiaeconomica.com.br\/wp\/?s={search_term_string}"},"query-input":"required name=search_term_string"}],"inLanguage":"pt-BR"},{"@type":"Organization","@id":"https:\/\/bahiaeconomica.com.br\/wp\/#organization","name":"Bahia Econ\u00f4mica","url":"https:\/\/bahiaeconomica.com.br\/wp\/","logo":{"@type":"ImageObject","inLanguage":"pt-BR","@id":"https:\/\/bahiaeconomica.com.br\/wp\/#\/schema\/logo\/image\/","url":"https:\/\/bahiaeconomica.com.br\/wp\/wp-content\/uploads\/2020\/12\/cropped-BE.png","contentUrl":"https:\/\/bahiaeconomica.com.br\/wp\/wp-content\/uploads\/2020\/12\/cropped-BE.png","width":512,"height":512,"caption":"Bahia Econ\u00f4mica"},"image":{"@id":"https:\/\/bahiaeconomica.com.br\/wp\/#\/schema\/logo\/image\/"},"sameAs":["https:\/\/www.facebook.com\/bahiaeconomica"]},{"@type":"Person","@id":"https:\/\/bahiaeconomica.com.br\/wp\/#\/schema\/person\/cb1ab5ba96ad3d9390805381c76284ec","name":"admin","url":"https:\/\/bahiaeconomica.com.br\/wp\/author\/admin\/"}]}},"views":2,"_links":{"self":[{"href":"https:\/\/bahiaeconomica.com.br\/wp\/wp-json\/wp\/v2\/posts\/44241"}],"collection":[{"href":"https:\/\/bahiaeconomica.com.br\/wp\/wp-json\/wp\/v2\/posts"}],"about":[{"href":"https:\/\/bahiaeconomica.com.br\/wp\/wp-json\/wp\/v2\/types\/post"}],"author":[{"embeddable":true,"href":"https:\/\/bahiaeconomica.com.br\/wp\/wp-json\/wp\/v2\/users\/1"}],"replies":[{"embeddable":true,"href":"https:\/\/bahiaeconomica.com.br\/wp\/wp-json\/wp\/v2\/comments?post=44241"}],"version-history":[{"count":0,"href":"https:\/\/bahiaeconomica.com.br\/wp\/wp-json\/wp\/v2\/posts\/44241\/revisions"}],"wp:featuredmedia":[{"embeddable":true,"href":"https:\/\/bahiaeconomica.com.br\/wp\/wp-json\/wp\/v2\/media\/8214"}],"wp:attachment":[{"href":"https:\/\/bahiaeconomica.com.br\/wp\/wp-json\/wp\/v2\/media?parent=44241"}],"wp:term":[{"taxonomy":"category","embeddable":true,"href":"https:\/\/bahiaeconomica.com.br\/wp\/wp-json\/wp\/v2\/categories?post=44241"},{"taxonomy":"post_tag","embeddable":true,"href":"https:\/\/bahiaeconomica.com.br\/wp\/wp-json\/wp\/v2\/tags?post=44241"}],"curies":[{"name":"wp","href":"https:\/\/api.w.org\/{rel}","templated":true}]}}