{"id":441798,"date":"2020-02-17T10:39:03","date_gmt":"2020-02-17T13:39:03","guid":{"rendered":"https:\/\/bahiaeconomica.com.br\/wp\/beta\/?p=441798"},"modified":"2020-02-17T10:47:57","modified_gmt":"2020-02-17T13:47:57","slug":"mulher-e-morta-no-horto-florestal-e-moradores-questionam-a-seguranca-no-local","status":"publish","type":"post","link":"https:\/\/bahiaeconomica.com.br\/wp\/2020\/02\/17\/mulher-e-morta-no-horto-florestal-e-moradores-questionam-a-seguranca-no-local\/","title":{"rendered":"MULHER \u00c9 MORTA NO HORTO FLORESTAL E MORADORES QUESTIONAM A SEGURAN\u00c7A NO LOCAL"},"content":{"rendered":"<p style=\"text-align: justify;\">Na madrugada do domingo, dia 16, uma mulher foi assassinada no Horto Florestal, o bairro com o metro quadrado mais caro de Salvador, depois do Corredor da Vit\u00f3ria. A mulher, ainda n\u00e3o identificada, foi assassinada com v\u00e1rios disparos na Alameda dos Ip\u00eas &#8211; trecho que liga o Horto \u00e0 Avenida Juracy Magalh\u00e3es, nas imedia\u00e7\u00f5es do condom\u00ednio de luxo Villaggio Panamby. O crime aconteceu por volta das 4h.<\/p>\n<p style=\"text-align: justify;\">A associa\u00e7\u00e3o Amo Horto sugeriu que o bairro est\u00e1 sendo usado como desova de crimes de mando, mas, segundo seguran\u00e7a da pr\u00f3pria empresa de vigil\u00e2ncia contratada pela Associa\u00e7\u00e3o, pelos menos tr\u00eas homens armados passaram pelos seguran\u00e7as que faziam a ronda pouco antes do crime e, inclusive, mandaram o vigilante sair do local. Logo depois os vigilantes encontraram o corpo da mulher morta. N\u00e3o se sabe, se ela foi efetivamente morta no local ou levada para l\u00e1.<\/p>\n<p style=\"text-align: justify;\">Um morador do bairro, que preferiu n\u00e3o se identificar, afirmou que o que menos importa \u00e9 se ela foi morta no bairro ou fora dele, embora moradores tenham ouvido tiros e gritos. E questionou os vigilantes da empresa de seguran\u00e7a que sa\u00edram do local na hora. A Pol\u00edcia Militar, por outro lado, reduziu sua a\u00e7\u00f5es na regi\u00e3o desde que foi contratado a seguran\u00e7a privada. Os moradores permanecem preocupados, pois h\u00e1 dois meses atr\u00e1s um ataque a tiros deixou quatro mortos na regi\u00e3o.<\/p>\n","protected":false},"excerpt":{"rendered":"<p>Na madrugada do domingo, dia 16, uma mulher foi assassinada no Horto Florestal, o bairro com o metro quadrado mais caro de Salvador, depois do Corredor da Vit\u00f3ria. A mulher, ainda n\u00e3o identificada, foi assassinada com v\u00e1rios disparos na Alameda dos Ip\u00eas &#8211; trecho que liga o Horto \u00e0 Avenida Juracy Magalh\u00e3es, nas imedia\u00e7\u00f5es do [&hellip;]<\/p>\n","protected":false},"author":1,"featured_media":441799,"comment_status":"closed","ping_status":"closed","sticky":false,"template":"","format":"standard","meta":[],"categories":[3],"tags":[],"acf":[],"yoast_head":"<!-- This site is optimized with the Yoast SEO plugin v20.8 - https:\/\/yoast.com\/wordpress\/plugins\/seo\/ -->\n<title>MULHER \u00c9 MORTA NO HORTO FLORESTAL E MORADORES QUESTIONAM A SEGURAN\u00c7A NO LOCAL - Bahia Economica<\/title>\n<meta name=\"description\" content=\"O maior portal de Economia da Bahia ECONOMIA \/ POL\u00cdTICA Bahia Economica\" \/>\n<meta name=\"robots\" content=\"index, follow, max-snippet:-1, max-image-preview:large, max-video-preview:-1\" \/>\n<link rel=\"canonical\" href=\"https:\/\/bahiaeconomica.com.br\/wp\/2020\/02\/17\/mulher-e-morta-no-horto-florestal-e-moradores-questionam-a-seguranca-no-local\/\" \/>\n<meta property=\"og:locale\" content=\"pt_BR\" \/>\n<meta property=\"og:type\" content=\"article\" \/>\n<meta property=\"og:title\" content=\"MULHER \u00c9 MORTA NO HORTO FLORESTAL E MORADORES QUESTIONAM A SEGURAN\u00c7A NO LOCAL - Bahia Economica\" \/>\n<meta property=\"og:description\" content=\"O maior portal de Economia da Bahia ECONOMIA \/ POL\u00cdTICA Bahia Economica\" \/>\n<meta property=\"og:url\" content=\"https:\/\/bahiaeconomica.com.br\/wp\/2020\/02\/17\/mulher-e-morta-no-horto-florestal-e-moradores-questionam-a-seguranca-no-local\/\" \/>\n<meta property=\"og:site_name\" content=\"Bahia Economica\" \/>\n<meta property=\"article:publisher\" content=\"https:\/\/www.facebook.com\/bahiaeconomica\" \/>\n<meta property=\"article:published_time\" content=\"2020-02-17T13:39:03+00:00\" \/>\n<meta property=\"article:modified_time\" content=\"2020-02-17T13:47:57+00:00\" \/>\n<meta property=\"og:image\" content=\"https:\/\/bahiaeconomica.com.br\/wp\/wp-content\/uploads\/2020\/02\/HORTO.jpg\" \/>\n\t<meta property=\"og:image:width\" content=\"900\" \/>\n\t<meta property=\"og:image:height\" content=\"500\" \/>\n\t<meta property=\"og:image:type\" content=\"image\/jpeg\" \/>\n<meta name=\"author\" content=\"admin\" \/>\n<meta name=\"twitter:card\" content=\"summary_large_image\" \/>\n<meta name=\"twitter:label1\" content=\"Escrito por\" \/>\n\t<meta name=\"twitter:data1\" content=\"admin\" \/>\n\t<meta name=\"twitter:label2\" content=\"Est. tempo de leitura\" \/>\n\t<meta name=\"twitter:data2\" content=\"1 minuto\" \/>\n<script type=\"application\/ld+json\" class=\"yoast-schema-graph\">{\"@context\":\"https:\/\/schema.org\",\"@graph\":[{\"@type\":\"Article\",\"@id\":\"https:\/\/bahiaeconomica.com.br\/wp\/2020\/02\/17\/mulher-e-morta-no-horto-florestal-e-moradores-questionam-a-seguranca-no-local\/#article\",\"isPartOf\":{\"@id\":\"https:\/\/bahiaeconomica.com.br\/wp\/2020\/02\/17\/mulher-e-morta-no-horto-florestal-e-moradores-questionam-a-seguranca-no-local\/\"},\"author\":{\"name\":\"admin\",\"@id\":\"https:\/\/bahiaeconomica.com.br\/wp\/#\/schema\/person\/cb1ab5ba96ad3d9390805381c76284ec\"},\"headline\":\"MULHER \u00c9 MORTA NO HORTO FLORESTAL E MORADORES QUESTIONAM A SEGURAN\u00c7A NO LOCAL\",\"datePublished\":\"2020-02-17T13:39:03+00:00\",\"dateModified\":\"2020-02-17T13:47:57+00:00\",\"mainEntityOfPage\":{\"@id\":\"https:\/\/bahiaeconomica.com.br\/wp\/2020\/02\/17\/mulher-e-morta-no-horto-florestal-e-moradores-questionam-a-seguranca-no-local\/\"},\"wordCount\":259,\"publisher\":{\"@id\":\"https:\/\/bahiaeconomica.com.br\/wp\/#organization\"},\"articleSection\":[\"ECONOMIA \/ POL\u00cdTICA\"],\"inLanguage\":\"pt-BR\"},{\"@type\":\"WebPage\",\"@id\":\"https:\/\/bahiaeconomica.com.br\/wp\/2020\/02\/17\/mulher-e-morta-no-horto-florestal-e-moradores-questionam-a-seguranca-no-local\/\",\"url\":\"https:\/\/bahiaeconomica.com.br\/wp\/2020\/02\/17\/mulher-e-morta-no-horto-florestal-e-moradores-questionam-a-seguranca-no-local\/\",\"name\":\"MULHER \u00c9 MORTA NO HORTO FLORESTAL E MORADORES QUESTIONAM A SEGURAN\u00c7A NO LOCAL - Bahia Economica\",\"isPartOf\":{\"@id\":\"https:\/\/bahiaeconomica.com.br\/wp\/#website\"},\"datePublished\":\"2020-02-17T13:39:03+00:00\",\"dateModified\":\"2020-02-17T13:47:57+00:00\",\"description\":\"O maior portal de Economia da Bahia ECONOMIA \/ POL\u00cdTICA Bahia Economica\",\"breadcrumb\":{\"@id\":\"https:\/\/bahiaeconomica.com.br\/wp\/2020\/02\/17\/mulher-e-morta-no-horto-florestal-e-moradores-questionam-a-seguranca-no-local\/#breadcrumb\"},\"inLanguage\":\"pt-BR\",\"potentialAction\":[{\"@type\":\"ReadAction\",\"target\":[\"https:\/\/bahiaeconomica.com.br\/wp\/2020\/02\/17\/mulher-e-morta-no-horto-florestal-e-moradores-questionam-a-seguranca-no-local\/\"]}]},{\"@type\":\"BreadcrumbList\",\"@id\":\"https:\/\/bahiaeconomica.com.br\/wp\/2020\/02\/17\/mulher-e-morta-no-horto-florestal-e-moradores-questionam-a-seguranca-no-local\/#breadcrumb\",\"itemListElement\":[{\"@type\":\"ListItem\",\"position\":1,\"name\":\"In\u00edcio\",\"item\":\"https:\/\/bahiaeconomica.com.br\/wp\/\"},{\"@type\":\"ListItem\",\"position\":2,\"name\":\"MULHER \u00c9 MORTA NO HORTO FLORESTAL E MORADORES QUESTIONAM A SEGURAN\u00c7A NO LOCAL\"}]},{\"@type\":\"WebSite\",\"@id\":\"https:\/\/bahiaeconomica.com.br\/wp\/#website\",\"url\":\"https:\/\/bahiaeconomica.com.br\/wp\/\",\"name\":\"Bahia Economica\",\"description\":\"O maior portal de Economia da Bahia\",\"publisher\":{\"@id\":\"https:\/\/bahiaeconomica.com.br\/wp\/#organization\"},\"potentialAction\":[{\"@type\":\"SearchAction\",\"target\":{\"@type\":\"EntryPoint\",\"urlTemplate\":\"https:\/\/bahiaeconomica.com.br\/wp\/?s={search_term_string}\"},\"query-input\":\"required name=search_term_string\"}],\"inLanguage\":\"pt-BR\"},{\"@type\":\"Organization\",\"@id\":\"https:\/\/bahiaeconomica.com.br\/wp\/#organization\",\"name\":\"Bahia Econ\u00f4mica\",\"url\":\"https:\/\/bahiaeconomica.com.br\/wp\/\",\"logo\":{\"@type\":\"ImageObject\",\"inLanguage\":\"pt-BR\",\"@id\":\"https:\/\/bahiaeconomica.com.br\/wp\/#\/schema\/logo\/image\/\",\"url\":\"https:\/\/bahiaeconomica.com.br\/wp\/wp-content\/uploads\/2020\/12\/cropped-BE.png\",\"contentUrl\":\"https:\/\/bahiaeconomica.com.br\/wp\/wp-content\/uploads\/2020\/12\/cropped-BE.png\",\"width\":512,\"height\":512,\"caption\":\"Bahia Econ\u00f4mica\"},\"image\":{\"@id\":\"https:\/\/bahiaeconomica.com.br\/wp\/#\/schema\/logo\/image\/\"},\"sameAs\":[\"https:\/\/www.facebook.com\/bahiaeconomica\"]},{\"@type\":\"Person\",\"@id\":\"https:\/\/bahiaeconomica.com.br\/wp\/#\/schema\/person\/cb1ab5ba96ad3d9390805381c76284ec\",\"name\":\"admin\",\"url\":\"https:\/\/bahiaeconomica.com.br\/wp\/author\/admin\/\"}]}<\/script>\n<!-- \/ Yoast SEO plugin. -->","yoast_head_json":{"title":"MULHER \u00c9 MORTA NO HORTO FLORESTAL E MORADORES QUESTIONAM A SEGURAN\u00c7A NO LOCAL - Bahia Economica","description":"O maior portal de Economia da Bahia ECONOMIA \/ POL\u00cdTICA Bahia Economica","robots":{"index":"index","follow":"follow","max-snippet":"max-snippet:-1","max-image-preview":"max-image-preview:large","max-video-preview":"max-video-preview:-1"},"canonical":"https:\/\/bahiaeconomica.com.br\/wp\/2020\/02\/17\/mulher-e-morta-no-horto-florestal-e-moradores-questionam-a-seguranca-no-local\/","og_locale":"pt_BR","og_type":"article","og_title":"MULHER \u00c9 MORTA NO HORTO FLORESTAL E MORADORES QUESTIONAM A SEGURAN\u00c7A NO LOCAL - Bahia Economica","og_description":"O maior portal de Economia da Bahia ECONOMIA \/ POL\u00cdTICA Bahia Economica","og_url":"https:\/\/bahiaeconomica.com.br\/wp\/2020\/02\/17\/mulher-e-morta-no-horto-florestal-e-moradores-questionam-a-seguranca-no-local\/","og_site_name":"Bahia Economica","article_publisher":"https:\/\/www.facebook.com\/bahiaeconomica","article_published_time":"2020-02-17T13:39:03+00:00","article_modified_time":"2020-02-17T13:47:57+00:00","og_image":[{"width":900,"height":500,"url":"https:\/\/bahiaeconomica.com.br\/wp\/wp-content\/uploads\/2020\/02\/HORTO.jpg","type":"image\/jpeg"}],"author":"admin","twitter_card":"summary_large_image","twitter_misc":{"Escrito por":"admin","Est. tempo de leitura":"1 minuto"},"schema":{"@context":"https:\/\/schema.org","@graph":[{"@type":"Article","@id":"https:\/\/bahiaeconomica.com.br\/wp\/2020\/02\/17\/mulher-e-morta-no-horto-florestal-e-moradores-questionam-a-seguranca-no-local\/#article","isPartOf":{"@id":"https:\/\/bahiaeconomica.com.br\/wp\/2020\/02\/17\/mulher-e-morta-no-horto-florestal-e-moradores-questionam-a-seguranca-no-local\/"},"author":{"name":"admin","@id":"https:\/\/bahiaeconomica.com.br\/wp\/#\/schema\/person\/cb1ab5ba96ad3d9390805381c76284ec"},"headline":"MULHER \u00c9 MORTA NO HORTO FLORESTAL E MORADORES QUESTIONAM A SEGURAN\u00c7A NO LOCAL","datePublished":"2020-02-17T13:39:03+00:00","dateModified":"2020-02-17T13:47:57+00:00","mainEntityOfPage":{"@id":"https:\/\/bahiaeconomica.com.br\/wp\/2020\/02\/17\/mulher-e-morta-no-horto-florestal-e-moradores-questionam-a-seguranca-no-local\/"},"wordCount":259,"publisher":{"@id":"https:\/\/bahiaeconomica.com.br\/wp\/#organization"},"articleSection":["ECONOMIA \/ POL\u00cdTICA"],"inLanguage":"pt-BR"},{"@type":"WebPage","@id":"https:\/\/bahiaeconomica.com.br\/wp\/2020\/02\/17\/mulher-e-morta-no-horto-florestal-e-moradores-questionam-a-seguranca-no-local\/","url":"https:\/\/bahiaeconomica.com.br\/wp\/2020\/02\/17\/mulher-e-morta-no-horto-florestal-e-moradores-questionam-a-seguranca-no-local\/","name":"MULHER \u00c9 MORTA NO HORTO FLORESTAL E MORADORES QUESTIONAM A SEGURAN\u00c7A NO LOCAL - Bahia Economica","isPartOf":{"@id":"https:\/\/bahiaeconomica.com.br\/wp\/#website"},"datePublished":"2020-02-17T13:39:03+00:00","dateModified":"2020-02-17T13:47:57+00:00","description":"O maior portal de Economia da Bahia ECONOMIA \/ POL\u00cdTICA Bahia Economica","breadcrumb":{"@id":"https:\/\/bahiaeconomica.com.br\/wp\/2020\/02\/17\/mulher-e-morta-no-horto-florestal-e-moradores-questionam-a-seguranca-no-local\/#breadcrumb"},"inLanguage":"pt-BR","potentialAction":[{"@type":"ReadAction","target":["https:\/\/bahiaeconomica.com.br\/wp\/2020\/02\/17\/mulher-e-morta-no-horto-florestal-e-moradores-questionam-a-seguranca-no-local\/"]}]},{"@type":"BreadcrumbList","@id":"https:\/\/bahiaeconomica.com.br\/wp\/2020\/02\/17\/mulher-e-morta-no-horto-florestal-e-moradores-questionam-a-seguranca-no-local\/#breadcrumb","itemListElement":[{"@type":"ListItem","position":1,"name":"In\u00edcio","item":"https:\/\/bahiaeconomica.com.br\/wp\/"},{"@type":"ListItem","position":2,"name":"MULHER \u00c9 MORTA NO HORTO FLORESTAL E MORADORES QUESTIONAM A SEGURAN\u00c7A NO LOCAL"}]},{"@type":"WebSite","@id":"https:\/\/bahiaeconomica.com.br\/wp\/#website","url":"https:\/\/bahiaeconomica.com.br\/wp\/","name":"Bahia Economica","description":"O maior portal de Economia da Bahia","publisher":{"@id":"https:\/\/bahiaeconomica.com.br\/wp\/#organization"},"potentialAction":[{"@type":"SearchAction","target":{"@type":"EntryPoint","urlTemplate":"https:\/\/bahiaeconomica.com.br\/wp\/?s={search_term_string}"},"query-input":"required name=search_term_string"}],"inLanguage":"pt-BR"},{"@type":"Organization","@id":"https:\/\/bahiaeconomica.com.br\/wp\/#organization","name":"Bahia Econ\u00f4mica","url":"https:\/\/bahiaeconomica.com.br\/wp\/","logo":{"@type":"ImageObject","inLanguage":"pt-BR","@id":"https:\/\/bahiaeconomica.com.br\/wp\/#\/schema\/logo\/image\/","url":"https:\/\/bahiaeconomica.com.br\/wp\/wp-content\/uploads\/2020\/12\/cropped-BE.png","contentUrl":"https:\/\/bahiaeconomica.com.br\/wp\/wp-content\/uploads\/2020\/12\/cropped-BE.png","width":512,"height":512,"caption":"Bahia Econ\u00f4mica"},"image":{"@id":"https:\/\/bahiaeconomica.com.br\/wp\/#\/schema\/logo\/image\/"},"sameAs":["https:\/\/www.facebook.com\/bahiaeconomica"]},{"@type":"Person","@id":"https:\/\/bahiaeconomica.com.br\/wp\/#\/schema\/person\/cb1ab5ba96ad3d9390805381c76284ec","name":"admin","url":"https:\/\/bahiaeconomica.com.br\/wp\/author\/admin\/"}]}},"views":20,"_links":{"self":[{"href":"https:\/\/bahiaeconomica.com.br\/wp\/wp-json\/wp\/v2\/posts\/441798"}],"collection":[{"href":"https:\/\/bahiaeconomica.com.br\/wp\/wp-json\/wp\/v2\/posts"}],"about":[{"href":"https:\/\/bahiaeconomica.com.br\/wp\/wp-json\/wp\/v2\/types\/post"}],"author":[{"embeddable":true,"href":"https:\/\/bahiaeconomica.com.br\/wp\/wp-json\/wp\/v2\/users\/1"}],"replies":[{"embeddable":true,"href":"https:\/\/bahiaeconomica.com.br\/wp\/wp-json\/wp\/v2\/comments?post=441798"}],"version-history":[{"count":2,"href":"https:\/\/bahiaeconomica.com.br\/wp\/wp-json\/wp\/v2\/posts\/441798\/revisions"}],"predecessor-version":[{"id":441801,"href":"https:\/\/bahiaeconomica.com.br\/wp\/wp-json\/wp\/v2\/posts\/441798\/revisions\/441801"}],"wp:featuredmedia":[{"embeddable":true,"href":"https:\/\/bahiaeconomica.com.br\/wp\/wp-json\/wp\/v2\/media\/441799"}],"wp:attachment":[{"href":"https:\/\/bahiaeconomica.com.br\/wp\/wp-json\/wp\/v2\/media?parent=441798"}],"wp:term":[{"taxonomy":"category","embeddable":true,"href":"https:\/\/bahiaeconomica.com.br\/wp\/wp-json\/wp\/v2\/categories?post=441798"},{"taxonomy":"post_tag","embeddable":true,"href":"https:\/\/bahiaeconomica.com.br\/wp\/wp-json\/wp\/v2\/tags?post=441798"}],"curies":[{"name":"wp","href":"https:\/\/api.w.org\/{rel}","templated":true}]}}