{"id":439316,"date":"2020-02-24T13:50:27","date_gmt":"2020-02-24T16:50:27","guid":{"rendered":"https:\/\/bahiaeconomica.com.br\/wp\/beta\/?p=439316"},"modified":"2020-02-24T11:23:43","modified_gmt":"2020-02-24T14:23:43","slug":"carnaval-gera-215-mil-postos-temporarios-em-salvador","status":"publish","type":"post","link":"https:\/\/bahiaeconomica.com.br\/wp\/2020\/02\/24\/carnaval-gera-215-mil-postos-temporarios-em-salvador\/","title":{"rendered":"CARNAVAL GERA 215 MIL POSTOS TEMPOR\u00c1RIOS EM SALVADOR"},"content":{"rendered":"<p>Se voc\u00ea est\u00e1 \u00e0 procura de um bico para pagar umas contas atrasadas esse in\u00edcio de ano \u2013 ou quem sabe aquela oportunidade de efetiva\u00e7\u00e3o \u2013 deve ficar atento a um dos mais de 215 mil <!--more-->postos de trabalho tempor\u00e1rio abertos em fun\u00e7\u00e3o da alta esta\u00e7\u00e3o e o Carnaval, em Salvador, segundo estimativas da Secretaria Municipal de Cultura e Turismo (Secult). De acordo com o titular da pasta, Claudio Tinoco, s\u00e3o oportunidades para at\u00e9 40 \u00e1reas de atua\u00e7\u00e3o, em mais de 50 setores da economia. S\u00f3 no segmento de seguran\u00e7a e apoio \u00e0 festa, ele diz que o contingente \u00e9 de 30 mil; montagem, opera\u00e7\u00e3o e desmontagem de estruturas, 20 mil; artistas, 10 mil; t\u00e9cnico de luz e som, 3,5 mil;<\/p>\n<p>O n\u00famero n\u00e3o para por a\u00ed. Na rede hoteleira as contrata\u00e7\u00f5es extras chegam a 1,7 mil (certa de 10% do total); e em bares e restaurantes o incremento da m\u00e3o de obra \u00e9 da ordem de 20% (maitre, barman, saladeira). Tem ainda o pessoal da confec\u00e7\u00e3o de brindes (1,6 mil); decora\u00e7\u00e3o (453); comercializa\u00e7\u00e3o de alimentos e bebidas em blocos e camarotes, 928. S\u00f3 de licen\u00e7a para ambulantes foram 4,5 mil, sendo que cada um deles &#8220;puxa outros tr\u00eas jockeys&#8221; \u2013 express\u00e3o utilizada para designar quem sai com o isopor na cabe\u00e7a entre os foli\u00f5es \u2013, conta o secret\u00e1rio. R$ 1,8 bilh\u00e3o \u00e9 quanto movimenta o Carnaval da capital baiana, entre um consumo formal (60%) e informal (40%);<\/p>\n<p>&#8220;Isso tudo \u00e9 sin\u00f4nimo de receita p\u00fablica, por meio (da cobran\u00e7a) de ICMS e ISS (impostos sobre a circula\u00e7\u00e3o de bens, produtos e oferta de servi\u00e7os). \u00c9 um Carnaval auto-sustent\u00e1vel, em que o investimento realizado pelo poder p\u00fablico, com, por exemplo, limpeza, transporte, seguran\u00e7a, retorna em valor at\u00e9 superior&#8221;, diz. &#8220;\u00c9 um vetor de desenvolvimento econ\u00f4mico para Salvador e o estado como um todo, n\u00e3o simplesmente festa popular ou manifesta\u00e7\u00e3o cultural&#8221;, afirma Tinoco. Import\u00e2ncia econ\u00f4mica essa destacada tamb\u00e9m pelos representantes de entidades como a Federa\u00e7\u00e3o Baiana de Hospedagem e Alimenta\u00e7\u00e3o (Febha), e a Associa\u00e7\u00e3o Brasileira da Ind\u00fastria de Hot\u00e9is na Bahia (Abih), Silvio Pessoa e Luciano Lopes, respectivamente.<\/p>\n<p>&#8220;\u00c9 100% de ocupa\u00e7\u00e3o no per\u00edodo, com as pessoas entrando e saindo, fazendo refei\u00e7\u00e3o, os hot\u00e9is funcionando 24h por dia. Tem fam\u00edlia, foli\u00e3o, um p\u00fablico bastante diversificado&#8221;, fala Lopes. &#8220;As contrata\u00e7\u00f5es come\u00e7aram em dezembro, mas ainda tem muita chance, inclusive de ser efetivado (no emprego), se demonstrar interesse, desempenho, vontade de aprender. Todo mundo est\u00e1 ganhando&#8221;, diz Pessoa. Falando em trabalho provis\u00f3rio, desempenho e contrata\u00e7\u00e3o, bastou dois meses de servi\u00e7o como tempor\u00e1rio no restaurante Parador Z1, no Rio Vermelho, para o gar\u00e7om Daniel dos Santos, 33, anos, casado, dois filhos, ser efetivado, dois meses atr\u00e1s. &#8220;Estou gostando, o movimento \u00e9 bom&#8221;, diz Santos.<\/p>\n<p>Com 350 vagas criadas para \u00e1reas como atendimento ao p\u00fablico, venda de abad\u00e1s, entrega, servi\u00e7os gerais, financeiro e comunica\u00e7\u00e3o, o diretor da Central do Carnaval, Joaquim Nery, diz que d\u00e1 prefer\u00eancia a contratar pessoas que tiveram experi\u00eancia anterior no projeto. Mariana Nascimento \u00e9 um exemplo. Ela trabalhou na Central durante o Carnaval de 2006 e foi efetivada em 2007. Depois de sete anos, mudou para a cidade de Vancouver, no Canad\u00e1 e, agora, de f\u00e9rias prolongadas em Salvador, resolveu ganhar um dinheiro extra. Desde o in\u00edcio do ano Mariana trabalha como tempor\u00e1ria no setor de vendas corporativas da Central do Carnaval, onde fica at\u00e9 mar\u00e7o. &#8220;\u00c9 um per\u00edodo de trabalho muito intenso, at\u00e9 porque o n\u00famero de funcion\u00e1rios e de clientes na loja \u00e9 bem maior&#8221;, fala ela.<\/p>\n<p>Quem ainda est\u00e1 na expectativa de ser chamada para uma oportunidade durante a festa \u00e9 Rebeca Sacramento, que j\u00e1 trabalhou dois anos seguidos na entrega de camisas de um camarote e, desde novembro, aguarda nova resposta para o envio do curr\u00edculo. Recentemente, ela conta ter recebido um e-mail com o recrutador &#8220;perguntando se eu ainda teria interesse, caso algu\u00e9m desistisse da vaga&#8221;. &#8220;Nos anos em que trabalhei, por entre 15 e 17 dias, recebi R$ 1,5 mil mais o valor do transporte e alimenta\u00e7\u00e3o. \u00c9 uma ajuda financeira muito bem-vinda para mim. Vale a pena para quem tem esse tempo e est\u00e1 precisando de dinheiro&#8221;, conta. &#8220;A contrata\u00e7\u00e3o de trabalhadores tempor\u00e1rios vem crescendo de forma consider\u00e1vel a cada ano, e as perspectivas para o ano de 2020 s\u00e3o positivas. Em janeiro fomos surpreendidos com um aumento de 20% em todo o Nordeste, com rela\u00e7\u00e3o ao mesmo per\u00edodo do ano anterior&#8221;, diz o vice-presidente da Associa\u00e7\u00e3o Brasileira do Trabalho Tempor\u00e1rio (Asserttem), Marcos de Abreu.<\/p>\n<p>Foto: divulga\u00e7\u00e3o<\/p>\n","protected":false},"excerpt":{"rendered":"<p>Se voc\u00ea est\u00e1 \u00e0 procura de um bico para pagar umas contas atrasadas esse in\u00edcio de ano \u2013 ou quem sabe aquela oportunidade de efetiva\u00e7\u00e3o \u2013 deve ficar atento a um dos mais de 215 mil<\/p>\n","protected":false},"author":1,"featured_media":432962,"comment_status":"closed","ping_status":"closed","sticky":false,"template":"","format":"standard","meta":[],"categories":[3],"tags":[],"acf":[],"yoast_head":"<!-- This site is optimized with the Yoast SEO plugin v20.8 - https:\/\/yoast.com\/wordpress\/plugins\/seo\/ -->\n<title>CARNAVAL GERA 215 MIL POSTOS TEMPOR\u00c1RIOS EM SALVADOR - Bahia Economica<\/title>\n<meta name=\"description\" content=\"O maior portal de Economia da Bahia ECONOMIA \/ POL\u00cdTICA Bahia Economica\" \/>\n<meta name=\"robots\" content=\"index, follow, max-snippet:-1, max-image-preview:large, max-video-preview:-1\" \/>\n<link rel=\"canonical\" href=\"https:\/\/bahiaeconomica.com.br\/wp\/2020\/02\/24\/carnaval-gera-215-mil-postos-temporarios-em-salvador\/\" \/>\n<meta property=\"og:locale\" content=\"pt_BR\" \/>\n<meta property=\"og:type\" content=\"article\" \/>\n<meta property=\"og:title\" content=\"CARNAVAL GERA 215 MIL POSTOS TEMPOR\u00c1RIOS EM SALVADOR - Bahia Economica\" \/>\n<meta property=\"og:description\" content=\"O maior portal de Economia da Bahia ECONOMIA \/ POL\u00cdTICA Bahia Economica\" \/>\n<meta property=\"og:url\" content=\"https:\/\/bahiaeconomica.com.br\/wp\/2020\/02\/24\/carnaval-gera-215-mil-postos-temporarios-em-salvador\/\" \/>\n<meta property=\"og:site_name\" content=\"Bahia Economica\" \/>\n<meta property=\"article:publisher\" content=\"https:\/\/www.facebook.com\/bahiaeconomica\" \/>\n<meta property=\"article:published_time\" content=\"2020-02-24T16:50:27+00:00\" \/>\n<meta property=\"article:modified_time\" content=\"2020-02-24T14:23:43+00:00\" \/>\n<meta property=\"og:image\" content=\"https:\/\/bahiaeconomica.com.br\/wp\/wp-content\/uploads\/2020\/01\/Carnaval-da-Bahia-Foto-Divulga\u00e7\u00e3o-Bahiatursa-Ag.-Fred-Pontes-e1578424278590.jpg\" \/>\n\t<meta property=\"og:image:width\" content=\"500\" \/>\n\t<meta property=\"og:image:height\" content=\"331\" \/>\n\t<meta property=\"og:image:type\" content=\"image\/jpeg\" \/>\n<meta name=\"author\" content=\"admin\" \/>\n<meta name=\"twitter:card\" content=\"summary_large_image\" \/>\n<meta name=\"twitter:label1\" content=\"Escrito por\" \/>\n\t<meta name=\"twitter:data1\" content=\"admin\" \/>\n\t<meta name=\"twitter:label2\" content=\"Est. tempo de leitura\" \/>\n\t<meta name=\"twitter:data2\" content=\"4 minutos\" \/>\n<script type=\"application\/ld+json\" class=\"yoast-schema-graph\">{\"@context\":\"https:\/\/schema.org\",\"@graph\":[{\"@type\":\"Article\",\"@id\":\"https:\/\/bahiaeconomica.com.br\/wp\/2020\/02\/24\/carnaval-gera-215-mil-postos-temporarios-em-salvador\/#article\",\"isPartOf\":{\"@id\":\"https:\/\/bahiaeconomica.com.br\/wp\/2020\/02\/24\/carnaval-gera-215-mil-postos-temporarios-em-salvador\/\"},\"author\":{\"name\":\"admin\",\"@id\":\"https:\/\/bahiaeconomica.com.br\/wp\/#\/schema\/person\/cb1ab5ba96ad3d9390805381c76284ec\"},\"headline\":\"CARNAVAL GERA 215 MIL POSTOS TEMPOR\u00c1RIOS EM SALVADOR\",\"datePublished\":\"2020-02-24T16:50:27+00:00\",\"dateModified\":\"2020-02-24T14:23:43+00:00\",\"mainEntityOfPage\":{\"@id\":\"https:\/\/bahiaeconomica.com.br\/wp\/2020\/02\/24\/carnaval-gera-215-mil-postos-temporarios-em-salvador\/\"},\"wordCount\":787,\"publisher\":{\"@id\":\"https:\/\/bahiaeconomica.com.br\/wp\/#organization\"},\"articleSection\":[\"ECONOMIA \/ POL\u00cdTICA\"],\"inLanguage\":\"pt-BR\"},{\"@type\":\"WebPage\",\"@id\":\"https:\/\/bahiaeconomica.com.br\/wp\/2020\/02\/24\/carnaval-gera-215-mil-postos-temporarios-em-salvador\/\",\"url\":\"https:\/\/bahiaeconomica.com.br\/wp\/2020\/02\/24\/carnaval-gera-215-mil-postos-temporarios-em-salvador\/\",\"name\":\"CARNAVAL GERA 215 MIL POSTOS TEMPOR\u00c1RIOS EM SALVADOR - Bahia Economica\",\"isPartOf\":{\"@id\":\"https:\/\/bahiaeconomica.com.br\/wp\/#website\"},\"datePublished\":\"2020-02-24T16:50:27+00:00\",\"dateModified\":\"2020-02-24T14:23:43+00:00\",\"description\":\"O maior portal de Economia da Bahia ECONOMIA \/ POL\u00cdTICA Bahia Economica\",\"breadcrumb\":{\"@id\":\"https:\/\/bahiaeconomica.com.br\/wp\/2020\/02\/24\/carnaval-gera-215-mil-postos-temporarios-em-salvador\/#breadcrumb\"},\"inLanguage\":\"pt-BR\",\"potentialAction\":[{\"@type\":\"ReadAction\",\"target\":[\"https:\/\/bahiaeconomica.com.br\/wp\/2020\/02\/24\/carnaval-gera-215-mil-postos-temporarios-em-salvador\/\"]}]},{\"@type\":\"BreadcrumbList\",\"@id\":\"https:\/\/bahiaeconomica.com.br\/wp\/2020\/02\/24\/carnaval-gera-215-mil-postos-temporarios-em-salvador\/#breadcrumb\",\"itemListElement\":[{\"@type\":\"ListItem\",\"position\":1,\"name\":\"In\u00edcio\",\"item\":\"https:\/\/bahiaeconomica.com.br\/wp\/\"},{\"@type\":\"ListItem\",\"position\":2,\"name\":\"CARNAVAL GERA 215 MIL POSTOS TEMPOR\u00c1RIOS EM SALVADOR\"}]},{\"@type\":\"WebSite\",\"@id\":\"https:\/\/bahiaeconomica.com.br\/wp\/#website\",\"url\":\"https:\/\/bahiaeconomica.com.br\/wp\/\",\"name\":\"Bahia Economica\",\"description\":\"O maior portal de Economia da Bahia\",\"publisher\":{\"@id\":\"https:\/\/bahiaeconomica.com.br\/wp\/#organization\"},\"potentialAction\":[{\"@type\":\"SearchAction\",\"target\":{\"@type\":\"EntryPoint\",\"urlTemplate\":\"https:\/\/bahiaeconomica.com.br\/wp\/?s={search_term_string}\"},\"query-input\":\"required name=search_term_string\"}],\"inLanguage\":\"pt-BR\"},{\"@type\":\"Organization\",\"@id\":\"https:\/\/bahiaeconomica.com.br\/wp\/#organization\",\"name\":\"Bahia Econ\u00f4mica\",\"url\":\"https:\/\/bahiaeconomica.com.br\/wp\/\",\"logo\":{\"@type\":\"ImageObject\",\"inLanguage\":\"pt-BR\",\"@id\":\"https:\/\/bahiaeconomica.com.br\/wp\/#\/schema\/logo\/image\/\",\"url\":\"https:\/\/bahiaeconomica.com.br\/wp\/wp-content\/uploads\/2020\/12\/cropped-BE.png\",\"contentUrl\":\"https:\/\/bahiaeconomica.com.br\/wp\/wp-content\/uploads\/2020\/12\/cropped-BE.png\",\"width\":512,\"height\":512,\"caption\":\"Bahia Econ\u00f4mica\"},\"image\":{\"@id\":\"https:\/\/bahiaeconomica.com.br\/wp\/#\/schema\/logo\/image\/\"},\"sameAs\":[\"https:\/\/www.facebook.com\/bahiaeconomica\"]},{\"@type\":\"Person\",\"@id\":\"https:\/\/bahiaeconomica.com.br\/wp\/#\/schema\/person\/cb1ab5ba96ad3d9390805381c76284ec\",\"name\":\"admin\",\"url\":\"https:\/\/bahiaeconomica.com.br\/wp\/author\/admin\/\"}]}<\/script>\n<!-- \/ Yoast SEO plugin. -->","yoast_head_json":{"title":"CARNAVAL GERA 215 MIL POSTOS TEMPOR\u00c1RIOS EM SALVADOR - Bahia Economica","description":"O maior portal de Economia da Bahia ECONOMIA \/ POL\u00cdTICA Bahia Economica","robots":{"index":"index","follow":"follow","max-snippet":"max-snippet:-1","max-image-preview":"max-image-preview:large","max-video-preview":"max-video-preview:-1"},"canonical":"https:\/\/bahiaeconomica.com.br\/wp\/2020\/02\/24\/carnaval-gera-215-mil-postos-temporarios-em-salvador\/","og_locale":"pt_BR","og_type":"article","og_title":"CARNAVAL GERA 215 MIL POSTOS TEMPOR\u00c1RIOS EM SALVADOR - Bahia Economica","og_description":"O maior portal de Economia da Bahia ECONOMIA \/ POL\u00cdTICA Bahia Economica","og_url":"https:\/\/bahiaeconomica.com.br\/wp\/2020\/02\/24\/carnaval-gera-215-mil-postos-temporarios-em-salvador\/","og_site_name":"Bahia Economica","article_publisher":"https:\/\/www.facebook.com\/bahiaeconomica","article_published_time":"2020-02-24T16:50:27+00:00","article_modified_time":"2020-02-24T14:23:43+00:00","og_image":[{"width":500,"height":331,"url":"https:\/\/bahiaeconomica.com.br\/wp\/wp-content\/uploads\/2020\/01\/Carnaval-da-Bahia-Foto-Divulga\u00e7\u00e3o-Bahiatursa-Ag.-Fred-Pontes-e1578424278590.jpg","type":"image\/jpeg"}],"author":"admin","twitter_card":"summary_large_image","twitter_misc":{"Escrito por":"admin","Est. tempo de leitura":"4 minutos"},"schema":{"@context":"https:\/\/schema.org","@graph":[{"@type":"Article","@id":"https:\/\/bahiaeconomica.com.br\/wp\/2020\/02\/24\/carnaval-gera-215-mil-postos-temporarios-em-salvador\/#article","isPartOf":{"@id":"https:\/\/bahiaeconomica.com.br\/wp\/2020\/02\/24\/carnaval-gera-215-mil-postos-temporarios-em-salvador\/"},"author":{"name":"admin","@id":"https:\/\/bahiaeconomica.com.br\/wp\/#\/schema\/person\/cb1ab5ba96ad3d9390805381c76284ec"},"headline":"CARNAVAL GERA 215 MIL POSTOS TEMPOR\u00c1RIOS EM SALVADOR","datePublished":"2020-02-24T16:50:27+00:00","dateModified":"2020-02-24T14:23:43+00:00","mainEntityOfPage":{"@id":"https:\/\/bahiaeconomica.com.br\/wp\/2020\/02\/24\/carnaval-gera-215-mil-postos-temporarios-em-salvador\/"},"wordCount":787,"publisher":{"@id":"https:\/\/bahiaeconomica.com.br\/wp\/#organization"},"articleSection":["ECONOMIA \/ POL\u00cdTICA"],"inLanguage":"pt-BR"},{"@type":"WebPage","@id":"https:\/\/bahiaeconomica.com.br\/wp\/2020\/02\/24\/carnaval-gera-215-mil-postos-temporarios-em-salvador\/","url":"https:\/\/bahiaeconomica.com.br\/wp\/2020\/02\/24\/carnaval-gera-215-mil-postos-temporarios-em-salvador\/","name":"CARNAVAL GERA 215 MIL POSTOS TEMPOR\u00c1RIOS EM SALVADOR - Bahia Economica","isPartOf":{"@id":"https:\/\/bahiaeconomica.com.br\/wp\/#website"},"datePublished":"2020-02-24T16:50:27+00:00","dateModified":"2020-02-24T14:23:43+00:00","description":"O maior portal de Economia da Bahia ECONOMIA \/ POL\u00cdTICA Bahia Economica","breadcrumb":{"@id":"https:\/\/bahiaeconomica.com.br\/wp\/2020\/02\/24\/carnaval-gera-215-mil-postos-temporarios-em-salvador\/#breadcrumb"},"inLanguage":"pt-BR","potentialAction":[{"@type":"ReadAction","target":["https:\/\/bahiaeconomica.com.br\/wp\/2020\/02\/24\/carnaval-gera-215-mil-postos-temporarios-em-salvador\/"]}]},{"@type":"BreadcrumbList","@id":"https:\/\/bahiaeconomica.com.br\/wp\/2020\/02\/24\/carnaval-gera-215-mil-postos-temporarios-em-salvador\/#breadcrumb","itemListElement":[{"@type":"ListItem","position":1,"name":"In\u00edcio","item":"https:\/\/bahiaeconomica.com.br\/wp\/"},{"@type":"ListItem","position":2,"name":"CARNAVAL GERA 215 MIL POSTOS TEMPOR\u00c1RIOS EM SALVADOR"}]},{"@type":"WebSite","@id":"https:\/\/bahiaeconomica.com.br\/wp\/#website","url":"https:\/\/bahiaeconomica.com.br\/wp\/","name":"Bahia Economica","description":"O maior portal de Economia da Bahia","publisher":{"@id":"https:\/\/bahiaeconomica.com.br\/wp\/#organization"},"potentialAction":[{"@type":"SearchAction","target":{"@type":"EntryPoint","urlTemplate":"https:\/\/bahiaeconomica.com.br\/wp\/?s={search_term_string}"},"query-input":"required name=search_term_string"}],"inLanguage":"pt-BR"},{"@type":"Organization","@id":"https:\/\/bahiaeconomica.com.br\/wp\/#organization","name":"Bahia Econ\u00f4mica","url":"https:\/\/bahiaeconomica.com.br\/wp\/","logo":{"@type":"ImageObject","inLanguage":"pt-BR","@id":"https:\/\/bahiaeconomica.com.br\/wp\/#\/schema\/logo\/image\/","url":"https:\/\/bahiaeconomica.com.br\/wp\/wp-content\/uploads\/2020\/12\/cropped-BE.png","contentUrl":"https:\/\/bahiaeconomica.com.br\/wp\/wp-content\/uploads\/2020\/12\/cropped-BE.png","width":512,"height":512,"caption":"Bahia Econ\u00f4mica"},"image":{"@id":"https:\/\/bahiaeconomica.com.br\/wp\/#\/schema\/logo\/image\/"},"sameAs":["https:\/\/www.facebook.com\/bahiaeconomica"]},{"@type":"Person","@id":"https:\/\/bahiaeconomica.com.br\/wp\/#\/schema\/person\/cb1ab5ba96ad3d9390805381c76284ec","name":"admin","url":"https:\/\/bahiaeconomica.com.br\/wp\/author\/admin\/"}]}},"views":2,"_links":{"self":[{"href":"https:\/\/bahiaeconomica.com.br\/wp\/wp-json\/wp\/v2\/posts\/439316"}],"collection":[{"href":"https:\/\/bahiaeconomica.com.br\/wp\/wp-json\/wp\/v2\/posts"}],"about":[{"href":"https:\/\/bahiaeconomica.com.br\/wp\/wp-json\/wp\/v2\/types\/post"}],"author":[{"embeddable":true,"href":"https:\/\/bahiaeconomica.com.br\/wp\/wp-json\/wp\/v2\/users\/1"}],"replies":[{"embeddable":true,"href":"https:\/\/bahiaeconomica.com.br\/wp\/wp-json\/wp\/v2\/comments?post=439316"}],"version-history":[{"count":1,"href":"https:\/\/bahiaeconomica.com.br\/wp\/wp-json\/wp\/v2\/posts\/439316\/revisions"}],"predecessor-version":[{"id":439317,"href":"https:\/\/bahiaeconomica.com.br\/wp\/wp-json\/wp\/v2\/posts\/439316\/revisions\/439317"}],"wp:featuredmedia":[{"embeddable":true,"href":"https:\/\/bahiaeconomica.com.br\/wp\/wp-json\/wp\/v2\/media\/432962"}],"wp:attachment":[{"href":"https:\/\/bahiaeconomica.com.br\/wp\/wp-json\/wp\/v2\/media?parent=439316"}],"wp:term":[{"taxonomy":"category","embeddable":true,"href":"https:\/\/bahiaeconomica.com.br\/wp\/wp-json\/wp\/v2\/categories?post=439316"},{"taxonomy":"post_tag","embeddable":true,"href":"https:\/\/bahiaeconomica.com.br\/wp\/wp-json\/wp\/v2\/tags?post=439316"}],"curies":[{"name":"wp","href":"https:\/\/api.w.org\/{rel}","templated":true}]}}