{"id":439231,"date":"2020-02-03T08:40:53","date_gmt":"2020-02-03T11:40:53","guid":{"rendered":"https:\/\/bahiaeconomica.com.br\/wp\/beta\/?p=439231"},"modified":"2020-02-03T08:04:01","modified_gmt":"2020-02-03T11:04:01","slug":"bahia-cria-mais-sete-rppns-e-dobra-area-de-reserva-no-estado","status":"publish","type":"post","link":"https:\/\/bahiaeconomica.com.br\/wp\/2020\/02\/03\/bahia-cria-mais-sete-rppns-e-dobra-area-de-reserva-no-estado\/","title":{"rendered":"BAHIA CRIA MAIS SETE RPPNS E DOBRA \u00c1REA DE RESERVA NO ESTADO"},"content":{"rendered":"<p>Nesta sexta&#8211;feira (31), dia em que se comemora nacionalmente as Reservas Particulares do Patrim\u00f4nio Natural (RPPN), a Secretaria do Meio Ambiente (Sema) e o Instituto do Meio Ambiente <!--more-->e Recursos H\u00eddricos (Inema) anunciaram a cria\u00e7\u00e3o de mais sete \u00e1reas de reserva particular na Bahia. Com o reconhecimento dessas novas Unidades de Conserva\u00e7\u00e3o, o estado praticamente dobra sua \u00e1rea de reserva particular. Isso porque as sete RPPNs correspondem a mais de 100% do total da \u00e1rea das reservas j\u00e1 criadas na Bahia. S\u00e3o mais 58,6 quil\u00f4metros quadrados de \u00e1rea preservada, o que equivale, por exemplo, a 500 Arenas Fonte Nova.<\/p>\n<p>Agora, a Bahia passa a ter 59 Reservas Particulares do Patrim\u00f4nio Nacional, com uma \u00e1rea total preservada de 108,8 quil\u00f4metros quadrados. A RPPN \u00e9 a \u00fanica categoria de Unidade de Conserva\u00e7\u00e3o em que o propriet\u00e1rio \u00e9 quem toma a iniciativa de transformar a \u00e1rea em uma reserva ambiental. \u201cAo assumir o compromisso com a conserva\u00e7\u00e3o dos recursos naturais, administrando e protegendo suas \u00e1reas de reserva, a sociedade civil est\u00e1 dividindo com o governo o \u00f4nus da gest\u00e3o ambiental. Esta \u00e9 uma contribui\u00e7\u00e3o que demonstra de fato que somos todos co-respons\u00e1veis pela preserva\u00e7\u00e3o da diversidade biol\u00f3gica da nossa fauna e flora. Com a assinatura dessas novas \u00e1reas de reserva particular, Estado e sociedade avan\u00e7am na garantia dos direitos por uma vida ambientalmente sustent\u00e1vel para esta e as futuras gera\u00e7\u00f5es\u201d, afirmou o secret\u00e1rio do Meio Ambiente, Jo\u00e3o Carlos Oliveira.<\/p>\n<p>A RPPN \u00e9 averbada no Registro P\u00fablico de Im\u00f3veis, gravada com perpetuidade nos termos do artigo 21, par\u00e1grafo 1\u00b0 da Lei Federal n\u00b0 9.985, de 18 de julho de 2000 e criada, em \u00e2mbito estadual, por meio de Portaria Inema. Por ter car\u00e1ter perp\u00e9tuo, a Reserva ser\u00e1 mantida mesmo em caso de repasse para herdeiros ou venda da \u00e1rea, que apenas poder\u00e1 ser desafetada atrav\u00e9s de projeto de lei. Com objetivo prec\u00edpuo de conservar a diversidade biol\u00f3gica, a RPPN garante ao propriet\u00e1rio a certeza que sua propriedade ser\u00e1 preservada, al\u00e9m de lhe dar a possibilidade de desenvolver algumas atividades de potencial econ\u00f4mico, como o ecoturismo, a educa\u00e7\u00e3o ambiental e a pesquisa cient\u00edfica.<\/p>\n<p>A assinatura do ato de cria\u00e7\u00e3o das RPPNs ser\u00e1 realizada na pr\u00f3xima ter\u00e7a-feira (4), \u00e0s 11h, no gabinete da Sema. A cerim\u00f4nia contar\u00e1 com a presen\u00e7a do secret\u00e1rio do Meio Ambiente, Jo\u00e3o Carlos Oliveira, da diretora-geral do Inema, M\u00e1rcia Telles, da superintendente de Inova\u00e7\u00e3o e Desenvolvimento Ambiental, Clarissa Amaral, e dos propriet\u00e1rios das \u00e1reas de reserva particular. Ser\u00e3o reconhecidas como RPPN as Reservas Falc\u00e3o, Japur\u00e1, Lua Alta, Sabaumirim Gleba A e Gleba B, todas de propriedade da Copener, e as Reservas Alian\u00e7a e Nova Esperan\u00e7a, de propriedade das Fazendas Reunidas Santa Maria.<\/p>\n<p>Foto: divulga\u00e7\u00e3o<\/p>\n","protected":false},"excerpt":{"rendered":"<p>Nesta sexta&#8211;feira (31), dia em que se comemora nacionalmente as Reservas Particulares do Patrim\u00f4nio Natural (RPPN), a Secretaria do Meio Ambiente (Sema) e o Instituto do Meio Ambiente<\/p>\n","protected":false},"author":1,"featured_media":429709,"comment_status":"closed","ping_status":"closed","sticky":false,"template":"","format":"standard","meta":[],"categories":[14,3],"tags":[],"acf":[],"yoast_head":"<!-- This site is optimized with the Yoast SEO plugin v20.8 - https:\/\/yoast.com\/wordpress\/plugins\/seo\/ -->\n<title>BAHIA CRIA MAIS SETE RPPNS E DOBRA \u00c1REA DE RESERVA NO ESTADO - Bahia Economica<\/title>\n<meta name=\"description\" content=\"O maior portal de Economia da Bahia DESTAQUE DO DIA, ECONOMIA \/ POL\u00cdTICA Bahia Economica\" \/>\n<meta name=\"robots\" content=\"index, follow, max-snippet:-1, max-image-preview:large, max-video-preview:-1\" \/>\n<link rel=\"canonical\" href=\"https:\/\/bahiaeconomica.com.br\/wp\/2020\/02\/03\/bahia-cria-mais-sete-rppns-e-dobra-area-de-reserva-no-estado\/\" \/>\n<meta property=\"og:locale\" content=\"pt_BR\" \/>\n<meta property=\"og:type\" content=\"article\" \/>\n<meta property=\"og:title\" content=\"BAHIA CRIA MAIS SETE RPPNS E DOBRA \u00c1REA DE RESERVA NO ESTADO - Bahia Economica\" \/>\n<meta property=\"og:description\" content=\"O maior portal de Economia da Bahia DESTAQUE DO DIA, ECONOMIA \/ POL\u00cdTICA Bahia Economica\" \/>\n<meta property=\"og:url\" content=\"https:\/\/bahiaeconomica.com.br\/wp\/2020\/02\/03\/bahia-cria-mais-sete-rppns-e-dobra-area-de-reserva-no-estado\/\" \/>\n<meta property=\"og:site_name\" content=\"Bahia Economica\" \/>\n<meta property=\"article:publisher\" content=\"https:\/\/www.facebook.com\/bahiaeconomica\" \/>\n<meta property=\"article:published_time\" content=\"2020-02-03T11:40:53+00:00\" \/>\n<meta property=\"article:modified_time\" content=\"2020-02-03T11:04:01+00:00\" \/>\n<meta property=\"og:image\" content=\"https:\/\/bahiaeconomica.com.br\/wp\/wp-content\/uploads\/2019\/12\/rui-costa-9.jpg\" \/>\n\t<meta property=\"og:image:width\" content=\"500\" \/>\n\t<meta property=\"og:image:height\" content=\"300\" \/>\n\t<meta property=\"og:image:type\" content=\"image\/jpeg\" \/>\n<meta name=\"author\" content=\"admin\" \/>\n<meta name=\"twitter:card\" content=\"summary_large_image\" \/>\n<meta name=\"twitter:label1\" content=\"Escrito por\" \/>\n\t<meta name=\"twitter:data1\" content=\"admin\" \/>\n\t<meta name=\"twitter:label2\" content=\"Est. tempo de leitura\" \/>\n\t<meta name=\"twitter:data2\" content=\"2 minutos\" \/>\n<script type=\"application\/ld+json\" class=\"yoast-schema-graph\">{\"@context\":\"https:\/\/schema.org\",\"@graph\":[{\"@type\":\"Article\",\"@id\":\"https:\/\/bahiaeconomica.com.br\/wp\/2020\/02\/03\/bahia-cria-mais-sete-rppns-e-dobra-area-de-reserva-no-estado\/#article\",\"isPartOf\":{\"@id\":\"https:\/\/bahiaeconomica.com.br\/wp\/2020\/02\/03\/bahia-cria-mais-sete-rppns-e-dobra-area-de-reserva-no-estado\/\"},\"author\":{\"name\":\"admin\",\"@id\":\"https:\/\/bahiaeconomica.com.br\/wp\/#\/schema\/person\/cb1ab5ba96ad3d9390805381c76284ec\"},\"headline\":\"BAHIA CRIA MAIS SETE RPPNS E DOBRA \u00c1REA DE RESERVA NO ESTADO\",\"datePublished\":\"2020-02-03T11:40:53+00:00\",\"dateModified\":\"2020-02-03T11:04:01+00:00\",\"mainEntityOfPage\":{\"@id\":\"https:\/\/bahiaeconomica.com.br\/wp\/2020\/02\/03\/bahia-cria-mais-sete-rppns-e-dobra-area-de-reserva-no-estado\/\"},\"wordCount\":487,\"publisher\":{\"@id\":\"https:\/\/bahiaeconomica.com.br\/wp\/#organization\"},\"articleSection\":[\"DESTAQUE DO DIA\",\"ECONOMIA \/ POL\u00cdTICA\"],\"inLanguage\":\"pt-BR\"},{\"@type\":\"WebPage\",\"@id\":\"https:\/\/bahiaeconomica.com.br\/wp\/2020\/02\/03\/bahia-cria-mais-sete-rppns-e-dobra-area-de-reserva-no-estado\/\",\"url\":\"https:\/\/bahiaeconomica.com.br\/wp\/2020\/02\/03\/bahia-cria-mais-sete-rppns-e-dobra-area-de-reserva-no-estado\/\",\"name\":\"BAHIA CRIA MAIS SETE RPPNS E DOBRA \u00c1REA DE RESERVA NO ESTADO - Bahia Economica\",\"isPartOf\":{\"@id\":\"https:\/\/bahiaeconomica.com.br\/wp\/#website\"},\"datePublished\":\"2020-02-03T11:40:53+00:00\",\"dateModified\":\"2020-02-03T11:04:01+00:00\",\"description\":\"O maior portal de Economia da Bahia DESTAQUE DO DIA, ECONOMIA \/ POL\u00cdTICA Bahia Economica\",\"breadcrumb\":{\"@id\":\"https:\/\/bahiaeconomica.com.br\/wp\/2020\/02\/03\/bahia-cria-mais-sete-rppns-e-dobra-area-de-reserva-no-estado\/#breadcrumb\"},\"inLanguage\":\"pt-BR\",\"potentialAction\":[{\"@type\":\"ReadAction\",\"target\":[\"https:\/\/bahiaeconomica.com.br\/wp\/2020\/02\/03\/bahia-cria-mais-sete-rppns-e-dobra-area-de-reserva-no-estado\/\"]}]},{\"@type\":\"BreadcrumbList\",\"@id\":\"https:\/\/bahiaeconomica.com.br\/wp\/2020\/02\/03\/bahia-cria-mais-sete-rppns-e-dobra-area-de-reserva-no-estado\/#breadcrumb\",\"itemListElement\":[{\"@type\":\"ListItem\",\"position\":1,\"name\":\"In\u00edcio\",\"item\":\"https:\/\/bahiaeconomica.com.br\/wp\/\"},{\"@type\":\"ListItem\",\"position\":2,\"name\":\"BAHIA CRIA MAIS SETE RPPNS E DOBRA \u00c1REA DE RESERVA NO ESTADO\"}]},{\"@type\":\"WebSite\",\"@id\":\"https:\/\/bahiaeconomica.com.br\/wp\/#website\",\"url\":\"https:\/\/bahiaeconomica.com.br\/wp\/\",\"name\":\"Bahia Economica\",\"description\":\"O maior portal de Economia da Bahia\",\"publisher\":{\"@id\":\"https:\/\/bahiaeconomica.com.br\/wp\/#organization\"},\"potentialAction\":[{\"@type\":\"SearchAction\",\"target\":{\"@type\":\"EntryPoint\",\"urlTemplate\":\"https:\/\/bahiaeconomica.com.br\/wp\/?s={search_term_string}\"},\"query-input\":\"required name=search_term_string\"}],\"inLanguage\":\"pt-BR\"},{\"@type\":\"Organization\",\"@id\":\"https:\/\/bahiaeconomica.com.br\/wp\/#organization\",\"name\":\"Bahia Econ\u00f4mica\",\"url\":\"https:\/\/bahiaeconomica.com.br\/wp\/\",\"logo\":{\"@type\":\"ImageObject\",\"inLanguage\":\"pt-BR\",\"@id\":\"https:\/\/bahiaeconomica.com.br\/wp\/#\/schema\/logo\/image\/\",\"url\":\"https:\/\/bahiaeconomica.com.br\/wp\/wp-content\/uploads\/2020\/12\/cropped-BE.png\",\"contentUrl\":\"https:\/\/bahiaeconomica.com.br\/wp\/wp-content\/uploads\/2020\/12\/cropped-BE.png\",\"width\":512,\"height\":512,\"caption\":\"Bahia Econ\u00f4mica\"},\"image\":{\"@id\":\"https:\/\/bahiaeconomica.com.br\/wp\/#\/schema\/logo\/image\/\"},\"sameAs\":[\"https:\/\/www.facebook.com\/bahiaeconomica\"]},{\"@type\":\"Person\",\"@id\":\"https:\/\/bahiaeconomica.com.br\/wp\/#\/schema\/person\/cb1ab5ba96ad3d9390805381c76284ec\",\"name\":\"admin\",\"url\":\"https:\/\/bahiaeconomica.com.br\/wp\/author\/admin\/\"}]}<\/script>\n<!-- \/ Yoast SEO plugin. -->","yoast_head_json":{"title":"BAHIA CRIA MAIS SETE RPPNS E DOBRA \u00c1REA DE RESERVA NO ESTADO - Bahia Economica","description":"O maior portal de Economia da Bahia DESTAQUE DO DIA, ECONOMIA \/ POL\u00cdTICA Bahia Economica","robots":{"index":"index","follow":"follow","max-snippet":"max-snippet:-1","max-image-preview":"max-image-preview:large","max-video-preview":"max-video-preview:-1"},"canonical":"https:\/\/bahiaeconomica.com.br\/wp\/2020\/02\/03\/bahia-cria-mais-sete-rppns-e-dobra-area-de-reserva-no-estado\/","og_locale":"pt_BR","og_type":"article","og_title":"BAHIA CRIA MAIS SETE RPPNS E DOBRA \u00c1REA DE RESERVA NO ESTADO - Bahia Economica","og_description":"O maior portal de Economia da Bahia DESTAQUE DO DIA, ECONOMIA \/ POL\u00cdTICA Bahia Economica","og_url":"https:\/\/bahiaeconomica.com.br\/wp\/2020\/02\/03\/bahia-cria-mais-sete-rppns-e-dobra-area-de-reserva-no-estado\/","og_site_name":"Bahia Economica","article_publisher":"https:\/\/www.facebook.com\/bahiaeconomica","article_published_time":"2020-02-03T11:40:53+00:00","article_modified_time":"2020-02-03T11:04:01+00:00","og_image":[{"width":500,"height":300,"url":"https:\/\/bahiaeconomica.com.br\/wp\/wp-content\/uploads\/2019\/12\/rui-costa-9.jpg","type":"image\/jpeg"}],"author":"admin","twitter_card":"summary_large_image","twitter_misc":{"Escrito por":"admin","Est. tempo de leitura":"2 minutos"},"schema":{"@context":"https:\/\/schema.org","@graph":[{"@type":"Article","@id":"https:\/\/bahiaeconomica.com.br\/wp\/2020\/02\/03\/bahia-cria-mais-sete-rppns-e-dobra-area-de-reserva-no-estado\/#article","isPartOf":{"@id":"https:\/\/bahiaeconomica.com.br\/wp\/2020\/02\/03\/bahia-cria-mais-sete-rppns-e-dobra-area-de-reserva-no-estado\/"},"author":{"name":"admin","@id":"https:\/\/bahiaeconomica.com.br\/wp\/#\/schema\/person\/cb1ab5ba96ad3d9390805381c76284ec"},"headline":"BAHIA CRIA MAIS SETE RPPNS E DOBRA \u00c1REA DE RESERVA NO ESTADO","datePublished":"2020-02-03T11:40:53+00:00","dateModified":"2020-02-03T11:04:01+00:00","mainEntityOfPage":{"@id":"https:\/\/bahiaeconomica.com.br\/wp\/2020\/02\/03\/bahia-cria-mais-sete-rppns-e-dobra-area-de-reserva-no-estado\/"},"wordCount":487,"publisher":{"@id":"https:\/\/bahiaeconomica.com.br\/wp\/#organization"},"articleSection":["DESTAQUE DO DIA","ECONOMIA \/ POL\u00cdTICA"],"inLanguage":"pt-BR"},{"@type":"WebPage","@id":"https:\/\/bahiaeconomica.com.br\/wp\/2020\/02\/03\/bahia-cria-mais-sete-rppns-e-dobra-area-de-reserva-no-estado\/","url":"https:\/\/bahiaeconomica.com.br\/wp\/2020\/02\/03\/bahia-cria-mais-sete-rppns-e-dobra-area-de-reserva-no-estado\/","name":"BAHIA CRIA MAIS SETE RPPNS E DOBRA \u00c1REA DE RESERVA NO ESTADO - Bahia Economica","isPartOf":{"@id":"https:\/\/bahiaeconomica.com.br\/wp\/#website"},"datePublished":"2020-02-03T11:40:53+00:00","dateModified":"2020-02-03T11:04:01+00:00","description":"O maior portal de Economia da Bahia DESTAQUE DO DIA, ECONOMIA \/ POL\u00cdTICA Bahia Economica","breadcrumb":{"@id":"https:\/\/bahiaeconomica.com.br\/wp\/2020\/02\/03\/bahia-cria-mais-sete-rppns-e-dobra-area-de-reserva-no-estado\/#breadcrumb"},"inLanguage":"pt-BR","potentialAction":[{"@type":"ReadAction","target":["https:\/\/bahiaeconomica.com.br\/wp\/2020\/02\/03\/bahia-cria-mais-sete-rppns-e-dobra-area-de-reserva-no-estado\/"]}]},{"@type":"BreadcrumbList","@id":"https:\/\/bahiaeconomica.com.br\/wp\/2020\/02\/03\/bahia-cria-mais-sete-rppns-e-dobra-area-de-reserva-no-estado\/#breadcrumb","itemListElement":[{"@type":"ListItem","position":1,"name":"In\u00edcio","item":"https:\/\/bahiaeconomica.com.br\/wp\/"},{"@type":"ListItem","position":2,"name":"BAHIA CRIA MAIS SETE RPPNS E DOBRA \u00c1REA DE RESERVA NO ESTADO"}]},{"@type":"WebSite","@id":"https:\/\/bahiaeconomica.com.br\/wp\/#website","url":"https:\/\/bahiaeconomica.com.br\/wp\/","name":"Bahia Economica","description":"O maior portal de Economia da Bahia","publisher":{"@id":"https:\/\/bahiaeconomica.com.br\/wp\/#organization"},"potentialAction":[{"@type":"SearchAction","target":{"@type":"EntryPoint","urlTemplate":"https:\/\/bahiaeconomica.com.br\/wp\/?s={search_term_string}"},"query-input":"required name=search_term_string"}],"inLanguage":"pt-BR"},{"@type":"Organization","@id":"https:\/\/bahiaeconomica.com.br\/wp\/#organization","name":"Bahia Econ\u00f4mica","url":"https:\/\/bahiaeconomica.com.br\/wp\/","logo":{"@type":"ImageObject","inLanguage":"pt-BR","@id":"https:\/\/bahiaeconomica.com.br\/wp\/#\/schema\/logo\/image\/","url":"https:\/\/bahiaeconomica.com.br\/wp\/wp-content\/uploads\/2020\/12\/cropped-BE.png","contentUrl":"https:\/\/bahiaeconomica.com.br\/wp\/wp-content\/uploads\/2020\/12\/cropped-BE.png","width":512,"height":512,"caption":"Bahia Econ\u00f4mica"},"image":{"@id":"https:\/\/bahiaeconomica.com.br\/wp\/#\/schema\/logo\/image\/"},"sameAs":["https:\/\/www.facebook.com\/bahiaeconomica"]},{"@type":"Person","@id":"https:\/\/bahiaeconomica.com.br\/wp\/#\/schema\/person\/cb1ab5ba96ad3d9390805381c76284ec","name":"admin","url":"https:\/\/bahiaeconomica.com.br\/wp\/author\/admin\/"}]}},"views":2,"_links":{"self":[{"href":"https:\/\/bahiaeconomica.com.br\/wp\/wp-json\/wp\/v2\/posts\/439231"}],"collection":[{"href":"https:\/\/bahiaeconomica.com.br\/wp\/wp-json\/wp\/v2\/posts"}],"about":[{"href":"https:\/\/bahiaeconomica.com.br\/wp\/wp-json\/wp\/v2\/types\/post"}],"author":[{"embeddable":true,"href":"https:\/\/bahiaeconomica.com.br\/wp\/wp-json\/wp\/v2\/users\/1"}],"replies":[{"embeddable":true,"href":"https:\/\/bahiaeconomica.com.br\/wp\/wp-json\/wp\/v2\/comments?post=439231"}],"version-history":[{"count":1,"href":"https:\/\/bahiaeconomica.com.br\/wp\/wp-json\/wp\/v2\/posts\/439231\/revisions"}],"predecessor-version":[{"id":439232,"href":"https:\/\/bahiaeconomica.com.br\/wp\/wp-json\/wp\/v2\/posts\/439231\/revisions\/439232"}],"wp:featuredmedia":[{"embeddable":true,"href":"https:\/\/bahiaeconomica.com.br\/wp\/wp-json\/wp\/v2\/media\/429709"}],"wp:attachment":[{"href":"https:\/\/bahiaeconomica.com.br\/wp\/wp-json\/wp\/v2\/media?parent=439231"}],"wp:term":[{"taxonomy":"category","embeddable":true,"href":"https:\/\/bahiaeconomica.com.br\/wp\/wp-json\/wp\/v2\/categories?post=439231"},{"taxonomy":"post_tag","embeddable":true,"href":"https:\/\/bahiaeconomica.com.br\/wp\/wp-json\/wp\/v2\/tags?post=439231"}],"curies":[{"name":"wp","href":"https:\/\/api.w.org\/{rel}","templated":true}]}}