{"id":438668,"date":"2020-01-29T19:24:42","date_gmt":"2020-01-29T22:24:42","guid":{"rendered":"https:\/\/bahiaeconomica.com.br\/wp\/beta\/?p=438668"},"modified":"2020-01-29T19:14:08","modified_gmt":"2020-01-29T22:14:08","slug":"parlamento-europeu-aprova-acordo-de-saida-do-reino-unido-da-ue","status":"publish","type":"post","link":"https:\/\/bahiaeconomica.com.br\/wp\/2020\/01\/29\/parlamento-europeu-aprova-acordo-de-saida-do-reino-unido-da-ue\/","title":{"rendered":"PARLAMENTO EUROPEU APROVA ACORDO DE SA\u00cdDA DO REINO UNIDO DA UE"},"content":{"rendered":"<p>O Parlamento Europeu aprovou hoje (29), em Bruxelas, o Acordo de Sa\u00edda do Reino Unido da Uni\u00e3o Europeia (UE)<!--more-->, a \u00faltima formalidade que faltava para que o Brexit se concretize na pr\u00f3xima sexta-feira (31).<\/p>\n<p>Em uma vota\u00e7\u00e3o em que bastava uma maioria simples dos votos expressos, o Parlamento Europeu &#8220;carimbou&#8221; a sa\u00edda do Reino Unido da UE com 621 votos a favor, 49 contra e 13 absten\u00e7\u00f5es.<\/p>\n<p>Tr\u00eas anos e meio depois de o Brexit ter sido aprovado em um referendo por 52% dos eleitores, em junho de 2016, o processo \u2013 marcado por sucessivas rejei\u00e7\u00f5es do Acordo de Sa\u00edda pelo Parlamento brit\u00e2nico, que finalmente deu o seu aval ap\u00f3s a clara vit\u00f3ria do conservador Boris Johnson nas elei\u00e7\u00f5es de dezembro passado \u2013 chega ent\u00e3o ao fim, com a sa\u00edda do Reino Unido do bloco europeu a concretizar-se na pr\u00f3xima sexta-feira, \u00e0s 23h de Londres (mesma hora em Lisboa, 0h de 1\u00ba de fevereiro em Bruxelas).<\/p>\n<p>No s\u00e1bado, 1\u00ba de fevereiro, ter\u00e1 in\u00edcio o chamado &#8220;per\u00edodo de transi\u00e7\u00e3o&#8221;, at\u00e9 31 de dezembro de 2020, durante o qual as duas partes negociar\u00e3o a rela\u00e7\u00e3o futura, j\u00e1 que nesse dia o Reino Unido ir\u00e1 tornar-se um &#8220;pa\u00eds terceiro&#8221; para a UE, depois de protagonizar aquele que \u00e9 o primeiro abandono da hist\u00f3ria da Uni\u00e3o Europeia, que passa a contar com 27 Estados-Membros. (RTP \u2013 Emissora p\u00fablica de televis\u00e3o de Portugal)<\/p>\n<p>&nbsp;<\/p>\n<p>Foto: Yves Herman\/ Reuters<\/p>\n","protected":false},"excerpt":{"rendered":"<p>O Parlamento Europeu aprovou hoje (29), em Bruxelas, o Acordo de Sa\u00edda do Reino Unido da Uni\u00e3o Europeia (UE)<\/p>\n","protected":false},"author":1,"featured_media":438669,"comment_status":"closed","ping_status":"closed","sticky":false,"template":"","format":"standard","meta":[],"categories":[14,3],"tags":[],"acf":[],"yoast_head":"<!-- This site is optimized with the Yoast SEO plugin v20.8 - https:\/\/yoast.com\/wordpress\/plugins\/seo\/ -->\n<title>PARLAMENTO EUROPEU APROVA ACORDO DE SA\u00cdDA DO REINO UNIDO DA UE - Bahia Economica<\/title>\n<meta name=\"description\" content=\"O maior portal de Economia da Bahia DESTAQUE DO DIA, ECONOMIA \/ POL\u00cdTICA Bahia Economica\" \/>\n<meta name=\"robots\" content=\"index, follow, max-snippet:-1, max-image-preview:large, max-video-preview:-1\" \/>\n<link rel=\"canonical\" href=\"https:\/\/bahiaeconomica.com.br\/wp\/2020\/01\/29\/parlamento-europeu-aprova-acordo-de-saida-do-reino-unido-da-ue\/\" \/>\n<meta property=\"og:locale\" content=\"pt_BR\" \/>\n<meta property=\"og:type\" content=\"article\" \/>\n<meta property=\"og:title\" content=\"PARLAMENTO EUROPEU APROVA ACORDO DE SA\u00cdDA DO REINO UNIDO DA UE - Bahia Economica\" \/>\n<meta property=\"og:description\" content=\"O maior portal de Economia da Bahia DESTAQUE DO DIA, ECONOMIA \/ POL\u00cdTICA Bahia Economica\" \/>\n<meta property=\"og:url\" content=\"https:\/\/bahiaeconomica.com.br\/wp\/2020\/01\/29\/parlamento-europeu-aprova-acordo-de-saida-do-reino-unido-da-ue\/\" \/>\n<meta property=\"og:site_name\" content=\"Bahia Economica\" \/>\n<meta property=\"article:publisher\" content=\"https:\/\/www.facebook.com\/bahiaeconomica\" \/>\n<meta property=\"article:published_time\" content=\"2020-01-29T22:24:42+00:00\" \/>\n<meta property=\"article:modified_time\" content=\"2020-01-29T22:14:08+00:00\" \/>\n<meta property=\"og:image\" content=\"https:\/\/bahiaeconomica.com.br\/wp\/wp-content\/uploads\/2020\/01\/europa-Foto-Yves-Herman-Reuters.jpg\" \/>\n\t<meta property=\"og:image:width\" content=\"500\" \/>\n\t<meta property=\"og:image:height\" content=\"333\" \/>\n\t<meta property=\"og:image:type\" content=\"image\/jpeg\" \/>\n<meta name=\"author\" content=\"admin\" \/>\n<meta name=\"twitter:card\" content=\"summary_large_image\" \/>\n<meta name=\"twitter:label1\" content=\"Escrito por\" \/>\n\t<meta name=\"twitter:data1\" content=\"admin\" \/>\n\t<meta name=\"twitter:label2\" content=\"Est. tempo de leitura\" \/>\n\t<meta name=\"twitter:data2\" content=\"1 minuto\" \/>\n<script type=\"application\/ld+json\" class=\"yoast-schema-graph\">{\"@context\":\"https:\/\/schema.org\",\"@graph\":[{\"@type\":\"Article\",\"@id\":\"https:\/\/bahiaeconomica.com.br\/wp\/2020\/01\/29\/parlamento-europeu-aprova-acordo-de-saida-do-reino-unido-da-ue\/#article\",\"isPartOf\":{\"@id\":\"https:\/\/bahiaeconomica.com.br\/wp\/2020\/01\/29\/parlamento-europeu-aprova-acordo-de-saida-do-reino-unido-da-ue\/\"},\"author\":{\"name\":\"admin\",\"@id\":\"https:\/\/bahiaeconomica.com.br\/wp\/#\/schema\/person\/cb1ab5ba96ad3d9390805381c76284ec\"},\"headline\":\"PARLAMENTO EUROPEU APROVA ACORDO DE SA\u00cdDA DO REINO UNIDO DA UE\",\"datePublished\":\"2020-01-29T22:24:42+00:00\",\"dateModified\":\"2020-01-29T22:14:08+00:00\",\"mainEntityOfPage\":{\"@id\":\"https:\/\/bahiaeconomica.com.br\/wp\/2020\/01\/29\/parlamento-europeu-aprova-acordo-de-saida-do-reino-unido-da-ue\/\"},\"wordCount\":256,\"publisher\":{\"@id\":\"https:\/\/bahiaeconomica.com.br\/wp\/#organization\"},\"articleSection\":[\"DESTAQUE DO DIA\",\"ECONOMIA \/ POL\u00cdTICA\"],\"inLanguage\":\"pt-BR\"},{\"@type\":\"WebPage\",\"@id\":\"https:\/\/bahiaeconomica.com.br\/wp\/2020\/01\/29\/parlamento-europeu-aprova-acordo-de-saida-do-reino-unido-da-ue\/\",\"url\":\"https:\/\/bahiaeconomica.com.br\/wp\/2020\/01\/29\/parlamento-europeu-aprova-acordo-de-saida-do-reino-unido-da-ue\/\",\"name\":\"PARLAMENTO EUROPEU APROVA ACORDO DE SA\u00cdDA DO REINO UNIDO DA UE - Bahia Economica\",\"isPartOf\":{\"@id\":\"https:\/\/bahiaeconomica.com.br\/wp\/#website\"},\"datePublished\":\"2020-01-29T22:24:42+00:00\",\"dateModified\":\"2020-01-29T22:14:08+00:00\",\"description\":\"O maior portal de Economia da Bahia DESTAQUE DO DIA, ECONOMIA \/ POL\u00cdTICA Bahia Economica\",\"breadcrumb\":{\"@id\":\"https:\/\/bahiaeconomica.com.br\/wp\/2020\/01\/29\/parlamento-europeu-aprova-acordo-de-saida-do-reino-unido-da-ue\/#breadcrumb\"},\"inLanguage\":\"pt-BR\",\"potentialAction\":[{\"@type\":\"ReadAction\",\"target\":[\"https:\/\/bahiaeconomica.com.br\/wp\/2020\/01\/29\/parlamento-europeu-aprova-acordo-de-saida-do-reino-unido-da-ue\/\"]}]},{\"@type\":\"BreadcrumbList\",\"@id\":\"https:\/\/bahiaeconomica.com.br\/wp\/2020\/01\/29\/parlamento-europeu-aprova-acordo-de-saida-do-reino-unido-da-ue\/#breadcrumb\",\"itemListElement\":[{\"@type\":\"ListItem\",\"position\":1,\"name\":\"In\u00edcio\",\"item\":\"https:\/\/bahiaeconomica.com.br\/wp\/\"},{\"@type\":\"ListItem\",\"position\":2,\"name\":\"PARLAMENTO EUROPEU APROVA ACORDO DE SA\u00cdDA DO REINO UNIDO DA UE\"}]},{\"@type\":\"WebSite\",\"@id\":\"https:\/\/bahiaeconomica.com.br\/wp\/#website\",\"url\":\"https:\/\/bahiaeconomica.com.br\/wp\/\",\"name\":\"Bahia Economica\",\"description\":\"O maior portal de Economia da Bahia\",\"publisher\":{\"@id\":\"https:\/\/bahiaeconomica.com.br\/wp\/#organization\"},\"potentialAction\":[{\"@type\":\"SearchAction\",\"target\":{\"@type\":\"EntryPoint\",\"urlTemplate\":\"https:\/\/bahiaeconomica.com.br\/wp\/?s={search_term_string}\"},\"query-input\":\"required name=search_term_string\"}],\"inLanguage\":\"pt-BR\"},{\"@type\":\"Organization\",\"@id\":\"https:\/\/bahiaeconomica.com.br\/wp\/#organization\",\"name\":\"Bahia Econ\u00f4mica\",\"url\":\"https:\/\/bahiaeconomica.com.br\/wp\/\",\"logo\":{\"@type\":\"ImageObject\",\"inLanguage\":\"pt-BR\",\"@id\":\"https:\/\/bahiaeconomica.com.br\/wp\/#\/schema\/logo\/image\/\",\"url\":\"https:\/\/bahiaeconomica.com.br\/wp\/wp-content\/uploads\/2020\/12\/cropped-BE.png\",\"contentUrl\":\"https:\/\/bahiaeconomica.com.br\/wp\/wp-content\/uploads\/2020\/12\/cropped-BE.png\",\"width\":512,\"height\":512,\"caption\":\"Bahia Econ\u00f4mica\"},\"image\":{\"@id\":\"https:\/\/bahiaeconomica.com.br\/wp\/#\/schema\/logo\/image\/\"},\"sameAs\":[\"https:\/\/www.facebook.com\/bahiaeconomica\"]},{\"@type\":\"Person\",\"@id\":\"https:\/\/bahiaeconomica.com.br\/wp\/#\/schema\/person\/cb1ab5ba96ad3d9390805381c76284ec\",\"name\":\"admin\",\"url\":\"https:\/\/bahiaeconomica.com.br\/wp\/author\/admin\/\"}]}<\/script>\n<!-- \/ Yoast SEO plugin. -->","yoast_head_json":{"title":"PARLAMENTO EUROPEU APROVA ACORDO DE SA\u00cdDA DO REINO UNIDO DA UE - Bahia Economica","description":"O maior portal de Economia da Bahia DESTAQUE DO DIA, ECONOMIA \/ POL\u00cdTICA Bahia Economica","robots":{"index":"index","follow":"follow","max-snippet":"max-snippet:-1","max-image-preview":"max-image-preview:large","max-video-preview":"max-video-preview:-1"},"canonical":"https:\/\/bahiaeconomica.com.br\/wp\/2020\/01\/29\/parlamento-europeu-aprova-acordo-de-saida-do-reino-unido-da-ue\/","og_locale":"pt_BR","og_type":"article","og_title":"PARLAMENTO EUROPEU APROVA ACORDO DE SA\u00cdDA DO REINO UNIDO DA UE - Bahia Economica","og_description":"O maior portal de Economia da Bahia DESTAQUE DO DIA, ECONOMIA \/ POL\u00cdTICA Bahia Economica","og_url":"https:\/\/bahiaeconomica.com.br\/wp\/2020\/01\/29\/parlamento-europeu-aprova-acordo-de-saida-do-reino-unido-da-ue\/","og_site_name":"Bahia Economica","article_publisher":"https:\/\/www.facebook.com\/bahiaeconomica","article_published_time":"2020-01-29T22:24:42+00:00","article_modified_time":"2020-01-29T22:14:08+00:00","og_image":[{"width":500,"height":333,"url":"https:\/\/bahiaeconomica.com.br\/wp\/wp-content\/uploads\/2020\/01\/europa-Foto-Yves-Herman-Reuters.jpg","type":"image\/jpeg"}],"author":"admin","twitter_card":"summary_large_image","twitter_misc":{"Escrito por":"admin","Est. tempo de leitura":"1 minuto"},"schema":{"@context":"https:\/\/schema.org","@graph":[{"@type":"Article","@id":"https:\/\/bahiaeconomica.com.br\/wp\/2020\/01\/29\/parlamento-europeu-aprova-acordo-de-saida-do-reino-unido-da-ue\/#article","isPartOf":{"@id":"https:\/\/bahiaeconomica.com.br\/wp\/2020\/01\/29\/parlamento-europeu-aprova-acordo-de-saida-do-reino-unido-da-ue\/"},"author":{"name":"admin","@id":"https:\/\/bahiaeconomica.com.br\/wp\/#\/schema\/person\/cb1ab5ba96ad3d9390805381c76284ec"},"headline":"PARLAMENTO EUROPEU APROVA ACORDO DE SA\u00cdDA DO REINO UNIDO DA UE","datePublished":"2020-01-29T22:24:42+00:00","dateModified":"2020-01-29T22:14:08+00:00","mainEntityOfPage":{"@id":"https:\/\/bahiaeconomica.com.br\/wp\/2020\/01\/29\/parlamento-europeu-aprova-acordo-de-saida-do-reino-unido-da-ue\/"},"wordCount":256,"publisher":{"@id":"https:\/\/bahiaeconomica.com.br\/wp\/#organization"},"articleSection":["DESTAQUE DO DIA","ECONOMIA \/ POL\u00cdTICA"],"inLanguage":"pt-BR"},{"@type":"WebPage","@id":"https:\/\/bahiaeconomica.com.br\/wp\/2020\/01\/29\/parlamento-europeu-aprova-acordo-de-saida-do-reino-unido-da-ue\/","url":"https:\/\/bahiaeconomica.com.br\/wp\/2020\/01\/29\/parlamento-europeu-aprova-acordo-de-saida-do-reino-unido-da-ue\/","name":"PARLAMENTO EUROPEU APROVA ACORDO DE SA\u00cdDA DO REINO UNIDO DA UE - Bahia Economica","isPartOf":{"@id":"https:\/\/bahiaeconomica.com.br\/wp\/#website"},"datePublished":"2020-01-29T22:24:42+00:00","dateModified":"2020-01-29T22:14:08+00:00","description":"O maior portal de Economia da Bahia DESTAQUE DO DIA, ECONOMIA \/ POL\u00cdTICA Bahia Economica","breadcrumb":{"@id":"https:\/\/bahiaeconomica.com.br\/wp\/2020\/01\/29\/parlamento-europeu-aprova-acordo-de-saida-do-reino-unido-da-ue\/#breadcrumb"},"inLanguage":"pt-BR","potentialAction":[{"@type":"ReadAction","target":["https:\/\/bahiaeconomica.com.br\/wp\/2020\/01\/29\/parlamento-europeu-aprova-acordo-de-saida-do-reino-unido-da-ue\/"]}]},{"@type":"BreadcrumbList","@id":"https:\/\/bahiaeconomica.com.br\/wp\/2020\/01\/29\/parlamento-europeu-aprova-acordo-de-saida-do-reino-unido-da-ue\/#breadcrumb","itemListElement":[{"@type":"ListItem","position":1,"name":"In\u00edcio","item":"https:\/\/bahiaeconomica.com.br\/wp\/"},{"@type":"ListItem","position":2,"name":"PARLAMENTO EUROPEU APROVA ACORDO DE SA\u00cdDA DO REINO UNIDO DA UE"}]},{"@type":"WebSite","@id":"https:\/\/bahiaeconomica.com.br\/wp\/#website","url":"https:\/\/bahiaeconomica.com.br\/wp\/","name":"Bahia Economica","description":"O maior portal de Economia da Bahia","publisher":{"@id":"https:\/\/bahiaeconomica.com.br\/wp\/#organization"},"potentialAction":[{"@type":"SearchAction","target":{"@type":"EntryPoint","urlTemplate":"https:\/\/bahiaeconomica.com.br\/wp\/?s={search_term_string}"},"query-input":"required name=search_term_string"}],"inLanguage":"pt-BR"},{"@type":"Organization","@id":"https:\/\/bahiaeconomica.com.br\/wp\/#organization","name":"Bahia Econ\u00f4mica","url":"https:\/\/bahiaeconomica.com.br\/wp\/","logo":{"@type":"ImageObject","inLanguage":"pt-BR","@id":"https:\/\/bahiaeconomica.com.br\/wp\/#\/schema\/logo\/image\/","url":"https:\/\/bahiaeconomica.com.br\/wp\/wp-content\/uploads\/2020\/12\/cropped-BE.png","contentUrl":"https:\/\/bahiaeconomica.com.br\/wp\/wp-content\/uploads\/2020\/12\/cropped-BE.png","width":512,"height":512,"caption":"Bahia Econ\u00f4mica"},"image":{"@id":"https:\/\/bahiaeconomica.com.br\/wp\/#\/schema\/logo\/image\/"},"sameAs":["https:\/\/www.facebook.com\/bahiaeconomica"]},{"@type":"Person","@id":"https:\/\/bahiaeconomica.com.br\/wp\/#\/schema\/person\/cb1ab5ba96ad3d9390805381c76284ec","name":"admin","url":"https:\/\/bahiaeconomica.com.br\/wp\/author\/admin\/"}]}},"views":0,"_links":{"self":[{"href":"https:\/\/bahiaeconomica.com.br\/wp\/wp-json\/wp\/v2\/posts\/438668"}],"collection":[{"href":"https:\/\/bahiaeconomica.com.br\/wp\/wp-json\/wp\/v2\/posts"}],"about":[{"href":"https:\/\/bahiaeconomica.com.br\/wp\/wp-json\/wp\/v2\/types\/post"}],"author":[{"embeddable":true,"href":"https:\/\/bahiaeconomica.com.br\/wp\/wp-json\/wp\/v2\/users\/1"}],"replies":[{"embeddable":true,"href":"https:\/\/bahiaeconomica.com.br\/wp\/wp-json\/wp\/v2\/comments?post=438668"}],"version-history":[{"count":1,"href":"https:\/\/bahiaeconomica.com.br\/wp\/wp-json\/wp\/v2\/posts\/438668\/revisions"}],"predecessor-version":[{"id":438670,"href":"https:\/\/bahiaeconomica.com.br\/wp\/wp-json\/wp\/v2\/posts\/438668\/revisions\/438670"}],"wp:featuredmedia":[{"embeddable":true,"href":"https:\/\/bahiaeconomica.com.br\/wp\/wp-json\/wp\/v2\/media\/438669"}],"wp:attachment":[{"href":"https:\/\/bahiaeconomica.com.br\/wp\/wp-json\/wp\/v2\/media?parent=438668"}],"wp:term":[{"taxonomy":"category","embeddable":true,"href":"https:\/\/bahiaeconomica.com.br\/wp\/wp-json\/wp\/v2\/categories?post=438668"},{"taxonomy":"post_tag","embeddable":true,"href":"https:\/\/bahiaeconomica.com.br\/wp\/wp-json\/wp\/v2\/tags?post=438668"}],"curies":[{"name":"wp","href":"https:\/\/api.w.org\/{rel}","templated":true}]}}