{"id":437910,"date":"2020-01-27T05:03:18","date_gmt":"2020-01-27T08:03:18","guid":{"rendered":"https:\/\/bahiaeconomica.com.br\/wp\/beta\/?p=437910"},"modified":"2020-01-26T21:28:33","modified_gmt":"2020-01-27T00:28:33","slug":"coluna-politica-em-salvador-tem-candidato-que-e-sem-ser-em-feira-tem-candidato-que-nao-e-querendo-ser","status":"publish","type":"post","link":"https:\/\/bahiaeconomica.com.br\/wp\/2020\/01\/27\/coluna-politica-em-salvador-tem-candidato-que-e-sem-ser-em-feira-tem-candidato-que-nao-e-querendo-ser\/","title":{"rendered":"COLUNA POL\u00cdTICA: EM SALVADOR TEM CANDIDATO QUE \u00c9 SEM SER; EM FEIRA TEM CANDIDATO QUE N\u00c3O \u00c9 QUERENDO SER"},"content":{"rendered":"<p>Pol\u00edtica \u00e9 arte do poss\u00edvel, mas \u00e9 tamb\u00e9m a arte de construir o poss\u00edvel. Vejamos, por exemplo, os \u00faltimos movimentos dos pol\u00edticos em rela\u00e7\u00e3o \u00e0s elei\u00e7\u00f5es para as Prefeituras de Salvador e Feira de Santana. Nessas duas cidades, j\u00e1 existem pr\u00e9-candidatos definidos na disputa eleitoral, como \u00e9 o caso do vice-prefeito Bruno Reis, ungido por ACM Neto como candidato do seu grupo pol\u00edtico, e do prefeito Colbert Martins, candidato natural \u00e0 reelei\u00e7\u00e3o. Ambos s\u00e3o candidatos da situa\u00e7\u00e3o, mas o cen\u00e1rio em cada cidade \u00e9 bem diferente.<\/p>\n<p>Em Salvador, a principal lideran\u00e7a pol\u00edtica do estado, o governador Rui Costa, parece meio desinteressado do pleito municipal, pois afinal pouco tem a ganhar nessa elei\u00e7\u00e3o. Seu partido, o PT, tem v\u00e1rios pr\u00e9-candidatos, mas nenhum deles tem cacife eleitoral para viabilizar a candidatura. Como a principal lideran\u00e7a pol\u00edtica da oposi\u00e7\u00e3o a ACM Neto, parece alheio a disputa interna em seu partido, e demonstra cada vez mais que vai apostar na pulveriza\u00e7\u00e3o de candidaturas, sua base eleitoral passou a se movimentar. E assim posicionaram-se como candidatos, o senador \u00c2ngelo Coronel, do PSD, Niltinho, do PP, e Jo\u00e3o Carlos Bacelar do Podemos.<\/p>\n<p>Todos s\u00e3o pr\u00e9-candidatos sem ser, pois todos sabem que n\u00e3o tem qualquer possibilidade de competir com o candidato do Prefeito ACM Neto, Bruno Reis, muito bem colocado nas pesquisas de opini\u00e3o, afinal s\u00e3o desconhecidos em Salvador e falta pouco tempo para a elei\u00e7\u00e3o. \u00a0Por que ent\u00e3o seus nomes entraram no p\u00e1reo? Unicamente por estrat\u00e9gia partid\u00e1ria, \u00a0n\u00e3o s\u00f3 para pressionar Rui Costa a escolher um candidato que possa unir pelo menos parte da base aliada, como tamb\u00e9m para se posicionarem de forma positiva quando est\u00e1 escolha ocorrer, se ocorrer.<\/p>\n<p>Aqui vale dizer que o \u00fanico candidato das oposi\u00e7\u00f5es que, neste momento, tem cacife eleitoral para enfrentar o candidato do prefeito \u00e9 o Sargento Isidorio, mas as lideran\u00e7as oposicionistas parecem envergonhadas em assumir essa candidatura, n\u00e3o s\u00f3 porque ela parece incapacitada em governar uma cidade como Salvador como, o que \u00e9 pior, se chegar ao poder pode destruir todo um trabalho feito para tirar a Capital do buraco em que o ex-prefeito Jo\u00e3o Henrique a jogou. \u00a0Em resumo, a oposi\u00e7\u00e3o em Salvador est\u00e1 num mato sem cachorro com apenas duas possibilidades: ou o governador Rui Costa e o Senador Jaques Wagner, com o benepl\u00e1cito de Jo\u00e3o Le\u00e3o e Otto Alencar, \u00a0escolhem um nome not\u00e1vel e j\u00e1 conhecido da popula\u00e7\u00e3o para ser candidato ou v\u00e3o ter de acompanhar a disputa entre um candidato muito forte e uma mir\u00edade de candidatos sem express\u00e3o do PT, do PC do B,\u00a0 do PSD, do PP, do Podemos e por a\u00ed vai.<\/p>\n<p style=\"text-align: justify;\">J\u00e1 em Feira de Santana o panorama \u00e9 outro, pois a\u00ed existe um nome forte da oposi\u00e7\u00e3o, o pr\u00e9-candidato Z\u00e9 Neto, do PT, que lidera as pesquisas e tem fortes possibilidades de vencer as elei\u00e7\u00f5es. E a\u00ed entra o dilema do DEM, pois o prefeito Colbert Martins, cuja avalia\u00e7\u00e3o de sua gest\u00e3o junto a popula\u00e7\u00e3o deixa desejar, s\u00f3 ter\u00e1 condi\u00e7\u00f5es de competir se o partido de ACM Neto lhe der apoio total. Mas \u00e9 cada vez mais eloquente o sil\u00eancio do ex-prefeito Z\u00e9 Ronaldo, a maior lideran\u00e7a da Princesinha do Sert\u00e3o. Na verdade, Z\u00e9 Ronaldo diz que n\u00e3o \u00e9 candidato querendo ser ou querendo compor com Targino Machado na certeza de que se houver essa composi\u00e7\u00e3o quem quer que seja o candidato entrar\u00e1 forte na elei\u00e7\u00e3o.<\/p>\n<p style=\"text-align: justify;\">Mas, o leitor j\u00e1 sabe, seja em Feira de Santana ou Salvador a pol\u00edtica \u00e9 mais complexa do que sonha a nossa v\u00e3 filosofia.(EP &#8211; 27\/01\/2020)<\/p>\n","protected":false},"excerpt":{"rendered":"<p>Pol\u00edtica \u00e9 arte do poss\u00edvel, mas \u00e9 tamb\u00e9m a arte de construir o poss\u00edvel. Vejamos, por exemplo, os \u00faltimos movimentos dos pol\u00edticos em rela\u00e7\u00e3o \u00e0s elei\u00e7\u00f5es para as Prefeituras de Salvador e Feira de Santana. Nessas duas cidades, j\u00e1 existem pr\u00e9-candidatos definidos na disputa eleitoral, como \u00e9 o caso do vice-prefeito Bruno Reis, ungido por [&hellip;]<\/p>\n","protected":false},"author":1,"featured_media":437911,"comment_status":"closed","ping_status":"closed","sticky":false,"template":"","format":"standard","meta":[],"categories":[15],"tags":[],"acf":[],"yoast_head":"<!-- This site is optimized with the Yoast SEO plugin v20.8 - https:\/\/yoast.com\/wordpress\/plugins\/seo\/ -->\n<title>COLUNA POL\u00cdTICA: EM SALVADOR TEM CANDIDATO QUE \u00c9 SEM SER; EM FEIRA TEM CANDIDATO QUE N\u00c3O \u00c9 QUERENDO SER - Bahia Economica<\/title>\n<meta name=\"description\" content=\"O maior portal de Economia da Bahia SEU INVESTIMENTO Bahia Economica\" \/>\n<meta name=\"robots\" content=\"index, follow, max-snippet:-1, max-image-preview:large, max-video-preview:-1\" \/>\n<link rel=\"canonical\" href=\"https:\/\/bahiaeconomica.com.br\/wp\/2020\/01\/27\/coluna-politica-em-salvador-tem-candidato-que-e-sem-ser-em-feira-tem-candidato-que-nao-e-querendo-ser\/\" \/>\n<meta property=\"og:locale\" content=\"pt_BR\" \/>\n<meta property=\"og:type\" content=\"article\" \/>\n<meta property=\"og:title\" content=\"COLUNA POL\u00cdTICA: EM SALVADOR TEM CANDIDATO QUE \u00c9 SEM SER; EM FEIRA TEM CANDIDATO QUE N\u00c3O \u00c9 QUERENDO SER - Bahia Economica\" \/>\n<meta property=\"og:description\" content=\"O maior portal de Economia da Bahia SEU INVESTIMENTO Bahia Economica\" \/>\n<meta property=\"og:url\" content=\"https:\/\/bahiaeconomica.com.br\/wp\/2020\/01\/27\/coluna-politica-em-salvador-tem-candidato-que-e-sem-ser-em-feira-tem-candidato-que-nao-e-querendo-ser\/\" \/>\n<meta property=\"og:site_name\" content=\"Bahia Economica\" \/>\n<meta property=\"article:publisher\" content=\"https:\/\/www.facebook.com\/bahiaeconomica\" \/>\n<meta property=\"article:published_time\" content=\"2020-01-27T08:03:18+00:00\" \/>\n<meta property=\"article:modified_time\" content=\"2020-01-27T00:28:33+00:00\" \/>\n<meta property=\"og:image\" content=\"https:\/\/bahiaeconomica.com.br\/wp\/wp-content\/uploads\/2020\/01\/elei\u00e7\u00f5es-salvador-feira.png\" \/>\n\t<meta property=\"og:image:width\" content=\"473\" \/>\n\t<meta property=\"og:image:height\" content=\"282\" \/>\n\t<meta property=\"og:image:type\" content=\"image\/png\" \/>\n<meta name=\"author\" content=\"admin\" \/>\n<meta name=\"twitter:card\" content=\"summary_large_image\" \/>\n<meta name=\"twitter:label1\" content=\"Escrito por\" \/>\n\t<meta name=\"twitter:data1\" content=\"admin\" \/>\n\t<meta name=\"twitter:label2\" content=\"Est. tempo de leitura\" \/>\n\t<meta name=\"twitter:data2\" content=\"3 minutos\" \/>\n<script type=\"application\/ld+json\" class=\"yoast-schema-graph\">{\"@context\":\"https:\/\/schema.org\",\"@graph\":[{\"@type\":\"Article\",\"@id\":\"https:\/\/bahiaeconomica.com.br\/wp\/2020\/01\/27\/coluna-politica-em-salvador-tem-candidato-que-e-sem-ser-em-feira-tem-candidato-que-nao-e-querendo-ser\/#article\",\"isPartOf\":{\"@id\":\"https:\/\/bahiaeconomica.com.br\/wp\/2020\/01\/27\/coluna-politica-em-salvador-tem-candidato-que-e-sem-ser-em-feira-tem-candidato-que-nao-e-querendo-ser\/\"},\"author\":{\"name\":\"admin\",\"@id\":\"https:\/\/bahiaeconomica.com.br\/wp\/#\/schema\/person\/cb1ab5ba96ad3d9390805381c76284ec\"},\"headline\":\"COLUNA POL\u00cdTICA: EM SALVADOR TEM CANDIDATO QUE \u00c9 SEM SER; EM FEIRA TEM CANDIDATO QUE N\u00c3O \u00c9 QUERENDO SER\",\"datePublished\":\"2020-01-27T08:03:18+00:00\",\"dateModified\":\"2020-01-27T00:28:33+00:00\",\"mainEntityOfPage\":{\"@id\":\"https:\/\/bahiaeconomica.com.br\/wp\/2020\/01\/27\/coluna-politica-em-salvador-tem-candidato-que-e-sem-ser-em-feira-tem-candidato-que-nao-e-querendo-ser\/\"},\"wordCount\":653,\"publisher\":{\"@id\":\"https:\/\/bahiaeconomica.com.br\/wp\/#organization\"},\"articleSection\":[\"SEU INVESTIMENTO\"],\"inLanguage\":\"pt-BR\"},{\"@type\":\"WebPage\",\"@id\":\"https:\/\/bahiaeconomica.com.br\/wp\/2020\/01\/27\/coluna-politica-em-salvador-tem-candidato-que-e-sem-ser-em-feira-tem-candidato-que-nao-e-querendo-ser\/\",\"url\":\"https:\/\/bahiaeconomica.com.br\/wp\/2020\/01\/27\/coluna-politica-em-salvador-tem-candidato-que-e-sem-ser-em-feira-tem-candidato-que-nao-e-querendo-ser\/\",\"name\":\"COLUNA POL\u00cdTICA: EM SALVADOR TEM CANDIDATO QUE \u00c9 SEM SER; EM FEIRA TEM CANDIDATO QUE N\u00c3O \u00c9 QUERENDO SER - Bahia Economica\",\"isPartOf\":{\"@id\":\"https:\/\/bahiaeconomica.com.br\/wp\/#website\"},\"datePublished\":\"2020-01-27T08:03:18+00:00\",\"dateModified\":\"2020-01-27T00:28:33+00:00\",\"description\":\"O maior portal de Economia da Bahia SEU INVESTIMENTO Bahia Economica\",\"breadcrumb\":{\"@id\":\"https:\/\/bahiaeconomica.com.br\/wp\/2020\/01\/27\/coluna-politica-em-salvador-tem-candidato-que-e-sem-ser-em-feira-tem-candidato-que-nao-e-querendo-ser\/#breadcrumb\"},\"inLanguage\":\"pt-BR\",\"potentialAction\":[{\"@type\":\"ReadAction\",\"target\":[\"https:\/\/bahiaeconomica.com.br\/wp\/2020\/01\/27\/coluna-politica-em-salvador-tem-candidato-que-e-sem-ser-em-feira-tem-candidato-que-nao-e-querendo-ser\/\"]}]},{\"@type\":\"BreadcrumbList\",\"@id\":\"https:\/\/bahiaeconomica.com.br\/wp\/2020\/01\/27\/coluna-politica-em-salvador-tem-candidato-que-e-sem-ser-em-feira-tem-candidato-que-nao-e-querendo-ser\/#breadcrumb\",\"itemListElement\":[{\"@type\":\"ListItem\",\"position\":1,\"name\":\"In\u00edcio\",\"item\":\"https:\/\/bahiaeconomica.com.br\/wp\/\"},{\"@type\":\"ListItem\",\"position\":2,\"name\":\"COLUNA POL\u00cdTICA: EM SALVADOR TEM CANDIDATO QUE \u00c9 SEM SER; EM FEIRA TEM CANDIDATO QUE N\u00c3O \u00c9 QUERENDO SER\"}]},{\"@type\":\"WebSite\",\"@id\":\"https:\/\/bahiaeconomica.com.br\/wp\/#website\",\"url\":\"https:\/\/bahiaeconomica.com.br\/wp\/\",\"name\":\"Bahia Economica\",\"description\":\"O maior portal de Economia da Bahia\",\"publisher\":{\"@id\":\"https:\/\/bahiaeconomica.com.br\/wp\/#organization\"},\"potentialAction\":[{\"@type\":\"SearchAction\",\"target\":{\"@type\":\"EntryPoint\",\"urlTemplate\":\"https:\/\/bahiaeconomica.com.br\/wp\/?s={search_term_string}\"},\"query-input\":\"required name=search_term_string\"}],\"inLanguage\":\"pt-BR\"},{\"@type\":\"Organization\",\"@id\":\"https:\/\/bahiaeconomica.com.br\/wp\/#organization\",\"name\":\"Bahia Econ\u00f4mica\",\"url\":\"https:\/\/bahiaeconomica.com.br\/wp\/\",\"logo\":{\"@type\":\"ImageObject\",\"inLanguage\":\"pt-BR\",\"@id\":\"https:\/\/bahiaeconomica.com.br\/wp\/#\/schema\/logo\/image\/\",\"url\":\"https:\/\/bahiaeconomica.com.br\/wp\/wp-content\/uploads\/2020\/12\/cropped-BE.png\",\"contentUrl\":\"https:\/\/bahiaeconomica.com.br\/wp\/wp-content\/uploads\/2020\/12\/cropped-BE.png\",\"width\":512,\"height\":512,\"caption\":\"Bahia Econ\u00f4mica\"},\"image\":{\"@id\":\"https:\/\/bahiaeconomica.com.br\/wp\/#\/schema\/logo\/image\/\"},\"sameAs\":[\"https:\/\/www.facebook.com\/bahiaeconomica\"]},{\"@type\":\"Person\",\"@id\":\"https:\/\/bahiaeconomica.com.br\/wp\/#\/schema\/person\/cb1ab5ba96ad3d9390805381c76284ec\",\"name\":\"admin\",\"url\":\"https:\/\/bahiaeconomica.com.br\/wp\/author\/admin\/\"}]}<\/script>\n<!-- \/ Yoast SEO plugin. -->","yoast_head_json":{"title":"COLUNA POL\u00cdTICA: EM SALVADOR TEM CANDIDATO QUE \u00c9 SEM SER; EM FEIRA TEM CANDIDATO QUE N\u00c3O \u00c9 QUERENDO SER - Bahia Economica","description":"O maior portal de Economia da Bahia SEU INVESTIMENTO Bahia Economica","robots":{"index":"index","follow":"follow","max-snippet":"max-snippet:-1","max-image-preview":"max-image-preview:large","max-video-preview":"max-video-preview:-1"},"canonical":"https:\/\/bahiaeconomica.com.br\/wp\/2020\/01\/27\/coluna-politica-em-salvador-tem-candidato-que-e-sem-ser-em-feira-tem-candidato-que-nao-e-querendo-ser\/","og_locale":"pt_BR","og_type":"article","og_title":"COLUNA POL\u00cdTICA: EM SALVADOR TEM CANDIDATO QUE \u00c9 SEM SER; EM FEIRA TEM CANDIDATO QUE N\u00c3O \u00c9 QUERENDO SER - Bahia Economica","og_description":"O maior portal de Economia da Bahia SEU INVESTIMENTO Bahia Economica","og_url":"https:\/\/bahiaeconomica.com.br\/wp\/2020\/01\/27\/coluna-politica-em-salvador-tem-candidato-que-e-sem-ser-em-feira-tem-candidato-que-nao-e-querendo-ser\/","og_site_name":"Bahia Economica","article_publisher":"https:\/\/www.facebook.com\/bahiaeconomica","article_published_time":"2020-01-27T08:03:18+00:00","article_modified_time":"2020-01-27T00:28:33+00:00","og_image":[{"width":473,"height":282,"url":"https:\/\/bahiaeconomica.com.br\/wp\/wp-content\/uploads\/2020\/01\/elei\u00e7\u00f5es-salvador-feira.png","type":"image\/png"}],"author":"admin","twitter_card":"summary_large_image","twitter_misc":{"Escrito por":"admin","Est. tempo de leitura":"3 minutos"},"schema":{"@context":"https:\/\/schema.org","@graph":[{"@type":"Article","@id":"https:\/\/bahiaeconomica.com.br\/wp\/2020\/01\/27\/coluna-politica-em-salvador-tem-candidato-que-e-sem-ser-em-feira-tem-candidato-que-nao-e-querendo-ser\/#article","isPartOf":{"@id":"https:\/\/bahiaeconomica.com.br\/wp\/2020\/01\/27\/coluna-politica-em-salvador-tem-candidato-que-e-sem-ser-em-feira-tem-candidato-que-nao-e-querendo-ser\/"},"author":{"name":"admin","@id":"https:\/\/bahiaeconomica.com.br\/wp\/#\/schema\/person\/cb1ab5ba96ad3d9390805381c76284ec"},"headline":"COLUNA POL\u00cdTICA: EM SALVADOR TEM CANDIDATO QUE \u00c9 SEM SER; EM FEIRA TEM CANDIDATO QUE N\u00c3O \u00c9 QUERENDO SER","datePublished":"2020-01-27T08:03:18+00:00","dateModified":"2020-01-27T00:28:33+00:00","mainEntityOfPage":{"@id":"https:\/\/bahiaeconomica.com.br\/wp\/2020\/01\/27\/coluna-politica-em-salvador-tem-candidato-que-e-sem-ser-em-feira-tem-candidato-que-nao-e-querendo-ser\/"},"wordCount":653,"publisher":{"@id":"https:\/\/bahiaeconomica.com.br\/wp\/#organization"},"articleSection":["SEU INVESTIMENTO"],"inLanguage":"pt-BR"},{"@type":"WebPage","@id":"https:\/\/bahiaeconomica.com.br\/wp\/2020\/01\/27\/coluna-politica-em-salvador-tem-candidato-que-e-sem-ser-em-feira-tem-candidato-que-nao-e-querendo-ser\/","url":"https:\/\/bahiaeconomica.com.br\/wp\/2020\/01\/27\/coluna-politica-em-salvador-tem-candidato-que-e-sem-ser-em-feira-tem-candidato-que-nao-e-querendo-ser\/","name":"COLUNA POL\u00cdTICA: EM SALVADOR TEM CANDIDATO QUE \u00c9 SEM SER; EM FEIRA TEM CANDIDATO QUE N\u00c3O \u00c9 QUERENDO SER - Bahia Economica","isPartOf":{"@id":"https:\/\/bahiaeconomica.com.br\/wp\/#website"},"datePublished":"2020-01-27T08:03:18+00:00","dateModified":"2020-01-27T00:28:33+00:00","description":"O maior portal de Economia da Bahia SEU INVESTIMENTO Bahia Economica","breadcrumb":{"@id":"https:\/\/bahiaeconomica.com.br\/wp\/2020\/01\/27\/coluna-politica-em-salvador-tem-candidato-que-e-sem-ser-em-feira-tem-candidato-que-nao-e-querendo-ser\/#breadcrumb"},"inLanguage":"pt-BR","potentialAction":[{"@type":"ReadAction","target":["https:\/\/bahiaeconomica.com.br\/wp\/2020\/01\/27\/coluna-politica-em-salvador-tem-candidato-que-e-sem-ser-em-feira-tem-candidato-que-nao-e-querendo-ser\/"]}]},{"@type":"BreadcrumbList","@id":"https:\/\/bahiaeconomica.com.br\/wp\/2020\/01\/27\/coluna-politica-em-salvador-tem-candidato-que-e-sem-ser-em-feira-tem-candidato-que-nao-e-querendo-ser\/#breadcrumb","itemListElement":[{"@type":"ListItem","position":1,"name":"In\u00edcio","item":"https:\/\/bahiaeconomica.com.br\/wp\/"},{"@type":"ListItem","position":2,"name":"COLUNA POL\u00cdTICA: EM SALVADOR TEM CANDIDATO QUE \u00c9 SEM SER; EM FEIRA TEM CANDIDATO QUE N\u00c3O \u00c9 QUERENDO SER"}]},{"@type":"WebSite","@id":"https:\/\/bahiaeconomica.com.br\/wp\/#website","url":"https:\/\/bahiaeconomica.com.br\/wp\/","name":"Bahia Economica","description":"O maior portal de Economia da Bahia","publisher":{"@id":"https:\/\/bahiaeconomica.com.br\/wp\/#organization"},"potentialAction":[{"@type":"SearchAction","target":{"@type":"EntryPoint","urlTemplate":"https:\/\/bahiaeconomica.com.br\/wp\/?s={search_term_string}"},"query-input":"required name=search_term_string"}],"inLanguage":"pt-BR"},{"@type":"Organization","@id":"https:\/\/bahiaeconomica.com.br\/wp\/#organization","name":"Bahia Econ\u00f4mica","url":"https:\/\/bahiaeconomica.com.br\/wp\/","logo":{"@type":"ImageObject","inLanguage":"pt-BR","@id":"https:\/\/bahiaeconomica.com.br\/wp\/#\/schema\/logo\/image\/","url":"https:\/\/bahiaeconomica.com.br\/wp\/wp-content\/uploads\/2020\/12\/cropped-BE.png","contentUrl":"https:\/\/bahiaeconomica.com.br\/wp\/wp-content\/uploads\/2020\/12\/cropped-BE.png","width":512,"height":512,"caption":"Bahia Econ\u00f4mica"},"image":{"@id":"https:\/\/bahiaeconomica.com.br\/wp\/#\/schema\/logo\/image\/"},"sameAs":["https:\/\/www.facebook.com\/bahiaeconomica"]},{"@type":"Person","@id":"https:\/\/bahiaeconomica.com.br\/wp\/#\/schema\/person\/cb1ab5ba96ad3d9390805381c76284ec","name":"admin","url":"https:\/\/bahiaeconomica.com.br\/wp\/author\/admin\/"}]}},"views":0,"_links":{"self":[{"href":"https:\/\/bahiaeconomica.com.br\/wp\/wp-json\/wp\/v2\/posts\/437910"}],"collection":[{"href":"https:\/\/bahiaeconomica.com.br\/wp\/wp-json\/wp\/v2\/posts"}],"about":[{"href":"https:\/\/bahiaeconomica.com.br\/wp\/wp-json\/wp\/v2\/types\/post"}],"author":[{"embeddable":true,"href":"https:\/\/bahiaeconomica.com.br\/wp\/wp-json\/wp\/v2\/users\/1"}],"replies":[{"embeddable":true,"href":"https:\/\/bahiaeconomica.com.br\/wp\/wp-json\/wp\/v2\/comments?post=437910"}],"version-history":[{"count":1,"href":"https:\/\/bahiaeconomica.com.br\/wp\/wp-json\/wp\/v2\/posts\/437910\/revisions"}],"predecessor-version":[{"id":437912,"href":"https:\/\/bahiaeconomica.com.br\/wp\/wp-json\/wp\/v2\/posts\/437910\/revisions\/437912"}],"wp:featuredmedia":[{"embeddable":true,"href":"https:\/\/bahiaeconomica.com.br\/wp\/wp-json\/wp\/v2\/media\/437911"}],"wp:attachment":[{"href":"https:\/\/bahiaeconomica.com.br\/wp\/wp-json\/wp\/v2\/media?parent=437910"}],"wp:term":[{"taxonomy":"category","embeddable":true,"href":"https:\/\/bahiaeconomica.com.br\/wp\/wp-json\/wp\/v2\/categories?post=437910"},{"taxonomy":"post_tag","embeddable":true,"href":"https:\/\/bahiaeconomica.com.br\/wp\/wp-json\/wp\/v2\/tags?post=437910"}],"curies":[{"name":"wp","href":"https:\/\/api.w.org\/{rel}","templated":true}]}}