{"id":437639,"date":"2020-01-24T07:20:26","date_gmt":"2020-01-24T10:20:26","guid":{"rendered":"https:\/\/bahiaeconomica.com.br\/wp\/beta\/?p=437639"},"modified":"2020-01-24T07:20:26","modified_gmt":"2020-01-24T10:20:26","slug":"licitacao-para-construcao-da-ponte-salvador-itaparica-e-concluida","status":"publish","type":"post","link":"https:\/\/bahiaeconomica.com.br\/wp\/2020\/01\/24\/licitacao-para-construcao-da-ponte-salvador-itaparica-e-concluida\/","title":{"rendered":"LICITA\u00c7\u00c3O PARA CONSTRU\u00c7\u00c3O DA PONTE SALVADOR-ITAPARICA \u00c9 CONCLU\u00cdDA"},"content":{"rendered":"<p>A homologa\u00e7\u00e3o do cons\u00f3rcio que ir\u00e1 construir a Ponte Salvador-Ilha de Itaparica foi publicada, nesta sexta-feira, 24, no Di\u00e1rio Oficial do Estado. Ap\u00f3s a assinatura do contrato com o governo <!--more-->estadual, atrav\u00e9s da Secretaria de Infraestrutura da Bahia (Seinfra), previsto para mar\u00e7o, o grupo empresarial ter\u00e1 um ano para elaborar o projeto e outros quatro para executar o equipamento. A gest\u00e3o da ponte ter\u00e1 dura\u00e7\u00e3o de 30 anos. O investimento ser\u00e1 de R$ 5,4 bilh\u00f5es, com aporte estadual de R$ 1,5 bilh\u00e3o. A previs\u00e3o \u00e9 que sejam gerados 7 mil empregos durante a constru\u00e7\u00e3o do equipamento. \u201cA ponte n\u00e3o \u00e9 apenas um vetor de liga\u00e7\u00e3o entre Salvador e Itaparica, mas est\u00e1 sendo considerada como um vetor de desenvolvimento para o estado da Bahia\u201d, afirma Marcus Cavalcanti, secret\u00e1rio de Infraestrutura. O cons\u00f3rcio Ponte Salvador Itaparica \u00e9 formado pelas empresas China Railway 20 Bureau Group Corporation \u2013 CR20; CCCC South America Regional Company S.\u00c1.R.L \u2013 CCCC SOUTH AMERICA e China Communications Construction Company Limited \u2013 CCCCLTD.<\/p>\n<p>Foto: divulga\u00e7\u00e3o<\/p>\n","protected":false},"excerpt":{"rendered":"<p>A homologa\u00e7\u00e3o do cons\u00f3rcio que ir\u00e1 construir a Ponte Salvador-Ilha de Itaparica foi publicada, nesta sexta-feira, 24, no Di\u00e1rio Oficial do Estado. Ap\u00f3s a assinatura do contrato com o governo<\/p>\n","protected":false},"author":1,"featured_media":402974,"comment_status":"closed","ping_status":"closed","sticky":false,"template":"","format":"standard","meta":[],"categories":[3],"tags":[],"acf":[],"yoast_head":"<!-- This site is optimized with the Yoast SEO plugin v20.8 - https:\/\/yoast.com\/wordpress\/plugins\/seo\/ -->\n<title>LICITA\u00c7\u00c3O PARA CONSTRU\u00c7\u00c3O DA PONTE SALVADOR-ITAPARICA \u00c9 CONCLU\u00cdDA - Bahia Economica<\/title>\n<meta name=\"description\" content=\"O maior portal de Economia da Bahia ECONOMIA \/ POL\u00cdTICA Bahia Economica\" \/>\n<meta name=\"robots\" content=\"index, follow, max-snippet:-1, max-image-preview:large, max-video-preview:-1\" \/>\n<link rel=\"canonical\" href=\"https:\/\/bahiaeconomica.com.br\/wp\/2020\/01\/24\/licitacao-para-construcao-da-ponte-salvador-itaparica-e-concluida\/\" \/>\n<meta property=\"og:locale\" content=\"pt_BR\" \/>\n<meta property=\"og:type\" content=\"article\" \/>\n<meta property=\"og:title\" content=\"LICITA\u00c7\u00c3O PARA CONSTRU\u00c7\u00c3O DA PONTE SALVADOR-ITAPARICA \u00c9 CONCLU\u00cdDA - Bahia Economica\" \/>\n<meta property=\"og:description\" content=\"O maior portal de Economia da Bahia ECONOMIA \/ POL\u00cdTICA Bahia Economica\" \/>\n<meta property=\"og:url\" content=\"https:\/\/bahiaeconomica.com.br\/wp\/2020\/01\/24\/licitacao-para-construcao-da-ponte-salvador-itaparica-e-concluida\/\" \/>\n<meta property=\"og:site_name\" content=\"Bahia Economica\" \/>\n<meta property=\"article:publisher\" content=\"https:\/\/www.facebook.com\/bahiaeconomica\" \/>\n<meta property=\"article:published_time\" content=\"2020-01-24T10:20:26+00:00\" \/>\n<meta property=\"og:image\" content=\"https:\/\/bahiaeconomica.com.br\/wp\/wp-content\/uploads\/2019\/10\/PonteSalvadorItaparicaAscom-e1570474045460.jpg\" \/>\n\t<meta property=\"og:image:width\" content=\"500\" \/>\n\t<meta property=\"og:image:height\" content=\"333\" \/>\n\t<meta property=\"og:image:type\" content=\"image\/jpeg\" \/>\n<meta name=\"author\" content=\"admin\" \/>\n<meta name=\"twitter:card\" content=\"summary_large_image\" \/>\n<meta name=\"twitter:label1\" content=\"Escrito por\" \/>\n\t<meta name=\"twitter:data1\" content=\"admin\" \/>\n\t<meta name=\"twitter:label2\" content=\"Est. tempo de leitura\" \/>\n\t<meta name=\"twitter:data2\" content=\"1 minuto\" \/>\n<script type=\"application\/ld+json\" class=\"yoast-schema-graph\">{\"@context\":\"https:\/\/schema.org\",\"@graph\":[{\"@type\":\"Article\",\"@id\":\"https:\/\/bahiaeconomica.com.br\/wp\/2020\/01\/24\/licitacao-para-construcao-da-ponte-salvador-itaparica-e-concluida\/#article\",\"isPartOf\":{\"@id\":\"https:\/\/bahiaeconomica.com.br\/wp\/2020\/01\/24\/licitacao-para-construcao-da-ponte-salvador-itaparica-e-concluida\/\"},\"author\":{\"name\":\"admin\",\"@id\":\"https:\/\/bahiaeconomica.com.br\/wp\/#\/schema\/person\/cb1ab5ba96ad3d9390805381c76284ec\"},\"headline\":\"LICITA\u00c7\u00c3O PARA CONSTRU\u00c7\u00c3O DA PONTE SALVADOR-ITAPARICA \u00c9 CONCLU\u00cdDA\",\"datePublished\":\"2020-01-24T10:20:26+00:00\",\"dateModified\":\"2020-01-24T10:20:26+00:00\",\"mainEntityOfPage\":{\"@id\":\"https:\/\/bahiaeconomica.com.br\/wp\/2020\/01\/24\/licitacao-para-construcao-da-ponte-salvador-itaparica-e-concluida\/\"},\"wordCount\":183,\"publisher\":{\"@id\":\"https:\/\/bahiaeconomica.com.br\/wp\/#organization\"},\"articleSection\":[\"ECONOMIA \/ POL\u00cdTICA\"],\"inLanguage\":\"pt-BR\"},{\"@type\":\"WebPage\",\"@id\":\"https:\/\/bahiaeconomica.com.br\/wp\/2020\/01\/24\/licitacao-para-construcao-da-ponte-salvador-itaparica-e-concluida\/\",\"url\":\"https:\/\/bahiaeconomica.com.br\/wp\/2020\/01\/24\/licitacao-para-construcao-da-ponte-salvador-itaparica-e-concluida\/\",\"name\":\"LICITA\u00c7\u00c3O PARA CONSTRU\u00c7\u00c3O DA PONTE SALVADOR-ITAPARICA \u00c9 CONCLU\u00cdDA - Bahia Economica\",\"isPartOf\":{\"@id\":\"https:\/\/bahiaeconomica.com.br\/wp\/#website\"},\"datePublished\":\"2020-01-24T10:20:26+00:00\",\"dateModified\":\"2020-01-24T10:20:26+00:00\",\"description\":\"O maior portal de Economia da Bahia ECONOMIA \/ POL\u00cdTICA Bahia Economica\",\"breadcrumb\":{\"@id\":\"https:\/\/bahiaeconomica.com.br\/wp\/2020\/01\/24\/licitacao-para-construcao-da-ponte-salvador-itaparica-e-concluida\/#breadcrumb\"},\"inLanguage\":\"pt-BR\",\"potentialAction\":[{\"@type\":\"ReadAction\",\"target\":[\"https:\/\/bahiaeconomica.com.br\/wp\/2020\/01\/24\/licitacao-para-construcao-da-ponte-salvador-itaparica-e-concluida\/\"]}]},{\"@type\":\"BreadcrumbList\",\"@id\":\"https:\/\/bahiaeconomica.com.br\/wp\/2020\/01\/24\/licitacao-para-construcao-da-ponte-salvador-itaparica-e-concluida\/#breadcrumb\",\"itemListElement\":[{\"@type\":\"ListItem\",\"position\":1,\"name\":\"In\u00edcio\",\"item\":\"https:\/\/bahiaeconomica.com.br\/wp\/\"},{\"@type\":\"ListItem\",\"position\":2,\"name\":\"LICITA\u00c7\u00c3O PARA CONSTRU\u00c7\u00c3O DA PONTE SALVADOR-ITAPARICA \u00c9 CONCLU\u00cdDA\"}]},{\"@type\":\"WebSite\",\"@id\":\"https:\/\/bahiaeconomica.com.br\/wp\/#website\",\"url\":\"https:\/\/bahiaeconomica.com.br\/wp\/\",\"name\":\"Bahia Economica\",\"description\":\"O maior portal de Economia da Bahia\",\"publisher\":{\"@id\":\"https:\/\/bahiaeconomica.com.br\/wp\/#organization\"},\"potentialAction\":[{\"@type\":\"SearchAction\",\"target\":{\"@type\":\"EntryPoint\",\"urlTemplate\":\"https:\/\/bahiaeconomica.com.br\/wp\/?s={search_term_string}\"},\"query-input\":\"required name=search_term_string\"}],\"inLanguage\":\"pt-BR\"},{\"@type\":\"Organization\",\"@id\":\"https:\/\/bahiaeconomica.com.br\/wp\/#organization\",\"name\":\"Bahia Econ\u00f4mica\",\"url\":\"https:\/\/bahiaeconomica.com.br\/wp\/\",\"logo\":{\"@type\":\"ImageObject\",\"inLanguage\":\"pt-BR\",\"@id\":\"https:\/\/bahiaeconomica.com.br\/wp\/#\/schema\/logo\/image\/\",\"url\":\"https:\/\/bahiaeconomica.com.br\/wp\/wp-content\/uploads\/2020\/12\/cropped-BE.png\",\"contentUrl\":\"https:\/\/bahiaeconomica.com.br\/wp\/wp-content\/uploads\/2020\/12\/cropped-BE.png\",\"width\":512,\"height\":512,\"caption\":\"Bahia Econ\u00f4mica\"},\"image\":{\"@id\":\"https:\/\/bahiaeconomica.com.br\/wp\/#\/schema\/logo\/image\/\"},\"sameAs\":[\"https:\/\/www.facebook.com\/bahiaeconomica\"]},{\"@type\":\"Person\",\"@id\":\"https:\/\/bahiaeconomica.com.br\/wp\/#\/schema\/person\/cb1ab5ba96ad3d9390805381c76284ec\",\"name\":\"admin\",\"url\":\"https:\/\/bahiaeconomica.com.br\/wp\/author\/admin\/\"}]}<\/script>\n<!-- \/ Yoast SEO plugin. -->","yoast_head_json":{"title":"LICITA\u00c7\u00c3O PARA CONSTRU\u00c7\u00c3O DA PONTE SALVADOR-ITAPARICA \u00c9 CONCLU\u00cdDA - Bahia Economica","description":"O maior portal de Economia da Bahia ECONOMIA \/ POL\u00cdTICA Bahia Economica","robots":{"index":"index","follow":"follow","max-snippet":"max-snippet:-1","max-image-preview":"max-image-preview:large","max-video-preview":"max-video-preview:-1"},"canonical":"https:\/\/bahiaeconomica.com.br\/wp\/2020\/01\/24\/licitacao-para-construcao-da-ponte-salvador-itaparica-e-concluida\/","og_locale":"pt_BR","og_type":"article","og_title":"LICITA\u00c7\u00c3O PARA CONSTRU\u00c7\u00c3O DA PONTE SALVADOR-ITAPARICA \u00c9 CONCLU\u00cdDA - Bahia Economica","og_description":"O maior portal de Economia da Bahia ECONOMIA \/ POL\u00cdTICA Bahia Economica","og_url":"https:\/\/bahiaeconomica.com.br\/wp\/2020\/01\/24\/licitacao-para-construcao-da-ponte-salvador-itaparica-e-concluida\/","og_site_name":"Bahia Economica","article_publisher":"https:\/\/www.facebook.com\/bahiaeconomica","article_published_time":"2020-01-24T10:20:26+00:00","og_image":[{"width":500,"height":333,"url":"https:\/\/bahiaeconomica.com.br\/wp\/wp-content\/uploads\/2019\/10\/PonteSalvadorItaparicaAscom-e1570474045460.jpg","type":"image\/jpeg"}],"author":"admin","twitter_card":"summary_large_image","twitter_misc":{"Escrito por":"admin","Est. tempo de leitura":"1 minuto"},"schema":{"@context":"https:\/\/schema.org","@graph":[{"@type":"Article","@id":"https:\/\/bahiaeconomica.com.br\/wp\/2020\/01\/24\/licitacao-para-construcao-da-ponte-salvador-itaparica-e-concluida\/#article","isPartOf":{"@id":"https:\/\/bahiaeconomica.com.br\/wp\/2020\/01\/24\/licitacao-para-construcao-da-ponte-salvador-itaparica-e-concluida\/"},"author":{"name":"admin","@id":"https:\/\/bahiaeconomica.com.br\/wp\/#\/schema\/person\/cb1ab5ba96ad3d9390805381c76284ec"},"headline":"LICITA\u00c7\u00c3O PARA CONSTRU\u00c7\u00c3O DA PONTE SALVADOR-ITAPARICA \u00c9 CONCLU\u00cdDA","datePublished":"2020-01-24T10:20:26+00:00","dateModified":"2020-01-24T10:20:26+00:00","mainEntityOfPage":{"@id":"https:\/\/bahiaeconomica.com.br\/wp\/2020\/01\/24\/licitacao-para-construcao-da-ponte-salvador-itaparica-e-concluida\/"},"wordCount":183,"publisher":{"@id":"https:\/\/bahiaeconomica.com.br\/wp\/#organization"},"articleSection":["ECONOMIA \/ POL\u00cdTICA"],"inLanguage":"pt-BR"},{"@type":"WebPage","@id":"https:\/\/bahiaeconomica.com.br\/wp\/2020\/01\/24\/licitacao-para-construcao-da-ponte-salvador-itaparica-e-concluida\/","url":"https:\/\/bahiaeconomica.com.br\/wp\/2020\/01\/24\/licitacao-para-construcao-da-ponte-salvador-itaparica-e-concluida\/","name":"LICITA\u00c7\u00c3O PARA CONSTRU\u00c7\u00c3O DA PONTE SALVADOR-ITAPARICA \u00c9 CONCLU\u00cdDA - Bahia Economica","isPartOf":{"@id":"https:\/\/bahiaeconomica.com.br\/wp\/#website"},"datePublished":"2020-01-24T10:20:26+00:00","dateModified":"2020-01-24T10:20:26+00:00","description":"O maior portal de Economia da Bahia ECONOMIA \/ POL\u00cdTICA Bahia Economica","breadcrumb":{"@id":"https:\/\/bahiaeconomica.com.br\/wp\/2020\/01\/24\/licitacao-para-construcao-da-ponte-salvador-itaparica-e-concluida\/#breadcrumb"},"inLanguage":"pt-BR","potentialAction":[{"@type":"ReadAction","target":["https:\/\/bahiaeconomica.com.br\/wp\/2020\/01\/24\/licitacao-para-construcao-da-ponte-salvador-itaparica-e-concluida\/"]}]},{"@type":"BreadcrumbList","@id":"https:\/\/bahiaeconomica.com.br\/wp\/2020\/01\/24\/licitacao-para-construcao-da-ponte-salvador-itaparica-e-concluida\/#breadcrumb","itemListElement":[{"@type":"ListItem","position":1,"name":"In\u00edcio","item":"https:\/\/bahiaeconomica.com.br\/wp\/"},{"@type":"ListItem","position":2,"name":"LICITA\u00c7\u00c3O PARA CONSTRU\u00c7\u00c3O DA PONTE SALVADOR-ITAPARICA \u00c9 CONCLU\u00cdDA"}]},{"@type":"WebSite","@id":"https:\/\/bahiaeconomica.com.br\/wp\/#website","url":"https:\/\/bahiaeconomica.com.br\/wp\/","name":"Bahia Economica","description":"O maior portal de Economia da Bahia","publisher":{"@id":"https:\/\/bahiaeconomica.com.br\/wp\/#organization"},"potentialAction":[{"@type":"SearchAction","target":{"@type":"EntryPoint","urlTemplate":"https:\/\/bahiaeconomica.com.br\/wp\/?s={search_term_string}"},"query-input":"required name=search_term_string"}],"inLanguage":"pt-BR"},{"@type":"Organization","@id":"https:\/\/bahiaeconomica.com.br\/wp\/#organization","name":"Bahia Econ\u00f4mica","url":"https:\/\/bahiaeconomica.com.br\/wp\/","logo":{"@type":"ImageObject","inLanguage":"pt-BR","@id":"https:\/\/bahiaeconomica.com.br\/wp\/#\/schema\/logo\/image\/","url":"https:\/\/bahiaeconomica.com.br\/wp\/wp-content\/uploads\/2020\/12\/cropped-BE.png","contentUrl":"https:\/\/bahiaeconomica.com.br\/wp\/wp-content\/uploads\/2020\/12\/cropped-BE.png","width":512,"height":512,"caption":"Bahia Econ\u00f4mica"},"image":{"@id":"https:\/\/bahiaeconomica.com.br\/wp\/#\/schema\/logo\/image\/"},"sameAs":["https:\/\/www.facebook.com\/bahiaeconomica"]},{"@type":"Person","@id":"https:\/\/bahiaeconomica.com.br\/wp\/#\/schema\/person\/cb1ab5ba96ad3d9390805381c76284ec","name":"admin","url":"https:\/\/bahiaeconomica.com.br\/wp\/author\/admin\/"}]}},"views":5,"_links":{"self":[{"href":"https:\/\/bahiaeconomica.com.br\/wp\/wp-json\/wp\/v2\/posts\/437639"}],"collection":[{"href":"https:\/\/bahiaeconomica.com.br\/wp\/wp-json\/wp\/v2\/posts"}],"about":[{"href":"https:\/\/bahiaeconomica.com.br\/wp\/wp-json\/wp\/v2\/types\/post"}],"author":[{"embeddable":true,"href":"https:\/\/bahiaeconomica.com.br\/wp\/wp-json\/wp\/v2\/users\/1"}],"replies":[{"embeddable":true,"href":"https:\/\/bahiaeconomica.com.br\/wp\/wp-json\/wp\/v2\/comments?post=437639"}],"version-history":[{"count":1,"href":"https:\/\/bahiaeconomica.com.br\/wp\/wp-json\/wp\/v2\/posts\/437639\/revisions"}],"predecessor-version":[{"id":437640,"href":"https:\/\/bahiaeconomica.com.br\/wp\/wp-json\/wp\/v2\/posts\/437639\/revisions\/437640"}],"wp:featuredmedia":[{"embeddable":true,"href":"https:\/\/bahiaeconomica.com.br\/wp\/wp-json\/wp\/v2\/media\/402974"}],"wp:attachment":[{"href":"https:\/\/bahiaeconomica.com.br\/wp\/wp-json\/wp\/v2\/media?parent=437639"}],"wp:term":[{"taxonomy":"category","embeddable":true,"href":"https:\/\/bahiaeconomica.com.br\/wp\/wp-json\/wp\/v2\/categories?post=437639"},{"taxonomy":"post_tag","embeddable":true,"href":"https:\/\/bahiaeconomica.com.br\/wp\/wp-json\/wp\/v2\/tags?post=437639"}],"curies":[{"name":"wp","href":"https:\/\/api.w.org\/{rel}","templated":true}]}}