{"id":436525,"date":"2020-01-18T16:38:45","date_gmt":"2020-01-18T19:38:45","guid":{"rendered":"https:\/\/bahiaeconomica.com.br\/wp\/beta\/?p=436525"},"modified":"2020-01-18T16:38:45","modified_gmt":"2020-01-18T19:38:45","slug":"weintraub-admite-inconsistencia-em-gabarito-de-provas-do-enem","status":"publish","type":"post","link":"https:\/\/bahiaeconomica.com.br\/wp\/2020\/01\/18\/weintraub-admite-inconsistencia-em-gabarito-de-provas-do-enem\/","title":{"rendered":"WEINTRAUB ADMITE &#8216;INCONSIST\u00caNCIA&#8217; EM GABARITO DE PROVAS DO ENEM"},"content":{"rendered":"<p>O ministro da Educa\u00e7\u00e3o, Abraham Weintraub, admitiu falhas no gabarito das provas de candidatos do Exame Nacional do Ensino M\u00e9dio (Enem) de 2019. Em postagem <!--more-->publicada no Twitter, Weintraub diz que essa &#8220;inconsist\u00eancia&#8221; teria afetado um n\u00famero &#8220;baixo&#8221; de candidatos (0,1% do total, segundo o ministro) e que at\u00e9 o dia 20 (segunda-feira) o problema seria resolvido.<\/p>\n<p>De acordo com ele, o problema aconteceu na &#8220;contabiliza\u00e7\u00e3o e corre\u00e7\u00e3o da segunda prova do Enem do ano passado (2019). Um n\u00famero muito pequeno de pessoas teve o gabarito trocado ao fechar os envelopes.&#8221;. A publica\u00e7\u00e3o feita por Weintraub aconteceu horas depois de diversos grupos de candidatos e candidatas do Enem terem reportado problemas na contagem dos pontos de suas provas. Segundo eles, apesar do n\u00famero elevado de quest\u00f5es certas, as suas pontua\u00e7\u00f5es teriam sido muito abaixo do normal.<\/p>\n<p>Um grupo de estudantes chegou a criar a hashtag #erronoenem no Twitter, nesta sexta-feira, ap\u00f3s a divulga\u00e7\u00e3o das notas das provas. A maior preocupa\u00e7\u00e3o \u00e9 com o prazo para as inscri\u00e7\u00f5es no Sistema de Sele\u00e7\u00e3o Unificada (Sisu), etapa em que os candidatos usam suas notas no Enem para escolher o curso e a universidade, que come\u00e7a na ter\u00e7a-feira (21).<\/p>\n<p>&#8220;Houve inconsist\u00eancia no gabarito de algumas provas do Enem 2019 e, por isso, candidatos foram surpreendidos com os resultados de suas notas. O n\u00famero \u00e9 muito baixo. At\u00e9 segunda-feira, dia 20, tudo ser\u00e1 resolvido. Pedimos desculpas aos participantes do exame pelo transtorno&#8221;, escreveu Weintraub.<\/p>\n<p>Alexandre Lopes, presidente do Instituto Nacional de Estudos e Pesquisas Educacionais An\u00edsio Teixeira (Inep), que aplica a prova, informou ainda que os candidatos que se sentirem prejudicados podem encaminhar suas d\u00favidas para o email enem2019@inep.gov.br com nome completo e CPF. Uma entrevista coletiva foi convocada para este s\u00e1bado na sede do Inep, respons\u00e1vel pela realiza\u00e7\u00e3o da prova.<\/p>\n<p>Foto : divulga\u00e7\u00e3o<\/p>\n","protected":false},"excerpt":{"rendered":"<p>O ministro da Educa\u00e7\u00e3o, Abraham Weintraub, admitiu falhas no gabarito das provas de candidatos do Exame Nacional do Ensino M\u00e9dio (Enem) de 2019. Em postagem<\/p>\n","protected":false},"author":1,"featured_media":433921,"comment_status":"closed","ping_status":"closed","sticky":false,"template":"","format":"standard","meta":[],"categories":[3],"tags":[],"acf":[],"yoast_head":"<!-- This site is optimized with the Yoast SEO plugin v20.8 - https:\/\/yoast.com\/wordpress\/plugins\/seo\/ -->\n<title>WEINTRAUB ADMITE &#039;INCONSIST\u00caNCIA&#039; EM GABARITO DE PROVAS DO ENEM - Bahia Economica<\/title>\n<meta name=\"description\" content=\"O maior portal de Economia da Bahia ECONOMIA \/ POL\u00cdTICA Bahia Economica\" \/>\n<meta name=\"robots\" content=\"index, follow, max-snippet:-1, max-image-preview:large, max-video-preview:-1\" \/>\n<link rel=\"canonical\" href=\"https:\/\/bahiaeconomica.com.br\/wp\/2020\/01\/18\/weintraub-admite-inconsistencia-em-gabarito-de-provas-do-enem\/\" \/>\n<meta property=\"og:locale\" content=\"pt_BR\" \/>\n<meta property=\"og:type\" content=\"article\" \/>\n<meta property=\"og:title\" content=\"WEINTRAUB ADMITE &#039;INCONSIST\u00caNCIA&#039; EM GABARITO DE PROVAS DO ENEM - Bahia Economica\" \/>\n<meta property=\"og:description\" content=\"O maior portal de Economia da Bahia ECONOMIA \/ POL\u00cdTICA Bahia Economica\" \/>\n<meta property=\"og:url\" content=\"https:\/\/bahiaeconomica.com.br\/wp\/2020\/01\/18\/weintraub-admite-inconsistencia-em-gabarito-de-provas-do-enem\/\" \/>\n<meta property=\"og:site_name\" content=\"Bahia Economica\" \/>\n<meta property=\"article:publisher\" content=\"https:\/\/www.facebook.com\/bahiaeconomica\" \/>\n<meta property=\"article:published_time\" content=\"2020-01-18T19:38:45+00:00\" \/>\n<meta property=\"og:image\" content=\"https:\/\/bahiaeconomica.com.br\/wp\/wp-content\/uploads\/2020\/01\/marcelo-camargo-agencia-brasil.jpg\" \/>\n\t<meta property=\"og:image:width\" content=\"500\" \/>\n\t<meta property=\"og:image:height\" content=\"333\" \/>\n\t<meta property=\"og:image:type\" content=\"image\/jpeg\" \/>\n<meta name=\"author\" content=\"admin\" \/>\n<meta name=\"twitter:card\" content=\"summary_large_image\" \/>\n<meta name=\"twitter:label1\" content=\"Escrito por\" \/>\n\t<meta name=\"twitter:data1\" content=\"admin\" \/>\n\t<meta name=\"twitter:label2\" content=\"Est. tempo de leitura\" \/>\n\t<meta name=\"twitter:data2\" content=\"2 minutos\" \/>\n<script type=\"application\/ld+json\" class=\"yoast-schema-graph\">{\"@context\":\"https:\/\/schema.org\",\"@graph\":[{\"@type\":\"Article\",\"@id\":\"https:\/\/bahiaeconomica.com.br\/wp\/2020\/01\/18\/weintraub-admite-inconsistencia-em-gabarito-de-provas-do-enem\/#article\",\"isPartOf\":{\"@id\":\"https:\/\/bahiaeconomica.com.br\/wp\/2020\/01\/18\/weintraub-admite-inconsistencia-em-gabarito-de-provas-do-enem\/\"},\"author\":{\"name\":\"admin\",\"@id\":\"https:\/\/bahiaeconomica.com.br\/wp\/#\/schema\/person\/cb1ab5ba96ad3d9390805381c76284ec\"},\"headline\":\"WEINTRAUB ADMITE &#8216;INCONSIST\u00caNCIA&#8217; EM GABARITO DE PROVAS DO ENEM\",\"datePublished\":\"2020-01-18T19:38:45+00:00\",\"dateModified\":\"2020-01-18T19:38:45+00:00\",\"mainEntityOfPage\":{\"@id\":\"https:\/\/bahiaeconomica.com.br\/wp\/2020\/01\/18\/weintraub-admite-inconsistencia-em-gabarito-de-provas-do-enem\/\"},\"wordCount\":328,\"publisher\":{\"@id\":\"https:\/\/bahiaeconomica.com.br\/wp\/#organization\"},\"articleSection\":[\"ECONOMIA \/ POL\u00cdTICA\"],\"inLanguage\":\"pt-BR\"},{\"@type\":\"WebPage\",\"@id\":\"https:\/\/bahiaeconomica.com.br\/wp\/2020\/01\/18\/weintraub-admite-inconsistencia-em-gabarito-de-provas-do-enem\/\",\"url\":\"https:\/\/bahiaeconomica.com.br\/wp\/2020\/01\/18\/weintraub-admite-inconsistencia-em-gabarito-de-provas-do-enem\/\",\"name\":\"WEINTRAUB ADMITE 'INCONSIST\u00caNCIA' EM GABARITO DE PROVAS DO ENEM - Bahia Economica\",\"isPartOf\":{\"@id\":\"https:\/\/bahiaeconomica.com.br\/wp\/#website\"},\"datePublished\":\"2020-01-18T19:38:45+00:00\",\"dateModified\":\"2020-01-18T19:38:45+00:00\",\"description\":\"O maior portal de Economia da Bahia ECONOMIA \/ POL\u00cdTICA Bahia Economica\",\"breadcrumb\":{\"@id\":\"https:\/\/bahiaeconomica.com.br\/wp\/2020\/01\/18\/weintraub-admite-inconsistencia-em-gabarito-de-provas-do-enem\/#breadcrumb\"},\"inLanguage\":\"pt-BR\",\"potentialAction\":[{\"@type\":\"ReadAction\",\"target\":[\"https:\/\/bahiaeconomica.com.br\/wp\/2020\/01\/18\/weintraub-admite-inconsistencia-em-gabarito-de-provas-do-enem\/\"]}]},{\"@type\":\"BreadcrumbList\",\"@id\":\"https:\/\/bahiaeconomica.com.br\/wp\/2020\/01\/18\/weintraub-admite-inconsistencia-em-gabarito-de-provas-do-enem\/#breadcrumb\",\"itemListElement\":[{\"@type\":\"ListItem\",\"position\":1,\"name\":\"In\u00edcio\",\"item\":\"https:\/\/bahiaeconomica.com.br\/wp\/\"},{\"@type\":\"ListItem\",\"position\":2,\"name\":\"WEINTRAUB ADMITE &#8216;INCONSIST\u00caNCIA&#8217; EM GABARITO DE PROVAS DO ENEM\"}]},{\"@type\":\"WebSite\",\"@id\":\"https:\/\/bahiaeconomica.com.br\/wp\/#website\",\"url\":\"https:\/\/bahiaeconomica.com.br\/wp\/\",\"name\":\"Bahia Economica\",\"description\":\"O maior portal de Economia da Bahia\",\"publisher\":{\"@id\":\"https:\/\/bahiaeconomica.com.br\/wp\/#organization\"},\"potentialAction\":[{\"@type\":\"SearchAction\",\"target\":{\"@type\":\"EntryPoint\",\"urlTemplate\":\"https:\/\/bahiaeconomica.com.br\/wp\/?s={search_term_string}\"},\"query-input\":\"required name=search_term_string\"}],\"inLanguage\":\"pt-BR\"},{\"@type\":\"Organization\",\"@id\":\"https:\/\/bahiaeconomica.com.br\/wp\/#organization\",\"name\":\"Bahia Econ\u00f4mica\",\"url\":\"https:\/\/bahiaeconomica.com.br\/wp\/\",\"logo\":{\"@type\":\"ImageObject\",\"inLanguage\":\"pt-BR\",\"@id\":\"https:\/\/bahiaeconomica.com.br\/wp\/#\/schema\/logo\/image\/\",\"url\":\"https:\/\/bahiaeconomica.com.br\/wp\/wp-content\/uploads\/2020\/12\/cropped-BE.png\",\"contentUrl\":\"https:\/\/bahiaeconomica.com.br\/wp\/wp-content\/uploads\/2020\/12\/cropped-BE.png\",\"width\":512,\"height\":512,\"caption\":\"Bahia Econ\u00f4mica\"},\"image\":{\"@id\":\"https:\/\/bahiaeconomica.com.br\/wp\/#\/schema\/logo\/image\/\"},\"sameAs\":[\"https:\/\/www.facebook.com\/bahiaeconomica\"]},{\"@type\":\"Person\",\"@id\":\"https:\/\/bahiaeconomica.com.br\/wp\/#\/schema\/person\/cb1ab5ba96ad3d9390805381c76284ec\",\"name\":\"admin\",\"url\":\"https:\/\/bahiaeconomica.com.br\/wp\/author\/admin\/\"}]}<\/script>\n<!-- \/ Yoast SEO plugin. -->","yoast_head_json":{"title":"WEINTRAUB ADMITE 'INCONSIST\u00caNCIA' EM GABARITO DE PROVAS DO ENEM - Bahia Economica","description":"O maior portal de Economia da Bahia ECONOMIA \/ POL\u00cdTICA Bahia Economica","robots":{"index":"index","follow":"follow","max-snippet":"max-snippet:-1","max-image-preview":"max-image-preview:large","max-video-preview":"max-video-preview:-1"},"canonical":"https:\/\/bahiaeconomica.com.br\/wp\/2020\/01\/18\/weintraub-admite-inconsistencia-em-gabarito-de-provas-do-enem\/","og_locale":"pt_BR","og_type":"article","og_title":"WEINTRAUB ADMITE 'INCONSIST\u00caNCIA' EM GABARITO DE PROVAS DO ENEM - Bahia Economica","og_description":"O maior portal de Economia da Bahia ECONOMIA \/ POL\u00cdTICA Bahia Economica","og_url":"https:\/\/bahiaeconomica.com.br\/wp\/2020\/01\/18\/weintraub-admite-inconsistencia-em-gabarito-de-provas-do-enem\/","og_site_name":"Bahia Economica","article_publisher":"https:\/\/www.facebook.com\/bahiaeconomica","article_published_time":"2020-01-18T19:38:45+00:00","og_image":[{"width":500,"height":333,"url":"https:\/\/bahiaeconomica.com.br\/wp\/wp-content\/uploads\/2020\/01\/marcelo-camargo-agencia-brasil.jpg","type":"image\/jpeg"}],"author":"admin","twitter_card":"summary_large_image","twitter_misc":{"Escrito por":"admin","Est. tempo de leitura":"2 minutos"},"schema":{"@context":"https:\/\/schema.org","@graph":[{"@type":"Article","@id":"https:\/\/bahiaeconomica.com.br\/wp\/2020\/01\/18\/weintraub-admite-inconsistencia-em-gabarito-de-provas-do-enem\/#article","isPartOf":{"@id":"https:\/\/bahiaeconomica.com.br\/wp\/2020\/01\/18\/weintraub-admite-inconsistencia-em-gabarito-de-provas-do-enem\/"},"author":{"name":"admin","@id":"https:\/\/bahiaeconomica.com.br\/wp\/#\/schema\/person\/cb1ab5ba96ad3d9390805381c76284ec"},"headline":"WEINTRAUB ADMITE &#8216;INCONSIST\u00caNCIA&#8217; EM GABARITO DE PROVAS DO ENEM","datePublished":"2020-01-18T19:38:45+00:00","dateModified":"2020-01-18T19:38:45+00:00","mainEntityOfPage":{"@id":"https:\/\/bahiaeconomica.com.br\/wp\/2020\/01\/18\/weintraub-admite-inconsistencia-em-gabarito-de-provas-do-enem\/"},"wordCount":328,"publisher":{"@id":"https:\/\/bahiaeconomica.com.br\/wp\/#organization"},"articleSection":["ECONOMIA \/ POL\u00cdTICA"],"inLanguage":"pt-BR"},{"@type":"WebPage","@id":"https:\/\/bahiaeconomica.com.br\/wp\/2020\/01\/18\/weintraub-admite-inconsistencia-em-gabarito-de-provas-do-enem\/","url":"https:\/\/bahiaeconomica.com.br\/wp\/2020\/01\/18\/weintraub-admite-inconsistencia-em-gabarito-de-provas-do-enem\/","name":"WEINTRAUB ADMITE 'INCONSIST\u00caNCIA' EM GABARITO DE PROVAS DO ENEM - Bahia Economica","isPartOf":{"@id":"https:\/\/bahiaeconomica.com.br\/wp\/#website"},"datePublished":"2020-01-18T19:38:45+00:00","dateModified":"2020-01-18T19:38:45+00:00","description":"O maior portal de Economia da Bahia ECONOMIA \/ POL\u00cdTICA Bahia Economica","breadcrumb":{"@id":"https:\/\/bahiaeconomica.com.br\/wp\/2020\/01\/18\/weintraub-admite-inconsistencia-em-gabarito-de-provas-do-enem\/#breadcrumb"},"inLanguage":"pt-BR","potentialAction":[{"@type":"ReadAction","target":["https:\/\/bahiaeconomica.com.br\/wp\/2020\/01\/18\/weintraub-admite-inconsistencia-em-gabarito-de-provas-do-enem\/"]}]},{"@type":"BreadcrumbList","@id":"https:\/\/bahiaeconomica.com.br\/wp\/2020\/01\/18\/weintraub-admite-inconsistencia-em-gabarito-de-provas-do-enem\/#breadcrumb","itemListElement":[{"@type":"ListItem","position":1,"name":"In\u00edcio","item":"https:\/\/bahiaeconomica.com.br\/wp\/"},{"@type":"ListItem","position":2,"name":"WEINTRAUB ADMITE &#8216;INCONSIST\u00caNCIA&#8217; EM GABARITO DE PROVAS DO ENEM"}]},{"@type":"WebSite","@id":"https:\/\/bahiaeconomica.com.br\/wp\/#website","url":"https:\/\/bahiaeconomica.com.br\/wp\/","name":"Bahia Economica","description":"O maior portal de Economia da Bahia","publisher":{"@id":"https:\/\/bahiaeconomica.com.br\/wp\/#organization"},"potentialAction":[{"@type":"SearchAction","target":{"@type":"EntryPoint","urlTemplate":"https:\/\/bahiaeconomica.com.br\/wp\/?s={search_term_string}"},"query-input":"required name=search_term_string"}],"inLanguage":"pt-BR"},{"@type":"Organization","@id":"https:\/\/bahiaeconomica.com.br\/wp\/#organization","name":"Bahia Econ\u00f4mica","url":"https:\/\/bahiaeconomica.com.br\/wp\/","logo":{"@type":"ImageObject","inLanguage":"pt-BR","@id":"https:\/\/bahiaeconomica.com.br\/wp\/#\/schema\/logo\/image\/","url":"https:\/\/bahiaeconomica.com.br\/wp\/wp-content\/uploads\/2020\/12\/cropped-BE.png","contentUrl":"https:\/\/bahiaeconomica.com.br\/wp\/wp-content\/uploads\/2020\/12\/cropped-BE.png","width":512,"height":512,"caption":"Bahia Econ\u00f4mica"},"image":{"@id":"https:\/\/bahiaeconomica.com.br\/wp\/#\/schema\/logo\/image\/"},"sameAs":["https:\/\/www.facebook.com\/bahiaeconomica"]},{"@type":"Person","@id":"https:\/\/bahiaeconomica.com.br\/wp\/#\/schema\/person\/cb1ab5ba96ad3d9390805381c76284ec","name":"admin","url":"https:\/\/bahiaeconomica.com.br\/wp\/author\/admin\/"}]}},"views":1,"_links":{"self":[{"href":"https:\/\/bahiaeconomica.com.br\/wp\/wp-json\/wp\/v2\/posts\/436525"}],"collection":[{"href":"https:\/\/bahiaeconomica.com.br\/wp\/wp-json\/wp\/v2\/posts"}],"about":[{"href":"https:\/\/bahiaeconomica.com.br\/wp\/wp-json\/wp\/v2\/types\/post"}],"author":[{"embeddable":true,"href":"https:\/\/bahiaeconomica.com.br\/wp\/wp-json\/wp\/v2\/users\/1"}],"replies":[{"embeddable":true,"href":"https:\/\/bahiaeconomica.com.br\/wp\/wp-json\/wp\/v2\/comments?post=436525"}],"version-history":[{"count":1,"href":"https:\/\/bahiaeconomica.com.br\/wp\/wp-json\/wp\/v2\/posts\/436525\/revisions"}],"predecessor-version":[{"id":436526,"href":"https:\/\/bahiaeconomica.com.br\/wp\/wp-json\/wp\/v2\/posts\/436525\/revisions\/436526"}],"wp:featuredmedia":[{"embeddable":true,"href":"https:\/\/bahiaeconomica.com.br\/wp\/wp-json\/wp\/v2\/media\/433921"}],"wp:attachment":[{"href":"https:\/\/bahiaeconomica.com.br\/wp\/wp-json\/wp\/v2\/media?parent=436525"}],"wp:term":[{"taxonomy":"category","embeddable":true,"href":"https:\/\/bahiaeconomica.com.br\/wp\/wp-json\/wp\/v2\/categories?post=436525"},{"taxonomy":"post_tag","embeddable":true,"href":"https:\/\/bahiaeconomica.com.br\/wp\/wp-json\/wp\/v2\/tags?post=436525"}],"curies":[{"name":"wp","href":"https:\/\/api.w.org\/{rel}","templated":true}]}}