{"id":436288,"date":"2020-01-17T10:37:30","date_gmt":"2020-01-17T13:37:30","guid":{"rendered":"https:\/\/bahiaeconomica.com.br\/wp\/beta\/?p=436288"},"modified":"2020-01-17T10:34:49","modified_gmt":"2020-01-17T13:34:49","slug":"ricardo-graca-jogara-pela-selecao-no-pre-olimpico","status":"publish","type":"post","link":"https:\/\/bahiaeconomica.com.br\/wp\/2020\/01\/17\/ricardo-graca-jogara-pela-selecao-no-pre-olimpico\/","title":{"rendered":"RICARDO GRA\u00c7A JOGAR\u00c1 PELA SELE\u00c7\u00c3O NO PR\u00c9-OL\u00cdMPICO"},"content":{"rendered":"<p style=\"text-align: justify;\">O time da sele\u00e7\u00e3o brasileira est\u00e1 formado para a disputa do Torneio Pr\u00e9-Ol\u00edmpico na Col\u00f4mbia. <!--more-->Na noite de quinta-feira (16), a CBF anunciou que o t\u00e9cnico Andr\u00e9 Jardine convocou o zagueiro Ricardo Gra\u00e7a, do Vasco, para substituir Walce, do S\u00e3o Paulo, que precisou ser cortado por les\u00e3o.<!--more--><\/p>\n<p style=\"text-align: justify;\">Walce se lesionou no \u00faltimo domingo (12), durante um jogo-treino contra o Boavista, na Granja Comary, em Teres\u00f3polis (RJ). O jogador do S\u00e3o Paulo sofreu uma ruptura no ligamento cruzado anterior do joelho esquerdo e ter\u00e1 de passar por cirurgia, tendo sido cortado na segunda-feira. Sem ele, Jardine decidiu recorrer a Ricardo Gra\u00e7a para completar o grupo da sele\u00e7\u00e3o para o Pr\u00e9-Ol\u00edmpico. No ano passado, o zagueiro disputou 25 jogos pelo Vasco, clube onde iniciou a sua carreira profissional.<\/p>\n<p style=\"text-align: justify;\">A sele\u00e7\u00e3o est\u00e1 no Grupo B do Pr\u00e9-Ol\u00edmpico, com estreia marcada para domingo, \u00e0s 22h30 (hor\u00e1rio de Bras\u00edlia), contra o Peru, em Arm\u00eania. A chave ainda conta com Uruguai, Bol\u00edvia e Paraguai, sendo que os dois primeiros avan\u00e7am ao quadrangular que definir\u00e1 os dois representantes da Am\u00e9rica do Sul nos Jogos de T\u00f3quio.<\/p>\n<p style=\"text-align: justify;\">\n<p style=\"text-align: justify;\">Confira como ficou a lista final de convocados do Brasil para o Pr\u00e9-Ol\u00edmpico:<\/p>\n<p style=\"text-align: justify;\">Goleiros: Cleiton (Atl\u00e9tico-MG), Ivan (Ponte Preta) e Phelipe (Gr\u00eamio).<\/p>\n<p style=\"text-align: justify;\">Laterais-direitos: Dod\u00f4 (Shakhtar Donetsk) e Guga (Atl\u00e9tico-MG).<\/p>\n<p style=\"text-align: justify;\">Laterais-esquerdos: Iago (Augsburg) e Caio Henrique (Fluminense).<\/p>\n<p style=\"text-align: justify;\">Zagueiros: Nino (Fluminense), Bruno Fuchs (Internacional), Robson Bambu (Athletico-PR) e Ricardo Gra\u00e7a (Vasco).<\/p>\n<p style=\"text-align: justify;\">Meio-campistas: Bruno Guimar\u00e3es (Athletico-PR), Maycon (Shakhtar Donetsk), Igor Gomes (S\u00e3o Paulo), Matheus Henrique (Gr\u00eamio), Reinier (Flamengo) e Bruno Tabata (Portimonense).<\/p>\n<p style=\"text-align: justify;\">Atacantes: Antony (S\u00e3o Paulo), Pep\u00ea (Gr\u00eamio), Matheus Cunha (RB Leipzig), Paulinho (Bayer Leverkusen), Pedrinho (Corinthians) e Yuri Alberto (Santos).<\/p>\n","protected":false},"excerpt":{"rendered":"<p>O time da sele\u00e7\u00e3o brasileira est\u00e1 formado para a disputa do Torneio Pr\u00e9-Ol\u00edmpico na Col\u00f4mbia.<\/p>\n","protected":false},"author":1,"featured_media":436290,"comment_status":"closed","ping_status":"closed","sticky":false,"template":"","format":"standard","meta":[],"categories":[14,3],"tags":[],"acf":[],"yoast_head":"<!-- This site is optimized with the Yoast SEO plugin v20.8 - https:\/\/yoast.com\/wordpress\/plugins\/seo\/ -->\n<title>RICARDO GRA\u00c7A JOGAR\u00c1 PELA SELE\u00c7\u00c3O NO PR\u00c9-OL\u00cdMPICO - Bahia Economica<\/title>\n<meta name=\"description\" content=\"O maior portal de Economia da Bahia DESTAQUE DO DIA, ECONOMIA \/ POL\u00cdTICA Bahia Economica\" \/>\n<meta name=\"robots\" content=\"index, follow, max-snippet:-1, max-image-preview:large, max-video-preview:-1\" \/>\n<link rel=\"canonical\" href=\"https:\/\/bahiaeconomica.com.br\/wp\/2020\/01\/17\/ricardo-graca-jogara-pela-selecao-no-pre-olimpico\/\" \/>\n<meta property=\"og:locale\" content=\"pt_BR\" \/>\n<meta property=\"og:type\" content=\"article\" \/>\n<meta property=\"og:title\" content=\"RICARDO GRA\u00c7A JOGAR\u00c1 PELA SELE\u00c7\u00c3O NO PR\u00c9-OL\u00cdMPICO - Bahia Economica\" \/>\n<meta property=\"og:description\" content=\"O maior portal de Economia da Bahia DESTAQUE DO DIA, ECONOMIA \/ POL\u00cdTICA Bahia Economica\" \/>\n<meta property=\"og:url\" content=\"https:\/\/bahiaeconomica.com.br\/wp\/2020\/01\/17\/ricardo-graca-jogara-pela-selecao-no-pre-olimpico\/\" \/>\n<meta property=\"og:site_name\" content=\"Bahia Economica\" \/>\n<meta property=\"article:publisher\" content=\"https:\/\/www.facebook.com\/bahiaeconomica\" \/>\n<meta property=\"article:published_time\" content=\"2020-01-17T13:37:30+00:00\" \/>\n<meta property=\"article:modified_time\" content=\"2020-01-17T13:34:49+00:00\" \/>\n<meta property=\"og:image\" content=\"https:\/\/bahiaeconomica.com.br\/wp\/wp-content\/uploads\/2020\/01\/JHNB.jpg\" \/>\n\t<meta property=\"og:image:width\" content=\"500\" \/>\n\t<meta property=\"og:image:height\" content=\"300\" \/>\n\t<meta property=\"og:image:type\" content=\"image\/jpeg\" \/>\n<meta name=\"author\" content=\"admin\" \/>\n<meta name=\"twitter:card\" content=\"summary_large_image\" \/>\n<meta name=\"twitter:label1\" content=\"Escrito por\" \/>\n\t<meta name=\"twitter:data1\" content=\"admin\" \/>\n\t<meta name=\"twitter:label2\" content=\"Est. tempo de leitura\" \/>\n\t<meta name=\"twitter:data2\" content=\"1 minuto\" \/>\n<script type=\"application\/ld+json\" class=\"yoast-schema-graph\">{\"@context\":\"https:\/\/schema.org\",\"@graph\":[{\"@type\":\"Article\",\"@id\":\"https:\/\/bahiaeconomica.com.br\/wp\/2020\/01\/17\/ricardo-graca-jogara-pela-selecao-no-pre-olimpico\/#article\",\"isPartOf\":{\"@id\":\"https:\/\/bahiaeconomica.com.br\/wp\/2020\/01\/17\/ricardo-graca-jogara-pela-selecao-no-pre-olimpico\/\"},\"author\":{\"name\":\"admin\",\"@id\":\"https:\/\/bahiaeconomica.com.br\/wp\/#\/schema\/person\/cb1ab5ba96ad3d9390805381c76284ec\"},\"headline\":\"RICARDO GRA\u00c7A JOGAR\u00c1 PELA SELE\u00c7\u00c3O NO PR\u00c9-OL\u00cdMPICO\",\"datePublished\":\"2020-01-17T13:37:30+00:00\",\"dateModified\":\"2020-01-17T13:34:49+00:00\",\"mainEntityOfPage\":{\"@id\":\"https:\/\/bahiaeconomica.com.br\/wp\/2020\/01\/17\/ricardo-graca-jogara-pela-selecao-no-pre-olimpico\/\"},\"wordCount\":310,\"publisher\":{\"@id\":\"https:\/\/bahiaeconomica.com.br\/wp\/#organization\"},\"articleSection\":[\"DESTAQUE DO DIA\",\"ECONOMIA \/ POL\u00cdTICA\"],\"inLanguage\":\"pt-BR\"},{\"@type\":\"WebPage\",\"@id\":\"https:\/\/bahiaeconomica.com.br\/wp\/2020\/01\/17\/ricardo-graca-jogara-pela-selecao-no-pre-olimpico\/\",\"url\":\"https:\/\/bahiaeconomica.com.br\/wp\/2020\/01\/17\/ricardo-graca-jogara-pela-selecao-no-pre-olimpico\/\",\"name\":\"RICARDO GRA\u00c7A JOGAR\u00c1 PELA SELE\u00c7\u00c3O NO PR\u00c9-OL\u00cdMPICO - Bahia Economica\",\"isPartOf\":{\"@id\":\"https:\/\/bahiaeconomica.com.br\/wp\/#website\"},\"datePublished\":\"2020-01-17T13:37:30+00:00\",\"dateModified\":\"2020-01-17T13:34:49+00:00\",\"description\":\"O maior portal de Economia da Bahia DESTAQUE DO DIA, ECONOMIA \/ POL\u00cdTICA Bahia Economica\",\"breadcrumb\":{\"@id\":\"https:\/\/bahiaeconomica.com.br\/wp\/2020\/01\/17\/ricardo-graca-jogara-pela-selecao-no-pre-olimpico\/#breadcrumb\"},\"inLanguage\":\"pt-BR\",\"potentialAction\":[{\"@type\":\"ReadAction\",\"target\":[\"https:\/\/bahiaeconomica.com.br\/wp\/2020\/01\/17\/ricardo-graca-jogara-pela-selecao-no-pre-olimpico\/\"]}]},{\"@type\":\"BreadcrumbList\",\"@id\":\"https:\/\/bahiaeconomica.com.br\/wp\/2020\/01\/17\/ricardo-graca-jogara-pela-selecao-no-pre-olimpico\/#breadcrumb\",\"itemListElement\":[{\"@type\":\"ListItem\",\"position\":1,\"name\":\"In\u00edcio\",\"item\":\"https:\/\/bahiaeconomica.com.br\/wp\/\"},{\"@type\":\"ListItem\",\"position\":2,\"name\":\"RICARDO GRA\u00c7A JOGAR\u00c1 PELA SELE\u00c7\u00c3O NO PR\u00c9-OL\u00cdMPICO\"}]},{\"@type\":\"WebSite\",\"@id\":\"https:\/\/bahiaeconomica.com.br\/wp\/#website\",\"url\":\"https:\/\/bahiaeconomica.com.br\/wp\/\",\"name\":\"Bahia Economica\",\"description\":\"O maior portal de Economia da Bahia\",\"publisher\":{\"@id\":\"https:\/\/bahiaeconomica.com.br\/wp\/#organization\"},\"potentialAction\":[{\"@type\":\"SearchAction\",\"target\":{\"@type\":\"EntryPoint\",\"urlTemplate\":\"https:\/\/bahiaeconomica.com.br\/wp\/?s={search_term_string}\"},\"query-input\":\"required name=search_term_string\"}],\"inLanguage\":\"pt-BR\"},{\"@type\":\"Organization\",\"@id\":\"https:\/\/bahiaeconomica.com.br\/wp\/#organization\",\"name\":\"Bahia Econ\u00f4mica\",\"url\":\"https:\/\/bahiaeconomica.com.br\/wp\/\",\"logo\":{\"@type\":\"ImageObject\",\"inLanguage\":\"pt-BR\",\"@id\":\"https:\/\/bahiaeconomica.com.br\/wp\/#\/schema\/logo\/image\/\",\"url\":\"https:\/\/bahiaeconomica.com.br\/wp\/wp-content\/uploads\/2020\/12\/cropped-BE.png\",\"contentUrl\":\"https:\/\/bahiaeconomica.com.br\/wp\/wp-content\/uploads\/2020\/12\/cropped-BE.png\",\"width\":512,\"height\":512,\"caption\":\"Bahia Econ\u00f4mica\"},\"image\":{\"@id\":\"https:\/\/bahiaeconomica.com.br\/wp\/#\/schema\/logo\/image\/\"},\"sameAs\":[\"https:\/\/www.facebook.com\/bahiaeconomica\"]},{\"@type\":\"Person\",\"@id\":\"https:\/\/bahiaeconomica.com.br\/wp\/#\/schema\/person\/cb1ab5ba96ad3d9390805381c76284ec\",\"name\":\"admin\",\"url\":\"https:\/\/bahiaeconomica.com.br\/wp\/author\/admin\/\"}]}<\/script>\n<!-- \/ Yoast SEO plugin. -->","yoast_head_json":{"title":"RICARDO GRA\u00c7A JOGAR\u00c1 PELA SELE\u00c7\u00c3O NO PR\u00c9-OL\u00cdMPICO - Bahia Economica","description":"O maior portal de Economia da Bahia DESTAQUE DO DIA, ECONOMIA \/ POL\u00cdTICA Bahia Economica","robots":{"index":"index","follow":"follow","max-snippet":"max-snippet:-1","max-image-preview":"max-image-preview:large","max-video-preview":"max-video-preview:-1"},"canonical":"https:\/\/bahiaeconomica.com.br\/wp\/2020\/01\/17\/ricardo-graca-jogara-pela-selecao-no-pre-olimpico\/","og_locale":"pt_BR","og_type":"article","og_title":"RICARDO GRA\u00c7A JOGAR\u00c1 PELA SELE\u00c7\u00c3O NO PR\u00c9-OL\u00cdMPICO - Bahia Economica","og_description":"O maior portal de Economia da Bahia DESTAQUE DO DIA, ECONOMIA \/ POL\u00cdTICA Bahia Economica","og_url":"https:\/\/bahiaeconomica.com.br\/wp\/2020\/01\/17\/ricardo-graca-jogara-pela-selecao-no-pre-olimpico\/","og_site_name":"Bahia Economica","article_publisher":"https:\/\/www.facebook.com\/bahiaeconomica","article_published_time":"2020-01-17T13:37:30+00:00","article_modified_time":"2020-01-17T13:34:49+00:00","og_image":[{"width":500,"height":300,"url":"https:\/\/bahiaeconomica.com.br\/wp\/wp-content\/uploads\/2020\/01\/JHNB.jpg","type":"image\/jpeg"}],"author":"admin","twitter_card":"summary_large_image","twitter_misc":{"Escrito por":"admin","Est. tempo de leitura":"1 minuto"},"schema":{"@context":"https:\/\/schema.org","@graph":[{"@type":"Article","@id":"https:\/\/bahiaeconomica.com.br\/wp\/2020\/01\/17\/ricardo-graca-jogara-pela-selecao-no-pre-olimpico\/#article","isPartOf":{"@id":"https:\/\/bahiaeconomica.com.br\/wp\/2020\/01\/17\/ricardo-graca-jogara-pela-selecao-no-pre-olimpico\/"},"author":{"name":"admin","@id":"https:\/\/bahiaeconomica.com.br\/wp\/#\/schema\/person\/cb1ab5ba96ad3d9390805381c76284ec"},"headline":"RICARDO GRA\u00c7A JOGAR\u00c1 PELA SELE\u00c7\u00c3O NO PR\u00c9-OL\u00cdMPICO","datePublished":"2020-01-17T13:37:30+00:00","dateModified":"2020-01-17T13:34:49+00:00","mainEntityOfPage":{"@id":"https:\/\/bahiaeconomica.com.br\/wp\/2020\/01\/17\/ricardo-graca-jogara-pela-selecao-no-pre-olimpico\/"},"wordCount":310,"publisher":{"@id":"https:\/\/bahiaeconomica.com.br\/wp\/#organization"},"articleSection":["DESTAQUE DO DIA","ECONOMIA \/ POL\u00cdTICA"],"inLanguage":"pt-BR"},{"@type":"WebPage","@id":"https:\/\/bahiaeconomica.com.br\/wp\/2020\/01\/17\/ricardo-graca-jogara-pela-selecao-no-pre-olimpico\/","url":"https:\/\/bahiaeconomica.com.br\/wp\/2020\/01\/17\/ricardo-graca-jogara-pela-selecao-no-pre-olimpico\/","name":"RICARDO GRA\u00c7A JOGAR\u00c1 PELA SELE\u00c7\u00c3O NO PR\u00c9-OL\u00cdMPICO - Bahia Economica","isPartOf":{"@id":"https:\/\/bahiaeconomica.com.br\/wp\/#website"},"datePublished":"2020-01-17T13:37:30+00:00","dateModified":"2020-01-17T13:34:49+00:00","description":"O maior portal de Economia da Bahia DESTAQUE DO DIA, ECONOMIA \/ POL\u00cdTICA Bahia Economica","breadcrumb":{"@id":"https:\/\/bahiaeconomica.com.br\/wp\/2020\/01\/17\/ricardo-graca-jogara-pela-selecao-no-pre-olimpico\/#breadcrumb"},"inLanguage":"pt-BR","potentialAction":[{"@type":"ReadAction","target":["https:\/\/bahiaeconomica.com.br\/wp\/2020\/01\/17\/ricardo-graca-jogara-pela-selecao-no-pre-olimpico\/"]}]},{"@type":"BreadcrumbList","@id":"https:\/\/bahiaeconomica.com.br\/wp\/2020\/01\/17\/ricardo-graca-jogara-pela-selecao-no-pre-olimpico\/#breadcrumb","itemListElement":[{"@type":"ListItem","position":1,"name":"In\u00edcio","item":"https:\/\/bahiaeconomica.com.br\/wp\/"},{"@type":"ListItem","position":2,"name":"RICARDO GRA\u00c7A JOGAR\u00c1 PELA SELE\u00c7\u00c3O NO PR\u00c9-OL\u00cdMPICO"}]},{"@type":"WebSite","@id":"https:\/\/bahiaeconomica.com.br\/wp\/#website","url":"https:\/\/bahiaeconomica.com.br\/wp\/","name":"Bahia Economica","description":"O maior portal de Economia da Bahia","publisher":{"@id":"https:\/\/bahiaeconomica.com.br\/wp\/#organization"},"potentialAction":[{"@type":"SearchAction","target":{"@type":"EntryPoint","urlTemplate":"https:\/\/bahiaeconomica.com.br\/wp\/?s={search_term_string}"},"query-input":"required name=search_term_string"}],"inLanguage":"pt-BR"},{"@type":"Organization","@id":"https:\/\/bahiaeconomica.com.br\/wp\/#organization","name":"Bahia Econ\u00f4mica","url":"https:\/\/bahiaeconomica.com.br\/wp\/","logo":{"@type":"ImageObject","inLanguage":"pt-BR","@id":"https:\/\/bahiaeconomica.com.br\/wp\/#\/schema\/logo\/image\/","url":"https:\/\/bahiaeconomica.com.br\/wp\/wp-content\/uploads\/2020\/12\/cropped-BE.png","contentUrl":"https:\/\/bahiaeconomica.com.br\/wp\/wp-content\/uploads\/2020\/12\/cropped-BE.png","width":512,"height":512,"caption":"Bahia Econ\u00f4mica"},"image":{"@id":"https:\/\/bahiaeconomica.com.br\/wp\/#\/schema\/logo\/image\/"},"sameAs":["https:\/\/www.facebook.com\/bahiaeconomica"]},{"@type":"Person","@id":"https:\/\/bahiaeconomica.com.br\/wp\/#\/schema\/person\/cb1ab5ba96ad3d9390805381c76284ec","name":"admin","url":"https:\/\/bahiaeconomica.com.br\/wp\/author\/admin\/"}]}},"views":1,"_links":{"self":[{"href":"https:\/\/bahiaeconomica.com.br\/wp\/wp-json\/wp\/v2\/posts\/436288"}],"collection":[{"href":"https:\/\/bahiaeconomica.com.br\/wp\/wp-json\/wp\/v2\/posts"}],"about":[{"href":"https:\/\/bahiaeconomica.com.br\/wp\/wp-json\/wp\/v2\/types\/post"}],"author":[{"embeddable":true,"href":"https:\/\/bahiaeconomica.com.br\/wp\/wp-json\/wp\/v2\/users\/1"}],"replies":[{"embeddable":true,"href":"https:\/\/bahiaeconomica.com.br\/wp\/wp-json\/wp\/v2\/comments?post=436288"}],"version-history":[{"count":1,"href":"https:\/\/bahiaeconomica.com.br\/wp\/wp-json\/wp\/v2\/posts\/436288\/revisions"}],"predecessor-version":[{"id":436291,"href":"https:\/\/bahiaeconomica.com.br\/wp\/wp-json\/wp\/v2\/posts\/436288\/revisions\/436291"}],"wp:featuredmedia":[{"embeddable":true,"href":"https:\/\/bahiaeconomica.com.br\/wp\/wp-json\/wp\/v2\/media\/436290"}],"wp:attachment":[{"href":"https:\/\/bahiaeconomica.com.br\/wp\/wp-json\/wp\/v2\/media?parent=436288"}],"wp:term":[{"taxonomy":"category","embeddable":true,"href":"https:\/\/bahiaeconomica.com.br\/wp\/wp-json\/wp\/v2\/categories?post=436288"},{"taxonomy":"post_tag","embeddable":true,"href":"https:\/\/bahiaeconomica.com.br\/wp\/wp-json\/wp\/v2\/tags?post=436288"}],"curies":[{"name":"wp","href":"https:\/\/api.w.org\/{rel}","templated":true}]}}