{"id":434169,"date":"2020-01-10T13:00:26","date_gmt":"2020-01-10T16:00:26","guid":{"rendered":"https:\/\/bahiaeconomica.com.br\/wp\/beta\/?p=434169"},"modified":"2020-01-10T13:01:27","modified_gmt":"2020-01-10T16:01:27","slug":"bahia-turismo-tem-alta-de-034-em-2019-mesmo-com-manchas-de-oleo-e-crise-da-avianca","status":"publish","type":"post","link":"https:\/\/bahiaeconomica.com.br\/wp\/2020\/01\/10\/bahia-turismo-tem-alta-de-034-em-2019-mesmo-com-manchas-de-oleo-e-crise-da-avianca\/","title":{"rendered":"BAHIA: TURISMO TEM ALTA DE 0,34% EM 2019 MESMO COM MANCHAS DE \u00d3LEO E CRISE DA AVIANCA"},"content":{"rendered":"<p>Mesmo com a crise da Avianca e as manchas de \u00f3leo que atingiram a costa da Bahia, a taxa de ocupa\u00e7\u00e3o da rede hoteleira no estado foi de 62,49% em 2019. A <!--more-->m\u00e9dia representa um crescimento de 0,34% em rela\u00e7\u00e3o a 2018. Os dados foram divulgados na manh\u00e3 desta sexta-feira (10) por\u00a0 Luciano Lopes, presidente da Associa\u00e7\u00e3o Brasileira da Ind\u00fastria de Hot\u00e9is Regional Bahia (ABIH-BA).<\/p>\n<p>Ainda de acordo com a associa\u00e7\u00e3o, no ano passado a di\u00e1ria m\u00e9dia dos hot\u00e9is baianos foi de R$ 290,78, um crescimento de 27,43% na compara\u00e7\u00e3o com 2018, quando o valor m\u00e9dio era de R$ 228,18. Uma poss\u00edvel justificamente da crescente \u00e9 a entrada dos hot\u00e9is de luxo na capital baiana. Diante desses dados, o Revpar (indicador ponderado de taxa de ocupa\u00e7\u00e3o e di\u00e1ria m\u00e9dia) apresentou crescimento de 28,13%, com R$ 181,71, tamb\u00e9m superior a 2018 (R$ 141,82). Se forem considerados os dados sem levar em conta os hot\u00e9is de luxo de Salvador, o resultado da taxa de ocupa\u00e7\u00e3o seria de 63,66%, a di\u00e1ria m\u00e9dia de R$ 248,27 e Revpar de R$ 158,06.<\/p>\n<p>Em 2020, a tend\u00eancia \u00e9 que os n\u00fameros sejam ainda melhores, com a expectativa de crescimento da economia, al\u00e9m da inaugura\u00e7\u00e3o do novo Centro de Conven\u00e7\u00f5es, da requalifica\u00e7\u00e3o da infraestrutura do aeroporto e de mais feriados prolongados. Na apresenta\u00e7\u00e3o dos dados, Luciano Lopes fez um balan\u00e7os dos n\u00fameros do ano passado. \u201cA Taxa de Ocupa\u00e7\u00e3o permaneceu praticamente est\u00e1vel em rela\u00e7\u00e3o ao ano de 2018 em fun\u00e7\u00e3o da redu\u00e7\u00e3o do n\u00famero de passageiros do Aeroporto de Salvador em decorr\u00eancia da crise da Avianca. Essa situa\u00e7\u00e3o provocou uma redu\u00e7\u00e3o de 3,8% no n\u00famero de passageiros na capital baiana, no per\u00edodo de janeiro a novembro de 2019, em rela\u00e7\u00e3o ao mesmo per\u00edodo de 2018, e tamb\u00e9m um aumento consider\u00e1vel nos pre\u00e7os das passagens, sendo assim a estabilidade da Taxa de Ocupa\u00e7\u00e3o \u00e9 um resultado positivo\u201d, disse.<\/p>\n<p>O gestor tamb\u00e9m comentou sobre a entrada de hot\u00e9is de luxo no mercado e da comprova\u00e7\u00e3o da influ\u00eancia desses empreendimentos nos n\u00fameros, principalmente na di\u00e1ria m\u00e9dia de dezembro de 2019. Segundo Lopes, a taxa de ocupa\u00e7\u00e3o foi de 60,15% comparando-se com o mesmo per\u00edodo do ano anterior, que foi 64,40%, representando uma redu\u00e7\u00e3o de 4,25%. Apesar disso, a di\u00e1ria m\u00e9dia aumentou em 29,23%, pulando de R$ 246,32 em 2018 para R$ 318,31 em 2019. J\u00e1 o Revpar cresceu 20,70%, passando de R$ 158,63 em dezembro de 2018 para R$ 191,46 em 2019. Os dados, sem os hot\u00e9is de luxo, s\u00e3o os seguintes: taxa de ocupa\u00e7\u00e3o de 60,90%, di\u00e1ria m\u00e9dia de R$ 270,62 e Revpar de R$164,81.<\/p>\n<p>\u201cEstes dados refor\u00e7am o trabalho intensivo da ABIH-BA desde 2016, em parceria com a Secretaria Municipal de Cultura e Turismo (Secult) de Salvador com o objetivo de promover o Destino Salvador nos principais p\u00f3los emissores. Realizamos em 2019 diversas a\u00e7\u00f5es promocionais, como: o Road Show, FAM Show de Agentes de Viagem, FAM Show para operadores de viagem, Rodada de Neg\u00f3cios, Hospitality Experience\u201d, avalia Lopes.<\/p>\n<p>Foto: Marina Hort\u00e9lio\/correio<\/p>\n","protected":false},"excerpt":{"rendered":"<p>Mesmo com a crise da Avianca e as manchas de \u00f3leo que atingiram a costa da Bahia, a taxa de ocupa\u00e7\u00e3o da rede hoteleira no estado foi de 62,49% em 2019. A<\/p>\n","protected":false},"author":1,"featured_media":434174,"comment_status":"closed","ping_status":"closed","sticky":false,"template":"","format":"standard","meta":[],"categories":[3],"tags":[],"acf":[],"yoast_head":"<!-- This site is optimized with the Yoast SEO plugin v20.8 - https:\/\/yoast.com\/wordpress\/plugins\/seo\/ -->\n<title>BAHIA: TURISMO TEM ALTA DE 0,34% EM 2019 MESMO COM MANCHAS DE \u00d3LEO E CRISE DA AVIANCA - Bahia Economica<\/title>\n<meta name=\"description\" content=\"O maior portal de Economia da Bahia ECONOMIA \/ POL\u00cdTICA Bahia Economica\" \/>\n<meta name=\"robots\" content=\"index, follow, max-snippet:-1, max-image-preview:large, max-video-preview:-1\" \/>\n<link rel=\"canonical\" href=\"https:\/\/bahiaeconomica.com.br\/wp\/2020\/01\/10\/bahia-turismo-tem-alta-de-034-em-2019-mesmo-com-manchas-de-oleo-e-crise-da-avianca\/\" \/>\n<meta property=\"og:locale\" content=\"pt_BR\" \/>\n<meta property=\"og:type\" content=\"article\" \/>\n<meta property=\"og:title\" content=\"BAHIA: TURISMO TEM ALTA DE 0,34% EM 2019 MESMO COM MANCHAS DE \u00d3LEO E CRISE DA AVIANCA - Bahia Economica\" \/>\n<meta property=\"og:description\" content=\"O maior portal de Economia da Bahia ECONOMIA \/ POL\u00cdTICA Bahia Economica\" \/>\n<meta property=\"og:url\" content=\"https:\/\/bahiaeconomica.com.br\/wp\/2020\/01\/10\/bahia-turismo-tem-alta-de-034-em-2019-mesmo-com-manchas-de-oleo-e-crise-da-avianca\/\" \/>\n<meta property=\"og:site_name\" content=\"Bahia Economica\" \/>\n<meta property=\"article:publisher\" content=\"https:\/\/www.facebook.com\/bahiaeconomica\" \/>\n<meta property=\"article:published_time\" content=\"2020-01-10T16:00:26+00:00\" \/>\n<meta property=\"article:modified_time\" content=\"2020-01-10T16:01:27+00:00\" \/>\n<meta property=\"og:image\" content=\"https:\/\/bahiaeconomica.com.br\/wp\/wp-content\/uploads\/2020\/01\/turismo500.jpg\" \/>\n\t<meta property=\"og:image:width\" content=\"500\" \/>\n\t<meta property=\"og:image:height\" content=\"300\" \/>\n\t<meta property=\"og:image:type\" content=\"image\/jpeg\" \/>\n<meta name=\"author\" content=\"admin\" \/>\n<meta name=\"twitter:card\" content=\"summary_large_image\" \/>\n<meta name=\"twitter:label1\" content=\"Escrito por\" \/>\n\t<meta name=\"twitter:data1\" content=\"admin\" \/>\n\t<meta name=\"twitter:label2\" content=\"Est. tempo de leitura\" \/>\n\t<meta name=\"twitter:data2\" content=\"3 minutos\" \/>\n<script type=\"application\/ld+json\" class=\"yoast-schema-graph\">{\"@context\":\"https:\/\/schema.org\",\"@graph\":[{\"@type\":\"Article\",\"@id\":\"https:\/\/bahiaeconomica.com.br\/wp\/2020\/01\/10\/bahia-turismo-tem-alta-de-034-em-2019-mesmo-com-manchas-de-oleo-e-crise-da-avianca\/#article\",\"isPartOf\":{\"@id\":\"https:\/\/bahiaeconomica.com.br\/wp\/2020\/01\/10\/bahia-turismo-tem-alta-de-034-em-2019-mesmo-com-manchas-de-oleo-e-crise-da-avianca\/\"},\"author\":{\"name\":\"admin\",\"@id\":\"https:\/\/bahiaeconomica.com.br\/wp\/#\/schema\/person\/cb1ab5ba96ad3d9390805381c76284ec\"},\"headline\":\"BAHIA: TURISMO TEM ALTA DE 0,34% EM 2019 MESMO COM MANCHAS DE \u00d3LEO E CRISE DA AVIANCA\",\"datePublished\":\"2020-01-10T16:00:26+00:00\",\"dateModified\":\"2020-01-10T16:01:27+00:00\",\"mainEntityOfPage\":{\"@id\":\"https:\/\/bahiaeconomica.com.br\/wp\/2020\/01\/10\/bahia-turismo-tem-alta-de-034-em-2019-mesmo-com-manchas-de-oleo-e-crise-da-avianca\/\"},\"wordCount\":537,\"publisher\":{\"@id\":\"https:\/\/bahiaeconomica.com.br\/wp\/#organization\"},\"articleSection\":[\"ECONOMIA \/ POL\u00cdTICA\"],\"inLanguage\":\"pt-BR\"},{\"@type\":\"WebPage\",\"@id\":\"https:\/\/bahiaeconomica.com.br\/wp\/2020\/01\/10\/bahia-turismo-tem-alta-de-034-em-2019-mesmo-com-manchas-de-oleo-e-crise-da-avianca\/\",\"url\":\"https:\/\/bahiaeconomica.com.br\/wp\/2020\/01\/10\/bahia-turismo-tem-alta-de-034-em-2019-mesmo-com-manchas-de-oleo-e-crise-da-avianca\/\",\"name\":\"BAHIA: TURISMO TEM ALTA DE 0,34% EM 2019 MESMO COM MANCHAS DE \u00d3LEO E CRISE DA AVIANCA - Bahia Economica\",\"isPartOf\":{\"@id\":\"https:\/\/bahiaeconomica.com.br\/wp\/#website\"},\"datePublished\":\"2020-01-10T16:00:26+00:00\",\"dateModified\":\"2020-01-10T16:01:27+00:00\",\"description\":\"O maior portal de Economia da Bahia ECONOMIA \/ POL\u00cdTICA Bahia Economica\",\"breadcrumb\":{\"@id\":\"https:\/\/bahiaeconomica.com.br\/wp\/2020\/01\/10\/bahia-turismo-tem-alta-de-034-em-2019-mesmo-com-manchas-de-oleo-e-crise-da-avianca\/#breadcrumb\"},\"inLanguage\":\"pt-BR\",\"potentialAction\":[{\"@type\":\"ReadAction\",\"target\":[\"https:\/\/bahiaeconomica.com.br\/wp\/2020\/01\/10\/bahia-turismo-tem-alta-de-034-em-2019-mesmo-com-manchas-de-oleo-e-crise-da-avianca\/\"]}]},{\"@type\":\"BreadcrumbList\",\"@id\":\"https:\/\/bahiaeconomica.com.br\/wp\/2020\/01\/10\/bahia-turismo-tem-alta-de-034-em-2019-mesmo-com-manchas-de-oleo-e-crise-da-avianca\/#breadcrumb\",\"itemListElement\":[{\"@type\":\"ListItem\",\"position\":1,\"name\":\"In\u00edcio\",\"item\":\"https:\/\/bahiaeconomica.com.br\/wp\/\"},{\"@type\":\"ListItem\",\"position\":2,\"name\":\"BAHIA: TURISMO TEM ALTA DE 0,34% EM 2019 MESMO COM MANCHAS DE \u00d3LEO E CRISE DA AVIANCA\"}]},{\"@type\":\"WebSite\",\"@id\":\"https:\/\/bahiaeconomica.com.br\/wp\/#website\",\"url\":\"https:\/\/bahiaeconomica.com.br\/wp\/\",\"name\":\"Bahia Economica\",\"description\":\"O maior portal de Economia da Bahia\",\"publisher\":{\"@id\":\"https:\/\/bahiaeconomica.com.br\/wp\/#organization\"},\"potentialAction\":[{\"@type\":\"SearchAction\",\"target\":{\"@type\":\"EntryPoint\",\"urlTemplate\":\"https:\/\/bahiaeconomica.com.br\/wp\/?s={search_term_string}\"},\"query-input\":\"required name=search_term_string\"}],\"inLanguage\":\"pt-BR\"},{\"@type\":\"Organization\",\"@id\":\"https:\/\/bahiaeconomica.com.br\/wp\/#organization\",\"name\":\"Bahia Econ\u00f4mica\",\"url\":\"https:\/\/bahiaeconomica.com.br\/wp\/\",\"logo\":{\"@type\":\"ImageObject\",\"inLanguage\":\"pt-BR\",\"@id\":\"https:\/\/bahiaeconomica.com.br\/wp\/#\/schema\/logo\/image\/\",\"url\":\"https:\/\/bahiaeconomica.com.br\/wp\/wp-content\/uploads\/2020\/12\/cropped-BE.png\",\"contentUrl\":\"https:\/\/bahiaeconomica.com.br\/wp\/wp-content\/uploads\/2020\/12\/cropped-BE.png\",\"width\":512,\"height\":512,\"caption\":\"Bahia Econ\u00f4mica\"},\"image\":{\"@id\":\"https:\/\/bahiaeconomica.com.br\/wp\/#\/schema\/logo\/image\/\"},\"sameAs\":[\"https:\/\/www.facebook.com\/bahiaeconomica\"]},{\"@type\":\"Person\",\"@id\":\"https:\/\/bahiaeconomica.com.br\/wp\/#\/schema\/person\/cb1ab5ba96ad3d9390805381c76284ec\",\"name\":\"admin\",\"url\":\"https:\/\/bahiaeconomica.com.br\/wp\/author\/admin\/\"}]}<\/script>\n<!-- \/ Yoast SEO plugin. -->","yoast_head_json":{"title":"BAHIA: TURISMO TEM ALTA DE 0,34% EM 2019 MESMO COM MANCHAS DE \u00d3LEO E CRISE DA AVIANCA - Bahia Economica","description":"O maior portal de Economia da Bahia ECONOMIA \/ POL\u00cdTICA Bahia Economica","robots":{"index":"index","follow":"follow","max-snippet":"max-snippet:-1","max-image-preview":"max-image-preview:large","max-video-preview":"max-video-preview:-1"},"canonical":"https:\/\/bahiaeconomica.com.br\/wp\/2020\/01\/10\/bahia-turismo-tem-alta-de-034-em-2019-mesmo-com-manchas-de-oleo-e-crise-da-avianca\/","og_locale":"pt_BR","og_type":"article","og_title":"BAHIA: TURISMO TEM ALTA DE 0,34% EM 2019 MESMO COM MANCHAS DE \u00d3LEO E CRISE DA AVIANCA - Bahia Economica","og_description":"O maior portal de Economia da Bahia ECONOMIA \/ POL\u00cdTICA Bahia Economica","og_url":"https:\/\/bahiaeconomica.com.br\/wp\/2020\/01\/10\/bahia-turismo-tem-alta-de-034-em-2019-mesmo-com-manchas-de-oleo-e-crise-da-avianca\/","og_site_name":"Bahia Economica","article_publisher":"https:\/\/www.facebook.com\/bahiaeconomica","article_published_time":"2020-01-10T16:00:26+00:00","article_modified_time":"2020-01-10T16:01:27+00:00","og_image":[{"width":500,"height":300,"url":"https:\/\/bahiaeconomica.com.br\/wp\/wp-content\/uploads\/2020\/01\/turismo500.jpg","type":"image\/jpeg"}],"author":"admin","twitter_card":"summary_large_image","twitter_misc":{"Escrito por":"admin","Est. tempo de leitura":"3 minutos"},"schema":{"@context":"https:\/\/schema.org","@graph":[{"@type":"Article","@id":"https:\/\/bahiaeconomica.com.br\/wp\/2020\/01\/10\/bahia-turismo-tem-alta-de-034-em-2019-mesmo-com-manchas-de-oleo-e-crise-da-avianca\/#article","isPartOf":{"@id":"https:\/\/bahiaeconomica.com.br\/wp\/2020\/01\/10\/bahia-turismo-tem-alta-de-034-em-2019-mesmo-com-manchas-de-oleo-e-crise-da-avianca\/"},"author":{"name":"admin","@id":"https:\/\/bahiaeconomica.com.br\/wp\/#\/schema\/person\/cb1ab5ba96ad3d9390805381c76284ec"},"headline":"BAHIA: TURISMO TEM ALTA DE 0,34% EM 2019 MESMO COM MANCHAS DE \u00d3LEO E CRISE DA AVIANCA","datePublished":"2020-01-10T16:00:26+00:00","dateModified":"2020-01-10T16:01:27+00:00","mainEntityOfPage":{"@id":"https:\/\/bahiaeconomica.com.br\/wp\/2020\/01\/10\/bahia-turismo-tem-alta-de-034-em-2019-mesmo-com-manchas-de-oleo-e-crise-da-avianca\/"},"wordCount":537,"publisher":{"@id":"https:\/\/bahiaeconomica.com.br\/wp\/#organization"},"articleSection":["ECONOMIA \/ POL\u00cdTICA"],"inLanguage":"pt-BR"},{"@type":"WebPage","@id":"https:\/\/bahiaeconomica.com.br\/wp\/2020\/01\/10\/bahia-turismo-tem-alta-de-034-em-2019-mesmo-com-manchas-de-oleo-e-crise-da-avianca\/","url":"https:\/\/bahiaeconomica.com.br\/wp\/2020\/01\/10\/bahia-turismo-tem-alta-de-034-em-2019-mesmo-com-manchas-de-oleo-e-crise-da-avianca\/","name":"BAHIA: TURISMO TEM ALTA DE 0,34% EM 2019 MESMO COM MANCHAS DE \u00d3LEO E CRISE DA AVIANCA - Bahia Economica","isPartOf":{"@id":"https:\/\/bahiaeconomica.com.br\/wp\/#website"},"datePublished":"2020-01-10T16:00:26+00:00","dateModified":"2020-01-10T16:01:27+00:00","description":"O maior portal de Economia da Bahia ECONOMIA \/ POL\u00cdTICA Bahia Economica","breadcrumb":{"@id":"https:\/\/bahiaeconomica.com.br\/wp\/2020\/01\/10\/bahia-turismo-tem-alta-de-034-em-2019-mesmo-com-manchas-de-oleo-e-crise-da-avianca\/#breadcrumb"},"inLanguage":"pt-BR","potentialAction":[{"@type":"ReadAction","target":["https:\/\/bahiaeconomica.com.br\/wp\/2020\/01\/10\/bahia-turismo-tem-alta-de-034-em-2019-mesmo-com-manchas-de-oleo-e-crise-da-avianca\/"]}]},{"@type":"BreadcrumbList","@id":"https:\/\/bahiaeconomica.com.br\/wp\/2020\/01\/10\/bahia-turismo-tem-alta-de-034-em-2019-mesmo-com-manchas-de-oleo-e-crise-da-avianca\/#breadcrumb","itemListElement":[{"@type":"ListItem","position":1,"name":"In\u00edcio","item":"https:\/\/bahiaeconomica.com.br\/wp\/"},{"@type":"ListItem","position":2,"name":"BAHIA: TURISMO TEM ALTA DE 0,34% EM 2019 MESMO COM MANCHAS DE \u00d3LEO E CRISE DA AVIANCA"}]},{"@type":"WebSite","@id":"https:\/\/bahiaeconomica.com.br\/wp\/#website","url":"https:\/\/bahiaeconomica.com.br\/wp\/","name":"Bahia Economica","description":"O maior portal de Economia da Bahia","publisher":{"@id":"https:\/\/bahiaeconomica.com.br\/wp\/#organization"},"potentialAction":[{"@type":"SearchAction","target":{"@type":"EntryPoint","urlTemplate":"https:\/\/bahiaeconomica.com.br\/wp\/?s={search_term_string}"},"query-input":"required name=search_term_string"}],"inLanguage":"pt-BR"},{"@type":"Organization","@id":"https:\/\/bahiaeconomica.com.br\/wp\/#organization","name":"Bahia Econ\u00f4mica","url":"https:\/\/bahiaeconomica.com.br\/wp\/","logo":{"@type":"ImageObject","inLanguage":"pt-BR","@id":"https:\/\/bahiaeconomica.com.br\/wp\/#\/schema\/logo\/image\/","url":"https:\/\/bahiaeconomica.com.br\/wp\/wp-content\/uploads\/2020\/12\/cropped-BE.png","contentUrl":"https:\/\/bahiaeconomica.com.br\/wp\/wp-content\/uploads\/2020\/12\/cropped-BE.png","width":512,"height":512,"caption":"Bahia Econ\u00f4mica"},"image":{"@id":"https:\/\/bahiaeconomica.com.br\/wp\/#\/schema\/logo\/image\/"},"sameAs":["https:\/\/www.facebook.com\/bahiaeconomica"]},{"@type":"Person","@id":"https:\/\/bahiaeconomica.com.br\/wp\/#\/schema\/person\/cb1ab5ba96ad3d9390805381c76284ec","name":"admin","url":"https:\/\/bahiaeconomica.com.br\/wp\/author\/admin\/"}]}},"views":0,"_links":{"self":[{"href":"https:\/\/bahiaeconomica.com.br\/wp\/wp-json\/wp\/v2\/posts\/434169"}],"collection":[{"href":"https:\/\/bahiaeconomica.com.br\/wp\/wp-json\/wp\/v2\/posts"}],"about":[{"href":"https:\/\/bahiaeconomica.com.br\/wp\/wp-json\/wp\/v2\/types\/post"}],"author":[{"embeddable":true,"href":"https:\/\/bahiaeconomica.com.br\/wp\/wp-json\/wp\/v2\/users\/1"}],"replies":[{"embeddable":true,"href":"https:\/\/bahiaeconomica.com.br\/wp\/wp-json\/wp\/v2\/comments?post=434169"}],"version-history":[{"count":1,"href":"https:\/\/bahiaeconomica.com.br\/wp\/wp-json\/wp\/v2\/posts\/434169\/revisions"}],"predecessor-version":[{"id":434176,"href":"https:\/\/bahiaeconomica.com.br\/wp\/wp-json\/wp\/v2\/posts\/434169\/revisions\/434176"}],"wp:featuredmedia":[{"embeddable":true,"href":"https:\/\/bahiaeconomica.com.br\/wp\/wp-json\/wp\/v2\/media\/434174"}],"wp:attachment":[{"href":"https:\/\/bahiaeconomica.com.br\/wp\/wp-json\/wp\/v2\/media?parent=434169"}],"wp:term":[{"taxonomy":"category","embeddable":true,"href":"https:\/\/bahiaeconomica.com.br\/wp\/wp-json\/wp\/v2\/categories?post=434169"},{"taxonomy":"post_tag","embeddable":true,"href":"https:\/\/bahiaeconomica.com.br\/wp\/wp-json\/wp\/v2\/tags?post=434169"}],"curies":[{"name":"wp","href":"https:\/\/api.w.org\/{rel}","templated":true}]}}