{"id":433892,"date":"2020-01-09T16:45:52","date_gmt":"2020-01-09T19:45:52","guid":{"rendered":"https:\/\/bahiaeconomica.com.br\/wp\/beta\/?p=433892"},"modified":"2020-01-09T16:53:13","modified_gmt":"2020-01-09T19:53:13","slug":"depois-de-um-ano-nova-reitora-do-ifba-sera-empossada-amanha-10","status":"publish","type":"post","link":"https:\/\/bahiaeconomica.com.br\/wp\/2020\/01\/09\/depois-de-um-ano-nova-reitora-do-ifba-sera-empossada-amanha-10\/","title":{"rendered":"DEPOIS DE UM ANO, NOVA REITORA DO IFBA SER\u00c1 EMPOSSADA AMANH\u00c3 (10)"},"content":{"rendered":"<p>Nesta sexta-feira (10) ser\u00e1 empossada a nova reitora do Instituto Federal da Bahia (Ifba), Luzia Mota. A posse, considerada<!--more--> simb\u00f3lica pela institui\u00e7\u00e3o, deve come\u00e7ar \u00e0s 16h, na reitoria da institui\u00e7\u00e3o, no Canela.\u00a0Tamb\u00e9m ser\u00e3o empossados os pr\u00f3-reitores de ensino do Ifba, Philipe Murillo Carvalho; de extens\u00e3o, Nivea Cerqueira; e de pesquisa, Jancarlos Lapa, al\u00e9m dos diretores gerais eleitos de 17 campi.<\/p>\n<p>A posse da nova reitora vai acontecer mais de um ano ap\u00f3s ter sido eleita. O processo eleitoral em que a professora foi escolhida com 32,2% dos votos v\u00e1lidos foi realizado no dia 13 de dezembro de 2018. Os resultados foram divulgados no dia 19 de dezembro de 2018.\u00a0A nomea\u00e7\u00e3o da professora Luzia foi feita por meio de decreto no 23 de dezembro do ano passado, pelo Minist\u00e9rio da Educa\u00e7\u00e3o (MEC). Ela recebeu o Termo de Posse no dia 31 de dezembro de 2019, mais de um ano ap\u00f3s a divulga\u00e7\u00e3o dos resultados das elei\u00e7\u00f5es.<\/p>\n<p>Foto: Divulga\u00e7\u00e3o<\/p>\n","protected":false},"excerpt":{"rendered":"<p>Nesta sexta-feira (10) ser\u00e1 empossada a nova reitora do Instituto Federal da Bahia (Ifba), Luzia Mota. A posse, considerada<\/p>\n","protected":false},"author":1,"featured_media":433894,"comment_status":"closed","ping_status":"closed","sticky":false,"template":"","format":"standard","meta":[],"categories":[14,3],"tags":[],"acf":[],"yoast_head":"<!-- This site is optimized with the Yoast SEO plugin v20.8 - https:\/\/yoast.com\/wordpress\/plugins\/seo\/ -->\n<title>DEPOIS DE UM ANO, NOVA REITORA DO IFBA SER\u00c1 EMPOSSADA AMANH\u00c3 (10) - Bahia Economica<\/title>\n<meta name=\"description\" content=\"O maior portal de Economia da Bahia DESTAQUE DO DIA, ECONOMIA \/ POL\u00cdTICA Bahia Economica\" \/>\n<meta name=\"robots\" content=\"index, follow, max-snippet:-1, max-image-preview:large, max-video-preview:-1\" \/>\n<link rel=\"canonical\" href=\"https:\/\/bahiaeconomica.com.br\/wp\/2020\/01\/09\/depois-de-um-ano-nova-reitora-do-ifba-sera-empossada-amanha-10\/\" \/>\n<meta property=\"og:locale\" content=\"pt_BR\" \/>\n<meta property=\"og:type\" content=\"article\" \/>\n<meta property=\"og:title\" content=\"DEPOIS DE UM ANO, NOVA REITORA DO IFBA SER\u00c1 EMPOSSADA AMANH\u00c3 (10) - Bahia Economica\" \/>\n<meta property=\"og:description\" content=\"O maior portal de Economia da Bahia DESTAQUE DO DIA, ECONOMIA \/ POL\u00cdTICA Bahia Economica\" \/>\n<meta property=\"og:url\" content=\"https:\/\/bahiaeconomica.com.br\/wp\/2020\/01\/09\/depois-de-um-ano-nova-reitora-do-ifba-sera-empossada-amanha-10\/\" \/>\n<meta property=\"og:site_name\" content=\"Bahia Economica\" \/>\n<meta property=\"article:publisher\" content=\"https:\/\/www.facebook.com\/bahiaeconomica\" \/>\n<meta property=\"article:published_time\" content=\"2020-01-09T19:45:52+00:00\" \/>\n<meta property=\"article:modified_time\" content=\"2020-01-09T19:53:13+00:00\" \/>\n<meta property=\"og:image\" content=\"https:\/\/bahiaeconomica.com.br\/wp\/wp-content\/uploads\/2020\/01\/csm_Luzia_Matos_Mota_2102cf49fb.jpg\" \/>\n\t<meta property=\"og:image:width\" content=\"500\" \/>\n\t<meta property=\"og:image:height\" content=\"300\" \/>\n\t<meta property=\"og:image:type\" content=\"image\/jpeg\" \/>\n<meta name=\"author\" content=\"admin\" \/>\n<meta name=\"twitter:card\" content=\"summary_large_image\" \/>\n<meta name=\"twitter:label1\" content=\"Escrito por\" \/>\n\t<meta name=\"twitter:data1\" content=\"admin\" \/>\n\t<meta name=\"twitter:label2\" content=\"Est. tempo de leitura\" \/>\n\t<meta name=\"twitter:data2\" content=\"1 minuto\" \/>\n<script type=\"application\/ld+json\" class=\"yoast-schema-graph\">{\"@context\":\"https:\/\/schema.org\",\"@graph\":[{\"@type\":\"Article\",\"@id\":\"https:\/\/bahiaeconomica.com.br\/wp\/2020\/01\/09\/depois-de-um-ano-nova-reitora-do-ifba-sera-empossada-amanha-10\/#article\",\"isPartOf\":{\"@id\":\"https:\/\/bahiaeconomica.com.br\/wp\/2020\/01\/09\/depois-de-um-ano-nova-reitora-do-ifba-sera-empossada-amanha-10\/\"},\"author\":{\"name\":\"admin\",\"@id\":\"https:\/\/bahiaeconomica.com.br\/wp\/#\/schema\/person\/cb1ab5ba96ad3d9390805381c76284ec\"},\"headline\":\"DEPOIS DE UM ANO, NOVA REITORA DO IFBA SER\u00c1 EMPOSSADA AMANH\u00c3 (10)\",\"datePublished\":\"2020-01-09T19:45:52+00:00\",\"dateModified\":\"2020-01-09T19:53:13+00:00\",\"mainEntityOfPage\":{\"@id\":\"https:\/\/bahiaeconomica.com.br\/wp\/2020\/01\/09\/depois-de-um-ano-nova-reitora-do-ifba-sera-empossada-amanha-10\/\"},\"wordCount\":178,\"publisher\":{\"@id\":\"https:\/\/bahiaeconomica.com.br\/wp\/#organization\"},\"articleSection\":[\"DESTAQUE DO DIA\",\"ECONOMIA \/ POL\u00cdTICA\"],\"inLanguage\":\"pt-BR\"},{\"@type\":\"WebPage\",\"@id\":\"https:\/\/bahiaeconomica.com.br\/wp\/2020\/01\/09\/depois-de-um-ano-nova-reitora-do-ifba-sera-empossada-amanha-10\/\",\"url\":\"https:\/\/bahiaeconomica.com.br\/wp\/2020\/01\/09\/depois-de-um-ano-nova-reitora-do-ifba-sera-empossada-amanha-10\/\",\"name\":\"DEPOIS DE UM ANO, NOVA REITORA DO IFBA SER\u00c1 EMPOSSADA AMANH\u00c3 (10) - Bahia Economica\",\"isPartOf\":{\"@id\":\"https:\/\/bahiaeconomica.com.br\/wp\/#website\"},\"datePublished\":\"2020-01-09T19:45:52+00:00\",\"dateModified\":\"2020-01-09T19:53:13+00:00\",\"description\":\"O maior portal de Economia da Bahia DESTAQUE DO DIA, ECONOMIA \/ POL\u00cdTICA Bahia Economica\",\"breadcrumb\":{\"@id\":\"https:\/\/bahiaeconomica.com.br\/wp\/2020\/01\/09\/depois-de-um-ano-nova-reitora-do-ifba-sera-empossada-amanha-10\/#breadcrumb\"},\"inLanguage\":\"pt-BR\",\"potentialAction\":[{\"@type\":\"ReadAction\",\"target\":[\"https:\/\/bahiaeconomica.com.br\/wp\/2020\/01\/09\/depois-de-um-ano-nova-reitora-do-ifba-sera-empossada-amanha-10\/\"]}]},{\"@type\":\"BreadcrumbList\",\"@id\":\"https:\/\/bahiaeconomica.com.br\/wp\/2020\/01\/09\/depois-de-um-ano-nova-reitora-do-ifba-sera-empossada-amanha-10\/#breadcrumb\",\"itemListElement\":[{\"@type\":\"ListItem\",\"position\":1,\"name\":\"In\u00edcio\",\"item\":\"https:\/\/bahiaeconomica.com.br\/wp\/\"},{\"@type\":\"ListItem\",\"position\":2,\"name\":\"DEPOIS DE UM ANO, NOVA REITORA DO IFBA SER\u00c1 EMPOSSADA AMANH\u00c3 (10)\"}]},{\"@type\":\"WebSite\",\"@id\":\"https:\/\/bahiaeconomica.com.br\/wp\/#website\",\"url\":\"https:\/\/bahiaeconomica.com.br\/wp\/\",\"name\":\"Bahia Economica\",\"description\":\"O maior portal de Economia da Bahia\",\"publisher\":{\"@id\":\"https:\/\/bahiaeconomica.com.br\/wp\/#organization\"},\"potentialAction\":[{\"@type\":\"SearchAction\",\"target\":{\"@type\":\"EntryPoint\",\"urlTemplate\":\"https:\/\/bahiaeconomica.com.br\/wp\/?s={search_term_string}\"},\"query-input\":\"required name=search_term_string\"}],\"inLanguage\":\"pt-BR\"},{\"@type\":\"Organization\",\"@id\":\"https:\/\/bahiaeconomica.com.br\/wp\/#organization\",\"name\":\"Bahia Econ\u00f4mica\",\"url\":\"https:\/\/bahiaeconomica.com.br\/wp\/\",\"logo\":{\"@type\":\"ImageObject\",\"inLanguage\":\"pt-BR\",\"@id\":\"https:\/\/bahiaeconomica.com.br\/wp\/#\/schema\/logo\/image\/\",\"url\":\"https:\/\/bahiaeconomica.com.br\/wp\/wp-content\/uploads\/2020\/12\/cropped-BE.png\",\"contentUrl\":\"https:\/\/bahiaeconomica.com.br\/wp\/wp-content\/uploads\/2020\/12\/cropped-BE.png\",\"width\":512,\"height\":512,\"caption\":\"Bahia Econ\u00f4mica\"},\"image\":{\"@id\":\"https:\/\/bahiaeconomica.com.br\/wp\/#\/schema\/logo\/image\/\"},\"sameAs\":[\"https:\/\/www.facebook.com\/bahiaeconomica\"]},{\"@type\":\"Person\",\"@id\":\"https:\/\/bahiaeconomica.com.br\/wp\/#\/schema\/person\/cb1ab5ba96ad3d9390805381c76284ec\",\"name\":\"admin\",\"url\":\"https:\/\/bahiaeconomica.com.br\/wp\/author\/admin\/\"}]}<\/script>\n<!-- \/ Yoast SEO plugin. -->","yoast_head_json":{"title":"DEPOIS DE UM ANO, NOVA REITORA DO IFBA SER\u00c1 EMPOSSADA AMANH\u00c3 (10) - Bahia Economica","description":"O maior portal de Economia da Bahia DESTAQUE DO DIA, ECONOMIA \/ POL\u00cdTICA Bahia Economica","robots":{"index":"index","follow":"follow","max-snippet":"max-snippet:-1","max-image-preview":"max-image-preview:large","max-video-preview":"max-video-preview:-1"},"canonical":"https:\/\/bahiaeconomica.com.br\/wp\/2020\/01\/09\/depois-de-um-ano-nova-reitora-do-ifba-sera-empossada-amanha-10\/","og_locale":"pt_BR","og_type":"article","og_title":"DEPOIS DE UM ANO, NOVA REITORA DO IFBA SER\u00c1 EMPOSSADA AMANH\u00c3 (10) - Bahia Economica","og_description":"O maior portal de Economia da Bahia DESTAQUE DO DIA, ECONOMIA \/ POL\u00cdTICA Bahia Economica","og_url":"https:\/\/bahiaeconomica.com.br\/wp\/2020\/01\/09\/depois-de-um-ano-nova-reitora-do-ifba-sera-empossada-amanha-10\/","og_site_name":"Bahia Economica","article_publisher":"https:\/\/www.facebook.com\/bahiaeconomica","article_published_time":"2020-01-09T19:45:52+00:00","article_modified_time":"2020-01-09T19:53:13+00:00","og_image":[{"width":500,"height":300,"url":"https:\/\/bahiaeconomica.com.br\/wp\/wp-content\/uploads\/2020\/01\/csm_Luzia_Matos_Mota_2102cf49fb.jpg","type":"image\/jpeg"}],"author":"admin","twitter_card":"summary_large_image","twitter_misc":{"Escrito por":"admin","Est. tempo de leitura":"1 minuto"},"schema":{"@context":"https:\/\/schema.org","@graph":[{"@type":"Article","@id":"https:\/\/bahiaeconomica.com.br\/wp\/2020\/01\/09\/depois-de-um-ano-nova-reitora-do-ifba-sera-empossada-amanha-10\/#article","isPartOf":{"@id":"https:\/\/bahiaeconomica.com.br\/wp\/2020\/01\/09\/depois-de-um-ano-nova-reitora-do-ifba-sera-empossada-amanha-10\/"},"author":{"name":"admin","@id":"https:\/\/bahiaeconomica.com.br\/wp\/#\/schema\/person\/cb1ab5ba96ad3d9390805381c76284ec"},"headline":"DEPOIS DE UM ANO, NOVA REITORA DO IFBA SER\u00c1 EMPOSSADA AMANH\u00c3 (10)","datePublished":"2020-01-09T19:45:52+00:00","dateModified":"2020-01-09T19:53:13+00:00","mainEntityOfPage":{"@id":"https:\/\/bahiaeconomica.com.br\/wp\/2020\/01\/09\/depois-de-um-ano-nova-reitora-do-ifba-sera-empossada-amanha-10\/"},"wordCount":178,"publisher":{"@id":"https:\/\/bahiaeconomica.com.br\/wp\/#organization"},"articleSection":["DESTAQUE DO DIA","ECONOMIA \/ POL\u00cdTICA"],"inLanguage":"pt-BR"},{"@type":"WebPage","@id":"https:\/\/bahiaeconomica.com.br\/wp\/2020\/01\/09\/depois-de-um-ano-nova-reitora-do-ifba-sera-empossada-amanha-10\/","url":"https:\/\/bahiaeconomica.com.br\/wp\/2020\/01\/09\/depois-de-um-ano-nova-reitora-do-ifba-sera-empossada-amanha-10\/","name":"DEPOIS DE UM ANO, NOVA REITORA DO IFBA SER\u00c1 EMPOSSADA AMANH\u00c3 (10) - Bahia Economica","isPartOf":{"@id":"https:\/\/bahiaeconomica.com.br\/wp\/#website"},"datePublished":"2020-01-09T19:45:52+00:00","dateModified":"2020-01-09T19:53:13+00:00","description":"O maior portal de Economia da Bahia DESTAQUE DO DIA, ECONOMIA \/ POL\u00cdTICA Bahia Economica","breadcrumb":{"@id":"https:\/\/bahiaeconomica.com.br\/wp\/2020\/01\/09\/depois-de-um-ano-nova-reitora-do-ifba-sera-empossada-amanha-10\/#breadcrumb"},"inLanguage":"pt-BR","potentialAction":[{"@type":"ReadAction","target":["https:\/\/bahiaeconomica.com.br\/wp\/2020\/01\/09\/depois-de-um-ano-nova-reitora-do-ifba-sera-empossada-amanha-10\/"]}]},{"@type":"BreadcrumbList","@id":"https:\/\/bahiaeconomica.com.br\/wp\/2020\/01\/09\/depois-de-um-ano-nova-reitora-do-ifba-sera-empossada-amanha-10\/#breadcrumb","itemListElement":[{"@type":"ListItem","position":1,"name":"In\u00edcio","item":"https:\/\/bahiaeconomica.com.br\/wp\/"},{"@type":"ListItem","position":2,"name":"DEPOIS DE UM ANO, NOVA REITORA DO IFBA SER\u00c1 EMPOSSADA AMANH\u00c3 (10)"}]},{"@type":"WebSite","@id":"https:\/\/bahiaeconomica.com.br\/wp\/#website","url":"https:\/\/bahiaeconomica.com.br\/wp\/","name":"Bahia Economica","description":"O maior portal de Economia da Bahia","publisher":{"@id":"https:\/\/bahiaeconomica.com.br\/wp\/#organization"},"potentialAction":[{"@type":"SearchAction","target":{"@type":"EntryPoint","urlTemplate":"https:\/\/bahiaeconomica.com.br\/wp\/?s={search_term_string}"},"query-input":"required name=search_term_string"}],"inLanguage":"pt-BR"},{"@type":"Organization","@id":"https:\/\/bahiaeconomica.com.br\/wp\/#organization","name":"Bahia Econ\u00f4mica","url":"https:\/\/bahiaeconomica.com.br\/wp\/","logo":{"@type":"ImageObject","inLanguage":"pt-BR","@id":"https:\/\/bahiaeconomica.com.br\/wp\/#\/schema\/logo\/image\/","url":"https:\/\/bahiaeconomica.com.br\/wp\/wp-content\/uploads\/2020\/12\/cropped-BE.png","contentUrl":"https:\/\/bahiaeconomica.com.br\/wp\/wp-content\/uploads\/2020\/12\/cropped-BE.png","width":512,"height":512,"caption":"Bahia Econ\u00f4mica"},"image":{"@id":"https:\/\/bahiaeconomica.com.br\/wp\/#\/schema\/logo\/image\/"},"sameAs":["https:\/\/www.facebook.com\/bahiaeconomica"]},{"@type":"Person","@id":"https:\/\/bahiaeconomica.com.br\/wp\/#\/schema\/person\/cb1ab5ba96ad3d9390805381c76284ec","name":"admin","url":"https:\/\/bahiaeconomica.com.br\/wp\/author\/admin\/"}]}},"views":2,"_links":{"self":[{"href":"https:\/\/bahiaeconomica.com.br\/wp\/wp-json\/wp\/v2\/posts\/433892"}],"collection":[{"href":"https:\/\/bahiaeconomica.com.br\/wp\/wp-json\/wp\/v2\/posts"}],"about":[{"href":"https:\/\/bahiaeconomica.com.br\/wp\/wp-json\/wp\/v2\/types\/post"}],"author":[{"embeddable":true,"href":"https:\/\/bahiaeconomica.com.br\/wp\/wp-json\/wp\/v2\/users\/1"}],"replies":[{"embeddable":true,"href":"https:\/\/bahiaeconomica.com.br\/wp\/wp-json\/wp\/v2\/comments?post=433892"}],"version-history":[{"count":1,"href":"https:\/\/bahiaeconomica.com.br\/wp\/wp-json\/wp\/v2\/posts\/433892\/revisions"}],"predecessor-version":[{"id":433895,"href":"https:\/\/bahiaeconomica.com.br\/wp\/wp-json\/wp\/v2\/posts\/433892\/revisions\/433895"}],"wp:featuredmedia":[{"embeddable":true,"href":"https:\/\/bahiaeconomica.com.br\/wp\/wp-json\/wp\/v2\/media\/433894"}],"wp:attachment":[{"href":"https:\/\/bahiaeconomica.com.br\/wp\/wp-json\/wp\/v2\/media?parent=433892"}],"wp:term":[{"taxonomy":"category","embeddable":true,"href":"https:\/\/bahiaeconomica.com.br\/wp\/wp-json\/wp\/v2\/categories?post=433892"},{"taxonomy":"post_tag","embeddable":true,"href":"https:\/\/bahiaeconomica.com.br\/wp\/wp-json\/wp\/v2\/tags?post=433892"}],"curies":[{"name":"wp","href":"https:\/\/api.w.org\/{rel}","templated":true}]}}