{"id":433308,"date":"2020-01-08T11:12:06","date_gmt":"2020-01-08T14:12:06","guid":{"rendered":"https:\/\/bahiaeconomica.com.br\/wp\/beta\/?p=433308"},"modified":"2020-01-08T11:12:06","modified_gmt":"2020-01-08T14:12:06","slug":"conab-preve-crescimento-de-25-para-a-safra-de-graos-do-brasil","status":"publish","type":"post","link":"https:\/\/bahiaeconomica.com.br\/wp\/2020\/01\/08\/conab-preve-crescimento-de-25-para-a-safra-de-graos-do-brasil\/","title":{"rendered":"CONAB PREV\u00ca CRESCIMENTO DE 2,5% PARA A SAFRA DE GR\u00c3OS DO BRASIL"},"content":{"rendered":"<p>A safra de gr\u00e3os de 2019\/2020 no Brasil, que come\u00e7ou em julho de 2019 e vai terminar em junho, dever\u00e1 chegar a 248 milh\u00f5es de toneladas, crescimento 2,5% na compara\u00e7\u00e3o<!--more--> com o ciclo anterior, de acordo com levantamento divulgado pela Companhia Nacional de Abastecimento (Conab) nesta quarta-feira (8). A expectativa \u00e9 que sejam cultivados 64,2 milh\u00f5es de hectares, alta de 1,5% em compara\u00e7\u00e3o \u00e0 da safra anterior.<\/p>\n<p>A produ\u00e7\u00e3o de soja, que vem mantendo a tend\u00eancia de crescimento na \u00e1rea nesta temporada, tamb\u00e9m deve crescer a produ\u00e7\u00e3o em 2,6% em rela\u00e7\u00e3o ao ciclo passado, chegando a 122,2 milh\u00f5es de toneladas. Segundo o governo, as condi\u00e7\u00f5es clim\u00e1ticas, que apresentaram certa instabilidade no in\u00edcio do plantio de ver\u00e3o na maioria das regi\u00f5es produtoras, agora est\u00e3o com ritmos normalizados e com boa expectativa de produtividade.<\/p>\n<p>O levantamento da Conab leva em conta o calend\u00e1rio de safra, que come\u00e7a em julho e termina junho do ano seguinte. Diferentemente do Instituto Brasileiro de Geografia e Estat\u00edstica (IBGE), que considera o que foi produzido durante os 12 meses do ano. Quanto ao milho primeira safra, a previs\u00e3o \u00e9 de aumento em 1,1% na \u00e1rea semeada, totalizando 4,15 milh\u00f5es de hectares e uma produ\u00e7\u00e3o de 26,6 milh\u00f5es de toneladas, com ganho de 3,8% sobre a de 2018\/19.<\/p>\n<p>A favor desse desempenho, h\u00e1 fatores como o aumento nas exporta\u00e7\u00f5es brasileiras do cereal e no mercado interno, derivados da demanda por confinamento e produ\u00e7\u00e3o de etanol, mesmo a despeito da concorr\u00eancia com a soja. O algod\u00e3o, apesar da tend\u00eancia de crescimentos significativos de \u00e1rea nas duas \u00faltimas safras, apresentou uma varia\u00e7\u00e3o positiva menor de 2,7%, atingindo 1,6 milh\u00e3o de hectares. J\u00e1 a produ\u00e7\u00e3o do caro\u00e7o deve chegar a 4,1 milh\u00f5es de toneladas e a da pluma em 2,8 milh\u00f5es de toneladas.<\/p>\n<p>Os n\u00fameros do feij\u00e3o primeira safra mostram redu\u00e7\u00e3o de 1,9% na \u00e1rea em compara\u00e7\u00e3o com a temporada passada. A cultura tamb\u00e9m perde espa\u00e7o para a soja e o milho que apresentam melhor rentabilidade. Tamb\u00e9m o trigo cuja safra est\u00e1 finalizada, deve alcan\u00e7ar 5,15 milh\u00f5es de toneladas e redu\u00e7\u00e3o de 5% em rela\u00e7\u00e3o a 2018. O arroz \u00e9 outro que sofre esta concorr\u00eancia, com tend\u00eancia para uma redu\u00e7\u00e3o de 0,7% na \u00e1rea e produ\u00e7\u00e3o de 10,5 milh\u00f5es de toneladas.(g1)<\/p>\n<p>Foto: divulga\u00e7\u00e3o<\/p>\n","protected":false},"excerpt":{"rendered":"<p>A safra de gr\u00e3os de 2019\/2020 no Brasil, que come\u00e7ou em julho de 2019 e vai terminar em junho, dever\u00e1 chegar a 248 milh\u00f5es de toneladas, crescimento 2,5% na compara\u00e7\u00e3o<\/p>\n","protected":false},"author":1,"featured_media":398015,"comment_status":"closed","ping_status":"closed","sticky":false,"template":"","format":"standard","meta":[],"categories":[3],"tags":[],"acf":[],"yoast_head":"<!-- This site is optimized with the Yoast SEO plugin v20.8 - https:\/\/yoast.com\/wordpress\/plugins\/seo\/ -->\n<title>CONAB PREV\u00ca CRESCIMENTO DE 2,5% PARA A SAFRA DE GR\u00c3OS DO BRASIL - Bahia Economica<\/title>\n<meta name=\"description\" content=\"O maior portal de Economia da Bahia ECONOMIA \/ POL\u00cdTICA Bahia Economica\" \/>\n<meta name=\"robots\" content=\"index, follow, max-snippet:-1, max-image-preview:large, max-video-preview:-1\" \/>\n<link rel=\"canonical\" href=\"https:\/\/bahiaeconomica.com.br\/wp\/2020\/01\/08\/conab-preve-crescimento-de-25-para-a-safra-de-graos-do-brasil\/\" \/>\n<meta property=\"og:locale\" content=\"pt_BR\" \/>\n<meta property=\"og:type\" content=\"article\" \/>\n<meta property=\"og:title\" content=\"CONAB PREV\u00ca CRESCIMENTO DE 2,5% PARA A SAFRA DE GR\u00c3OS DO BRASIL - Bahia Economica\" \/>\n<meta property=\"og:description\" content=\"O maior portal de Economia da Bahia ECONOMIA \/ POL\u00cdTICA Bahia Economica\" \/>\n<meta property=\"og:url\" content=\"https:\/\/bahiaeconomica.com.br\/wp\/2020\/01\/08\/conab-preve-crescimento-de-25-para-a-safra-de-graos-do-brasil\/\" \/>\n<meta property=\"og:site_name\" content=\"Bahia Economica\" \/>\n<meta property=\"article:publisher\" content=\"https:\/\/www.facebook.com\/bahiaeconomica\" \/>\n<meta property=\"article:published_time\" content=\"2020-01-08T14:12:06+00:00\" \/>\n<meta property=\"og:image\" content=\"https:\/\/bahiaeconomica.com.br\/wp\/wp-content\/uploads\/2019\/09\/safranova500.jpg\" \/>\n\t<meta property=\"og:image:width\" content=\"500\" \/>\n\t<meta property=\"og:image:height\" content=\"300\" \/>\n\t<meta property=\"og:image:type\" content=\"image\/jpeg\" \/>\n<meta name=\"author\" content=\"admin\" \/>\n<meta name=\"twitter:card\" content=\"summary_large_image\" \/>\n<meta name=\"twitter:label1\" content=\"Escrito por\" \/>\n\t<meta name=\"twitter:data1\" content=\"admin\" \/>\n\t<meta name=\"twitter:label2\" content=\"Est. tempo de leitura\" \/>\n\t<meta name=\"twitter:data2\" content=\"2 minutos\" \/>\n<script type=\"application\/ld+json\" class=\"yoast-schema-graph\">{\"@context\":\"https:\/\/schema.org\",\"@graph\":[{\"@type\":\"Article\",\"@id\":\"https:\/\/bahiaeconomica.com.br\/wp\/2020\/01\/08\/conab-preve-crescimento-de-25-para-a-safra-de-graos-do-brasil\/#article\",\"isPartOf\":{\"@id\":\"https:\/\/bahiaeconomica.com.br\/wp\/2020\/01\/08\/conab-preve-crescimento-de-25-para-a-safra-de-graos-do-brasil\/\"},\"author\":{\"name\":\"admin\",\"@id\":\"https:\/\/bahiaeconomica.com.br\/wp\/#\/schema\/person\/cb1ab5ba96ad3d9390805381c76284ec\"},\"headline\":\"CONAB PREV\u00ca CRESCIMENTO DE 2,5% PARA A SAFRA DE GR\u00c3OS DO BRASIL\",\"datePublished\":\"2020-01-08T14:12:06+00:00\",\"dateModified\":\"2020-01-08T14:12:06+00:00\",\"mainEntityOfPage\":{\"@id\":\"https:\/\/bahiaeconomica.com.br\/wp\/2020\/01\/08\/conab-preve-crescimento-de-25-para-a-safra-de-graos-do-brasil\/\"},\"wordCount\":409,\"publisher\":{\"@id\":\"https:\/\/bahiaeconomica.com.br\/wp\/#organization\"},\"articleSection\":[\"ECONOMIA \/ POL\u00cdTICA\"],\"inLanguage\":\"pt-BR\"},{\"@type\":\"WebPage\",\"@id\":\"https:\/\/bahiaeconomica.com.br\/wp\/2020\/01\/08\/conab-preve-crescimento-de-25-para-a-safra-de-graos-do-brasil\/\",\"url\":\"https:\/\/bahiaeconomica.com.br\/wp\/2020\/01\/08\/conab-preve-crescimento-de-25-para-a-safra-de-graos-do-brasil\/\",\"name\":\"CONAB PREV\u00ca CRESCIMENTO DE 2,5% PARA A SAFRA DE GR\u00c3OS DO BRASIL - Bahia Economica\",\"isPartOf\":{\"@id\":\"https:\/\/bahiaeconomica.com.br\/wp\/#website\"},\"datePublished\":\"2020-01-08T14:12:06+00:00\",\"dateModified\":\"2020-01-08T14:12:06+00:00\",\"description\":\"O maior portal de Economia da Bahia ECONOMIA \/ POL\u00cdTICA Bahia Economica\",\"breadcrumb\":{\"@id\":\"https:\/\/bahiaeconomica.com.br\/wp\/2020\/01\/08\/conab-preve-crescimento-de-25-para-a-safra-de-graos-do-brasil\/#breadcrumb\"},\"inLanguage\":\"pt-BR\",\"potentialAction\":[{\"@type\":\"ReadAction\",\"target\":[\"https:\/\/bahiaeconomica.com.br\/wp\/2020\/01\/08\/conab-preve-crescimento-de-25-para-a-safra-de-graos-do-brasil\/\"]}]},{\"@type\":\"BreadcrumbList\",\"@id\":\"https:\/\/bahiaeconomica.com.br\/wp\/2020\/01\/08\/conab-preve-crescimento-de-25-para-a-safra-de-graos-do-brasil\/#breadcrumb\",\"itemListElement\":[{\"@type\":\"ListItem\",\"position\":1,\"name\":\"In\u00edcio\",\"item\":\"https:\/\/bahiaeconomica.com.br\/wp\/\"},{\"@type\":\"ListItem\",\"position\":2,\"name\":\"CONAB PREV\u00ca CRESCIMENTO DE 2,5% PARA A SAFRA DE GR\u00c3OS DO BRASIL\"}]},{\"@type\":\"WebSite\",\"@id\":\"https:\/\/bahiaeconomica.com.br\/wp\/#website\",\"url\":\"https:\/\/bahiaeconomica.com.br\/wp\/\",\"name\":\"Bahia Economica\",\"description\":\"O maior portal de Economia da Bahia\",\"publisher\":{\"@id\":\"https:\/\/bahiaeconomica.com.br\/wp\/#organization\"},\"potentialAction\":[{\"@type\":\"SearchAction\",\"target\":{\"@type\":\"EntryPoint\",\"urlTemplate\":\"https:\/\/bahiaeconomica.com.br\/wp\/?s={search_term_string}\"},\"query-input\":\"required name=search_term_string\"}],\"inLanguage\":\"pt-BR\"},{\"@type\":\"Organization\",\"@id\":\"https:\/\/bahiaeconomica.com.br\/wp\/#organization\",\"name\":\"Bahia Econ\u00f4mica\",\"url\":\"https:\/\/bahiaeconomica.com.br\/wp\/\",\"logo\":{\"@type\":\"ImageObject\",\"inLanguage\":\"pt-BR\",\"@id\":\"https:\/\/bahiaeconomica.com.br\/wp\/#\/schema\/logo\/image\/\",\"url\":\"https:\/\/bahiaeconomica.com.br\/wp\/wp-content\/uploads\/2020\/12\/cropped-BE.png\",\"contentUrl\":\"https:\/\/bahiaeconomica.com.br\/wp\/wp-content\/uploads\/2020\/12\/cropped-BE.png\",\"width\":512,\"height\":512,\"caption\":\"Bahia Econ\u00f4mica\"},\"image\":{\"@id\":\"https:\/\/bahiaeconomica.com.br\/wp\/#\/schema\/logo\/image\/\"},\"sameAs\":[\"https:\/\/www.facebook.com\/bahiaeconomica\"]},{\"@type\":\"Person\",\"@id\":\"https:\/\/bahiaeconomica.com.br\/wp\/#\/schema\/person\/cb1ab5ba96ad3d9390805381c76284ec\",\"name\":\"admin\",\"url\":\"https:\/\/bahiaeconomica.com.br\/wp\/author\/admin\/\"}]}<\/script>\n<!-- \/ Yoast SEO plugin. -->","yoast_head_json":{"title":"CONAB PREV\u00ca CRESCIMENTO DE 2,5% PARA A SAFRA DE GR\u00c3OS DO BRASIL - Bahia Economica","description":"O maior portal de Economia da Bahia ECONOMIA \/ POL\u00cdTICA Bahia Economica","robots":{"index":"index","follow":"follow","max-snippet":"max-snippet:-1","max-image-preview":"max-image-preview:large","max-video-preview":"max-video-preview:-1"},"canonical":"https:\/\/bahiaeconomica.com.br\/wp\/2020\/01\/08\/conab-preve-crescimento-de-25-para-a-safra-de-graos-do-brasil\/","og_locale":"pt_BR","og_type":"article","og_title":"CONAB PREV\u00ca CRESCIMENTO DE 2,5% PARA A SAFRA DE GR\u00c3OS DO BRASIL - Bahia Economica","og_description":"O maior portal de Economia da Bahia ECONOMIA \/ POL\u00cdTICA Bahia Economica","og_url":"https:\/\/bahiaeconomica.com.br\/wp\/2020\/01\/08\/conab-preve-crescimento-de-25-para-a-safra-de-graos-do-brasil\/","og_site_name":"Bahia Economica","article_publisher":"https:\/\/www.facebook.com\/bahiaeconomica","article_published_time":"2020-01-08T14:12:06+00:00","og_image":[{"width":500,"height":300,"url":"https:\/\/bahiaeconomica.com.br\/wp\/wp-content\/uploads\/2019\/09\/safranova500.jpg","type":"image\/jpeg"}],"author":"admin","twitter_card":"summary_large_image","twitter_misc":{"Escrito por":"admin","Est. tempo de leitura":"2 minutos"},"schema":{"@context":"https:\/\/schema.org","@graph":[{"@type":"Article","@id":"https:\/\/bahiaeconomica.com.br\/wp\/2020\/01\/08\/conab-preve-crescimento-de-25-para-a-safra-de-graos-do-brasil\/#article","isPartOf":{"@id":"https:\/\/bahiaeconomica.com.br\/wp\/2020\/01\/08\/conab-preve-crescimento-de-25-para-a-safra-de-graos-do-brasil\/"},"author":{"name":"admin","@id":"https:\/\/bahiaeconomica.com.br\/wp\/#\/schema\/person\/cb1ab5ba96ad3d9390805381c76284ec"},"headline":"CONAB PREV\u00ca CRESCIMENTO DE 2,5% PARA A SAFRA DE GR\u00c3OS DO BRASIL","datePublished":"2020-01-08T14:12:06+00:00","dateModified":"2020-01-08T14:12:06+00:00","mainEntityOfPage":{"@id":"https:\/\/bahiaeconomica.com.br\/wp\/2020\/01\/08\/conab-preve-crescimento-de-25-para-a-safra-de-graos-do-brasil\/"},"wordCount":409,"publisher":{"@id":"https:\/\/bahiaeconomica.com.br\/wp\/#organization"},"articleSection":["ECONOMIA \/ POL\u00cdTICA"],"inLanguage":"pt-BR"},{"@type":"WebPage","@id":"https:\/\/bahiaeconomica.com.br\/wp\/2020\/01\/08\/conab-preve-crescimento-de-25-para-a-safra-de-graos-do-brasil\/","url":"https:\/\/bahiaeconomica.com.br\/wp\/2020\/01\/08\/conab-preve-crescimento-de-25-para-a-safra-de-graos-do-brasil\/","name":"CONAB PREV\u00ca CRESCIMENTO DE 2,5% PARA A SAFRA DE GR\u00c3OS DO BRASIL - Bahia Economica","isPartOf":{"@id":"https:\/\/bahiaeconomica.com.br\/wp\/#website"},"datePublished":"2020-01-08T14:12:06+00:00","dateModified":"2020-01-08T14:12:06+00:00","description":"O maior portal de Economia da Bahia ECONOMIA \/ POL\u00cdTICA Bahia Economica","breadcrumb":{"@id":"https:\/\/bahiaeconomica.com.br\/wp\/2020\/01\/08\/conab-preve-crescimento-de-25-para-a-safra-de-graos-do-brasil\/#breadcrumb"},"inLanguage":"pt-BR","potentialAction":[{"@type":"ReadAction","target":["https:\/\/bahiaeconomica.com.br\/wp\/2020\/01\/08\/conab-preve-crescimento-de-25-para-a-safra-de-graos-do-brasil\/"]}]},{"@type":"BreadcrumbList","@id":"https:\/\/bahiaeconomica.com.br\/wp\/2020\/01\/08\/conab-preve-crescimento-de-25-para-a-safra-de-graos-do-brasil\/#breadcrumb","itemListElement":[{"@type":"ListItem","position":1,"name":"In\u00edcio","item":"https:\/\/bahiaeconomica.com.br\/wp\/"},{"@type":"ListItem","position":2,"name":"CONAB PREV\u00ca CRESCIMENTO DE 2,5% PARA A SAFRA DE GR\u00c3OS DO BRASIL"}]},{"@type":"WebSite","@id":"https:\/\/bahiaeconomica.com.br\/wp\/#website","url":"https:\/\/bahiaeconomica.com.br\/wp\/","name":"Bahia Economica","description":"O maior portal de Economia da Bahia","publisher":{"@id":"https:\/\/bahiaeconomica.com.br\/wp\/#organization"},"potentialAction":[{"@type":"SearchAction","target":{"@type":"EntryPoint","urlTemplate":"https:\/\/bahiaeconomica.com.br\/wp\/?s={search_term_string}"},"query-input":"required name=search_term_string"}],"inLanguage":"pt-BR"},{"@type":"Organization","@id":"https:\/\/bahiaeconomica.com.br\/wp\/#organization","name":"Bahia Econ\u00f4mica","url":"https:\/\/bahiaeconomica.com.br\/wp\/","logo":{"@type":"ImageObject","inLanguage":"pt-BR","@id":"https:\/\/bahiaeconomica.com.br\/wp\/#\/schema\/logo\/image\/","url":"https:\/\/bahiaeconomica.com.br\/wp\/wp-content\/uploads\/2020\/12\/cropped-BE.png","contentUrl":"https:\/\/bahiaeconomica.com.br\/wp\/wp-content\/uploads\/2020\/12\/cropped-BE.png","width":512,"height":512,"caption":"Bahia Econ\u00f4mica"},"image":{"@id":"https:\/\/bahiaeconomica.com.br\/wp\/#\/schema\/logo\/image\/"},"sameAs":["https:\/\/www.facebook.com\/bahiaeconomica"]},{"@type":"Person","@id":"https:\/\/bahiaeconomica.com.br\/wp\/#\/schema\/person\/cb1ab5ba96ad3d9390805381c76284ec","name":"admin","url":"https:\/\/bahiaeconomica.com.br\/wp\/author\/admin\/"}]}},"views":1,"_links":{"self":[{"href":"https:\/\/bahiaeconomica.com.br\/wp\/wp-json\/wp\/v2\/posts\/433308"}],"collection":[{"href":"https:\/\/bahiaeconomica.com.br\/wp\/wp-json\/wp\/v2\/posts"}],"about":[{"href":"https:\/\/bahiaeconomica.com.br\/wp\/wp-json\/wp\/v2\/types\/post"}],"author":[{"embeddable":true,"href":"https:\/\/bahiaeconomica.com.br\/wp\/wp-json\/wp\/v2\/users\/1"}],"replies":[{"embeddable":true,"href":"https:\/\/bahiaeconomica.com.br\/wp\/wp-json\/wp\/v2\/comments?post=433308"}],"version-history":[{"count":1,"href":"https:\/\/bahiaeconomica.com.br\/wp\/wp-json\/wp\/v2\/posts\/433308\/revisions"}],"predecessor-version":[{"id":433312,"href":"https:\/\/bahiaeconomica.com.br\/wp\/wp-json\/wp\/v2\/posts\/433308\/revisions\/433312"}],"wp:featuredmedia":[{"embeddable":true,"href":"https:\/\/bahiaeconomica.com.br\/wp\/wp-json\/wp\/v2\/media\/398015"}],"wp:attachment":[{"href":"https:\/\/bahiaeconomica.com.br\/wp\/wp-json\/wp\/v2\/media?parent=433308"}],"wp:term":[{"taxonomy":"category","embeddable":true,"href":"https:\/\/bahiaeconomica.com.br\/wp\/wp-json\/wp\/v2\/categories?post=433308"},{"taxonomy":"post_tag","embeddable":true,"href":"https:\/\/bahiaeconomica.com.br\/wp\/wp-json\/wp\/v2\/tags?post=433308"}],"curies":[{"name":"wp","href":"https:\/\/api.w.org\/{rel}","templated":true}]}}