{"id":431297,"date":"2020-01-02T13:51:24","date_gmt":"2020-01-02T16:51:24","guid":{"rendered":"https:\/\/bahiaeconomica.com.br\/wp\/beta\/?p=431297"},"modified":"2020-01-02T13:51:24","modified_gmt":"2020-01-02T16:51:24","slug":"novo-ct-do-bahia-levara-nome-de-evaristo-de-macedo","status":"publish","type":"post","link":"https:\/\/bahiaeconomica.com.br\/wp\/2020\/01\/02\/novo-ct-do-bahia-levara-nome-de-evaristo-de-macedo\/","title":{"rendered":"NOVO CT DO BAHIA LEVAR\u00c1 NOME DE EVARISTO DE MACEDO"},"content":{"rendered":"<p>A Cidade Tricolor, novo centro de treinamento do Bahia, foi inaugurada oficialmente ontem (1\u00ba), no anivers\u00e1rio de 89 anos do clube. No dia de estreia, o Esquadr\u00e3o anunciou<!--more--> o nome de batismo do complexo: Centro de Treinamentos Evaristo de Macedo. Evaristo \u00e9 um ex-jogador de futebol que atuava como atacante. Ele fez hist\u00f3ria como atleta, sendo o \u00fanico a fazer cinco gols (manita) em uma s\u00f3 partida pela sele\u00e7\u00e3o brasileira e o maior artilheiro do Barcelona entre os colegas com a mesma nacionalidade. Mas foi como t\u00e9cnico que ele marcou o Bahia, j\u00e1 que era o respons\u00e1vel pelo comando do time quando o Esquadr\u00e3o foi campe\u00e3o do pa\u00eds em 1988. Al\u00e9m disso, ele treinou o tricolor em nove per\u00edodos diferentes. O Bahia se muda para a Cidade Tricolor ap\u00f3s passar 40 anos no antigo CT, o Fazend\u00e3o. O novo local foi constru\u00eddo na cidade de Dias D\u2019\u00c1vila, situada na Regi\u00e3o Metropolitana de Salvador.<\/p>\n<p>Foto : Reprodu\u00e7\u00e3o\/Twitter<\/p>\n","protected":false},"excerpt":{"rendered":"<p>A Cidade Tricolor, novo centro de treinamento do Bahia, foi inaugurada oficialmente ontem (1\u00ba), no anivers\u00e1rio de 89 anos do clube. No dia de estreia, o Esquadr\u00e3o anunciou<\/p>\n","protected":false},"author":1,"featured_media":431301,"comment_status":"closed","ping_status":"closed","sticky":false,"template":"","format":"standard","meta":[],"categories":[3],"tags":[],"acf":[],"yoast_head":"<!-- This site is optimized with the Yoast SEO plugin v20.8 - https:\/\/yoast.com\/wordpress\/plugins\/seo\/ -->\n<title>NOVO CT DO BAHIA LEVAR\u00c1 NOME DE EVARISTO DE MACEDO - Bahia Economica<\/title>\n<meta name=\"description\" content=\"O maior portal de Economia da Bahia ECONOMIA \/ POL\u00cdTICA Bahia Economica\" \/>\n<meta name=\"robots\" content=\"index, follow, max-snippet:-1, max-image-preview:large, max-video-preview:-1\" \/>\n<link rel=\"canonical\" href=\"https:\/\/bahiaeconomica.com.br\/wp\/2020\/01\/02\/novo-ct-do-bahia-levara-nome-de-evaristo-de-macedo\/\" \/>\n<meta property=\"og:locale\" content=\"pt_BR\" \/>\n<meta property=\"og:type\" content=\"article\" \/>\n<meta property=\"og:title\" content=\"NOVO CT DO BAHIA LEVAR\u00c1 NOME DE EVARISTO DE MACEDO - Bahia Economica\" \/>\n<meta property=\"og:description\" content=\"O maior portal de Economia da Bahia ECONOMIA \/ POL\u00cdTICA Bahia Economica\" \/>\n<meta property=\"og:url\" content=\"https:\/\/bahiaeconomica.com.br\/wp\/2020\/01\/02\/novo-ct-do-bahia-levara-nome-de-evaristo-de-macedo\/\" \/>\n<meta property=\"og:site_name\" content=\"Bahia Economica\" \/>\n<meta property=\"article:publisher\" content=\"https:\/\/www.facebook.com\/bahiaeconomica\" \/>\n<meta property=\"article:published_time\" content=\"2020-01-02T16:51:24+00:00\" \/>\n<meta property=\"og:image\" content=\"https:\/\/bahiaeconomica.com.br\/wp\/wp-content\/uploads\/2020\/01\/85470novo-ct-do-bahia-levara-nome-de-evaristo-de-macedo-3500.jpg\" \/>\n\t<meta property=\"og:image:width\" content=\"500\" \/>\n\t<meta property=\"og:image:height\" content=\"300\" \/>\n\t<meta property=\"og:image:type\" content=\"image\/jpeg\" \/>\n<meta name=\"author\" content=\"admin\" \/>\n<meta name=\"twitter:card\" content=\"summary_large_image\" \/>\n<meta name=\"twitter:label1\" content=\"Escrito por\" \/>\n\t<meta name=\"twitter:data1\" content=\"admin\" \/>\n\t<meta name=\"twitter:label2\" content=\"Est. tempo de leitura\" \/>\n\t<meta name=\"twitter:data2\" content=\"1 minuto\" \/>\n<script type=\"application\/ld+json\" class=\"yoast-schema-graph\">{\"@context\":\"https:\/\/schema.org\",\"@graph\":[{\"@type\":\"Article\",\"@id\":\"https:\/\/bahiaeconomica.com.br\/wp\/2020\/01\/02\/novo-ct-do-bahia-levara-nome-de-evaristo-de-macedo\/#article\",\"isPartOf\":{\"@id\":\"https:\/\/bahiaeconomica.com.br\/wp\/2020\/01\/02\/novo-ct-do-bahia-levara-nome-de-evaristo-de-macedo\/\"},\"author\":{\"name\":\"admin\",\"@id\":\"https:\/\/bahiaeconomica.com.br\/wp\/#\/schema\/person\/cb1ab5ba96ad3d9390805381c76284ec\"},\"headline\":\"NOVO CT DO BAHIA LEVAR\u00c1 NOME DE EVARISTO DE MACEDO\",\"datePublished\":\"2020-01-02T16:51:24+00:00\",\"dateModified\":\"2020-01-02T16:51:24+00:00\",\"mainEntityOfPage\":{\"@id\":\"https:\/\/bahiaeconomica.com.br\/wp\/2020\/01\/02\/novo-ct-do-bahia-levara-nome-de-evaristo-de-macedo\/\"},\"wordCount\":178,\"publisher\":{\"@id\":\"https:\/\/bahiaeconomica.com.br\/wp\/#organization\"},\"articleSection\":[\"ECONOMIA \/ POL\u00cdTICA\"],\"inLanguage\":\"pt-BR\"},{\"@type\":\"WebPage\",\"@id\":\"https:\/\/bahiaeconomica.com.br\/wp\/2020\/01\/02\/novo-ct-do-bahia-levara-nome-de-evaristo-de-macedo\/\",\"url\":\"https:\/\/bahiaeconomica.com.br\/wp\/2020\/01\/02\/novo-ct-do-bahia-levara-nome-de-evaristo-de-macedo\/\",\"name\":\"NOVO CT DO BAHIA LEVAR\u00c1 NOME DE EVARISTO DE MACEDO - Bahia Economica\",\"isPartOf\":{\"@id\":\"https:\/\/bahiaeconomica.com.br\/wp\/#website\"},\"datePublished\":\"2020-01-02T16:51:24+00:00\",\"dateModified\":\"2020-01-02T16:51:24+00:00\",\"description\":\"O maior portal de Economia da Bahia ECONOMIA \/ POL\u00cdTICA Bahia Economica\",\"breadcrumb\":{\"@id\":\"https:\/\/bahiaeconomica.com.br\/wp\/2020\/01\/02\/novo-ct-do-bahia-levara-nome-de-evaristo-de-macedo\/#breadcrumb\"},\"inLanguage\":\"pt-BR\",\"potentialAction\":[{\"@type\":\"ReadAction\",\"target\":[\"https:\/\/bahiaeconomica.com.br\/wp\/2020\/01\/02\/novo-ct-do-bahia-levara-nome-de-evaristo-de-macedo\/\"]}]},{\"@type\":\"BreadcrumbList\",\"@id\":\"https:\/\/bahiaeconomica.com.br\/wp\/2020\/01\/02\/novo-ct-do-bahia-levara-nome-de-evaristo-de-macedo\/#breadcrumb\",\"itemListElement\":[{\"@type\":\"ListItem\",\"position\":1,\"name\":\"In\u00edcio\",\"item\":\"https:\/\/bahiaeconomica.com.br\/wp\/\"},{\"@type\":\"ListItem\",\"position\":2,\"name\":\"NOVO CT DO BAHIA LEVAR\u00c1 NOME DE EVARISTO DE MACEDO\"}]},{\"@type\":\"WebSite\",\"@id\":\"https:\/\/bahiaeconomica.com.br\/wp\/#website\",\"url\":\"https:\/\/bahiaeconomica.com.br\/wp\/\",\"name\":\"Bahia Economica\",\"description\":\"O maior portal de Economia da Bahia\",\"publisher\":{\"@id\":\"https:\/\/bahiaeconomica.com.br\/wp\/#organization\"},\"potentialAction\":[{\"@type\":\"SearchAction\",\"target\":{\"@type\":\"EntryPoint\",\"urlTemplate\":\"https:\/\/bahiaeconomica.com.br\/wp\/?s={search_term_string}\"},\"query-input\":\"required name=search_term_string\"}],\"inLanguage\":\"pt-BR\"},{\"@type\":\"Organization\",\"@id\":\"https:\/\/bahiaeconomica.com.br\/wp\/#organization\",\"name\":\"Bahia Econ\u00f4mica\",\"url\":\"https:\/\/bahiaeconomica.com.br\/wp\/\",\"logo\":{\"@type\":\"ImageObject\",\"inLanguage\":\"pt-BR\",\"@id\":\"https:\/\/bahiaeconomica.com.br\/wp\/#\/schema\/logo\/image\/\",\"url\":\"https:\/\/bahiaeconomica.com.br\/wp\/wp-content\/uploads\/2020\/12\/cropped-BE.png\",\"contentUrl\":\"https:\/\/bahiaeconomica.com.br\/wp\/wp-content\/uploads\/2020\/12\/cropped-BE.png\",\"width\":512,\"height\":512,\"caption\":\"Bahia Econ\u00f4mica\"},\"image\":{\"@id\":\"https:\/\/bahiaeconomica.com.br\/wp\/#\/schema\/logo\/image\/\"},\"sameAs\":[\"https:\/\/www.facebook.com\/bahiaeconomica\"]},{\"@type\":\"Person\",\"@id\":\"https:\/\/bahiaeconomica.com.br\/wp\/#\/schema\/person\/cb1ab5ba96ad3d9390805381c76284ec\",\"name\":\"admin\",\"url\":\"https:\/\/bahiaeconomica.com.br\/wp\/author\/admin\/\"}]}<\/script>\n<!-- \/ Yoast SEO plugin. -->","yoast_head_json":{"title":"NOVO CT DO BAHIA LEVAR\u00c1 NOME DE EVARISTO DE MACEDO - Bahia Economica","description":"O maior portal de Economia da Bahia ECONOMIA \/ POL\u00cdTICA Bahia Economica","robots":{"index":"index","follow":"follow","max-snippet":"max-snippet:-1","max-image-preview":"max-image-preview:large","max-video-preview":"max-video-preview:-1"},"canonical":"https:\/\/bahiaeconomica.com.br\/wp\/2020\/01\/02\/novo-ct-do-bahia-levara-nome-de-evaristo-de-macedo\/","og_locale":"pt_BR","og_type":"article","og_title":"NOVO CT DO BAHIA LEVAR\u00c1 NOME DE EVARISTO DE MACEDO - Bahia Economica","og_description":"O maior portal de Economia da Bahia ECONOMIA \/ POL\u00cdTICA Bahia Economica","og_url":"https:\/\/bahiaeconomica.com.br\/wp\/2020\/01\/02\/novo-ct-do-bahia-levara-nome-de-evaristo-de-macedo\/","og_site_name":"Bahia Economica","article_publisher":"https:\/\/www.facebook.com\/bahiaeconomica","article_published_time":"2020-01-02T16:51:24+00:00","og_image":[{"width":500,"height":300,"url":"https:\/\/bahiaeconomica.com.br\/wp\/wp-content\/uploads\/2020\/01\/85470novo-ct-do-bahia-levara-nome-de-evaristo-de-macedo-3500.jpg","type":"image\/jpeg"}],"author":"admin","twitter_card":"summary_large_image","twitter_misc":{"Escrito por":"admin","Est. tempo de leitura":"1 minuto"},"schema":{"@context":"https:\/\/schema.org","@graph":[{"@type":"Article","@id":"https:\/\/bahiaeconomica.com.br\/wp\/2020\/01\/02\/novo-ct-do-bahia-levara-nome-de-evaristo-de-macedo\/#article","isPartOf":{"@id":"https:\/\/bahiaeconomica.com.br\/wp\/2020\/01\/02\/novo-ct-do-bahia-levara-nome-de-evaristo-de-macedo\/"},"author":{"name":"admin","@id":"https:\/\/bahiaeconomica.com.br\/wp\/#\/schema\/person\/cb1ab5ba96ad3d9390805381c76284ec"},"headline":"NOVO CT DO BAHIA LEVAR\u00c1 NOME DE EVARISTO DE MACEDO","datePublished":"2020-01-02T16:51:24+00:00","dateModified":"2020-01-02T16:51:24+00:00","mainEntityOfPage":{"@id":"https:\/\/bahiaeconomica.com.br\/wp\/2020\/01\/02\/novo-ct-do-bahia-levara-nome-de-evaristo-de-macedo\/"},"wordCount":178,"publisher":{"@id":"https:\/\/bahiaeconomica.com.br\/wp\/#organization"},"articleSection":["ECONOMIA \/ POL\u00cdTICA"],"inLanguage":"pt-BR"},{"@type":"WebPage","@id":"https:\/\/bahiaeconomica.com.br\/wp\/2020\/01\/02\/novo-ct-do-bahia-levara-nome-de-evaristo-de-macedo\/","url":"https:\/\/bahiaeconomica.com.br\/wp\/2020\/01\/02\/novo-ct-do-bahia-levara-nome-de-evaristo-de-macedo\/","name":"NOVO CT DO BAHIA LEVAR\u00c1 NOME DE EVARISTO DE MACEDO - Bahia Economica","isPartOf":{"@id":"https:\/\/bahiaeconomica.com.br\/wp\/#website"},"datePublished":"2020-01-02T16:51:24+00:00","dateModified":"2020-01-02T16:51:24+00:00","description":"O maior portal de Economia da Bahia ECONOMIA \/ POL\u00cdTICA Bahia Economica","breadcrumb":{"@id":"https:\/\/bahiaeconomica.com.br\/wp\/2020\/01\/02\/novo-ct-do-bahia-levara-nome-de-evaristo-de-macedo\/#breadcrumb"},"inLanguage":"pt-BR","potentialAction":[{"@type":"ReadAction","target":["https:\/\/bahiaeconomica.com.br\/wp\/2020\/01\/02\/novo-ct-do-bahia-levara-nome-de-evaristo-de-macedo\/"]}]},{"@type":"BreadcrumbList","@id":"https:\/\/bahiaeconomica.com.br\/wp\/2020\/01\/02\/novo-ct-do-bahia-levara-nome-de-evaristo-de-macedo\/#breadcrumb","itemListElement":[{"@type":"ListItem","position":1,"name":"In\u00edcio","item":"https:\/\/bahiaeconomica.com.br\/wp\/"},{"@type":"ListItem","position":2,"name":"NOVO CT DO BAHIA LEVAR\u00c1 NOME DE EVARISTO DE MACEDO"}]},{"@type":"WebSite","@id":"https:\/\/bahiaeconomica.com.br\/wp\/#website","url":"https:\/\/bahiaeconomica.com.br\/wp\/","name":"Bahia Economica","description":"O maior portal de Economia da Bahia","publisher":{"@id":"https:\/\/bahiaeconomica.com.br\/wp\/#organization"},"potentialAction":[{"@type":"SearchAction","target":{"@type":"EntryPoint","urlTemplate":"https:\/\/bahiaeconomica.com.br\/wp\/?s={search_term_string}"},"query-input":"required name=search_term_string"}],"inLanguage":"pt-BR"},{"@type":"Organization","@id":"https:\/\/bahiaeconomica.com.br\/wp\/#organization","name":"Bahia Econ\u00f4mica","url":"https:\/\/bahiaeconomica.com.br\/wp\/","logo":{"@type":"ImageObject","inLanguage":"pt-BR","@id":"https:\/\/bahiaeconomica.com.br\/wp\/#\/schema\/logo\/image\/","url":"https:\/\/bahiaeconomica.com.br\/wp\/wp-content\/uploads\/2020\/12\/cropped-BE.png","contentUrl":"https:\/\/bahiaeconomica.com.br\/wp\/wp-content\/uploads\/2020\/12\/cropped-BE.png","width":512,"height":512,"caption":"Bahia Econ\u00f4mica"},"image":{"@id":"https:\/\/bahiaeconomica.com.br\/wp\/#\/schema\/logo\/image\/"},"sameAs":["https:\/\/www.facebook.com\/bahiaeconomica"]},{"@type":"Person","@id":"https:\/\/bahiaeconomica.com.br\/wp\/#\/schema\/person\/cb1ab5ba96ad3d9390805381c76284ec","name":"admin","url":"https:\/\/bahiaeconomica.com.br\/wp\/author\/admin\/"}]}},"views":9,"_links":{"self":[{"href":"https:\/\/bahiaeconomica.com.br\/wp\/wp-json\/wp\/v2\/posts\/431297"}],"collection":[{"href":"https:\/\/bahiaeconomica.com.br\/wp\/wp-json\/wp\/v2\/posts"}],"about":[{"href":"https:\/\/bahiaeconomica.com.br\/wp\/wp-json\/wp\/v2\/types\/post"}],"author":[{"embeddable":true,"href":"https:\/\/bahiaeconomica.com.br\/wp\/wp-json\/wp\/v2\/users\/1"}],"replies":[{"embeddable":true,"href":"https:\/\/bahiaeconomica.com.br\/wp\/wp-json\/wp\/v2\/comments?post=431297"}],"version-history":[{"count":1,"href":"https:\/\/bahiaeconomica.com.br\/wp\/wp-json\/wp\/v2\/posts\/431297\/revisions"}],"predecessor-version":[{"id":431303,"href":"https:\/\/bahiaeconomica.com.br\/wp\/wp-json\/wp\/v2\/posts\/431297\/revisions\/431303"}],"wp:featuredmedia":[{"embeddable":true,"href":"https:\/\/bahiaeconomica.com.br\/wp\/wp-json\/wp\/v2\/media\/431301"}],"wp:attachment":[{"href":"https:\/\/bahiaeconomica.com.br\/wp\/wp-json\/wp\/v2\/media?parent=431297"}],"wp:term":[{"taxonomy":"category","embeddable":true,"href":"https:\/\/bahiaeconomica.com.br\/wp\/wp-json\/wp\/v2\/categories?post=431297"},{"taxonomy":"post_tag","embeddable":true,"href":"https:\/\/bahiaeconomica.com.br\/wp\/wp-json\/wp\/v2\/tags?post=431297"}],"curies":[{"name":"wp","href":"https:\/\/api.w.org\/{rel}","templated":true}]}}