{"id":430749,"date":"2019-12-31T13:25:58","date_gmt":"2019-12-31T16:25:58","guid":{"rendered":"https:\/\/bahiaeconomica.com.br\/wp\/beta\/?p=430749"},"modified":"2019-12-31T13:06:51","modified_gmt":"2019-12-31T16:06:51","slug":"ilheus-programacao-do-reveillon-desta-segunda-feira-adiada-devido-as-fortes-chuvas","status":"publish","type":"post","link":"https:\/\/bahiaeconomica.com.br\/wp\/2019\/12\/31\/ilheus-programacao-do-reveillon-desta-segunda-feira-adiada-devido-as-fortes-chuvas\/","title":{"rendered":"ILH\u00c9US: PROGRAMA\u00c7\u00c3O DO R\u00c9VEILLON DESTA SEGUNDA-FEIRA ADIADA DEVIDO \u00c0S FORTES CHUVAS"},"content":{"rendered":"<p>A Prefeitura de Ilh\u00e9us informa que em decorr\u00eancia de uma inesperada chuva torrencial que precipitou na noite desta segunda-feira, 30 de dezembro, por volta <!--more-->das 20 horas, a realiza\u00e7\u00e3o do evento neste segundo dia de programa\u00e7\u00e3o do R\u00e9veillon foi comprometida e adiada por motivos de seguran\u00e7a. Isto porque, toda a aparelhagem de som foi molhada, raz\u00e3o pela qual oferece risco de curto el\u00e9trico na \u00e1rea do palco. Os organizadores lamentam o ocorrido ao tempo em que priorizam a seguran\u00e7a dos artistas, profissionais e do p\u00fablico, com vistas \u00e0 preserva\u00e7\u00e3o da vida humana. A programa\u00e7\u00e3o do R\u00e9veillon de Ilh\u00e9us seguir\u00e1 normalmente no dia 31, com a esperada virada e queima de fogos, e que contar\u00e1 com as atra\u00e7\u00f5es Djalma Assis, Linconl e Duas Medidas, Armandinho, Dod\u00f4 e Osmar e Solange Almeida.<\/p>\n","protected":false},"excerpt":{"rendered":"<p>A Prefeitura de Ilh\u00e9us informa que em decorr\u00eancia de uma inesperada chuva torrencial que precipitou na noite desta segunda-feira, 30 de dezembro, por volta<\/p>\n","protected":false},"author":1,"featured_media":430752,"comment_status":"closed","ping_status":"closed","sticky":false,"template":"","format":"standard","meta":[],"categories":[3,5],"tags":[],"acf":[],"yoast_head":"<!-- This site is optimized with the Yoast SEO plugin v20.8 - https:\/\/yoast.com\/wordpress\/plugins\/seo\/ -->\n<title>ILH\u00c9US: PROGRAMA\u00c7\u00c3O DO R\u00c9VEILLON DESTA SEGUNDA-FEIRA ADIADA DEVIDO \u00c0S FORTES CHUVAS - Bahia Economica<\/title>\n<meta name=\"description\" content=\"O maior portal de Economia da Bahia ECONOMIA \/ POL\u00cdTICA, MUNIC\u00cdPIOS Bahia Economica\" \/>\n<meta name=\"robots\" content=\"index, follow, max-snippet:-1, max-image-preview:large, max-video-preview:-1\" \/>\n<link rel=\"canonical\" href=\"https:\/\/bahiaeconomica.com.br\/wp\/2019\/12\/31\/ilheus-programacao-do-reveillon-desta-segunda-feira-adiada-devido-as-fortes-chuvas\/\" \/>\n<meta property=\"og:locale\" content=\"pt_BR\" \/>\n<meta property=\"og:type\" content=\"article\" \/>\n<meta property=\"og:title\" content=\"ILH\u00c9US: PROGRAMA\u00c7\u00c3O DO R\u00c9VEILLON DESTA SEGUNDA-FEIRA ADIADA DEVIDO \u00c0S FORTES CHUVAS - Bahia Economica\" \/>\n<meta property=\"og:description\" content=\"O maior portal de Economia da Bahia ECONOMIA \/ POL\u00cdTICA, MUNIC\u00cdPIOS Bahia Economica\" \/>\n<meta property=\"og:url\" content=\"https:\/\/bahiaeconomica.com.br\/wp\/2019\/12\/31\/ilheus-programacao-do-reveillon-desta-segunda-feira-adiada-devido-as-fortes-chuvas\/\" \/>\n<meta property=\"og:site_name\" content=\"Bahia Economica\" \/>\n<meta property=\"article:publisher\" content=\"https:\/\/www.facebook.com\/bahiaeconomica\" \/>\n<meta property=\"article:published_time\" content=\"2019-12-31T16:25:58+00:00\" \/>\n<meta property=\"article:modified_time\" content=\"2019-12-31T16:06:51+00:00\" \/>\n<meta property=\"og:image\" content=\"https:\/\/bahiaeconomica.com.br\/wp\/wp-content\/uploads\/2019\/12\/Prefeitura-emite-Nota-T\u00e9cnica-segunda-noite-do-R\u00e9veillon-de-Ilh\u00e9us-Clodoaldo-Ribeiro-768x441.jpeg\" \/>\n\t<meta property=\"og:image:width\" content=\"768\" \/>\n\t<meta property=\"og:image:height\" content=\"441\" \/>\n\t<meta property=\"og:image:type\" content=\"image\/jpeg\" \/>\n<meta name=\"author\" content=\"admin\" \/>\n<meta name=\"twitter:card\" content=\"summary_large_image\" \/>\n<meta name=\"twitter:label1\" content=\"Escrito por\" \/>\n\t<meta name=\"twitter:data1\" content=\"admin\" \/>\n\t<meta name=\"twitter:label2\" content=\"Est. tempo de leitura\" \/>\n\t<meta name=\"twitter:data2\" content=\"1 minuto\" \/>\n<script type=\"application\/ld+json\" class=\"yoast-schema-graph\">{\"@context\":\"https:\/\/schema.org\",\"@graph\":[{\"@type\":\"Article\",\"@id\":\"https:\/\/bahiaeconomica.com.br\/wp\/2019\/12\/31\/ilheus-programacao-do-reveillon-desta-segunda-feira-adiada-devido-as-fortes-chuvas\/#article\",\"isPartOf\":{\"@id\":\"https:\/\/bahiaeconomica.com.br\/wp\/2019\/12\/31\/ilheus-programacao-do-reveillon-desta-segunda-feira-adiada-devido-as-fortes-chuvas\/\"},\"author\":{\"name\":\"admin\",\"@id\":\"https:\/\/bahiaeconomica.com.br\/wp\/#\/schema\/person\/cb1ab5ba96ad3d9390805381c76284ec\"},\"headline\":\"ILH\u00c9US: PROGRAMA\u00c7\u00c3O DO R\u00c9VEILLON DESTA SEGUNDA-FEIRA ADIADA DEVIDO \u00c0S FORTES CHUVAS\",\"datePublished\":\"2019-12-31T16:25:58+00:00\",\"dateModified\":\"2019-12-31T16:06:51+00:00\",\"mainEntityOfPage\":{\"@id\":\"https:\/\/bahiaeconomica.com.br\/wp\/2019\/12\/31\/ilheus-programacao-do-reveillon-desta-segunda-feira-adiada-devido-as-fortes-chuvas\/\"},\"wordCount\":155,\"publisher\":{\"@id\":\"https:\/\/bahiaeconomica.com.br\/wp\/#organization\"},\"articleSection\":[\"ECONOMIA \/ POL\u00cdTICA\",\"MUNIC\u00cdPIOS\"],\"inLanguage\":\"pt-BR\"},{\"@type\":\"WebPage\",\"@id\":\"https:\/\/bahiaeconomica.com.br\/wp\/2019\/12\/31\/ilheus-programacao-do-reveillon-desta-segunda-feira-adiada-devido-as-fortes-chuvas\/\",\"url\":\"https:\/\/bahiaeconomica.com.br\/wp\/2019\/12\/31\/ilheus-programacao-do-reveillon-desta-segunda-feira-adiada-devido-as-fortes-chuvas\/\",\"name\":\"ILH\u00c9US: PROGRAMA\u00c7\u00c3O DO R\u00c9VEILLON DESTA SEGUNDA-FEIRA ADIADA DEVIDO \u00c0S FORTES CHUVAS - Bahia Economica\",\"isPartOf\":{\"@id\":\"https:\/\/bahiaeconomica.com.br\/wp\/#website\"},\"datePublished\":\"2019-12-31T16:25:58+00:00\",\"dateModified\":\"2019-12-31T16:06:51+00:00\",\"description\":\"O maior portal de Economia da Bahia ECONOMIA \/ POL\u00cdTICA, MUNIC\u00cdPIOS Bahia Economica\",\"breadcrumb\":{\"@id\":\"https:\/\/bahiaeconomica.com.br\/wp\/2019\/12\/31\/ilheus-programacao-do-reveillon-desta-segunda-feira-adiada-devido-as-fortes-chuvas\/#breadcrumb\"},\"inLanguage\":\"pt-BR\",\"potentialAction\":[{\"@type\":\"ReadAction\",\"target\":[\"https:\/\/bahiaeconomica.com.br\/wp\/2019\/12\/31\/ilheus-programacao-do-reveillon-desta-segunda-feira-adiada-devido-as-fortes-chuvas\/\"]}]},{\"@type\":\"BreadcrumbList\",\"@id\":\"https:\/\/bahiaeconomica.com.br\/wp\/2019\/12\/31\/ilheus-programacao-do-reveillon-desta-segunda-feira-adiada-devido-as-fortes-chuvas\/#breadcrumb\",\"itemListElement\":[{\"@type\":\"ListItem\",\"position\":1,\"name\":\"In\u00edcio\",\"item\":\"https:\/\/bahiaeconomica.com.br\/wp\/\"},{\"@type\":\"ListItem\",\"position\":2,\"name\":\"ILH\u00c9US: PROGRAMA\u00c7\u00c3O DO R\u00c9VEILLON DESTA SEGUNDA-FEIRA ADIADA DEVIDO \u00c0S FORTES CHUVAS\"}]},{\"@type\":\"WebSite\",\"@id\":\"https:\/\/bahiaeconomica.com.br\/wp\/#website\",\"url\":\"https:\/\/bahiaeconomica.com.br\/wp\/\",\"name\":\"Bahia Economica\",\"description\":\"O maior portal de Economia da Bahia\",\"publisher\":{\"@id\":\"https:\/\/bahiaeconomica.com.br\/wp\/#organization\"},\"potentialAction\":[{\"@type\":\"SearchAction\",\"target\":{\"@type\":\"EntryPoint\",\"urlTemplate\":\"https:\/\/bahiaeconomica.com.br\/wp\/?s={search_term_string}\"},\"query-input\":\"required name=search_term_string\"}],\"inLanguage\":\"pt-BR\"},{\"@type\":\"Organization\",\"@id\":\"https:\/\/bahiaeconomica.com.br\/wp\/#organization\",\"name\":\"Bahia Econ\u00f4mica\",\"url\":\"https:\/\/bahiaeconomica.com.br\/wp\/\",\"logo\":{\"@type\":\"ImageObject\",\"inLanguage\":\"pt-BR\",\"@id\":\"https:\/\/bahiaeconomica.com.br\/wp\/#\/schema\/logo\/image\/\",\"url\":\"https:\/\/bahiaeconomica.com.br\/wp\/wp-content\/uploads\/2020\/12\/cropped-BE.png\",\"contentUrl\":\"https:\/\/bahiaeconomica.com.br\/wp\/wp-content\/uploads\/2020\/12\/cropped-BE.png\",\"width\":512,\"height\":512,\"caption\":\"Bahia Econ\u00f4mica\"},\"image\":{\"@id\":\"https:\/\/bahiaeconomica.com.br\/wp\/#\/schema\/logo\/image\/\"},\"sameAs\":[\"https:\/\/www.facebook.com\/bahiaeconomica\"]},{\"@type\":\"Person\",\"@id\":\"https:\/\/bahiaeconomica.com.br\/wp\/#\/schema\/person\/cb1ab5ba96ad3d9390805381c76284ec\",\"name\":\"admin\",\"url\":\"https:\/\/bahiaeconomica.com.br\/wp\/author\/admin\/\"}]}<\/script>\n<!-- \/ Yoast SEO plugin. -->","yoast_head_json":{"title":"ILH\u00c9US: PROGRAMA\u00c7\u00c3O DO R\u00c9VEILLON DESTA SEGUNDA-FEIRA ADIADA DEVIDO \u00c0S FORTES CHUVAS - Bahia Economica","description":"O maior portal de Economia da Bahia ECONOMIA \/ POL\u00cdTICA, MUNIC\u00cdPIOS Bahia Economica","robots":{"index":"index","follow":"follow","max-snippet":"max-snippet:-1","max-image-preview":"max-image-preview:large","max-video-preview":"max-video-preview:-1"},"canonical":"https:\/\/bahiaeconomica.com.br\/wp\/2019\/12\/31\/ilheus-programacao-do-reveillon-desta-segunda-feira-adiada-devido-as-fortes-chuvas\/","og_locale":"pt_BR","og_type":"article","og_title":"ILH\u00c9US: PROGRAMA\u00c7\u00c3O DO R\u00c9VEILLON DESTA SEGUNDA-FEIRA ADIADA DEVIDO \u00c0S FORTES CHUVAS - Bahia Economica","og_description":"O maior portal de Economia da Bahia ECONOMIA \/ POL\u00cdTICA, MUNIC\u00cdPIOS Bahia Economica","og_url":"https:\/\/bahiaeconomica.com.br\/wp\/2019\/12\/31\/ilheus-programacao-do-reveillon-desta-segunda-feira-adiada-devido-as-fortes-chuvas\/","og_site_name":"Bahia Economica","article_publisher":"https:\/\/www.facebook.com\/bahiaeconomica","article_published_time":"2019-12-31T16:25:58+00:00","article_modified_time":"2019-12-31T16:06:51+00:00","og_image":[{"width":768,"height":441,"url":"https:\/\/bahiaeconomica.com.br\/wp\/wp-content\/uploads\/2019\/12\/Prefeitura-emite-Nota-T\u00e9cnica-segunda-noite-do-R\u00e9veillon-de-Ilh\u00e9us-Clodoaldo-Ribeiro-768x441.jpeg","type":"image\/jpeg"}],"author":"admin","twitter_card":"summary_large_image","twitter_misc":{"Escrito por":"admin","Est. tempo de leitura":"1 minuto"},"schema":{"@context":"https:\/\/schema.org","@graph":[{"@type":"Article","@id":"https:\/\/bahiaeconomica.com.br\/wp\/2019\/12\/31\/ilheus-programacao-do-reveillon-desta-segunda-feira-adiada-devido-as-fortes-chuvas\/#article","isPartOf":{"@id":"https:\/\/bahiaeconomica.com.br\/wp\/2019\/12\/31\/ilheus-programacao-do-reveillon-desta-segunda-feira-adiada-devido-as-fortes-chuvas\/"},"author":{"name":"admin","@id":"https:\/\/bahiaeconomica.com.br\/wp\/#\/schema\/person\/cb1ab5ba96ad3d9390805381c76284ec"},"headline":"ILH\u00c9US: PROGRAMA\u00c7\u00c3O DO R\u00c9VEILLON DESTA SEGUNDA-FEIRA ADIADA DEVIDO \u00c0S FORTES CHUVAS","datePublished":"2019-12-31T16:25:58+00:00","dateModified":"2019-12-31T16:06:51+00:00","mainEntityOfPage":{"@id":"https:\/\/bahiaeconomica.com.br\/wp\/2019\/12\/31\/ilheus-programacao-do-reveillon-desta-segunda-feira-adiada-devido-as-fortes-chuvas\/"},"wordCount":155,"publisher":{"@id":"https:\/\/bahiaeconomica.com.br\/wp\/#organization"},"articleSection":["ECONOMIA \/ POL\u00cdTICA","MUNIC\u00cdPIOS"],"inLanguage":"pt-BR"},{"@type":"WebPage","@id":"https:\/\/bahiaeconomica.com.br\/wp\/2019\/12\/31\/ilheus-programacao-do-reveillon-desta-segunda-feira-adiada-devido-as-fortes-chuvas\/","url":"https:\/\/bahiaeconomica.com.br\/wp\/2019\/12\/31\/ilheus-programacao-do-reveillon-desta-segunda-feira-adiada-devido-as-fortes-chuvas\/","name":"ILH\u00c9US: PROGRAMA\u00c7\u00c3O DO R\u00c9VEILLON DESTA SEGUNDA-FEIRA ADIADA DEVIDO \u00c0S FORTES CHUVAS - Bahia Economica","isPartOf":{"@id":"https:\/\/bahiaeconomica.com.br\/wp\/#website"},"datePublished":"2019-12-31T16:25:58+00:00","dateModified":"2019-12-31T16:06:51+00:00","description":"O maior portal de Economia da Bahia ECONOMIA \/ POL\u00cdTICA, MUNIC\u00cdPIOS Bahia Economica","breadcrumb":{"@id":"https:\/\/bahiaeconomica.com.br\/wp\/2019\/12\/31\/ilheus-programacao-do-reveillon-desta-segunda-feira-adiada-devido-as-fortes-chuvas\/#breadcrumb"},"inLanguage":"pt-BR","potentialAction":[{"@type":"ReadAction","target":["https:\/\/bahiaeconomica.com.br\/wp\/2019\/12\/31\/ilheus-programacao-do-reveillon-desta-segunda-feira-adiada-devido-as-fortes-chuvas\/"]}]},{"@type":"BreadcrumbList","@id":"https:\/\/bahiaeconomica.com.br\/wp\/2019\/12\/31\/ilheus-programacao-do-reveillon-desta-segunda-feira-adiada-devido-as-fortes-chuvas\/#breadcrumb","itemListElement":[{"@type":"ListItem","position":1,"name":"In\u00edcio","item":"https:\/\/bahiaeconomica.com.br\/wp\/"},{"@type":"ListItem","position":2,"name":"ILH\u00c9US: PROGRAMA\u00c7\u00c3O DO R\u00c9VEILLON DESTA SEGUNDA-FEIRA ADIADA DEVIDO \u00c0S FORTES CHUVAS"}]},{"@type":"WebSite","@id":"https:\/\/bahiaeconomica.com.br\/wp\/#website","url":"https:\/\/bahiaeconomica.com.br\/wp\/","name":"Bahia Economica","description":"O maior portal de Economia da Bahia","publisher":{"@id":"https:\/\/bahiaeconomica.com.br\/wp\/#organization"},"potentialAction":[{"@type":"SearchAction","target":{"@type":"EntryPoint","urlTemplate":"https:\/\/bahiaeconomica.com.br\/wp\/?s={search_term_string}"},"query-input":"required name=search_term_string"}],"inLanguage":"pt-BR"},{"@type":"Organization","@id":"https:\/\/bahiaeconomica.com.br\/wp\/#organization","name":"Bahia Econ\u00f4mica","url":"https:\/\/bahiaeconomica.com.br\/wp\/","logo":{"@type":"ImageObject","inLanguage":"pt-BR","@id":"https:\/\/bahiaeconomica.com.br\/wp\/#\/schema\/logo\/image\/","url":"https:\/\/bahiaeconomica.com.br\/wp\/wp-content\/uploads\/2020\/12\/cropped-BE.png","contentUrl":"https:\/\/bahiaeconomica.com.br\/wp\/wp-content\/uploads\/2020\/12\/cropped-BE.png","width":512,"height":512,"caption":"Bahia Econ\u00f4mica"},"image":{"@id":"https:\/\/bahiaeconomica.com.br\/wp\/#\/schema\/logo\/image\/"},"sameAs":["https:\/\/www.facebook.com\/bahiaeconomica"]},{"@type":"Person","@id":"https:\/\/bahiaeconomica.com.br\/wp\/#\/schema\/person\/cb1ab5ba96ad3d9390805381c76284ec","name":"admin","url":"https:\/\/bahiaeconomica.com.br\/wp\/author\/admin\/"}]}},"views":1,"_links":{"self":[{"href":"https:\/\/bahiaeconomica.com.br\/wp\/wp-json\/wp\/v2\/posts\/430749"}],"collection":[{"href":"https:\/\/bahiaeconomica.com.br\/wp\/wp-json\/wp\/v2\/posts"}],"about":[{"href":"https:\/\/bahiaeconomica.com.br\/wp\/wp-json\/wp\/v2\/types\/post"}],"author":[{"embeddable":true,"href":"https:\/\/bahiaeconomica.com.br\/wp\/wp-json\/wp\/v2\/users\/1"}],"replies":[{"embeddable":true,"href":"https:\/\/bahiaeconomica.com.br\/wp\/wp-json\/wp\/v2\/comments?post=430749"}],"version-history":[{"count":1,"href":"https:\/\/bahiaeconomica.com.br\/wp\/wp-json\/wp\/v2\/posts\/430749\/revisions"}],"predecessor-version":[{"id":430754,"href":"https:\/\/bahiaeconomica.com.br\/wp\/wp-json\/wp\/v2\/posts\/430749\/revisions\/430754"}],"wp:featuredmedia":[{"embeddable":true,"href":"https:\/\/bahiaeconomica.com.br\/wp\/wp-json\/wp\/v2\/media\/430752"}],"wp:attachment":[{"href":"https:\/\/bahiaeconomica.com.br\/wp\/wp-json\/wp\/v2\/media?parent=430749"}],"wp:term":[{"taxonomy":"category","embeddable":true,"href":"https:\/\/bahiaeconomica.com.br\/wp\/wp-json\/wp\/v2\/categories?post=430749"},{"taxonomy":"post_tag","embeddable":true,"href":"https:\/\/bahiaeconomica.com.br\/wp\/wp-json\/wp\/v2\/tags?post=430749"}],"curies":[{"name":"wp","href":"https:\/\/api.w.org\/{rel}","templated":true}]}}