{"id":429408,"date":"2019-12-28T09:20:58","date_gmt":"2019-12-28T12:20:58","guid":{"rendered":"https:\/\/bahiaeconomica.com.br\/wp\/beta\/?p=429408"},"modified":"2019-12-27T21:22:41","modified_gmt":"2019-12-28T00:22:41","slug":"roger-quer-lateral-esquerdo-com-maior-poder-ofensivo-em-2020","status":"publish","type":"post","link":"https:\/\/bahiaeconomica.com.br\/wp\/2019\/12\/28\/roger-quer-lateral-esquerdo-com-maior-poder-ofensivo-em-2020\/","title":{"rendered":"ROGER QUER LATERAL ESQUERDO COM MAIOR PODER OFENSIVO EM 2020"},"content":{"rendered":"<p>Matheus Reis, Armero e Juninho Capixaba. L\u00e9o e Paulinho. Mois\u00e9s e Giovanni. Esses foram os jogadores envolvidos na ocupa\u00e7\u00e3o lateral esquerda da Bahia desde que o <!--more-->tricolor voltou a jogar na S\u00e9rie A do Campeonato Brasileiro, em 2017. Neste ano, o setor se tornou uma dor de cabe\u00e7a para Roger Machado, t\u00e9cnico tricolor: titular da posi\u00e7\u00e3o , Mois\u00e9s terminou uma temporada em baixa e o comandante n\u00e3o tinha outra op\u00e7\u00e3o porque Giovanni, reserva que tamb\u00e9m n\u00e3o havia feito boas apresenta\u00e7\u00f5es, sofreu uma les\u00e3o no tend\u00e3o de Aquiles em novembro e desfaleceu o tempo nas \u00faltimas sete rodadas.<\/p>\n<p>Por esse motivo, mas tamb\u00e9m por outro motivo, a Bahia est\u00e1 procurando um lado esquerdo. \u00c9 que Roger n\u00e3o esconde ningu\u00e9m que \u00e9 predileto pelo chamado jogo apoiado. Para o torcedor menos ligado no jogo, o jogo \u00e9 apoiado uma reuni\u00e3o de v\u00e1rios conceitos do futebol moderno na modernidade. Engloba ou tiki-taka, triangula\u00e7\u00f5es e, dessa forma, oferece mais op\u00e7\u00f5es de reprodu\u00e7\u00e3o para atleta que est\u00e1 com bola. Esse conceito exige muito treinamento e qualidade com uma bola nos p\u00e9s. \u00c9 um estilo de jogo que custa muito movimento, &#8220;tocar e sair&#8221;, ocupar espa\u00e7os vazios e todos esses jarg\u00f5es comuns atualmente no futebol.<\/p>\n<p>Os lados t\u00eam papel essencial no modelo de jogo de futebol: seja para a op\u00e7\u00e3o de tabela \u00e0s pontas, \u201calargar\u201d ou campo, cruze uma bola na \u00e1rea para atacantes e, em vez disso, ou outra, apare\u00e7a na \u00e1rea para finalizar. Na Bahia, Nino Para\u00edba e Jo\u00e3o Pedro, na direita, repetem essas caracter\u00edsticas, cada um \u00e0 sua maneira. O primeiro, inclusive, marcou todos os seus tr\u00eas gols na temporada ap\u00f3s a chegada do treinador ga\u00facho. No entanto, o mesmo n\u00e3o acontece do lado esquerdo, e por isso o t\u00e9cnico da Bahia deseja um outro construtor lateral do destruidor para 2020.<\/p>\n<p>A tend\u00eancia \u00e9 que Mois\u00e9s acabe na reserva &#8211; ou seja negociado, se houver proposta. J\u00e1 seu atual suplente, Giovanni, n\u00e3o ter\u00e1 o contrato renovado. Ele tem v\u00ednculo com o clube at\u00e9 maio. Mois\u00e9s teve 30% dos direitos econ\u00f4micos compostos pela Bahia junto ao Corinthians no in\u00edcio do ano e contrato assinado at\u00e9 dezembro de 2021. Ele foi um dos pilares defensivos do tempo durante boa parte da temporada, antes de entrar na fase &#8211; assim como outros jogadores do elenco &#8211; no segundo turno do Brasileir\u00e3o e cometer erros que resultaram em gols dos advers\u00e1rios.<\/p>\n<p>No total, o lateral disputou 55 partidas pelo tricolor no ano, sendo 30 no Campeonato Brasileiro. Marcou dois gols, ambos no Baiano. Na S\u00e9rie A, Mois\u00e9s deu duas assist\u00eancias para gol e terminou o ano como o terceiro que mais desarmou no elenco. Foram 72 casos certos, atr\u00e1s dos volantes Gregore (102) e Fl\u00e1vio (79). O mesmo trio liderou o ranking de mais faltosos na temporada tricolor. Segundo o site Footstats, Mois\u00e9s, com 53, n\u00e3o cometeu mais faltas pelo l\u00edder Gregore (123) e pelo segundo colocado Fl\u00e1vio, com 59 infra\u00e7\u00f5es nos 28 jogos que disputam pelo Bahia no Brasileiro.<\/p>\n<p>Foto: divulga\u00e7\u00e3o<\/p>\n","protected":false},"excerpt":{"rendered":"<p>Matheus Reis, Armero e Juninho Capixaba. L\u00e9o e Paulinho. Mois\u00e9s e Giovanni. Esses foram os jogadores envolvidos na ocupa\u00e7\u00e3o lateral esquerda da Bahia desde que o<\/p>\n","protected":false},"author":1,"featured_media":414972,"comment_status":"closed","ping_status":"closed","sticky":false,"template":"","format":"standard","meta":[],"categories":[14,3],"tags":[],"acf":[],"yoast_head":"<!-- This site is optimized with the Yoast SEO plugin v20.8 - https:\/\/yoast.com\/wordpress\/plugins\/seo\/ -->\n<title>ROGER QUER LATERAL ESQUERDO COM MAIOR PODER OFENSIVO EM 2020 - Bahia Economica<\/title>\n<meta name=\"description\" content=\"O maior portal de Economia da Bahia DESTAQUE DO DIA, ECONOMIA \/ POL\u00cdTICA Bahia Economica\" \/>\n<meta name=\"robots\" content=\"index, follow, max-snippet:-1, max-image-preview:large, max-video-preview:-1\" \/>\n<link rel=\"canonical\" href=\"https:\/\/bahiaeconomica.com.br\/wp\/2019\/12\/28\/roger-quer-lateral-esquerdo-com-maior-poder-ofensivo-em-2020\/\" \/>\n<meta property=\"og:locale\" content=\"pt_BR\" \/>\n<meta property=\"og:type\" content=\"article\" \/>\n<meta property=\"og:title\" content=\"ROGER QUER LATERAL ESQUERDO COM MAIOR PODER OFENSIVO EM 2020 - Bahia Economica\" \/>\n<meta property=\"og:description\" content=\"O maior portal de Economia da Bahia DESTAQUE DO DIA, ECONOMIA \/ POL\u00cdTICA Bahia Economica\" \/>\n<meta property=\"og:url\" content=\"https:\/\/bahiaeconomica.com.br\/wp\/2019\/12\/28\/roger-quer-lateral-esquerdo-com-maior-poder-ofensivo-em-2020\/\" \/>\n<meta property=\"og:site_name\" content=\"Bahia Economica\" \/>\n<meta property=\"article:publisher\" content=\"https:\/\/www.facebook.com\/bahiaeconomica\" \/>\n<meta property=\"article:published_time\" content=\"2019-12-28T12:20:58+00:00\" \/>\n<meta property=\"article:modified_time\" content=\"2019-12-28T00:22:41+00:00\" \/>\n<meta property=\"og:image\" content=\"https:\/\/bahiaeconomica.com.br\/wp\/wp-content\/uploads\/2019\/11\/roger-machado-DIVULGA\u00c7\u00c3O-bahia.jpg\" \/>\n\t<meta property=\"og:image:width\" content=\"400\" \/>\n\t<meta property=\"og:image:height\" content=\"266\" \/>\n\t<meta property=\"og:image:type\" content=\"image\/jpeg\" \/>\n<meta name=\"author\" content=\"admin\" \/>\n<meta name=\"twitter:card\" content=\"summary_large_image\" \/>\n<meta name=\"twitter:label1\" content=\"Escrito por\" \/>\n\t<meta name=\"twitter:data1\" content=\"admin\" \/>\n\t<meta name=\"twitter:label2\" content=\"Est. tempo de leitura\" \/>\n\t<meta name=\"twitter:data2\" content=\"3 minutos\" \/>\n<script type=\"application\/ld+json\" class=\"yoast-schema-graph\">{\"@context\":\"https:\/\/schema.org\",\"@graph\":[{\"@type\":\"Article\",\"@id\":\"https:\/\/bahiaeconomica.com.br\/wp\/2019\/12\/28\/roger-quer-lateral-esquerdo-com-maior-poder-ofensivo-em-2020\/#article\",\"isPartOf\":{\"@id\":\"https:\/\/bahiaeconomica.com.br\/wp\/2019\/12\/28\/roger-quer-lateral-esquerdo-com-maior-poder-ofensivo-em-2020\/\"},\"author\":{\"name\":\"admin\",\"@id\":\"https:\/\/bahiaeconomica.com.br\/wp\/#\/schema\/person\/cb1ab5ba96ad3d9390805381c76284ec\"},\"headline\":\"ROGER QUER LATERAL ESQUERDO COM MAIOR PODER OFENSIVO EM 2020\",\"datePublished\":\"2019-12-28T12:20:58+00:00\",\"dateModified\":\"2019-12-28T00:22:41+00:00\",\"mainEntityOfPage\":{\"@id\":\"https:\/\/bahiaeconomica.com.br\/wp\/2019\/12\/28\/roger-quer-lateral-esquerdo-com-maior-poder-ofensivo-em-2020\/\"},\"wordCount\":541,\"publisher\":{\"@id\":\"https:\/\/bahiaeconomica.com.br\/wp\/#organization\"},\"articleSection\":[\"DESTAQUE DO DIA\",\"ECONOMIA \/ POL\u00cdTICA\"],\"inLanguage\":\"pt-BR\"},{\"@type\":\"WebPage\",\"@id\":\"https:\/\/bahiaeconomica.com.br\/wp\/2019\/12\/28\/roger-quer-lateral-esquerdo-com-maior-poder-ofensivo-em-2020\/\",\"url\":\"https:\/\/bahiaeconomica.com.br\/wp\/2019\/12\/28\/roger-quer-lateral-esquerdo-com-maior-poder-ofensivo-em-2020\/\",\"name\":\"ROGER QUER LATERAL ESQUERDO COM MAIOR PODER OFENSIVO EM 2020 - Bahia Economica\",\"isPartOf\":{\"@id\":\"https:\/\/bahiaeconomica.com.br\/wp\/#website\"},\"datePublished\":\"2019-12-28T12:20:58+00:00\",\"dateModified\":\"2019-12-28T00:22:41+00:00\",\"description\":\"O maior portal de Economia da Bahia DESTAQUE DO DIA, ECONOMIA \/ POL\u00cdTICA Bahia Economica\",\"breadcrumb\":{\"@id\":\"https:\/\/bahiaeconomica.com.br\/wp\/2019\/12\/28\/roger-quer-lateral-esquerdo-com-maior-poder-ofensivo-em-2020\/#breadcrumb\"},\"inLanguage\":\"pt-BR\",\"potentialAction\":[{\"@type\":\"ReadAction\",\"target\":[\"https:\/\/bahiaeconomica.com.br\/wp\/2019\/12\/28\/roger-quer-lateral-esquerdo-com-maior-poder-ofensivo-em-2020\/\"]}]},{\"@type\":\"BreadcrumbList\",\"@id\":\"https:\/\/bahiaeconomica.com.br\/wp\/2019\/12\/28\/roger-quer-lateral-esquerdo-com-maior-poder-ofensivo-em-2020\/#breadcrumb\",\"itemListElement\":[{\"@type\":\"ListItem\",\"position\":1,\"name\":\"In\u00edcio\",\"item\":\"https:\/\/bahiaeconomica.com.br\/wp\/\"},{\"@type\":\"ListItem\",\"position\":2,\"name\":\"ROGER QUER LATERAL ESQUERDO COM MAIOR PODER OFENSIVO EM 2020\"}]},{\"@type\":\"WebSite\",\"@id\":\"https:\/\/bahiaeconomica.com.br\/wp\/#website\",\"url\":\"https:\/\/bahiaeconomica.com.br\/wp\/\",\"name\":\"Bahia Economica\",\"description\":\"O maior portal de Economia da Bahia\",\"publisher\":{\"@id\":\"https:\/\/bahiaeconomica.com.br\/wp\/#organization\"},\"potentialAction\":[{\"@type\":\"SearchAction\",\"target\":{\"@type\":\"EntryPoint\",\"urlTemplate\":\"https:\/\/bahiaeconomica.com.br\/wp\/?s={search_term_string}\"},\"query-input\":\"required name=search_term_string\"}],\"inLanguage\":\"pt-BR\"},{\"@type\":\"Organization\",\"@id\":\"https:\/\/bahiaeconomica.com.br\/wp\/#organization\",\"name\":\"Bahia Econ\u00f4mica\",\"url\":\"https:\/\/bahiaeconomica.com.br\/wp\/\",\"logo\":{\"@type\":\"ImageObject\",\"inLanguage\":\"pt-BR\",\"@id\":\"https:\/\/bahiaeconomica.com.br\/wp\/#\/schema\/logo\/image\/\",\"url\":\"https:\/\/bahiaeconomica.com.br\/wp\/wp-content\/uploads\/2020\/12\/cropped-BE.png\",\"contentUrl\":\"https:\/\/bahiaeconomica.com.br\/wp\/wp-content\/uploads\/2020\/12\/cropped-BE.png\",\"width\":512,\"height\":512,\"caption\":\"Bahia Econ\u00f4mica\"},\"image\":{\"@id\":\"https:\/\/bahiaeconomica.com.br\/wp\/#\/schema\/logo\/image\/\"},\"sameAs\":[\"https:\/\/www.facebook.com\/bahiaeconomica\"]},{\"@type\":\"Person\",\"@id\":\"https:\/\/bahiaeconomica.com.br\/wp\/#\/schema\/person\/cb1ab5ba96ad3d9390805381c76284ec\",\"name\":\"admin\",\"url\":\"https:\/\/bahiaeconomica.com.br\/wp\/author\/admin\/\"}]}<\/script>\n<!-- \/ Yoast SEO plugin. -->","yoast_head_json":{"title":"ROGER QUER LATERAL ESQUERDO COM MAIOR PODER OFENSIVO EM 2020 - Bahia Economica","description":"O maior portal de Economia da Bahia DESTAQUE DO DIA, ECONOMIA \/ POL\u00cdTICA Bahia Economica","robots":{"index":"index","follow":"follow","max-snippet":"max-snippet:-1","max-image-preview":"max-image-preview:large","max-video-preview":"max-video-preview:-1"},"canonical":"https:\/\/bahiaeconomica.com.br\/wp\/2019\/12\/28\/roger-quer-lateral-esquerdo-com-maior-poder-ofensivo-em-2020\/","og_locale":"pt_BR","og_type":"article","og_title":"ROGER QUER LATERAL ESQUERDO COM MAIOR PODER OFENSIVO EM 2020 - Bahia Economica","og_description":"O maior portal de Economia da Bahia DESTAQUE DO DIA, ECONOMIA \/ POL\u00cdTICA Bahia Economica","og_url":"https:\/\/bahiaeconomica.com.br\/wp\/2019\/12\/28\/roger-quer-lateral-esquerdo-com-maior-poder-ofensivo-em-2020\/","og_site_name":"Bahia Economica","article_publisher":"https:\/\/www.facebook.com\/bahiaeconomica","article_published_time":"2019-12-28T12:20:58+00:00","article_modified_time":"2019-12-28T00:22:41+00:00","og_image":[{"width":400,"height":266,"url":"https:\/\/bahiaeconomica.com.br\/wp\/wp-content\/uploads\/2019\/11\/roger-machado-DIVULGA\u00c7\u00c3O-bahia.jpg","type":"image\/jpeg"}],"author":"admin","twitter_card":"summary_large_image","twitter_misc":{"Escrito por":"admin","Est. tempo de leitura":"3 minutos"},"schema":{"@context":"https:\/\/schema.org","@graph":[{"@type":"Article","@id":"https:\/\/bahiaeconomica.com.br\/wp\/2019\/12\/28\/roger-quer-lateral-esquerdo-com-maior-poder-ofensivo-em-2020\/#article","isPartOf":{"@id":"https:\/\/bahiaeconomica.com.br\/wp\/2019\/12\/28\/roger-quer-lateral-esquerdo-com-maior-poder-ofensivo-em-2020\/"},"author":{"name":"admin","@id":"https:\/\/bahiaeconomica.com.br\/wp\/#\/schema\/person\/cb1ab5ba96ad3d9390805381c76284ec"},"headline":"ROGER QUER LATERAL ESQUERDO COM MAIOR PODER OFENSIVO EM 2020","datePublished":"2019-12-28T12:20:58+00:00","dateModified":"2019-12-28T00:22:41+00:00","mainEntityOfPage":{"@id":"https:\/\/bahiaeconomica.com.br\/wp\/2019\/12\/28\/roger-quer-lateral-esquerdo-com-maior-poder-ofensivo-em-2020\/"},"wordCount":541,"publisher":{"@id":"https:\/\/bahiaeconomica.com.br\/wp\/#organization"},"articleSection":["DESTAQUE DO DIA","ECONOMIA \/ POL\u00cdTICA"],"inLanguage":"pt-BR"},{"@type":"WebPage","@id":"https:\/\/bahiaeconomica.com.br\/wp\/2019\/12\/28\/roger-quer-lateral-esquerdo-com-maior-poder-ofensivo-em-2020\/","url":"https:\/\/bahiaeconomica.com.br\/wp\/2019\/12\/28\/roger-quer-lateral-esquerdo-com-maior-poder-ofensivo-em-2020\/","name":"ROGER QUER LATERAL ESQUERDO COM MAIOR PODER OFENSIVO EM 2020 - Bahia Economica","isPartOf":{"@id":"https:\/\/bahiaeconomica.com.br\/wp\/#website"},"datePublished":"2019-12-28T12:20:58+00:00","dateModified":"2019-12-28T00:22:41+00:00","description":"O maior portal de Economia da Bahia DESTAQUE DO DIA, ECONOMIA \/ POL\u00cdTICA Bahia Economica","breadcrumb":{"@id":"https:\/\/bahiaeconomica.com.br\/wp\/2019\/12\/28\/roger-quer-lateral-esquerdo-com-maior-poder-ofensivo-em-2020\/#breadcrumb"},"inLanguage":"pt-BR","potentialAction":[{"@type":"ReadAction","target":["https:\/\/bahiaeconomica.com.br\/wp\/2019\/12\/28\/roger-quer-lateral-esquerdo-com-maior-poder-ofensivo-em-2020\/"]}]},{"@type":"BreadcrumbList","@id":"https:\/\/bahiaeconomica.com.br\/wp\/2019\/12\/28\/roger-quer-lateral-esquerdo-com-maior-poder-ofensivo-em-2020\/#breadcrumb","itemListElement":[{"@type":"ListItem","position":1,"name":"In\u00edcio","item":"https:\/\/bahiaeconomica.com.br\/wp\/"},{"@type":"ListItem","position":2,"name":"ROGER QUER LATERAL ESQUERDO COM MAIOR PODER OFENSIVO EM 2020"}]},{"@type":"WebSite","@id":"https:\/\/bahiaeconomica.com.br\/wp\/#website","url":"https:\/\/bahiaeconomica.com.br\/wp\/","name":"Bahia Economica","description":"O maior portal de Economia da Bahia","publisher":{"@id":"https:\/\/bahiaeconomica.com.br\/wp\/#organization"},"potentialAction":[{"@type":"SearchAction","target":{"@type":"EntryPoint","urlTemplate":"https:\/\/bahiaeconomica.com.br\/wp\/?s={search_term_string}"},"query-input":"required name=search_term_string"}],"inLanguage":"pt-BR"},{"@type":"Organization","@id":"https:\/\/bahiaeconomica.com.br\/wp\/#organization","name":"Bahia Econ\u00f4mica","url":"https:\/\/bahiaeconomica.com.br\/wp\/","logo":{"@type":"ImageObject","inLanguage":"pt-BR","@id":"https:\/\/bahiaeconomica.com.br\/wp\/#\/schema\/logo\/image\/","url":"https:\/\/bahiaeconomica.com.br\/wp\/wp-content\/uploads\/2020\/12\/cropped-BE.png","contentUrl":"https:\/\/bahiaeconomica.com.br\/wp\/wp-content\/uploads\/2020\/12\/cropped-BE.png","width":512,"height":512,"caption":"Bahia Econ\u00f4mica"},"image":{"@id":"https:\/\/bahiaeconomica.com.br\/wp\/#\/schema\/logo\/image\/"},"sameAs":["https:\/\/www.facebook.com\/bahiaeconomica"]},{"@type":"Person","@id":"https:\/\/bahiaeconomica.com.br\/wp\/#\/schema\/person\/cb1ab5ba96ad3d9390805381c76284ec","name":"admin","url":"https:\/\/bahiaeconomica.com.br\/wp\/author\/admin\/"}]}},"views":1,"_links":{"self":[{"href":"https:\/\/bahiaeconomica.com.br\/wp\/wp-json\/wp\/v2\/posts\/429408"}],"collection":[{"href":"https:\/\/bahiaeconomica.com.br\/wp\/wp-json\/wp\/v2\/posts"}],"about":[{"href":"https:\/\/bahiaeconomica.com.br\/wp\/wp-json\/wp\/v2\/types\/post"}],"author":[{"embeddable":true,"href":"https:\/\/bahiaeconomica.com.br\/wp\/wp-json\/wp\/v2\/users\/1"}],"replies":[{"embeddable":true,"href":"https:\/\/bahiaeconomica.com.br\/wp\/wp-json\/wp\/v2\/comments?post=429408"}],"version-history":[{"count":1,"href":"https:\/\/bahiaeconomica.com.br\/wp\/wp-json\/wp\/v2\/posts\/429408\/revisions"}],"predecessor-version":[{"id":429412,"href":"https:\/\/bahiaeconomica.com.br\/wp\/wp-json\/wp\/v2\/posts\/429408\/revisions\/429412"}],"wp:featuredmedia":[{"embeddable":true,"href":"https:\/\/bahiaeconomica.com.br\/wp\/wp-json\/wp\/v2\/media\/414972"}],"wp:attachment":[{"href":"https:\/\/bahiaeconomica.com.br\/wp\/wp-json\/wp\/v2\/media?parent=429408"}],"wp:term":[{"taxonomy":"category","embeddable":true,"href":"https:\/\/bahiaeconomica.com.br\/wp\/wp-json\/wp\/v2\/categories?post=429408"},{"taxonomy":"post_tag","embeddable":true,"href":"https:\/\/bahiaeconomica.com.br\/wp\/wp-json\/wp\/v2\/tags?post=429408"}],"curies":[{"name":"wp","href":"https:\/\/api.w.org\/{rel}","templated":true}]}}