{"id":428158,"date":"2019-12-20T07:17:05","date_gmt":"2019-12-20T10:17:05","guid":{"rendered":"https:\/\/bahiaeconomica.com.br\/wp\/beta\/?p=428158"},"modified":"2019-12-20T07:17:05","modified_gmt":"2019-12-20T10:17:05","slug":"advogado-paulo-klein-deixa-a-defesa-de-fabricio-queiroz","status":"publish","type":"post","link":"https:\/\/bahiaeconomica.com.br\/wp\/2019\/12\/20\/advogado-paulo-klein-deixa-a-defesa-de-fabricio-queiroz\/","title":{"rendered":"ADVOGADO PAULO KLEIN DEIXA A DEFESA DE FABR\u00cdCIO QUEIROZ"},"content":{"rendered":"<p>O advogado Paulo Klein, que representava Fabr\u00edcio Queiroz, deixou o caso hoje (19) um dia depois do ex-assessor parlamentar ser alvo de buscas e apreens\u00f5es no inqu\u00e9rito <!--more-->que apura suposto esquema de &#8220;rachadinhas&#8221; no gabinete do ent\u00e3o deputado estadual e hoje senador Fl\u00e1vio Bolsonaro na Assembleia Legislativa do Rio de Janeiro. \u201cPaulo Klein, advogado do senhor Fabr\u00edcio Queiroz, vem por meio desta nota informar que n\u00e3o mais representa os interesses dele e de sua respectiva fam\u00edlia, por quest\u00f5es de foro \u00edntimo, nada obstante tenha plena e absoluta convic\u00e7\u00e3o da inoc\u00eancia deles com rela\u00e7\u00e3o aos fatos ora investigados pelo Minist\u00e9rio P\u00fablico\u201d, afirma o advogado, em nota encaminhada \u00e0 imprensa.<\/p>\n<p>Foto: divulga\u00e7\u00e3o<\/p>\n","protected":false},"excerpt":{"rendered":"<p>O advogado Paulo Klein, que representava Fabr\u00edcio Queiroz, deixou o caso hoje (19) um dia depois do ex-assessor parlamentar ser alvo de buscas e apreens\u00f5es no inqu\u00e9rito<\/p>\n","protected":false},"author":1,"featured_media":277471,"comment_status":"closed","ping_status":"closed","sticky":false,"template":"","format":"standard","meta":[],"categories":[14,3],"tags":[],"acf":[],"yoast_head":"<!-- This site is optimized with the Yoast SEO plugin v20.8 - https:\/\/yoast.com\/wordpress\/plugins\/seo\/ -->\n<title>ADVOGADO PAULO KLEIN DEIXA A DEFESA DE FABR\u00cdCIO QUEIROZ - Bahia Economica<\/title>\n<meta name=\"description\" content=\"O maior portal de Economia da Bahia DESTAQUE DO DIA, ECONOMIA \/ POL\u00cdTICA Bahia Economica\" \/>\n<meta name=\"robots\" content=\"index, follow, max-snippet:-1, max-image-preview:large, max-video-preview:-1\" \/>\n<link rel=\"canonical\" href=\"https:\/\/bahiaeconomica.com.br\/wp\/2019\/12\/20\/advogado-paulo-klein-deixa-a-defesa-de-fabricio-queiroz\/\" \/>\n<meta property=\"og:locale\" content=\"pt_BR\" \/>\n<meta property=\"og:type\" content=\"article\" \/>\n<meta property=\"og:title\" content=\"ADVOGADO PAULO KLEIN DEIXA A DEFESA DE FABR\u00cdCIO QUEIROZ - Bahia Economica\" \/>\n<meta property=\"og:description\" content=\"O maior portal de Economia da Bahia DESTAQUE DO DIA, ECONOMIA \/ POL\u00cdTICA Bahia Economica\" \/>\n<meta property=\"og:url\" content=\"https:\/\/bahiaeconomica.com.br\/wp\/2019\/12\/20\/advogado-paulo-klein-deixa-a-defesa-de-fabricio-queiroz\/\" \/>\n<meta property=\"og:site_name\" content=\"Bahia Economica\" \/>\n<meta property=\"article:publisher\" content=\"https:\/\/www.facebook.com\/bahiaeconomica\" \/>\n<meta property=\"article:published_time\" content=\"2019-12-20T10:17:05+00:00\" \/>\n<meta property=\"og:image\" content=\"https:\/\/bahiaeconomica.com.br\/wp\/wp-content\/uploads\/2019\/02\/69290ex-assessor-diz-que-dava-23-do-salario-a-queiroz-3.jpg\" \/>\n\t<meta property=\"og:image:width\" content=\"500\" \/>\n\t<meta property=\"og:image:height\" content=\"300\" \/>\n\t<meta property=\"og:image:type\" content=\"image\/jpeg\" \/>\n<meta name=\"author\" content=\"admin\" \/>\n<meta name=\"twitter:card\" content=\"summary_large_image\" \/>\n<meta name=\"twitter:label1\" content=\"Escrito por\" \/>\n\t<meta name=\"twitter:data1\" content=\"admin\" \/>\n\t<meta name=\"twitter:label2\" content=\"Est. tempo de leitura\" \/>\n\t<meta name=\"twitter:data2\" content=\"1 minuto\" \/>\n<script type=\"application\/ld+json\" class=\"yoast-schema-graph\">{\"@context\":\"https:\/\/schema.org\",\"@graph\":[{\"@type\":\"Article\",\"@id\":\"https:\/\/bahiaeconomica.com.br\/wp\/2019\/12\/20\/advogado-paulo-klein-deixa-a-defesa-de-fabricio-queiroz\/#article\",\"isPartOf\":{\"@id\":\"https:\/\/bahiaeconomica.com.br\/wp\/2019\/12\/20\/advogado-paulo-klein-deixa-a-defesa-de-fabricio-queiroz\/\"},\"author\":{\"name\":\"admin\",\"@id\":\"https:\/\/bahiaeconomica.com.br\/wp\/#\/schema\/person\/cb1ab5ba96ad3d9390805381c76284ec\"},\"headline\":\"ADVOGADO PAULO KLEIN DEIXA A DEFESA DE FABR\u00cdCIO QUEIROZ\",\"datePublished\":\"2019-12-20T10:17:05+00:00\",\"dateModified\":\"2019-12-20T10:17:05+00:00\",\"mainEntityOfPage\":{\"@id\":\"https:\/\/bahiaeconomica.com.br\/wp\/2019\/12\/20\/advogado-paulo-klein-deixa-a-defesa-de-fabricio-queiroz\/\"},\"wordCount\":133,\"publisher\":{\"@id\":\"https:\/\/bahiaeconomica.com.br\/wp\/#organization\"},\"articleSection\":[\"DESTAQUE DO DIA\",\"ECONOMIA \/ POL\u00cdTICA\"],\"inLanguage\":\"pt-BR\"},{\"@type\":\"WebPage\",\"@id\":\"https:\/\/bahiaeconomica.com.br\/wp\/2019\/12\/20\/advogado-paulo-klein-deixa-a-defesa-de-fabricio-queiroz\/\",\"url\":\"https:\/\/bahiaeconomica.com.br\/wp\/2019\/12\/20\/advogado-paulo-klein-deixa-a-defesa-de-fabricio-queiroz\/\",\"name\":\"ADVOGADO PAULO KLEIN DEIXA A DEFESA DE FABR\u00cdCIO QUEIROZ - Bahia Economica\",\"isPartOf\":{\"@id\":\"https:\/\/bahiaeconomica.com.br\/wp\/#website\"},\"datePublished\":\"2019-12-20T10:17:05+00:00\",\"dateModified\":\"2019-12-20T10:17:05+00:00\",\"description\":\"O maior portal de Economia da Bahia DESTAQUE DO DIA, ECONOMIA \/ POL\u00cdTICA Bahia Economica\",\"breadcrumb\":{\"@id\":\"https:\/\/bahiaeconomica.com.br\/wp\/2019\/12\/20\/advogado-paulo-klein-deixa-a-defesa-de-fabricio-queiroz\/#breadcrumb\"},\"inLanguage\":\"pt-BR\",\"potentialAction\":[{\"@type\":\"ReadAction\",\"target\":[\"https:\/\/bahiaeconomica.com.br\/wp\/2019\/12\/20\/advogado-paulo-klein-deixa-a-defesa-de-fabricio-queiroz\/\"]}]},{\"@type\":\"BreadcrumbList\",\"@id\":\"https:\/\/bahiaeconomica.com.br\/wp\/2019\/12\/20\/advogado-paulo-klein-deixa-a-defesa-de-fabricio-queiroz\/#breadcrumb\",\"itemListElement\":[{\"@type\":\"ListItem\",\"position\":1,\"name\":\"In\u00edcio\",\"item\":\"https:\/\/bahiaeconomica.com.br\/wp\/\"},{\"@type\":\"ListItem\",\"position\":2,\"name\":\"ADVOGADO PAULO KLEIN DEIXA A DEFESA DE FABR\u00cdCIO QUEIROZ\"}]},{\"@type\":\"WebSite\",\"@id\":\"https:\/\/bahiaeconomica.com.br\/wp\/#website\",\"url\":\"https:\/\/bahiaeconomica.com.br\/wp\/\",\"name\":\"Bahia Economica\",\"description\":\"O maior portal de Economia da Bahia\",\"publisher\":{\"@id\":\"https:\/\/bahiaeconomica.com.br\/wp\/#organization\"},\"potentialAction\":[{\"@type\":\"SearchAction\",\"target\":{\"@type\":\"EntryPoint\",\"urlTemplate\":\"https:\/\/bahiaeconomica.com.br\/wp\/?s={search_term_string}\"},\"query-input\":\"required name=search_term_string\"}],\"inLanguage\":\"pt-BR\"},{\"@type\":\"Organization\",\"@id\":\"https:\/\/bahiaeconomica.com.br\/wp\/#organization\",\"name\":\"Bahia Econ\u00f4mica\",\"url\":\"https:\/\/bahiaeconomica.com.br\/wp\/\",\"logo\":{\"@type\":\"ImageObject\",\"inLanguage\":\"pt-BR\",\"@id\":\"https:\/\/bahiaeconomica.com.br\/wp\/#\/schema\/logo\/image\/\",\"url\":\"https:\/\/bahiaeconomica.com.br\/wp\/wp-content\/uploads\/2020\/12\/cropped-BE.png\",\"contentUrl\":\"https:\/\/bahiaeconomica.com.br\/wp\/wp-content\/uploads\/2020\/12\/cropped-BE.png\",\"width\":512,\"height\":512,\"caption\":\"Bahia Econ\u00f4mica\"},\"image\":{\"@id\":\"https:\/\/bahiaeconomica.com.br\/wp\/#\/schema\/logo\/image\/\"},\"sameAs\":[\"https:\/\/www.facebook.com\/bahiaeconomica\"]},{\"@type\":\"Person\",\"@id\":\"https:\/\/bahiaeconomica.com.br\/wp\/#\/schema\/person\/cb1ab5ba96ad3d9390805381c76284ec\",\"name\":\"admin\",\"url\":\"https:\/\/bahiaeconomica.com.br\/wp\/author\/admin\/\"}]}<\/script>\n<!-- \/ Yoast SEO plugin. -->","yoast_head_json":{"title":"ADVOGADO PAULO KLEIN DEIXA A DEFESA DE FABR\u00cdCIO QUEIROZ - Bahia Economica","description":"O maior portal de Economia da Bahia DESTAQUE DO DIA, ECONOMIA \/ POL\u00cdTICA Bahia Economica","robots":{"index":"index","follow":"follow","max-snippet":"max-snippet:-1","max-image-preview":"max-image-preview:large","max-video-preview":"max-video-preview:-1"},"canonical":"https:\/\/bahiaeconomica.com.br\/wp\/2019\/12\/20\/advogado-paulo-klein-deixa-a-defesa-de-fabricio-queiroz\/","og_locale":"pt_BR","og_type":"article","og_title":"ADVOGADO PAULO KLEIN DEIXA A DEFESA DE FABR\u00cdCIO QUEIROZ - Bahia Economica","og_description":"O maior portal de Economia da Bahia DESTAQUE DO DIA, ECONOMIA \/ POL\u00cdTICA Bahia Economica","og_url":"https:\/\/bahiaeconomica.com.br\/wp\/2019\/12\/20\/advogado-paulo-klein-deixa-a-defesa-de-fabricio-queiroz\/","og_site_name":"Bahia Economica","article_publisher":"https:\/\/www.facebook.com\/bahiaeconomica","article_published_time":"2019-12-20T10:17:05+00:00","og_image":[{"width":500,"height":300,"url":"https:\/\/bahiaeconomica.com.br\/wp\/wp-content\/uploads\/2019\/02\/69290ex-assessor-diz-que-dava-23-do-salario-a-queiroz-3.jpg","type":"image\/jpeg"}],"author":"admin","twitter_card":"summary_large_image","twitter_misc":{"Escrito por":"admin","Est. tempo de leitura":"1 minuto"},"schema":{"@context":"https:\/\/schema.org","@graph":[{"@type":"Article","@id":"https:\/\/bahiaeconomica.com.br\/wp\/2019\/12\/20\/advogado-paulo-klein-deixa-a-defesa-de-fabricio-queiroz\/#article","isPartOf":{"@id":"https:\/\/bahiaeconomica.com.br\/wp\/2019\/12\/20\/advogado-paulo-klein-deixa-a-defesa-de-fabricio-queiroz\/"},"author":{"name":"admin","@id":"https:\/\/bahiaeconomica.com.br\/wp\/#\/schema\/person\/cb1ab5ba96ad3d9390805381c76284ec"},"headline":"ADVOGADO PAULO KLEIN DEIXA A DEFESA DE FABR\u00cdCIO QUEIROZ","datePublished":"2019-12-20T10:17:05+00:00","dateModified":"2019-12-20T10:17:05+00:00","mainEntityOfPage":{"@id":"https:\/\/bahiaeconomica.com.br\/wp\/2019\/12\/20\/advogado-paulo-klein-deixa-a-defesa-de-fabricio-queiroz\/"},"wordCount":133,"publisher":{"@id":"https:\/\/bahiaeconomica.com.br\/wp\/#organization"},"articleSection":["DESTAQUE DO DIA","ECONOMIA \/ POL\u00cdTICA"],"inLanguage":"pt-BR"},{"@type":"WebPage","@id":"https:\/\/bahiaeconomica.com.br\/wp\/2019\/12\/20\/advogado-paulo-klein-deixa-a-defesa-de-fabricio-queiroz\/","url":"https:\/\/bahiaeconomica.com.br\/wp\/2019\/12\/20\/advogado-paulo-klein-deixa-a-defesa-de-fabricio-queiroz\/","name":"ADVOGADO PAULO KLEIN DEIXA A DEFESA DE FABR\u00cdCIO QUEIROZ - Bahia Economica","isPartOf":{"@id":"https:\/\/bahiaeconomica.com.br\/wp\/#website"},"datePublished":"2019-12-20T10:17:05+00:00","dateModified":"2019-12-20T10:17:05+00:00","description":"O maior portal de Economia da Bahia DESTAQUE DO DIA, ECONOMIA \/ POL\u00cdTICA Bahia Economica","breadcrumb":{"@id":"https:\/\/bahiaeconomica.com.br\/wp\/2019\/12\/20\/advogado-paulo-klein-deixa-a-defesa-de-fabricio-queiroz\/#breadcrumb"},"inLanguage":"pt-BR","potentialAction":[{"@type":"ReadAction","target":["https:\/\/bahiaeconomica.com.br\/wp\/2019\/12\/20\/advogado-paulo-klein-deixa-a-defesa-de-fabricio-queiroz\/"]}]},{"@type":"BreadcrumbList","@id":"https:\/\/bahiaeconomica.com.br\/wp\/2019\/12\/20\/advogado-paulo-klein-deixa-a-defesa-de-fabricio-queiroz\/#breadcrumb","itemListElement":[{"@type":"ListItem","position":1,"name":"In\u00edcio","item":"https:\/\/bahiaeconomica.com.br\/wp\/"},{"@type":"ListItem","position":2,"name":"ADVOGADO PAULO KLEIN DEIXA A DEFESA DE FABR\u00cdCIO QUEIROZ"}]},{"@type":"WebSite","@id":"https:\/\/bahiaeconomica.com.br\/wp\/#website","url":"https:\/\/bahiaeconomica.com.br\/wp\/","name":"Bahia Economica","description":"O maior portal de Economia da Bahia","publisher":{"@id":"https:\/\/bahiaeconomica.com.br\/wp\/#organization"},"potentialAction":[{"@type":"SearchAction","target":{"@type":"EntryPoint","urlTemplate":"https:\/\/bahiaeconomica.com.br\/wp\/?s={search_term_string}"},"query-input":"required name=search_term_string"}],"inLanguage":"pt-BR"},{"@type":"Organization","@id":"https:\/\/bahiaeconomica.com.br\/wp\/#organization","name":"Bahia Econ\u00f4mica","url":"https:\/\/bahiaeconomica.com.br\/wp\/","logo":{"@type":"ImageObject","inLanguage":"pt-BR","@id":"https:\/\/bahiaeconomica.com.br\/wp\/#\/schema\/logo\/image\/","url":"https:\/\/bahiaeconomica.com.br\/wp\/wp-content\/uploads\/2020\/12\/cropped-BE.png","contentUrl":"https:\/\/bahiaeconomica.com.br\/wp\/wp-content\/uploads\/2020\/12\/cropped-BE.png","width":512,"height":512,"caption":"Bahia Econ\u00f4mica"},"image":{"@id":"https:\/\/bahiaeconomica.com.br\/wp\/#\/schema\/logo\/image\/"},"sameAs":["https:\/\/www.facebook.com\/bahiaeconomica"]},{"@type":"Person","@id":"https:\/\/bahiaeconomica.com.br\/wp\/#\/schema\/person\/cb1ab5ba96ad3d9390805381c76284ec","name":"admin","url":"https:\/\/bahiaeconomica.com.br\/wp\/author\/admin\/"}]}},"views":1,"_links":{"self":[{"href":"https:\/\/bahiaeconomica.com.br\/wp\/wp-json\/wp\/v2\/posts\/428158"}],"collection":[{"href":"https:\/\/bahiaeconomica.com.br\/wp\/wp-json\/wp\/v2\/posts"}],"about":[{"href":"https:\/\/bahiaeconomica.com.br\/wp\/wp-json\/wp\/v2\/types\/post"}],"author":[{"embeddable":true,"href":"https:\/\/bahiaeconomica.com.br\/wp\/wp-json\/wp\/v2\/users\/1"}],"replies":[{"embeddable":true,"href":"https:\/\/bahiaeconomica.com.br\/wp\/wp-json\/wp\/v2\/comments?post=428158"}],"version-history":[{"count":1,"href":"https:\/\/bahiaeconomica.com.br\/wp\/wp-json\/wp\/v2\/posts\/428158\/revisions"}],"predecessor-version":[{"id":428162,"href":"https:\/\/bahiaeconomica.com.br\/wp\/wp-json\/wp\/v2\/posts\/428158\/revisions\/428162"}],"wp:featuredmedia":[{"embeddable":true,"href":"https:\/\/bahiaeconomica.com.br\/wp\/wp-json\/wp\/v2\/media\/277471"}],"wp:attachment":[{"href":"https:\/\/bahiaeconomica.com.br\/wp\/wp-json\/wp\/v2\/media?parent=428158"}],"wp:term":[{"taxonomy":"category","embeddable":true,"href":"https:\/\/bahiaeconomica.com.br\/wp\/wp-json\/wp\/v2\/categories?post=428158"},{"taxonomy":"post_tag","embeddable":true,"href":"https:\/\/bahiaeconomica.com.br\/wp\/wp-json\/wp\/v2\/tags?post=428158"}],"curies":[{"name":"wp","href":"https:\/\/api.w.org\/{rel}","templated":true}]}}