{"id":428123,"date":"2019-12-19T19:58:35","date_gmt":"2019-12-19T22:58:35","guid":{"rendered":"https:\/\/bahiaeconomica.com.br\/wp\/beta\/?p=428123"},"modified":"2019-12-19T19:36:28","modified_gmt":"2019-12-19T22:36:28","slug":"confira-os-horarios-especiais-dos-principais-shoppings-de-salvador-nos-proximos-dias","status":"publish","type":"post","link":"https:\/\/bahiaeconomica.com.br\/wp\/2019\/12\/19\/confira-os-horarios-especiais-dos-principais-shoppings-de-salvador-nos-proximos-dias\/","title":{"rendered":"SHOPPINGS DE SALVADOR T\u00caM HOR\u00c1RIO ESPECIAL; CONFIRA"},"content":{"rendered":"<p>Os principais shoppings da capital baiana funcionam em hor\u00e1rios especiais nos pr\u00f3ximos dias, \u00e0s v\u00e9speras do Natal. Confira os <!--more-->hor\u00e1rios de funcionamento e promo\u00e7\u00f5es especiais:<\/p>\n<p><strong>Shopping Barra<\/strong><br \/>\nO centro de compras tem hor\u00e1rio especial nos dias 19 e 20, quando as lojas passam a funcionar das 09 \u00e0s 23h. Nos dias 22 e 23, o atendimento vai das 09 \u00e0s 0h. J\u00e1 no dia 24, vespera de Natal, o shopping funciona das 09 \u00e0s 18h. No dia 25\/12, lojas fechadas. pra\u00e7a de alimenta\u00e7\u00e3o, Barra Gourmet, Madero e Mamma Jamma ter\u00e3o o funcionamento facultativo.<\/p>\n<p><strong>Shopping Bela Vista<\/strong><br \/>\nNo per\u00edodo entre 16 e 20 de dezembro (segunda a sexta), o empreendimento ficar\u00e1 aberto por mais tempo, das 9h \u00e0s 23h. J\u00e1 nos dias anteriores ao natal, de 21\/12 a 23\/12 (s\u00e1bado a segunda), o Bela Vista fechar\u00e1 ainda mais tarde, para atender \u00e0s necessidades de todos os clientes, das 9h \u00e0 0h. Na v\u00e9spera de Natal (24\/12), o funcionamento ser\u00e1 das 9h \u00e0s 18h; e no dia de Natal (25\/12), as lojas e quiosques estar\u00e3o fechados, enquanto Pra\u00e7a de Alimenta\u00e7\u00e3o e espa\u00e7os de lazer funcionar\u00e3o facultativamente, das 12h \u00e0s 21h.<\/p>\n<p><strong>Shopping Cajazeiras<\/strong><br \/>\nNos dias 24 e 31 de dezembro, as lojas abrem das 9h \u00e0s 16h e Pra\u00e7a de Alimenta\u00e7\u00e3o, das 10h \u00e0s 16h. Nos dias 25 de dezembro e 1\u00ba de janeiro de 2020, o empreendimento estar\u00e1 fechado. Nas demais datas, hor\u00e1rio normal de funcionamento, de 9h \u00e0s 21h<\/p>\n<p><strong>Shopping Center Lapa<\/strong><br \/>\nO centro de compras funciona no dia 22\/12 (domingo) das 09h \u00e0s 19h; no dia 23\/12 (segunda-feira) das 08h \u00e0s 21h e na v\u00e9spera de Natal, em 24\/12 (ter\u00e7a-feira) das 08h \u00e0s 17h. No dia 25, lojas fechadas.<\/p>\n<p><strong>Shopping da Bahia<\/strong><br \/>\nO Shopping da Bahia vai realizar, pelo 19\u00ba ano, o tradicional Plant\u00e3o 32 horas, que mant\u00e9m o shopping aberto das 09h do dia 23 de dezembro at\u00e9 as 18h do dia 24 de dezembro. Al\u00e9m do \u2018plant\u00e3o\u2019, desde o \u00faltimo dia 18 e at\u00e9 o dia 20 as lojas funcionam de 09 \u00e0s 23h. Nos dias 21 e 22, o funcionamento \u00e9 estendido e vai das 09 \u00e0s 0h. Ap\u00f3s o virad\u00e3o, no dia 25, as lojas estar\u00e3o fechadas.<\/p>\n<p><strong>Shopping Itaigara<\/strong><br \/>\nNeste domingo, 22, o shopping estar\u00e1 aberto das 9h \u00e0s 21h. Na quarta-feira, dia 24, v\u00e9spera do Natal, o hor\u00e1rio de funcionamento ser\u00e1 das 9h \u00e0s 17h. Lojas fechadas no dia 25<\/p>\n<p><strong>Shopping Paralela<\/strong><br \/>\nO Shopping Paralela tem hor\u00e1rio especial de funcionamento a partir do dia 18\/12 at\u00e9 o dia 20\/12 (quarta, quinta e sexta), quando vai funcionar das 9h \u00e0s 23h. Dos dias 21 a 23 (s\u00e1bado, domingo e segunda), o centro de compras atende de 9h \u00e0 meia-noite. Na v\u00e9spera do Natal (24\/12, ter\u00e7a-feira), o shopping abre das 8h \u00e0s 18h. No feriado do dia 25\/12 (quarta-feira), as lojas estar\u00e3o fechadas e a pra\u00e7a de alimenta\u00e7\u00e3o e as atra\u00e7\u00f5es de lazer funcionam das 12h \u00e0s 21h (facultativo).<\/p>\n<p><strong>Shopping Paseo<\/strong><br \/>\nO centro de compras tem funcionamento normal no dia 23\/12, indo das&nbsp; 9h \u00e0s 21h. Na v\u00e9spera de Natal, no dia 24, as lojas, servi\u00e7os e alimenta\u00e7\u00e3o, funcionam das 9h \u00e0s 17h. J\u00e1 no dia 25, lojas e servi\u00e7os est\u00e3o fechados. Alimenta\u00e7\u00e3o, a partir 12h (opcional); cinema vai funcionar normalmente, das 9h \u00e0s 21h.<\/p>\n<p><strong>Shopping Piedade<\/strong><br \/>\nDo dia 18 a 21 de dezembro, o Shopping Piedade vai estender o seu hor\u00e1rio de funcionamento, das 9h \u00e0s 22h e no dia 22 de dezembro, das 9h \u00e0s 19h. J\u00e1 dia 23 de dezembro (segunda-feira) o Shopping abrir\u00e1 das 9h \u00e0s 22h. Na v\u00e9spera do Natal, no dia 24 dezembro, funcionar\u00e1 das 9h \u00e0s 18h e no dia 25 de dezembro (Natal) estar\u00e1 fechado.<\/p>\n<p><strong>Salvador Shopping<\/strong><br \/>\nO centro de compras tem hor\u00e1rio especial a partir do dia 18, quando funciona das 09 \u00e0s 23h. O hor\u00e1rio se estende at\u00e9 o dia 21\/12. Nos dias 22 e 23\/12, as lojas estar\u00e3o abertas das 09 \u00e0s 0h. J\u00e1 na ter\u00e7a-feira (24) o atendimento ser\u00e1 das 09 \u00e0s 18h e no dia 25, com lojas fechadas, funcionam apenas lazer e pra\u00e7a de alimenta\u00e7\u00e3o das 12 \u00e0s 21h<\/p>\n<p><strong>Salvador Norte Shopping<\/strong><br \/>\nDo dia 18 a 23 de dezembro, o Salvador Norte Shopping vai estender o seu hor\u00e1rio de funcionamento, das 9h \u00e0s 23h. Lojas \u00e2ncoras e mega-stores, nesse per\u00edodo, v\u00e3o at\u00e9 as 0h Na v\u00e9spera do Natal, no dia 24 dezembro, funcionar\u00e1 das 9h \u00e0s 18h e no dia 25 de dezembro (Natal) estar\u00e1 com lojas fechadas. Lazer e alimenta\u00e7\u00e3o funcionam das 12h \u00e0s 21h.<\/p>\n<p>&nbsp;<\/p>\n<p>Foto: Divulga\u00e7\u00e3o<\/p>\n","protected":false},"excerpt":{"rendered":"<p>Os principais shoppings da capital baiana funcionam em hor\u00e1rios especiais nos pr\u00f3ximos dias, \u00e0s v\u00e9speras do Natal. Confira os<\/p>\n","protected":false},"author":1,"featured_media":423829,"comment_status":"closed","ping_status":"closed","sticky":false,"template":"","format":"standard","meta":[],"categories":[14,3],"tags":[],"acf":[],"yoast_head":"<!-- This site is optimized with the Yoast SEO plugin v20.8 - https:\/\/yoast.com\/wordpress\/plugins\/seo\/ -->\n<title>SHOPPINGS DE SALVADOR T\u00caM HOR\u00c1RIO ESPECIAL; CONFIRA - Bahia Economica<\/title>\n<meta name=\"description\" content=\"O maior portal de Economia da Bahia DESTAQUE DO DIA, ECONOMIA \/ POL\u00cdTICA Bahia Economica\" \/>\n<meta name=\"robots\" content=\"index, follow, max-snippet:-1, max-image-preview:large, max-video-preview:-1\" \/>\n<link rel=\"canonical\" href=\"https:\/\/bahiaeconomica.com.br\/wp\/2019\/12\/19\/confira-os-horarios-especiais-dos-principais-shoppings-de-salvador-nos-proximos-dias\/\" \/>\n<meta property=\"og:locale\" content=\"pt_BR\" \/>\n<meta property=\"og:type\" content=\"article\" \/>\n<meta property=\"og:title\" content=\"SHOPPINGS DE SALVADOR T\u00caM HOR\u00c1RIO ESPECIAL; CONFIRA - Bahia Economica\" \/>\n<meta property=\"og:description\" content=\"O maior portal de Economia da Bahia DESTAQUE DO DIA, ECONOMIA \/ POL\u00cdTICA Bahia Economica\" \/>\n<meta property=\"og:url\" content=\"https:\/\/bahiaeconomica.com.br\/wp\/2019\/12\/19\/confira-os-horarios-especiais-dos-principais-shoppings-de-salvador-nos-proximos-dias\/\" \/>\n<meta property=\"og:site_name\" content=\"Bahia Economica\" \/>\n<meta property=\"article:publisher\" content=\"https:\/\/www.facebook.com\/bahiaeconomica\" \/>\n<meta property=\"article:published_time\" content=\"2019-12-19T22:58:35+00:00\" \/>\n<meta property=\"article:modified_time\" content=\"2019-12-19T22:36:28+00:00\" \/>\n<meta property=\"og:image\" content=\"https:\/\/bahiaeconomica.com.br\/wp\/wp-content\/uploads\/2019\/12\/shopping-center-e1575660892405.jpg\" \/>\n\t<meta property=\"og:image:width\" content=\"500\" \/>\n\t<meta property=\"og:image:height\" content=\"291\" \/>\n\t<meta property=\"og:image:type\" content=\"image\/jpeg\" \/>\n<meta name=\"author\" content=\"admin\" \/>\n<meta name=\"twitter:card\" content=\"summary_large_image\" \/>\n<meta name=\"twitter:label1\" content=\"Escrito por\" \/>\n\t<meta name=\"twitter:data1\" content=\"admin\" \/>\n\t<meta name=\"twitter:label2\" content=\"Est. tempo de leitura\" \/>\n\t<meta name=\"twitter:data2\" content=\"4 minutos\" \/>\n<script type=\"application\/ld+json\" class=\"yoast-schema-graph\">{\"@context\":\"https:\/\/schema.org\",\"@graph\":[{\"@type\":\"Article\",\"@id\":\"https:\/\/bahiaeconomica.com.br\/wp\/2019\/12\/19\/confira-os-horarios-especiais-dos-principais-shoppings-de-salvador-nos-proximos-dias\/#article\",\"isPartOf\":{\"@id\":\"https:\/\/bahiaeconomica.com.br\/wp\/2019\/12\/19\/confira-os-horarios-especiais-dos-principais-shoppings-de-salvador-nos-proximos-dias\/\"},\"author\":{\"name\":\"admin\",\"@id\":\"https:\/\/bahiaeconomica.com.br\/wp\/#\/schema\/person\/cb1ab5ba96ad3d9390805381c76284ec\"},\"headline\":\"SHOPPINGS DE SALVADOR T\u00caM HOR\u00c1RIO ESPECIAL; CONFIRA\",\"datePublished\":\"2019-12-19T22:58:35+00:00\",\"dateModified\":\"2019-12-19T22:36:28+00:00\",\"mainEntityOfPage\":{\"@id\":\"https:\/\/bahiaeconomica.com.br\/wp\/2019\/12\/19\/confira-os-horarios-especiais-dos-principais-shoppings-de-salvador-nos-proximos-dias\/\"},\"wordCount\":745,\"publisher\":{\"@id\":\"https:\/\/bahiaeconomica.com.br\/wp\/#organization\"},\"articleSection\":[\"DESTAQUE DO DIA\",\"ECONOMIA \/ POL\u00cdTICA\"],\"inLanguage\":\"pt-BR\"},{\"@type\":\"WebPage\",\"@id\":\"https:\/\/bahiaeconomica.com.br\/wp\/2019\/12\/19\/confira-os-horarios-especiais-dos-principais-shoppings-de-salvador-nos-proximos-dias\/\",\"url\":\"https:\/\/bahiaeconomica.com.br\/wp\/2019\/12\/19\/confira-os-horarios-especiais-dos-principais-shoppings-de-salvador-nos-proximos-dias\/\",\"name\":\"SHOPPINGS DE SALVADOR T\u00caM HOR\u00c1RIO ESPECIAL; CONFIRA - Bahia Economica\",\"isPartOf\":{\"@id\":\"https:\/\/bahiaeconomica.com.br\/wp\/#website\"},\"datePublished\":\"2019-12-19T22:58:35+00:00\",\"dateModified\":\"2019-12-19T22:36:28+00:00\",\"description\":\"O maior portal de Economia da Bahia DESTAQUE DO DIA, ECONOMIA \/ POL\u00cdTICA Bahia Economica\",\"breadcrumb\":{\"@id\":\"https:\/\/bahiaeconomica.com.br\/wp\/2019\/12\/19\/confira-os-horarios-especiais-dos-principais-shoppings-de-salvador-nos-proximos-dias\/#breadcrumb\"},\"inLanguage\":\"pt-BR\",\"potentialAction\":[{\"@type\":\"ReadAction\",\"target\":[\"https:\/\/bahiaeconomica.com.br\/wp\/2019\/12\/19\/confira-os-horarios-especiais-dos-principais-shoppings-de-salvador-nos-proximos-dias\/\"]}]},{\"@type\":\"BreadcrumbList\",\"@id\":\"https:\/\/bahiaeconomica.com.br\/wp\/2019\/12\/19\/confira-os-horarios-especiais-dos-principais-shoppings-de-salvador-nos-proximos-dias\/#breadcrumb\",\"itemListElement\":[{\"@type\":\"ListItem\",\"position\":1,\"name\":\"In\u00edcio\",\"item\":\"https:\/\/bahiaeconomica.com.br\/wp\/\"},{\"@type\":\"ListItem\",\"position\":2,\"name\":\"SHOPPINGS DE SALVADOR T\u00caM HOR\u00c1RIO ESPECIAL; CONFIRA\"}]},{\"@type\":\"WebSite\",\"@id\":\"https:\/\/bahiaeconomica.com.br\/wp\/#website\",\"url\":\"https:\/\/bahiaeconomica.com.br\/wp\/\",\"name\":\"Bahia Economica\",\"description\":\"O maior portal de Economia da Bahia\",\"publisher\":{\"@id\":\"https:\/\/bahiaeconomica.com.br\/wp\/#organization\"},\"potentialAction\":[{\"@type\":\"SearchAction\",\"target\":{\"@type\":\"EntryPoint\",\"urlTemplate\":\"https:\/\/bahiaeconomica.com.br\/wp\/?s={search_term_string}\"},\"query-input\":\"required name=search_term_string\"}],\"inLanguage\":\"pt-BR\"},{\"@type\":\"Organization\",\"@id\":\"https:\/\/bahiaeconomica.com.br\/wp\/#organization\",\"name\":\"Bahia Econ\u00f4mica\",\"url\":\"https:\/\/bahiaeconomica.com.br\/wp\/\",\"logo\":{\"@type\":\"ImageObject\",\"inLanguage\":\"pt-BR\",\"@id\":\"https:\/\/bahiaeconomica.com.br\/wp\/#\/schema\/logo\/image\/\",\"url\":\"https:\/\/bahiaeconomica.com.br\/wp\/wp-content\/uploads\/2020\/12\/cropped-BE.png\",\"contentUrl\":\"https:\/\/bahiaeconomica.com.br\/wp\/wp-content\/uploads\/2020\/12\/cropped-BE.png\",\"width\":512,\"height\":512,\"caption\":\"Bahia Econ\u00f4mica\"},\"image\":{\"@id\":\"https:\/\/bahiaeconomica.com.br\/wp\/#\/schema\/logo\/image\/\"},\"sameAs\":[\"https:\/\/www.facebook.com\/bahiaeconomica\"]},{\"@type\":\"Person\",\"@id\":\"https:\/\/bahiaeconomica.com.br\/wp\/#\/schema\/person\/cb1ab5ba96ad3d9390805381c76284ec\",\"name\":\"admin\",\"url\":\"https:\/\/bahiaeconomica.com.br\/wp\/author\/admin\/\"}]}<\/script>\n<!-- \/ Yoast SEO plugin. -->","yoast_head_json":{"title":"SHOPPINGS DE SALVADOR T\u00caM HOR\u00c1RIO ESPECIAL; CONFIRA - Bahia Economica","description":"O maior portal de Economia da Bahia DESTAQUE DO DIA, ECONOMIA \/ POL\u00cdTICA Bahia Economica","robots":{"index":"index","follow":"follow","max-snippet":"max-snippet:-1","max-image-preview":"max-image-preview:large","max-video-preview":"max-video-preview:-1"},"canonical":"https:\/\/bahiaeconomica.com.br\/wp\/2019\/12\/19\/confira-os-horarios-especiais-dos-principais-shoppings-de-salvador-nos-proximos-dias\/","og_locale":"pt_BR","og_type":"article","og_title":"SHOPPINGS DE SALVADOR T\u00caM HOR\u00c1RIO ESPECIAL; CONFIRA - Bahia Economica","og_description":"O maior portal de Economia da Bahia DESTAQUE DO DIA, ECONOMIA \/ POL\u00cdTICA Bahia Economica","og_url":"https:\/\/bahiaeconomica.com.br\/wp\/2019\/12\/19\/confira-os-horarios-especiais-dos-principais-shoppings-de-salvador-nos-proximos-dias\/","og_site_name":"Bahia Economica","article_publisher":"https:\/\/www.facebook.com\/bahiaeconomica","article_published_time":"2019-12-19T22:58:35+00:00","article_modified_time":"2019-12-19T22:36:28+00:00","og_image":[{"width":500,"height":291,"url":"https:\/\/bahiaeconomica.com.br\/wp\/wp-content\/uploads\/2019\/12\/shopping-center-e1575660892405.jpg","type":"image\/jpeg"}],"author":"admin","twitter_card":"summary_large_image","twitter_misc":{"Escrito por":"admin","Est. tempo de leitura":"4 minutos"},"schema":{"@context":"https:\/\/schema.org","@graph":[{"@type":"Article","@id":"https:\/\/bahiaeconomica.com.br\/wp\/2019\/12\/19\/confira-os-horarios-especiais-dos-principais-shoppings-de-salvador-nos-proximos-dias\/#article","isPartOf":{"@id":"https:\/\/bahiaeconomica.com.br\/wp\/2019\/12\/19\/confira-os-horarios-especiais-dos-principais-shoppings-de-salvador-nos-proximos-dias\/"},"author":{"name":"admin","@id":"https:\/\/bahiaeconomica.com.br\/wp\/#\/schema\/person\/cb1ab5ba96ad3d9390805381c76284ec"},"headline":"SHOPPINGS DE SALVADOR T\u00caM HOR\u00c1RIO ESPECIAL; CONFIRA","datePublished":"2019-12-19T22:58:35+00:00","dateModified":"2019-12-19T22:36:28+00:00","mainEntityOfPage":{"@id":"https:\/\/bahiaeconomica.com.br\/wp\/2019\/12\/19\/confira-os-horarios-especiais-dos-principais-shoppings-de-salvador-nos-proximos-dias\/"},"wordCount":745,"publisher":{"@id":"https:\/\/bahiaeconomica.com.br\/wp\/#organization"},"articleSection":["DESTAQUE DO DIA","ECONOMIA \/ POL\u00cdTICA"],"inLanguage":"pt-BR"},{"@type":"WebPage","@id":"https:\/\/bahiaeconomica.com.br\/wp\/2019\/12\/19\/confira-os-horarios-especiais-dos-principais-shoppings-de-salvador-nos-proximos-dias\/","url":"https:\/\/bahiaeconomica.com.br\/wp\/2019\/12\/19\/confira-os-horarios-especiais-dos-principais-shoppings-de-salvador-nos-proximos-dias\/","name":"SHOPPINGS DE SALVADOR T\u00caM HOR\u00c1RIO ESPECIAL; CONFIRA - Bahia Economica","isPartOf":{"@id":"https:\/\/bahiaeconomica.com.br\/wp\/#website"},"datePublished":"2019-12-19T22:58:35+00:00","dateModified":"2019-12-19T22:36:28+00:00","description":"O maior portal de Economia da Bahia DESTAQUE DO DIA, ECONOMIA \/ POL\u00cdTICA Bahia Economica","breadcrumb":{"@id":"https:\/\/bahiaeconomica.com.br\/wp\/2019\/12\/19\/confira-os-horarios-especiais-dos-principais-shoppings-de-salvador-nos-proximos-dias\/#breadcrumb"},"inLanguage":"pt-BR","potentialAction":[{"@type":"ReadAction","target":["https:\/\/bahiaeconomica.com.br\/wp\/2019\/12\/19\/confira-os-horarios-especiais-dos-principais-shoppings-de-salvador-nos-proximos-dias\/"]}]},{"@type":"BreadcrumbList","@id":"https:\/\/bahiaeconomica.com.br\/wp\/2019\/12\/19\/confira-os-horarios-especiais-dos-principais-shoppings-de-salvador-nos-proximos-dias\/#breadcrumb","itemListElement":[{"@type":"ListItem","position":1,"name":"In\u00edcio","item":"https:\/\/bahiaeconomica.com.br\/wp\/"},{"@type":"ListItem","position":2,"name":"SHOPPINGS DE SALVADOR T\u00caM HOR\u00c1RIO ESPECIAL; CONFIRA"}]},{"@type":"WebSite","@id":"https:\/\/bahiaeconomica.com.br\/wp\/#website","url":"https:\/\/bahiaeconomica.com.br\/wp\/","name":"Bahia Economica","description":"O maior portal de Economia da Bahia","publisher":{"@id":"https:\/\/bahiaeconomica.com.br\/wp\/#organization"},"potentialAction":[{"@type":"SearchAction","target":{"@type":"EntryPoint","urlTemplate":"https:\/\/bahiaeconomica.com.br\/wp\/?s={search_term_string}"},"query-input":"required name=search_term_string"}],"inLanguage":"pt-BR"},{"@type":"Organization","@id":"https:\/\/bahiaeconomica.com.br\/wp\/#organization","name":"Bahia Econ\u00f4mica","url":"https:\/\/bahiaeconomica.com.br\/wp\/","logo":{"@type":"ImageObject","inLanguage":"pt-BR","@id":"https:\/\/bahiaeconomica.com.br\/wp\/#\/schema\/logo\/image\/","url":"https:\/\/bahiaeconomica.com.br\/wp\/wp-content\/uploads\/2020\/12\/cropped-BE.png","contentUrl":"https:\/\/bahiaeconomica.com.br\/wp\/wp-content\/uploads\/2020\/12\/cropped-BE.png","width":512,"height":512,"caption":"Bahia Econ\u00f4mica"},"image":{"@id":"https:\/\/bahiaeconomica.com.br\/wp\/#\/schema\/logo\/image\/"},"sameAs":["https:\/\/www.facebook.com\/bahiaeconomica"]},{"@type":"Person","@id":"https:\/\/bahiaeconomica.com.br\/wp\/#\/schema\/person\/cb1ab5ba96ad3d9390805381c76284ec","name":"admin","url":"https:\/\/bahiaeconomica.com.br\/wp\/author\/admin\/"}]}},"views":4,"_links":{"self":[{"href":"https:\/\/bahiaeconomica.com.br\/wp\/wp-json\/wp\/v2\/posts\/428123"}],"collection":[{"href":"https:\/\/bahiaeconomica.com.br\/wp\/wp-json\/wp\/v2\/posts"}],"about":[{"href":"https:\/\/bahiaeconomica.com.br\/wp\/wp-json\/wp\/v2\/types\/post"}],"author":[{"embeddable":true,"href":"https:\/\/bahiaeconomica.com.br\/wp\/wp-json\/wp\/v2\/users\/1"}],"replies":[{"embeddable":true,"href":"https:\/\/bahiaeconomica.com.br\/wp\/wp-json\/wp\/v2\/comments?post=428123"}],"version-history":[{"count":3,"href":"https:\/\/bahiaeconomica.com.br\/wp\/wp-json\/wp\/v2\/posts\/428123\/revisions"}],"predecessor-version":[{"id":428131,"href":"https:\/\/bahiaeconomica.com.br\/wp\/wp-json\/wp\/v2\/posts\/428123\/revisions\/428131"}],"wp:featuredmedia":[{"embeddable":true,"href":"https:\/\/bahiaeconomica.com.br\/wp\/wp-json\/wp\/v2\/media\/423829"}],"wp:attachment":[{"href":"https:\/\/bahiaeconomica.com.br\/wp\/wp-json\/wp\/v2\/media?parent=428123"}],"wp:term":[{"taxonomy":"category","embeddable":true,"href":"https:\/\/bahiaeconomica.com.br\/wp\/wp-json\/wp\/v2\/categories?post=428123"},{"taxonomy":"post_tag","embeddable":true,"href":"https:\/\/bahiaeconomica.com.br\/wp\/wp-json\/wp\/v2\/tags?post=428123"}],"curies":[{"name":"wp","href":"https:\/\/api.w.org\/{rel}","templated":true}]}}