{"id":423220,"date":"2019-12-05T12:23:30","date_gmt":"2019-12-05T15:23:30","guid":{"rendered":"https:\/\/bahiaeconomica.com.br\/wp\/beta\/?p=423220"},"modified":"2019-12-05T12:01:28","modified_gmt":"2019-12-05T15:01:28","slug":"lider-diz-que-pacote-anticrime-deve-ficar-para-2020-no-senado","status":"publish","type":"post","link":"https:\/\/bahiaeconomica.com.br\/wp\/2019\/12\/05\/lider-diz-que-pacote-anticrime-deve-ficar-para-2020-no-senado\/","title":{"rendered":"L\u00cdDER DIZ QUE PACOTE ANTICRIME DEVE FICAR PARA 2020 NO SENADO"},"content":{"rendered":"<p>O l\u00edder do governo no Congresso, senador Eduardo Gomes (MDB-TO), disse nesta quinta-feira (5) que o pacote anticrime, aprovado na C\u00e2mara na quarta (4), s\u00f3 ser\u00e1 votado no Senado em 2020.<!--more--> \u201cO ano praticamente acabou no Senado e tem o Or\u00e7amento. Ent\u00e3o, no come\u00e7o de 2020 a gente vai discutir o pacote\u201d, disse ao blog de Andr\u00e9ia Sadi, no G1.<\/p>\n<p>Gomes acredita que n\u00e3o haver\u00e1 resist\u00eancias para manter o texto como foi aprovado na C\u00e2mara. Se houver mudan\u00e7as, a mat\u00e9ria voltar\u00e1 ao Senado, o que atrasa ainda mais a finaliza\u00e7\u00e3o do pacote. \u201cN\u00e3o acredito em mudan\u00e7as no texto porque a conversa ser\u00e1 pacificada entre C\u00e2mara e Senado\u201d.<\/p>\n<p>A presidente da Comiss\u00e3o de Constitui\u00e7\u00e3o e Justi\u00e7a, senadora Simone Tebet (MDB-MS), afirmou ao blog que foi uma \u201cvit\u00f3ria\u201d ter conseguido aprovar o texto este ano na C\u00e2mara. Ela teme que o projeto n\u00e3o seja apreciado no ano que vem por conta das elei\u00e7\u00f5es municipais. Por isso, defende acordo para que seja votado ainda em 2019.<\/p>\n<p>\u201cDepende do Davi [Alcolumbre, presidente do Senado]. Poderia tentar costurar com l\u00edderes um acordo. Vota este ano, mas n\u00e3o mexe no projeto. Pode ser bom neg\u00f3cio para quem n\u00e3o quer avan\u00e7ar no texto\u201d, afirmou \u00e0 reportagem.<\/p>\n<p>O texto aprovado pelos deputados re\u00fane parte do pacote anticrime apresentado no in\u00edcio deste ano pelo ministro da Justi\u00e7a, Sergio Moro, e parte do projeto elaborado pela comiss\u00e3o de juristas coordenada pelo ministro Alexandre de Moraes, do Supremo Tribunal Federal (STF).<\/p>\n<p>&nbsp;<\/p>\n<p>Foto: Marcelo Camargo\/ Ag\u00eancia Brasil<\/p>\n","protected":false},"excerpt":{"rendered":"<p>O l\u00edder do governo no Congresso, senador Eduardo Gomes (MDB-TO), disse nesta quinta-feira (5) que o pacote anticrime, aprovado na C\u00e2mara na quarta (4), s\u00f3 ser\u00e1 votado no Senado em 2020.<\/p>\n","protected":false},"author":1,"featured_media":422238,"comment_status":"closed","ping_status":"closed","sticky":false,"template":"","format":"standard","meta":[],"categories":[14,3],"tags":[],"acf":[],"yoast_head":"<!-- This site is optimized with the Yoast SEO plugin v20.8 - https:\/\/yoast.com\/wordpress\/plugins\/seo\/ -->\n<title>L\u00cdDER DIZ QUE PACOTE ANTICRIME DEVE FICAR PARA 2020 NO SENADO - Bahia Economica<\/title>\n<meta name=\"description\" content=\"O maior portal de Economia da Bahia DESTAQUE DO DIA, ECONOMIA \/ POL\u00cdTICA Bahia Economica\" \/>\n<meta name=\"robots\" content=\"index, follow, max-snippet:-1, max-image-preview:large, max-video-preview:-1\" \/>\n<link rel=\"canonical\" href=\"https:\/\/bahiaeconomica.com.br\/wp\/2019\/12\/05\/lider-diz-que-pacote-anticrime-deve-ficar-para-2020-no-senado\/\" \/>\n<meta property=\"og:locale\" content=\"pt_BR\" \/>\n<meta property=\"og:type\" content=\"article\" \/>\n<meta property=\"og:title\" content=\"L\u00cdDER DIZ QUE PACOTE ANTICRIME DEVE FICAR PARA 2020 NO SENADO - Bahia Economica\" \/>\n<meta property=\"og:description\" content=\"O maior portal de Economia da Bahia DESTAQUE DO DIA, ECONOMIA \/ POL\u00cdTICA Bahia Economica\" \/>\n<meta property=\"og:url\" content=\"https:\/\/bahiaeconomica.com.br\/wp\/2019\/12\/05\/lider-diz-que-pacote-anticrime-deve-ficar-para-2020-no-senado\/\" \/>\n<meta property=\"og:site_name\" content=\"Bahia Economica\" \/>\n<meta property=\"article:publisher\" content=\"https:\/\/www.facebook.com\/bahiaeconomica\" \/>\n<meta property=\"article:published_time\" content=\"2019-12-05T15:23:30+00:00\" \/>\n<meta property=\"article:modified_time\" content=\"2019-12-05T15:01:28+00:00\" \/>\n<meta property=\"og:image\" content=\"https:\/\/bahiaeconomica.com.br\/wp\/wp-content\/uploads\/2019\/12\/senado-foro-marcelo-camargo-agencia-brasil.jpg\" \/>\n\t<meta property=\"og:image:width\" content=\"500\" \/>\n\t<meta property=\"og:image:height\" content=\"333\" \/>\n\t<meta property=\"og:image:type\" content=\"image\/jpeg\" \/>\n<meta name=\"author\" content=\"admin\" \/>\n<meta name=\"twitter:card\" content=\"summary_large_image\" \/>\n<meta name=\"twitter:label1\" content=\"Escrito por\" \/>\n\t<meta name=\"twitter:data1\" content=\"admin\" \/>\n\t<meta name=\"twitter:label2\" content=\"Est. tempo de leitura\" \/>\n\t<meta name=\"twitter:data2\" content=\"1 minuto\" \/>\n<script type=\"application\/ld+json\" class=\"yoast-schema-graph\">{\"@context\":\"https:\/\/schema.org\",\"@graph\":[{\"@type\":\"Article\",\"@id\":\"https:\/\/bahiaeconomica.com.br\/wp\/2019\/12\/05\/lider-diz-que-pacote-anticrime-deve-ficar-para-2020-no-senado\/#article\",\"isPartOf\":{\"@id\":\"https:\/\/bahiaeconomica.com.br\/wp\/2019\/12\/05\/lider-diz-que-pacote-anticrime-deve-ficar-para-2020-no-senado\/\"},\"author\":{\"name\":\"admin\",\"@id\":\"https:\/\/bahiaeconomica.com.br\/wp\/#\/schema\/person\/cb1ab5ba96ad3d9390805381c76284ec\"},\"headline\":\"L\u00cdDER DIZ QUE PACOTE ANTICRIME DEVE FICAR PARA 2020 NO SENADO\",\"datePublished\":\"2019-12-05T15:23:30+00:00\",\"dateModified\":\"2019-12-05T15:01:28+00:00\",\"mainEntityOfPage\":{\"@id\":\"https:\/\/bahiaeconomica.com.br\/wp\/2019\/12\/05\/lider-diz-que-pacote-anticrime-deve-ficar-para-2020-no-senado\/\"},\"wordCount\":283,\"publisher\":{\"@id\":\"https:\/\/bahiaeconomica.com.br\/wp\/#organization\"},\"articleSection\":[\"DESTAQUE DO DIA\",\"ECONOMIA \/ POL\u00cdTICA\"],\"inLanguage\":\"pt-BR\"},{\"@type\":\"WebPage\",\"@id\":\"https:\/\/bahiaeconomica.com.br\/wp\/2019\/12\/05\/lider-diz-que-pacote-anticrime-deve-ficar-para-2020-no-senado\/\",\"url\":\"https:\/\/bahiaeconomica.com.br\/wp\/2019\/12\/05\/lider-diz-que-pacote-anticrime-deve-ficar-para-2020-no-senado\/\",\"name\":\"L\u00cdDER DIZ QUE PACOTE ANTICRIME DEVE FICAR PARA 2020 NO SENADO - Bahia Economica\",\"isPartOf\":{\"@id\":\"https:\/\/bahiaeconomica.com.br\/wp\/#website\"},\"datePublished\":\"2019-12-05T15:23:30+00:00\",\"dateModified\":\"2019-12-05T15:01:28+00:00\",\"description\":\"O maior portal de Economia da Bahia DESTAQUE DO DIA, ECONOMIA \/ POL\u00cdTICA Bahia Economica\",\"breadcrumb\":{\"@id\":\"https:\/\/bahiaeconomica.com.br\/wp\/2019\/12\/05\/lider-diz-que-pacote-anticrime-deve-ficar-para-2020-no-senado\/#breadcrumb\"},\"inLanguage\":\"pt-BR\",\"potentialAction\":[{\"@type\":\"ReadAction\",\"target\":[\"https:\/\/bahiaeconomica.com.br\/wp\/2019\/12\/05\/lider-diz-que-pacote-anticrime-deve-ficar-para-2020-no-senado\/\"]}]},{\"@type\":\"BreadcrumbList\",\"@id\":\"https:\/\/bahiaeconomica.com.br\/wp\/2019\/12\/05\/lider-diz-que-pacote-anticrime-deve-ficar-para-2020-no-senado\/#breadcrumb\",\"itemListElement\":[{\"@type\":\"ListItem\",\"position\":1,\"name\":\"In\u00edcio\",\"item\":\"https:\/\/bahiaeconomica.com.br\/wp\/\"},{\"@type\":\"ListItem\",\"position\":2,\"name\":\"L\u00cdDER DIZ QUE PACOTE ANTICRIME DEVE FICAR PARA 2020 NO SENADO\"}]},{\"@type\":\"WebSite\",\"@id\":\"https:\/\/bahiaeconomica.com.br\/wp\/#website\",\"url\":\"https:\/\/bahiaeconomica.com.br\/wp\/\",\"name\":\"Bahia Economica\",\"description\":\"O maior portal de Economia da Bahia\",\"publisher\":{\"@id\":\"https:\/\/bahiaeconomica.com.br\/wp\/#organization\"},\"potentialAction\":[{\"@type\":\"SearchAction\",\"target\":{\"@type\":\"EntryPoint\",\"urlTemplate\":\"https:\/\/bahiaeconomica.com.br\/wp\/?s={search_term_string}\"},\"query-input\":\"required name=search_term_string\"}],\"inLanguage\":\"pt-BR\"},{\"@type\":\"Organization\",\"@id\":\"https:\/\/bahiaeconomica.com.br\/wp\/#organization\",\"name\":\"Bahia Econ\u00f4mica\",\"url\":\"https:\/\/bahiaeconomica.com.br\/wp\/\",\"logo\":{\"@type\":\"ImageObject\",\"inLanguage\":\"pt-BR\",\"@id\":\"https:\/\/bahiaeconomica.com.br\/wp\/#\/schema\/logo\/image\/\",\"url\":\"https:\/\/bahiaeconomica.com.br\/wp\/wp-content\/uploads\/2020\/12\/cropped-BE.png\",\"contentUrl\":\"https:\/\/bahiaeconomica.com.br\/wp\/wp-content\/uploads\/2020\/12\/cropped-BE.png\",\"width\":512,\"height\":512,\"caption\":\"Bahia Econ\u00f4mica\"},\"image\":{\"@id\":\"https:\/\/bahiaeconomica.com.br\/wp\/#\/schema\/logo\/image\/\"},\"sameAs\":[\"https:\/\/www.facebook.com\/bahiaeconomica\"]},{\"@type\":\"Person\",\"@id\":\"https:\/\/bahiaeconomica.com.br\/wp\/#\/schema\/person\/cb1ab5ba96ad3d9390805381c76284ec\",\"name\":\"admin\",\"url\":\"https:\/\/bahiaeconomica.com.br\/wp\/author\/admin\/\"}]}<\/script>\n<!-- \/ Yoast SEO plugin. -->","yoast_head_json":{"title":"L\u00cdDER DIZ QUE PACOTE ANTICRIME DEVE FICAR PARA 2020 NO SENADO - Bahia Economica","description":"O maior portal de Economia da Bahia DESTAQUE DO DIA, ECONOMIA \/ POL\u00cdTICA Bahia Economica","robots":{"index":"index","follow":"follow","max-snippet":"max-snippet:-1","max-image-preview":"max-image-preview:large","max-video-preview":"max-video-preview:-1"},"canonical":"https:\/\/bahiaeconomica.com.br\/wp\/2019\/12\/05\/lider-diz-que-pacote-anticrime-deve-ficar-para-2020-no-senado\/","og_locale":"pt_BR","og_type":"article","og_title":"L\u00cdDER DIZ QUE PACOTE ANTICRIME DEVE FICAR PARA 2020 NO SENADO - Bahia Economica","og_description":"O maior portal de Economia da Bahia DESTAQUE DO DIA, ECONOMIA \/ POL\u00cdTICA Bahia Economica","og_url":"https:\/\/bahiaeconomica.com.br\/wp\/2019\/12\/05\/lider-diz-que-pacote-anticrime-deve-ficar-para-2020-no-senado\/","og_site_name":"Bahia Economica","article_publisher":"https:\/\/www.facebook.com\/bahiaeconomica","article_published_time":"2019-12-05T15:23:30+00:00","article_modified_time":"2019-12-05T15:01:28+00:00","og_image":[{"width":500,"height":333,"url":"https:\/\/bahiaeconomica.com.br\/wp\/wp-content\/uploads\/2019\/12\/senado-foro-marcelo-camargo-agencia-brasil.jpg","type":"image\/jpeg"}],"author":"admin","twitter_card":"summary_large_image","twitter_misc":{"Escrito por":"admin","Est. tempo de leitura":"1 minuto"},"schema":{"@context":"https:\/\/schema.org","@graph":[{"@type":"Article","@id":"https:\/\/bahiaeconomica.com.br\/wp\/2019\/12\/05\/lider-diz-que-pacote-anticrime-deve-ficar-para-2020-no-senado\/#article","isPartOf":{"@id":"https:\/\/bahiaeconomica.com.br\/wp\/2019\/12\/05\/lider-diz-que-pacote-anticrime-deve-ficar-para-2020-no-senado\/"},"author":{"name":"admin","@id":"https:\/\/bahiaeconomica.com.br\/wp\/#\/schema\/person\/cb1ab5ba96ad3d9390805381c76284ec"},"headline":"L\u00cdDER DIZ QUE PACOTE ANTICRIME DEVE FICAR PARA 2020 NO SENADO","datePublished":"2019-12-05T15:23:30+00:00","dateModified":"2019-12-05T15:01:28+00:00","mainEntityOfPage":{"@id":"https:\/\/bahiaeconomica.com.br\/wp\/2019\/12\/05\/lider-diz-que-pacote-anticrime-deve-ficar-para-2020-no-senado\/"},"wordCount":283,"publisher":{"@id":"https:\/\/bahiaeconomica.com.br\/wp\/#organization"},"articleSection":["DESTAQUE DO DIA","ECONOMIA \/ POL\u00cdTICA"],"inLanguage":"pt-BR"},{"@type":"WebPage","@id":"https:\/\/bahiaeconomica.com.br\/wp\/2019\/12\/05\/lider-diz-que-pacote-anticrime-deve-ficar-para-2020-no-senado\/","url":"https:\/\/bahiaeconomica.com.br\/wp\/2019\/12\/05\/lider-diz-que-pacote-anticrime-deve-ficar-para-2020-no-senado\/","name":"L\u00cdDER DIZ QUE PACOTE ANTICRIME DEVE FICAR PARA 2020 NO SENADO - Bahia Economica","isPartOf":{"@id":"https:\/\/bahiaeconomica.com.br\/wp\/#website"},"datePublished":"2019-12-05T15:23:30+00:00","dateModified":"2019-12-05T15:01:28+00:00","description":"O maior portal de Economia da Bahia DESTAQUE DO DIA, ECONOMIA \/ POL\u00cdTICA Bahia Economica","breadcrumb":{"@id":"https:\/\/bahiaeconomica.com.br\/wp\/2019\/12\/05\/lider-diz-que-pacote-anticrime-deve-ficar-para-2020-no-senado\/#breadcrumb"},"inLanguage":"pt-BR","potentialAction":[{"@type":"ReadAction","target":["https:\/\/bahiaeconomica.com.br\/wp\/2019\/12\/05\/lider-diz-que-pacote-anticrime-deve-ficar-para-2020-no-senado\/"]}]},{"@type":"BreadcrumbList","@id":"https:\/\/bahiaeconomica.com.br\/wp\/2019\/12\/05\/lider-diz-que-pacote-anticrime-deve-ficar-para-2020-no-senado\/#breadcrumb","itemListElement":[{"@type":"ListItem","position":1,"name":"In\u00edcio","item":"https:\/\/bahiaeconomica.com.br\/wp\/"},{"@type":"ListItem","position":2,"name":"L\u00cdDER DIZ QUE PACOTE ANTICRIME DEVE FICAR PARA 2020 NO SENADO"}]},{"@type":"WebSite","@id":"https:\/\/bahiaeconomica.com.br\/wp\/#website","url":"https:\/\/bahiaeconomica.com.br\/wp\/","name":"Bahia Economica","description":"O maior portal de Economia da Bahia","publisher":{"@id":"https:\/\/bahiaeconomica.com.br\/wp\/#organization"},"potentialAction":[{"@type":"SearchAction","target":{"@type":"EntryPoint","urlTemplate":"https:\/\/bahiaeconomica.com.br\/wp\/?s={search_term_string}"},"query-input":"required name=search_term_string"}],"inLanguage":"pt-BR"},{"@type":"Organization","@id":"https:\/\/bahiaeconomica.com.br\/wp\/#organization","name":"Bahia Econ\u00f4mica","url":"https:\/\/bahiaeconomica.com.br\/wp\/","logo":{"@type":"ImageObject","inLanguage":"pt-BR","@id":"https:\/\/bahiaeconomica.com.br\/wp\/#\/schema\/logo\/image\/","url":"https:\/\/bahiaeconomica.com.br\/wp\/wp-content\/uploads\/2020\/12\/cropped-BE.png","contentUrl":"https:\/\/bahiaeconomica.com.br\/wp\/wp-content\/uploads\/2020\/12\/cropped-BE.png","width":512,"height":512,"caption":"Bahia Econ\u00f4mica"},"image":{"@id":"https:\/\/bahiaeconomica.com.br\/wp\/#\/schema\/logo\/image\/"},"sameAs":["https:\/\/www.facebook.com\/bahiaeconomica"]},{"@type":"Person","@id":"https:\/\/bahiaeconomica.com.br\/wp\/#\/schema\/person\/cb1ab5ba96ad3d9390805381c76284ec","name":"admin","url":"https:\/\/bahiaeconomica.com.br\/wp\/author\/admin\/"}]}},"views":3,"_links":{"self":[{"href":"https:\/\/bahiaeconomica.com.br\/wp\/wp-json\/wp\/v2\/posts\/423220"}],"collection":[{"href":"https:\/\/bahiaeconomica.com.br\/wp\/wp-json\/wp\/v2\/posts"}],"about":[{"href":"https:\/\/bahiaeconomica.com.br\/wp\/wp-json\/wp\/v2\/types\/post"}],"author":[{"embeddable":true,"href":"https:\/\/bahiaeconomica.com.br\/wp\/wp-json\/wp\/v2\/users\/1"}],"replies":[{"embeddable":true,"href":"https:\/\/bahiaeconomica.com.br\/wp\/wp-json\/wp\/v2\/comments?post=423220"}],"version-history":[{"count":1,"href":"https:\/\/bahiaeconomica.com.br\/wp\/wp-json\/wp\/v2\/posts\/423220\/revisions"}],"predecessor-version":[{"id":423222,"href":"https:\/\/bahiaeconomica.com.br\/wp\/wp-json\/wp\/v2\/posts\/423220\/revisions\/423222"}],"wp:featuredmedia":[{"embeddable":true,"href":"https:\/\/bahiaeconomica.com.br\/wp\/wp-json\/wp\/v2\/media\/422238"}],"wp:attachment":[{"href":"https:\/\/bahiaeconomica.com.br\/wp\/wp-json\/wp\/v2\/media?parent=423220"}],"wp:term":[{"taxonomy":"category","embeddable":true,"href":"https:\/\/bahiaeconomica.com.br\/wp\/wp-json\/wp\/v2\/categories?post=423220"},{"taxonomy":"post_tag","embeddable":true,"href":"https:\/\/bahiaeconomica.com.br\/wp\/wp-json\/wp\/v2\/tags?post=423220"}],"curies":[{"name":"wp","href":"https:\/\/api.w.org\/{rel}","templated":true}]}}