{"id":422710,"date":"2019-12-04T13:28:27","date_gmt":"2019-12-04T16:28:27","guid":{"rendered":"https:\/\/bahiaeconomica.com.br\/wp\/beta\/?p=422710"},"modified":"2019-12-04T13:28:27","modified_gmt":"2019-12-04T16:28:27","slug":"pelo-3o-ano-bahia-e-o-estado-com-mais-mortes-violentas-de-homens-jovens-diz-ibge","status":"publish","type":"post","link":"https:\/\/bahiaeconomica.com.br\/wp\/2019\/12\/04\/pelo-3o-ano-bahia-e-o-estado-com-mais-mortes-violentas-de-homens-jovens-diz-ibge\/","title":{"rendered":"PELO 3\u00ba ANO, BAHIA \u00c9 O ESTADO COM MAIS MORTES VIOLENTAS DE HOMENS JOVENS, DIZ IBGE"},"content":{"rendered":"<p>Ap\u00f3s quatro anos de altas consecutivas, o n\u00famero de mortes de homens entre 15 e 24 anos de idade por causas externas ou violentas (homic\u00eddios, suic\u00eddios, <!--more-->acidentes de tr\u00e2nsito, afogamentos, quedas acidentais etc.) registrou queda de 6,5% na Bahia, segundo dados divulgados hoje (4) pelo Instituto Brasileiro de Geografia e Estat\u00edstica (IBGE). Foram 3.206 \u00f3bitos em 2018, ante 3.430 registros no ano anterior. Mesmo assim, o estado ainda \u00e9 l\u00edder nacional nesse indicador, pelo terceiro ano seguido.<\/p>\n<p>Desde 2015, a Bahia tem o maior n\u00famero absoluto de homens jovens mortos por causas n\u00e3o naturais no pa\u00eds. Em segundo lugar fica S\u00e3o Paulo, o estado brasileiro mais populoso, onde, por outro lado, o n\u00famero de homens jovens mortos por causas externas ou violentas tem apresentado quedas sucessivas no per\u00edodo, chegando a 2.690 em 2018. O resultado da Bahia vai na contram\u00e3o do visto em todo o pa\u00eds: frente a 2017, o n\u00famero de homens de 15 a 24 anos mortos por causas violentas caiu no Brasil como um todo (de 27.596 para 24.031, menos 3.565 mortes ou -12,9%) e em 22 dos 27 estados.<\/p>\n<p>Ainda segundo o IBGE, a chance de um homem de 20 anos n\u00e3o chegar aos 25 anos na Bahia \u00e9 quase 16 vezes maior que a de uma mulher: em 2018, enquanto 1.870 homens de 20 a 24 anos de idade morreram por causas externas ou violentas no estado, 118 mulheres tiveram o mesmo destino. Ou seja, 15,8 homens de 20 a 24 anos morreram por causas externas ou violentas para cada mulher na mesma faixa et\u00e1ria. A taxa de sobremortalidade \u00e9 maior que a registrada no pa\u00eds como um todo: em 2018, um indiv\u00edduo do sexo masculino de 20 anos tinha, aproximadamente, 11 vezes mais chance de n\u00e3o completar os 25 anos do que um indiv\u00edduo do sexo feminino.<\/p>\n<p>Foto : Fernando Fraz\u00e3o\/Ag\u00eancia Brasil<\/p>\n","protected":false},"excerpt":{"rendered":"<p>Ap\u00f3s quatro anos de altas consecutivas, o n\u00famero de mortes de homens entre 15 e 24 anos de idade por causas externas ou violentas (homic\u00eddios, suic\u00eddios,<\/p>\n","protected":false},"author":1,"featured_media":422713,"comment_status":"closed","ping_status":"closed","sticky":false,"template":"","format":"standard","meta":[],"categories":[3],"tags":[],"acf":[],"yoast_head":"<!-- This site is optimized with the Yoast SEO plugin v20.8 - https:\/\/yoast.com\/wordpress\/plugins\/seo\/ -->\n<title>PELO 3\u00ba ANO, BAHIA \u00c9 O ESTADO COM MAIS MORTES VIOLENTAS DE HOMENS JOVENS, DIZ IBGE - Bahia Economica<\/title>\n<meta name=\"description\" content=\"O maior portal de Economia da Bahia ECONOMIA \/ POL\u00cdTICA Bahia Economica\" \/>\n<meta name=\"robots\" content=\"index, follow, max-snippet:-1, max-image-preview:large, max-video-preview:-1\" \/>\n<link rel=\"canonical\" href=\"https:\/\/bahiaeconomica.com.br\/wp\/2019\/12\/04\/pelo-3o-ano-bahia-e-o-estado-com-mais-mortes-violentas-de-homens-jovens-diz-ibge\/\" \/>\n<meta property=\"og:locale\" content=\"pt_BR\" \/>\n<meta property=\"og:type\" content=\"article\" \/>\n<meta property=\"og:title\" content=\"PELO 3\u00ba ANO, BAHIA \u00c9 O ESTADO COM MAIS MORTES VIOLENTAS DE HOMENS JOVENS, DIZ IBGE - Bahia Economica\" \/>\n<meta property=\"og:description\" content=\"O maior portal de Economia da Bahia ECONOMIA \/ POL\u00cdTICA Bahia Economica\" \/>\n<meta property=\"og:url\" content=\"https:\/\/bahiaeconomica.com.br\/wp\/2019\/12\/04\/pelo-3o-ano-bahia-e-o-estado-com-mais-mortes-violentas-de-homens-jovens-diz-ibge\/\" \/>\n<meta property=\"og:site_name\" content=\"Bahia Economica\" \/>\n<meta property=\"article:publisher\" content=\"https:\/\/www.facebook.com\/bahiaeconomica\" \/>\n<meta property=\"article:published_time\" content=\"2019-12-04T16:28:27+00:00\" \/>\n<meta property=\"og:image\" content=\"https:\/\/bahiaeconomica.com.br\/wp\/wp-content\/uploads\/2019\/12\/84131pelo-3o-ano-bahia-e-o-estado-com-mais-mortes-violentas-de-homens-jovens-diz-ibge-3eee.jpg\" \/>\n\t<meta property=\"og:image:width\" content=\"500\" \/>\n\t<meta property=\"og:image:height\" content=\"300\" \/>\n\t<meta property=\"og:image:type\" content=\"image\/jpeg\" \/>\n<meta name=\"author\" content=\"admin\" \/>\n<meta name=\"twitter:card\" content=\"summary_large_image\" \/>\n<meta name=\"twitter:label1\" content=\"Escrito por\" \/>\n\t<meta name=\"twitter:data1\" content=\"admin\" \/>\n\t<meta name=\"twitter:label2\" content=\"Est. tempo de leitura\" \/>\n\t<meta name=\"twitter:data2\" content=\"1 minuto\" \/>\n<script type=\"application\/ld+json\" class=\"yoast-schema-graph\">{\"@context\":\"https:\/\/schema.org\",\"@graph\":[{\"@type\":\"Article\",\"@id\":\"https:\/\/bahiaeconomica.com.br\/wp\/2019\/12\/04\/pelo-3o-ano-bahia-e-o-estado-com-mais-mortes-violentas-de-homens-jovens-diz-ibge\/#article\",\"isPartOf\":{\"@id\":\"https:\/\/bahiaeconomica.com.br\/wp\/2019\/12\/04\/pelo-3o-ano-bahia-e-o-estado-com-mais-mortes-violentas-de-homens-jovens-diz-ibge\/\"},\"author\":{\"name\":\"admin\",\"@id\":\"https:\/\/bahiaeconomica.com.br\/wp\/#\/schema\/person\/cb1ab5ba96ad3d9390805381c76284ec\"},\"headline\":\"PELO 3\u00ba ANO, BAHIA \u00c9 O ESTADO COM MAIS MORTES VIOLENTAS DE HOMENS JOVENS, DIZ IBGE\",\"datePublished\":\"2019-12-04T16:28:27+00:00\",\"dateModified\":\"2019-12-04T16:28:27+00:00\",\"mainEntityOfPage\":{\"@id\":\"https:\/\/bahiaeconomica.com.br\/wp\/2019\/12\/04\/pelo-3o-ano-bahia-e-o-estado-com-mais-mortes-violentas-de-homens-jovens-diz-ibge\/\"},\"wordCount\":310,\"publisher\":{\"@id\":\"https:\/\/bahiaeconomica.com.br\/wp\/#organization\"},\"articleSection\":[\"ECONOMIA \/ POL\u00cdTICA\"],\"inLanguage\":\"pt-BR\"},{\"@type\":\"WebPage\",\"@id\":\"https:\/\/bahiaeconomica.com.br\/wp\/2019\/12\/04\/pelo-3o-ano-bahia-e-o-estado-com-mais-mortes-violentas-de-homens-jovens-diz-ibge\/\",\"url\":\"https:\/\/bahiaeconomica.com.br\/wp\/2019\/12\/04\/pelo-3o-ano-bahia-e-o-estado-com-mais-mortes-violentas-de-homens-jovens-diz-ibge\/\",\"name\":\"PELO 3\u00ba ANO, BAHIA \u00c9 O ESTADO COM MAIS MORTES VIOLENTAS DE HOMENS JOVENS, DIZ IBGE - Bahia Economica\",\"isPartOf\":{\"@id\":\"https:\/\/bahiaeconomica.com.br\/wp\/#website\"},\"datePublished\":\"2019-12-04T16:28:27+00:00\",\"dateModified\":\"2019-12-04T16:28:27+00:00\",\"description\":\"O maior portal de Economia da Bahia ECONOMIA \/ POL\u00cdTICA Bahia Economica\",\"breadcrumb\":{\"@id\":\"https:\/\/bahiaeconomica.com.br\/wp\/2019\/12\/04\/pelo-3o-ano-bahia-e-o-estado-com-mais-mortes-violentas-de-homens-jovens-diz-ibge\/#breadcrumb\"},\"inLanguage\":\"pt-BR\",\"potentialAction\":[{\"@type\":\"ReadAction\",\"target\":[\"https:\/\/bahiaeconomica.com.br\/wp\/2019\/12\/04\/pelo-3o-ano-bahia-e-o-estado-com-mais-mortes-violentas-de-homens-jovens-diz-ibge\/\"]}]},{\"@type\":\"BreadcrumbList\",\"@id\":\"https:\/\/bahiaeconomica.com.br\/wp\/2019\/12\/04\/pelo-3o-ano-bahia-e-o-estado-com-mais-mortes-violentas-de-homens-jovens-diz-ibge\/#breadcrumb\",\"itemListElement\":[{\"@type\":\"ListItem\",\"position\":1,\"name\":\"In\u00edcio\",\"item\":\"https:\/\/bahiaeconomica.com.br\/wp\/\"},{\"@type\":\"ListItem\",\"position\":2,\"name\":\"PELO 3\u00ba ANO, BAHIA \u00c9 O ESTADO COM MAIS MORTES VIOLENTAS DE HOMENS JOVENS, DIZ IBGE\"}]},{\"@type\":\"WebSite\",\"@id\":\"https:\/\/bahiaeconomica.com.br\/wp\/#website\",\"url\":\"https:\/\/bahiaeconomica.com.br\/wp\/\",\"name\":\"Bahia Economica\",\"description\":\"O maior portal de Economia da Bahia\",\"publisher\":{\"@id\":\"https:\/\/bahiaeconomica.com.br\/wp\/#organization\"},\"potentialAction\":[{\"@type\":\"SearchAction\",\"target\":{\"@type\":\"EntryPoint\",\"urlTemplate\":\"https:\/\/bahiaeconomica.com.br\/wp\/?s={search_term_string}\"},\"query-input\":\"required name=search_term_string\"}],\"inLanguage\":\"pt-BR\"},{\"@type\":\"Organization\",\"@id\":\"https:\/\/bahiaeconomica.com.br\/wp\/#organization\",\"name\":\"Bahia Econ\u00f4mica\",\"url\":\"https:\/\/bahiaeconomica.com.br\/wp\/\",\"logo\":{\"@type\":\"ImageObject\",\"inLanguage\":\"pt-BR\",\"@id\":\"https:\/\/bahiaeconomica.com.br\/wp\/#\/schema\/logo\/image\/\",\"url\":\"https:\/\/bahiaeconomica.com.br\/wp\/wp-content\/uploads\/2020\/12\/cropped-BE.png\",\"contentUrl\":\"https:\/\/bahiaeconomica.com.br\/wp\/wp-content\/uploads\/2020\/12\/cropped-BE.png\",\"width\":512,\"height\":512,\"caption\":\"Bahia Econ\u00f4mica\"},\"image\":{\"@id\":\"https:\/\/bahiaeconomica.com.br\/wp\/#\/schema\/logo\/image\/\"},\"sameAs\":[\"https:\/\/www.facebook.com\/bahiaeconomica\"]},{\"@type\":\"Person\",\"@id\":\"https:\/\/bahiaeconomica.com.br\/wp\/#\/schema\/person\/cb1ab5ba96ad3d9390805381c76284ec\",\"name\":\"admin\",\"url\":\"https:\/\/bahiaeconomica.com.br\/wp\/author\/admin\/\"}]}<\/script>\n<!-- \/ Yoast SEO plugin. -->","yoast_head_json":{"title":"PELO 3\u00ba ANO, BAHIA \u00c9 O ESTADO COM MAIS MORTES VIOLENTAS DE HOMENS JOVENS, DIZ IBGE - Bahia Economica","description":"O maior portal de Economia da Bahia ECONOMIA \/ POL\u00cdTICA Bahia Economica","robots":{"index":"index","follow":"follow","max-snippet":"max-snippet:-1","max-image-preview":"max-image-preview:large","max-video-preview":"max-video-preview:-1"},"canonical":"https:\/\/bahiaeconomica.com.br\/wp\/2019\/12\/04\/pelo-3o-ano-bahia-e-o-estado-com-mais-mortes-violentas-de-homens-jovens-diz-ibge\/","og_locale":"pt_BR","og_type":"article","og_title":"PELO 3\u00ba ANO, BAHIA \u00c9 O ESTADO COM MAIS MORTES VIOLENTAS DE HOMENS JOVENS, DIZ IBGE - Bahia Economica","og_description":"O maior portal de Economia da Bahia ECONOMIA \/ POL\u00cdTICA Bahia Economica","og_url":"https:\/\/bahiaeconomica.com.br\/wp\/2019\/12\/04\/pelo-3o-ano-bahia-e-o-estado-com-mais-mortes-violentas-de-homens-jovens-diz-ibge\/","og_site_name":"Bahia Economica","article_publisher":"https:\/\/www.facebook.com\/bahiaeconomica","article_published_time":"2019-12-04T16:28:27+00:00","og_image":[{"width":500,"height":300,"url":"https:\/\/bahiaeconomica.com.br\/wp\/wp-content\/uploads\/2019\/12\/84131pelo-3o-ano-bahia-e-o-estado-com-mais-mortes-violentas-de-homens-jovens-diz-ibge-3eee.jpg","type":"image\/jpeg"}],"author":"admin","twitter_card":"summary_large_image","twitter_misc":{"Escrito por":"admin","Est. tempo de leitura":"1 minuto"},"schema":{"@context":"https:\/\/schema.org","@graph":[{"@type":"Article","@id":"https:\/\/bahiaeconomica.com.br\/wp\/2019\/12\/04\/pelo-3o-ano-bahia-e-o-estado-com-mais-mortes-violentas-de-homens-jovens-diz-ibge\/#article","isPartOf":{"@id":"https:\/\/bahiaeconomica.com.br\/wp\/2019\/12\/04\/pelo-3o-ano-bahia-e-o-estado-com-mais-mortes-violentas-de-homens-jovens-diz-ibge\/"},"author":{"name":"admin","@id":"https:\/\/bahiaeconomica.com.br\/wp\/#\/schema\/person\/cb1ab5ba96ad3d9390805381c76284ec"},"headline":"PELO 3\u00ba ANO, BAHIA \u00c9 O ESTADO COM MAIS MORTES VIOLENTAS DE HOMENS JOVENS, DIZ IBGE","datePublished":"2019-12-04T16:28:27+00:00","dateModified":"2019-12-04T16:28:27+00:00","mainEntityOfPage":{"@id":"https:\/\/bahiaeconomica.com.br\/wp\/2019\/12\/04\/pelo-3o-ano-bahia-e-o-estado-com-mais-mortes-violentas-de-homens-jovens-diz-ibge\/"},"wordCount":310,"publisher":{"@id":"https:\/\/bahiaeconomica.com.br\/wp\/#organization"},"articleSection":["ECONOMIA \/ POL\u00cdTICA"],"inLanguage":"pt-BR"},{"@type":"WebPage","@id":"https:\/\/bahiaeconomica.com.br\/wp\/2019\/12\/04\/pelo-3o-ano-bahia-e-o-estado-com-mais-mortes-violentas-de-homens-jovens-diz-ibge\/","url":"https:\/\/bahiaeconomica.com.br\/wp\/2019\/12\/04\/pelo-3o-ano-bahia-e-o-estado-com-mais-mortes-violentas-de-homens-jovens-diz-ibge\/","name":"PELO 3\u00ba ANO, BAHIA \u00c9 O ESTADO COM MAIS MORTES VIOLENTAS DE HOMENS JOVENS, DIZ IBGE - Bahia Economica","isPartOf":{"@id":"https:\/\/bahiaeconomica.com.br\/wp\/#website"},"datePublished":"2019-12-04T16:28:27+00:00","dateModified":"2019-12-04T16:28:27+00:00","description":"O maior portal de Economia da Bahia ECONOMIA \/ POL\u00cdTICA Bahia Economica","breadcrumb":{"@id":"https:\/\/bahiaeconomica.com.br\/wp\/2019\/12\/04\/pelo-3o-ano-bahia-e-o-estado-com-mais-mortes-violentas-de-homens-jovens-diz-ibge\/#breadcrumb"},"inLanguage":"pt-BR","potentialAction":[{"@type":"ReadAction","target":["https:\/\/bahiaeconomica.com.br\/wp\/2019\/12\/04\/pelo-3o-ano-bahia-e-o-estado-com-mais-mortes-violentas-de-homens-jovens-diz-ibge\/"]}]},{"@type":"BreadcrumbList","@id":"https:\/\/bahiaeconomica.com.br\/wp\/2019\/12\/04\/pelo-3o-ano-bahia-e-o-estado-com-mais-mortes-violentas-de-homens-jovens-diz-ibge\/#breadcrumb","itemListElement":[{"@type":"ListItem","position":1,"name":"In\u00edcio","item":"https:\/\/bahiaeconomica.com.br\/wp\/"},{"@type":"ListItem","position":2,"name":"PELO 3\u00ba ANO, BAHIA \u00c9 O ESTADO COM MAIS MORTES VIOLENTAS DE HOMENS JOVENS, DIZ IBGE"}]},{"@type":"WebSite","@id":"https:\/\/bahiaeconomica.com.br\/wp\/#website","url":"https:\/\/bahiaeconomica.com.br\/wp\/","name":"Bahia Economica","description":"O maior portal de Economia da Bahia","publisher":{"@id":"https:\/\/bahiaeconomica.com.br\/wp\/#organization"},"potentialAction":[{"@type":"SearchAction","target":{"@type":"EntryPoint","urlTemplate":"https:\/\/bahiaeconomica.com.br\/wp\/?s={search_term_string}"},"query-input":"required name=search_term_string"}],"inLanguage":"pt-BR"},{"@type":"Organization","@id":"https:\/\/bahiaeconomica.com.br\/wp\/#organization","name":"Bahia Econ\u00f4mica","url":"https:\/\/bahiaeconomica.com.br\/wp\/","logo":{"@type":"ImageObject","inLanguage":"pt-BR","@id":"https:\/\/bahiaeconomica.com.br\/wp\/#\/schema\/logo\/image\/","url":"https:\/\/bahiaeconomica.com.br\/wp\/wp-content\/uploads\/2020\/12\/cropped-BE.png","contentUrl":"https:\/\/bahiaeconomica.com.br\/wp\/wp-content\/uploads\/2020\/12\/cropped-BE.png","width":512,"height":512,"caption":"Bahia Econ\u00f4mica"},"image":{"@id":"https:\/\/bahiaeconomica.com.br\/wp\/#\/schema\/logo\/image\/"},"sameAs":["https:\/\/www.facebook.com\/bahiaeconomica"]},{"@type":"Person","@id":"https:\/\/bahiaeconomica.com.br\/wp\/#\/schema\/person\/cb1ab5ba96ad3d9390805381c76284ec","name":"admin","url":"https:\/\/bahiaeconomica.com.br\/wp\/author\/admin\/"}]}},"views":0,"_links":{"self":[{"href":"https:\/\/bahiaeconomica.com.br\/wp\/wp-json\/wp\/v2\/posts\/422710"}],"collection":[{"href":"https:\/\/bahiaeconomica.com.br\/wp\/wp-json\/wp\/v2\/posts"}],"about":[{"href":"https:\/\/bahiaeconomica.com.br\/wp\/wp-json\/wp\/v2\/types\/post"}],"author":[{"embeddable":true,"href":"https:\/\/bahiaeconomica.com.br\/wp\/wp-json\/wp\/v2\/users\/1"}],"replies":[{"embeddable":true,"href":"https:\/\/bahiaeconomica.com.br\/wp\/wp-json\/wp\/v2\/comments?post=422710"}],"version-history":[{"count":1,"href":"https:\/\/bahiaeconomica.com.br\/wp\/wp-json\/wp\/v2\/posts\/422710\/revisions"}],"predecessor-version":[{"id":422715,"href":"https:\/\/bahiaeconomica.com.br\/wp\/wp-json\/wp\/v2\/posts\/422710\/revisions\/422715"}],"wp:featuredmedia":[{"embeddable":true,"href":"https:\/\/bahiaeconomica.com.br\/wp\/wp-json\/wp\/v2\/media\/422713"}],"wp:attachment":[{"href":"https:\/\/bahiaeconomica.com.br\/wp\/wp-json\/wp\/v2\/media?parent=422710"}],"wp:term":[{"taxonomy":"category","embeddable":true,"href":"https:\/\/bahiaeconomica.com.br\/wp\/wp-json\/wp\/v2\/categories?post=422710"},{"taxonomy":"post_tag","embeddable":true,"href":"https:\/\/bahiaeconomica.com.br\/wp\/wp-json\/wp\/v2\/tags?post=422710"}],"curies":[{"name":"wp","href":"https:\/\/api.w.org\/{rel}","templated":true}]}}