{"id":420811,"date":"2019-11-28T09:51:26","date_gmt":"2019-11-28T12:51:26","guid":{"rendered":"https:\/\/bahiaeconomica.com.br\/wp\/beta\/?p=420811"},"modified":"2019-11-28T09:51:26","modified_gmt":"2019-11-28T12:51:26","slug":"segmento-de-eletricidade-e-gas-vai-investir-r-500-milhoes-no-estado","status":"publish","type":"post","link":"https:\/\/bahiaeconomica.com.br\/wp\/2019\/11\/28\/segmento-de-eletricidade-e-gas-vai-investir-r-500-milhoes-no-estado\/","title":{"rendered":"SEGMENTO DE ELETRICIDADE E G\u00c1S VAI INVESTIR R$ 500 MILH\u00d5ES NO ESTADO"},"content":{"rendered":"<p>O segmento de Eletricidade e G\u00e1s ser\u00e1 respons\u00e1vel pelo investimento de R$ 500 milh\u00f5es na Bahia, fruto de protocolos de inten\u00e7\u00f5es assinados na Secretaria <!--more-->de Desenvolvimento Econ\u00f4mico (SDE). A Sol do Sert\u00e3o II vai implantar parque solar em Oliveira de Brejinhos, com aporte financeiro no valor de R$ 300 milh\u00f5es. J\u00e1 a Jana\u00faba Transmissora de Energia El\u00e9trica, vai investir R$ 200 milh\u00f5es na constru\u00e7\u00e3o de linhas de transmiss\u00f5es que ir\u00e3o passar pelos munic\u00edpios de Bom Jesus da Lapa, Riacho de Santana, Palmas de Monte Alto e Sebasti\u00e3o Laranjeiras.<\/p>\n<p>\u201cToda vez que atra\u00edmos um parque solar ou e\u00f3lico, lembramos da import\u00e2ncia de incentivar e desenvolver as voca\u00e7\u00f5es naturais do nosso estado. E \u00e9 importante lembrar tamb\u00e9m o quanto contribu\u00edmos para a diversifica\u00e7\u00e3o da matriz energ\u00e9tica do nosso pa\u00eds. Sempre atentos a necessidade de constru\u00e7\u00e3o de linhas de transmiss\u00e3o, imprescind\u00edveis para garantir o escoamento da energia el\u00e9trica\u201d, diz Luiz Gug\u00e9, chefe de gabinete da SDE.<\/p>\n<p>De acordo com Eduardo Serra, administrador da Sol do Sert\u00e3o, o parque solar faz parte de um complexo com mais duas usinas e, ainda este ano, a empresa deve dar entrada no pedido de protocolo das outras duas. \u201cNo pico da constru\u00e7\u00e3o das tr\u00eas usinas que, juntas, ter\u00e3o 455 MW de pot\u00eancia instalada, devemos empregar 700 pessoas. O investimento do complexo ser\u00e1 de aproximadamente R$ 1,1 bilh\u00e3o e a previs\u00e3o de funcionamento \u00e9 mar\u00e7o de 2021\u201d, afirma Serra.<\/p>\n<p>\u201cPara o setor de transmiss\u00e3o de energia do Brasil, esse projeto faz parte de um corredor que integra toda a rede de transmiss\u00e3o que garante mais seguran\u00e7a energ\u00e9tica para o pa\u00eds. A previs\u00e3o \u00e9 que a obra esteja implantada em fevereiro de 2022. Na fase de constru\u00e7\u00e3o ser\u00e3o gerados mais de 200 empregos. Vale destacar o apoio do governo da Bahia e da SDE, que tem tido um papel de apoio fundamental ao neg\u00f3cio\u201d, destaca Marcos Pereira, diretor financeiro da Jana\u00faba Transmissora de Energia El\u00e9trica.<\/p>\n<p>Foto: Ascom\/SDE<\/p>\n","protected":false},"excerpt":{"rendered":"<p>O segmento de Eletricidade e G\u00e1s ser\u00e1 respons\u00e1vel pelo investimento de R$ 500 milh\u00f5es na Bahia, fruto de protocolos de inten\u00e7\u00f5es assinados na Secretaria<\/p>\n","protected":false},"author":1,"featured_media":420813,"comment_status":"closed","ping_status":"closed","sticky":false,"template":"","format":"standard","meta":[],"categories":[3],"tags":[],"acf":[],"yoast_head":"<!-- This site is optimized with the Yoast SEO plugin v20.8 - https:\/\/yoast.com\/wordpress\/plugins\/seo\/ -->\n<title>SEGMENTO DE ELETRICIDADE E G\u00c1S VAI INVESTIR R$ 500 MILH\u00d5ES NO ESTADO - Bahia Economica<\/title>\n<meta name=\"description\" content=\"O maior portal de Economia da Bahia ECONOMIA \/ POL\u00cdTICA Bahia Economica\" \/>\n<meta name=\"robots\" content=\"index, follow, max-snippet:-1, max-image-preview:large, max-video-preview:-1\" \/>\n<link rel=\"canonical\" href=\"https:\/\/bahiaeconomica.com.br\/wp\/2019\/11\/28\/segmento-de-eletricidade-e-gas-vai-investir-r-500-milhoes-no-estado\/\" \/>\n<meta property=\"og:locale\" content=\"pt_BR\" \/>\n<meta property=\"og:type\" content=\"article\" \/>\n<meta property=\"og:title\" content=\"SEGMENTO DE ELETRICIDADE E G\u00c1S VAI INVESTIR R$ 500 MILH\u00d5ES NO ESTADO - Bahia Economica\" \/>\n<meta property=\"og:description\" content=\"O maior portal de Economia da Bahia ECONOMIA \/ POL\u00cdTICA Bahia Economica\" \/>\n<meta property=\"og:url\" content=\"https:\/\/bahiaeconomica.com.br\/wp\/2019\/11\/28\/segmento-de-eletricidade-e-gas-vai-investir-r-500-milhoes-no-estado\/\" \/>\n<meta property=\"og:site_name\" content=\"Bahia Economica\" \/>\n<meta property=\"article:publisher\" content=\"https:\/\/www.facebook.com\/bahiaeconomica\" \/>\n<meta property=\"article:published_time\" content=\"2019-11-28T12:51:26+00:00\" \/>\n<meta property=\"og:image\" content=\"https:\/\/bahiaeconomica.com.br\/wp\/wp-content\/uploads\/2019\/11\/4219764b-ab70-4431-b097-ea2d0b88b1b4500.jpg\" \/>\n\t<meta property=\"og:image:width\" content=\"500\" \/>\n\t<meta property=\"og:image:height\" content=\"300\" \/>\n\t<meta property=\"og:image:type\" content=\"image\/jpeg\" \/>\n<meta name=\"author\" content=\"admin\" \/>\n<meta name=\"twitter:card\" content=\"summary_large_image\" \/>\n<meta name=\"twitter:label1\" content=\"Escrito por\" \/>\n\t<meta name=\"twitter:data1\" content=\"admin\" \/>\n\t<meta name=\"twitter:label2\" content=\"Est. tempo de leitura\" \/>\n\t<meta name=\"twitter:data2\" content=\"2 minutos\" \/>\n<script type=\"application\/ld+json\" class=\"yoast-schema-graph\">{\"@context\":\"https:\/\/schema.org\",\"@graph\":[{\"@type\":\"Article\",\"@id\":\"https:\/\/bahiaeconomica.com.br\/wp\/2019\/11\/28\/segmento-de-eletricidade-e-gas-vai-investir-r-500-milhoes-no-estado\/#article\",\"isPartOf\":{\"@id\":\"https:\/\/bahiaeconomica.com.br\/wp\/2019\/11\/28\/segmento-de-eletricidade-e-gas-vai-investir-r-500-milhoes-no-estado\/\"},\"author\":{\"name\":\"admin\",\"@id\":\"https:\/\/bahiaeconomica.com.br\/wp\/#\/schema\/person\/cb1ab5ba96ad3d9390805381c76284ec\"},\"headline\":\"SEGMENTO DE ELETRICIDADE E G\u00c1S VAI INVESTIR R$ 500 MILH\u00d5ES NO ESTADO\",\"datePublished\":\"2019-11-28T12:51:26+00:00\",\"dateModified\":\"2019-11-28T12:51:26+00:00\",\"mainEntityOfPage\":{\"@id\":\"https:\/\/bahiaeconomica.com.br\/wp\/2019\/11\/28\/segmento-de-eletricidade-e-gas-vai-investir-r-500-milhoes-no-estado\/\"},\"wordCount\":367,\"publisher\":{\"@id\":\"https:\/\/bahiaeconomica.com.br\/wp\/#organization\"},\"articleSection\":[\"ECONOMIA \/ POL\u00cdTICA\"],\"inLanguage\":\"pt-BR\"},{\"@type\":\"WebPage\",\"@id\":\"https:\/\/bahiaeconomica.com.br\/wp\/2019\/11\/28\/segmento-de-eletricidade-e-gas-vai-investir-r-500-milhoes-no-estado\/\",\"url\":\"https:\/\/bahiaeconomica.com.br\/wp\/2019\/11\/28\/segmento-de-eletricidade-e-gas-vai-investir-r-500-milhoes-no-estado\/\",\"name\":\"SEGMENTO DE ELETRICIDADE E G\u00c1S VAI INVESTIR R$ 500 MILH\u00d5ES NO ESTADO - Bahia Economica\",\"isPartOf\":{\"@id\":\"https:\/\/bahiaeconomica.com.br\/wp\/#website\"},\"datePublished\":\"2019-11-28T12:51:26+00:00\",\"dateModified\":\"2019-11-28T12:51:26+00:00\",\"description\":\"O maior portal de Economia da Bahia ECONOMIA \/ POL\u00cdTICA Bahia Economica\",\"breadcrumb\":{\"@id\":\"https:\/\/bahiaeconomica.com.br\/wp\/2019\/11\/28\/segmento-de-eletricidade-e-gas-vai-investir-r-500-milhoes-no-estado\/#breadcrumb\"},\"inLanguage\":\"pt-BR\",\"potentialAction\":[{\"@type\":\"ReadAction\",\"target\":[\"https:\/\/bahiaeconomica.com.br\/wp\/2019\/11\/28\/segmento-de-eletricidade-e-gas-vai-investir-r-500-milhoes-no-estado\/\"]}]},{\"@type\":\"BreadcrumbList\",\"@id\":\"https:\/\/bahiaeconomica.com.br\/wp\/2019\/11\/28\/segmento-de-eletricidade-e-gas-vai-investir-r-500-milhoes-no-estado\/#breadcrumb\",\"itemListElement\":[{\"@type\":\"ListItem\",\"position\":1,\"name\":\"In\u00edcio\",\"item\":\"https:\/\/bahiaeconomica.com.br\/wp\/\"},{\"@type\":\"ListItem\",\"position\":2,\"name\":\"SEGMENTO DE ELETRICIDADE E G\u00c1S VAI INVESTIR R$ 500 MILH\u00d5ES NO ESTADO\"}]},{\"@type\":\"WebSite\",\"@id\":\"https:\/\/bahiaeconomica.com.br\/wp\/#website\",\"url\":\"https:\/\/bahiaeconomica.com.br\/wp\/\",\"name\":\"Bahia Economica\",\"description\":\"O maior portal de Economia da Bahia\",\"publisher\":{\"@id\":\"https:\/\/bahiaeconomica.com.br\/wp\/#organization\"},\"potentialAction\":[{\"@type\":\"SearchAction\",\"target\":{\"@type\":\"EntryPoint\",\"urlTemplate\":\"https:\/\/bahiaeconomica.com.br\/wp\/?s={search_term_string}\"},\"query-input\":\"required name=search_term_string\"}],\"inLanguage\":\"pt-BR\"},{\"@type\":\"Organization\",\"@id\":\"https:\/\/bahiaeconomica.com.br\/wp\/#organization\",\"name\":\"Bahia Econ\u00f4mica\",\"url\":\"https:\/\/bahiaeconomica.com.br\/wp\/\",\"logo\":{\"@type\":\"ImageObject\",\"inLanguage\":\"pt-BR\",\"@id\":\"https:\/\/bahiaeconomica.com.br\/wp\/#\/schema\/logo\/image\/\",\"url\":\"https:\/\/bahiaeconomica.com.br\/wp\/wp-content\/uploads\/2020\/12\/cropped-BE.png\",\"contentUrl\":\"https:\/\/bahiaeconomica.com.br\/wp\/wp-content\/uploads\/2020\/12\/cropped-BE.png\",\"width\":512,\"height\":512,\"caption\":\"Bahia Econ\u00f4mica\"},\"image\":{\"@id\":\"https:\/\/bahiaeconomica.com.br\/wp\/#\/schema\/logo\/image\/\"},\"sameAs\":[\"https:\/\/www.facebook.com\/bahiaeconomica\"]},{\"@type\":\"Person\",\"@id\":\"https:\/\/bahiaeconomica.com.br\/wp\/#\/schema\/person\/cb1ab5ba96ad3d9390805381c76284ec\",\"name\":\"admin\",\"url\":\"https:\/\/bahiaeconomica.com.br\/wp\/author\/admin\/\"}]}<\/script>\n<!-- \/ Yoast SEO plugin. -->","yoast_head_json":{"title":"SEGMENTO DE ELETRICIDADE E G\u00c1S VAI INVESTIR R$ 500 MILH\u00d5ES NO ESTADO - Bahia Economica","description":"O maior portal de Economia da Bahia ECONOMIA \/ POL\u00cdTICA Bahia Economica","robots":{"index":"index","follow":"follow","max-snippet":"max-snippet:-1","max-image-preview":"max-image-preview:large","max-video-preview":"max-video-preview:-1"},"canonical":"https:\/\/bahiaeconomica.com.br\/wp\/2019\/11\/28\/segmento-de-eletricidade-e-gas-vai-investir-r-500-milhoes-no-estado\/","og_locale":"pt_BR","og_type":"article","og_title":"SEGMENTO DE ELETRICIDADE E G\u00c1S VAI INVESTIR R$ 500 MILH\u00d5ES NO ESTADO - Bahia Economica","og_description":"O maior portal de Economia da Bahia ECONOMIA \/ POL\u00cdTICA Bahia Economica","og_url":"https:\/\/bahiaeconomica.com.br\/wp\/2019\/11\/28\/segmento-de-eletricidade-e-gas-vai-investir-r-500-milhoes-no-estado\/","og_site_name":"Bahia Economica","article_publisher":"https:\/\/www.facebook.com\/bahiaeconomica","article_published_time":"2019-11-28T12:51:26+00:00","og_image":[{"width":500,"height":300,"url":"https:\/\/bahiaeconomica.com.br\/wp\/wp-content\/uploads\/2019\/11\/4219764b-ab70-4431-b097-ea2d0b88b1b4500.jpg","type":"image\/jpeg"}],"author":"admin","twitter_card":"summary_large_image","twitter_misc":{"Escrito por":"admin","Est. tempo de leitura":"2 minutos"},"schema":{"@context":"https:\/\/schema.org","@graph":[{"@type":"Article","@id":"https:\/\/bahiaeconomica.com.br\/wp\/2019\/11\/28\/segmento-de-eletricidade-e-gas-vai-investir-r-500-milhoes-no-estado\/#article","isPartOf":{"@id":"https:\/\/bahiaeconomica.com.br\/wp\/2019\/11\/28\/segmento-de-eletricidade-e-gas-vai-investir-r-500-milhoes-no-estado\/"},"author":{"name":"admin","@id":"https:\/\/bahiaeconomica.com.br\/wp\/#\/schema\/person\/cb1ab5ba96ad3d9390805381c76284ec"},"headline":"SEGMENTO DE ELETRICIDADE E G\u00c1S VAI INVESTIR R$ 500 MILH\u00d5ES NO ESTADO","datePublished":"2019-11-28T12:51:26+00:00","dateModified":"2019-11-28T12:51:26+00:00","mainEntityOfPage":{"@id":"https:\/\/bahiaeconomica.com.br\/wp\/2019\/11\/28\/segmento-de-eletricidade-e-gas-vai-investir-r-500-milhoes-no-estado\/"},"wordCount":367,"publisher":{"@id":"https:\/\/bahiaeconomica.com.br\/wp\/#organization"},"articleSection":["ECONOMIA \/ POL\u00cdTICA"],"inLanguage":"pt-BR"},{"@type":"WebPage","@id":"https:\/\/bahiaeconomica.com.br\/wp\/2019\/11\/28\/segmento-de-eletricidade-e-gas-vai-investir-r-500-milhoes-no-estado\/","url":"https:\/\/bahiaeconomica.com.br\/wp\/2019\/11\/28\/segmento-de-eletricidade-e-gas-vai-investir-r-500-milhoes-no-estado\/","name":"SEGMENTO DE ELETRICIDADE E G\u00c1S VAI INVESTIR R$ 500 MILH\u00d5ES NO ESTADO - Bahia Economica","isPartOf":{"@id":"https:\/\/bahiaeconomica.com.br\/wp\/#website"},"datePublished":"2019-11-28T12:51:26+00:00","dateModified":"2019-11-28T12:51:26+00:00","description":"O maior portal de Economia da Bahia ECONOMIA \/ POL\u00cdTICA Bahia Economica","breadcrumb":{"@id":"https:\/\/bahiaeconomica.com.br\/wp\/2019\/11\/28\/segmento-de-eletricidade-e-gas-vai-investir-r-500-milhoes-no-estado\/#breadcrumb"},"inLanguage":"pt-BR","potentialAction":[{"@type":"ReadAction","target":["https:\/\/bahiaeconomica.com.br\/wp\/2019\/11\/28\/segmento-de-eletricidade-e-gas-vai-investir-r-500-milhoes-no-estado\/"]}]},{"@type":"BreadcrumbList","@id":"https:\/\/bahiaeconomica.com.br\/wp\/2019\/11\/28\/segmento-de-eletricidade-e-gas-vai-investir-r-500-milhoes-no-estado\/#breadcrumb","itemListElement":[{"@type":"ListItem","position":1,"name":"In\u00edcio","item":"https:\/\/bahiaeconomica.com.br\/wp\/"},{"@type":"ListItem","position":2,"name":"SEGMENTO DE ELETRICIDADE E G\u00c1S VAI INVESTIR R$ 500 MILH\u00d5ES NO ESTADO"}]},{"@type":"WebSite","@id":"https:\/\/bahiaeconomica.com.br\/wp\/#website","url":"https:\/\/bahiaeconomica.com.br\/wp\/","name":"Bahia Economica","description":"O maior portal de Economia da Bahia","publisher":{"@id":"https:\/\/bahiaeconomica.com.br\/wp\/#organization"},"potentialAction":[{"@type":"SearchAction","target":{"@type":"EntryPoint","urlTemplate":"https:\/\/bahiaeconomica.com.br\/wp\/?s={search_term_string}"},"query-input":"required name=search_term_string"}],"inLanguage":"pt-BR"},{"@type":"Organization","@id":"https:\/\/bahiaeconomica.com.br\/wp\/#organization","name":"Bahia Econ\u00f4mica","url":"https:\/\/bahiaeconomica.com.br\/wp\/","logo":{"@type":"ImageObject","inLanguage":"pt-BR","@id":"https:\/\/bahiaeconomica.com.br\/wp\/#\/schema\/logo\/image\/","url":"https:\/\/bahiaeconomica.com.br\/wp\/wp-content\/uploads\/2020\/12\/cropped-BE.png","contentUrl":"https:\/\/bahiaeconomica.com.br\/wp\/wp-content\/uploads\/2020\/12\/cropped-BE.png","width":512,"height":512,"caption":"Bahia Econ\u00f4mica"},"image":{"@id":"https:\/\/bahiaeconomica.com.br\/wp\/#\/schema\/logo\/image\/"},"sameAs":["https:\/\/www.facebook.com\/bahiaeconomica"]},{"@type":"Person","@id":"https:\/\/bahiaeconomica.com.br\/wp\/#\/schema\/person\/cb1ab5ba96ad3d9390805381c76284ec","name":"admin","url":"https:\/\/bahiaeconomica.com.br\/wp\/author\/admin\/"}]}},"views":4,"_links":{"self":[{"href":"https:\/\/bahiaeconomica.com.br\/wp\/wp-json\/wp\/v2\/posts\/420811"}],"collection":[{"href":"https:\/\/bahiaeconomica.com.br\/wp\/wp-json\/wp\/v2\/posts"}],"about":[{"href":"https:\/\/bahiaeconomica.com.br\/wp\/wp-json\/wp\/v2\/types\/post"}],"author":[{"embeddable":true,"href":"https:\/\/bahiaeconomica.com.br\/wp\/wp-json\/wp\/v2\/users\/1"}],"replies":[{"embeddable":true,"href":"https:\/\/bahiaeconomica.com.br\/wp\/wp-json\/wp\/v2\/comments?post=420811"}],"version-history":[{"count":1,"href":"https:\/\/bahiaeconomica.com.br\/wp\/wp-json\/wp\/v2\/posts\/420811\/revisions"}],"predecessor-version":[{"id":420815,"href":"https:\/\/bahiaeconomica.com.br\/wp\/wp-json\/wp\/v2\/posts\/420811\/revisions\/420815"}],"wp:featuredmedia":[{"embeddable":true,"href":"https:\/\/bahiaeconomica.com.br\/wp\/wp-json\/wp\/v2\/media\/420813"}],"wp:attachment":[{"href":"https:\/\/bahiaeconomica.com.br\/wp\/wp-json\/wp\/v2\/media?parent=420811"}],"wp:term":[{"taxonomy":"category","embeddable":true,"href":"https:\/\/bahiaeconomica.com.br\/wp\/wp-json\/wp\/v2\/categories?post=420811"},{"taxonomy":"post_tag","embeddable":true,"href":"https:\/\/bahiaeconomica.com.br\/wp\/wp-json\/wp\/v2\/tags?post=420811"}],"curies":[{"name":"wp","href":"https:\/\/api.w.org\/{rel}","templated":true}]}}