{"id":420697,"date":"2019-11-28T07:00:14","date_gmt":"2019-11-28T10:00:14","guid":{"rendered":"https:\/\/bahiaeconomica.com.br\/wp\/beta\/?p=420697"},"modified":"2019-11-28T06:43:46","modified_gmt":"2019-11-28T09:43:46","slug":"flamengo-ergue-a-taca-de-campeao-brasileiro-de-2019","status":"publish","type":"post","link":"https:\/\/bahiaeconomica.com.br\/wp\/2019\/11\/28\/flamengo-ergue-a-taca-de-campeao-brasileiro-de-2019\/","title":{"rendered":"FLAMENGO ERGUE A TA\u00c7A DE CAMPE\u00c3O BRASILEIRO DE 2019"},"content":{"rendered":"<p>Mais de 67 mil torcedores do Flamengo testemunharam outro dia de festa no Maracan\u00e3. A coroa\u00e7\u00e3o do t\u00edtulo do Brasileiro veio com vit\u00f3ria de virada por <!--more-->4 a 1 sobre Cear\u00e1, provoca\u00e7\u00e3o ao Palmeiras e um recado para o Liverpool, poss\u00edvel advers\u00e1rio do Rubro-Negro em uma final no Mundial de Clubes, em dezembro.<\/p>\n<p>Para o concorrentes paulistas, a m\u00fasica cantada por Gabigol em cima do trio el\u00e9trico na comemora\u00e7\u00e3o do t\u00edtulo da Libertadores foi repetida na arquibancada: &#8220;O Palmeiras n\u00e3o tem mundial, n\u00e3o tem Copinha, n\u00e3o tem mundial&#8221;. Quarta-feira, os rubro-negros mostraram confian\u00e7a e ousadia e gritaram: &#8220;Liverpool, pode esperar. Sua hora vai chegar&#8221;.<\/p>\n<p>Com o t\u00edtulo j\u00e1 assegurado, a torcida do Fla foi ao Maracan\u00e3 tranquila. Fez mosaico na entrada do time em campo com a mensagem &#8220;Vencemos juntos&#8221; e comemorou a conquista dos t\u00edtulos. No primeiro tempo, a dificuldade de furar o bloqueio do Cear\u00e1, que conseguiu abrir o placar, foi um susto. A \u00fanica rea\u00e7\u00e3o negativa, e de apenas uma pequena parte dos torcedores, foi as vaias para Rodinei, que vacilou no lance do gol. Logo depois, o lateral recebeu apoio da maioria do est\u00e1dio.<\/p>\n<p>Na segunda etapa, Bruno Henrique deu seu show, marcou tr\u00eas gols, comemorados com luzes vermelhas na arquibancada, e garantiu a invencibilidade do Flamengo no Maracan\u00e3 no Brasileiro. J\u00e1 s\u00e3o 27 jogos seguidos sem perder. &#8211; Merecemos bastante esse t\u00edtulo. Desde o primeiro dia de trabalho adotamos um discurso de voltar a ser um time campe\u00e3o. E gra\u00e7as a Deus estamos nos consagrando campe\u00f5es brasileiro &#8211; disse Bruno Henrique.<\/p>\n<p>Vitinho ainda completou o placar de 4 a 1, e ap\u00f3s o apito final os rubro-negros festejaram com a ta\u00e7a em uma volta ol\u00edmpica com o t\u00e9cnico Jorge Jesus e os jogadores ovacionados. Alvo das provoca\u00e7\u00f5es da torcida, o Palmeiras \u00e9 o pr\u00f3ximo advers\u00e1rio do Flamengo, domingo, em S\u00e3o Paulo.(GE)<\/p>\n","protected":false},"excerpt":{"rendered":"<p>Mais de 67 mil torcedores do Flamengo testemunharam outro dia de festa no Maracan\u00e3. A coroa\u00e7\u00e3o do t\u00edtulo do Brasileiro veio com vit\u00f3ria de virada por<\/p>\n","protected":false},"author":1,"featured_media":420699,"comment_status":"closed","ping_status":"closed","sticky":false,"template":"","format":"standard","meta":[],"categories":[14,3],"tags":[],"acf":[],"yoast_head":"<!-- This site is optimized with the Yoast SEO plugin v20.8 - https:\/\/yoast.com\/wordpress\/plugins\/seo\/ -->\n<title>FLAMENGO ERGUE A TA\u00c7A DE CAMPE\u00c3O BRASILEIRO DE 2019 - Bahia Economica<\/title>\n<meta name=\"description\" content=\"O maior portal de Economia da Bahia DESTAQUE DO DIA, ECONOMIA \/ POL\u00cdTICA Bahia Economica\" \/>\n<meta name=\"robots\" content=\"index, follow, max-snippet:-1, max-image-preview:large, max-video-preview:-1\" \/>\n<link rel=\"canonical\" href=\"https:\/\/bahiaeconomica.com.br\/wp\/2019\/11\/28\/flamengo-ergue-a-taca-de-campeao-brasileiro-de-2019\/\" \/>\n<meta property=\"og:locale\" content=\"pt_BR\" \/>\n<meta property=\"og:type\" content=\"article\" \/>\n<meta property=\"og:title\" content=\"FLAMENGO ERGUE A TA\u00c7A DE CAMPE\u00c3O BRASILEIRO DE 2019 - Bahia Economica\" \/>\n<meta property=\"og:description\" content=\"O maior portal de Economia da Bahia DESTAQUE DO DIA, ECONOMIA \/ POL\u00cdTICA Bahia Economica\" \/>\n<meta property=\"og:url\" content=\"https:\/\/bahiaeconomica.com.br\/wp\/2019\/11\/28\/flamengo-ergue-a-taca-de-campeao-brasileiro-de-2019\/\" \/>\n<meta property=\"og:site_name\" content=\"Bahia Economica\" \/>\n<meta property=\"article:publisher\" content=\"https:\/\/www.facebook.com\/bahiaeconomica\" \/>\n<meta property=\"article:published_time\" content=\"2019-11-28T10:00:14+00:00\" \/>\n<meta property=\"article:modified_time\" content=\"2019-11-28T09:43:46+00:00\" \/>\n<meta property=\"og:image\" content=\"https:\/\/bahiaeconomica.com.br\/wp\/wp-content\/uploads\/2019\/11\/imagesFFFFFFFF.jpg\" \/>\n\t<meta property=\"og:image:width\" content=\"500\" \/>\n\t<meta property=\"og:image:height\" content=\"300\" \/>\n\t<meta property=\"og:image:type\" content=\"image\/jpeg\" \/>\n<meta name=\"author\" content=\"admin\" \/>\n<meta name=\"twitter:card\" content=\"summary_large_image\" \/>\n<meta name=\"twitter:label1\" content=\"Escrito por\" \/>\n\t<meta name=\"twitter:data1\" content=\"admin\" \/>\n\t<meta name=\"twitter:label2\" content=\"Est. tempo de leitura\" \/>\n\t<meta name=\"twitter:data2\" content=\"2 minutos\" \/>\n<script type=\"application\/ld+json\" class=\"yoast-schema-graph\">{\"@context\":\"https:\/\/schema.org\",\"@graph\":[{\"@type\":\"Article\",\"@id\":\"https:\/\/bahiaeconomica.com.br\/wp\/2019\/11\/28\/flamengo-ergue-a-taca-de-campeao-brasileiro-de-2019\/#article\",\"isPartOf\":{\"@id\":\"https:\/\/bahiaeconomica.com.br\/wp\/2019\/11\/28\/flamengo-ergue-a-taca-de-campeao-brasileiro-de-2019\/\"},\"author\":{\"name\":\"admin\",\"@id\":\"https:\/\/bahiaeconomica.com.br\/wp\/#\/schema\/person\/cb1ab5ba96ad3d9390805381c76284ec\"},\"headline\":\"FLAMENGO ERGUE A TA\u00c7A DE CAMPE\u00c3O BRASILEIRO DE 2019\",\"datePublished\":\"2019-11-28T10:00:14+00:00\",\"dateModified\":\"2019-11-28T09:43:46+00:00\",\"mainEntityOfPage\":{\"@id\":\"https:\/\/bahiaeconomica.com.br\/wp\/2019\/11\/28\/flamengo-ergue-a-taca-de-campeao-brasileiro-de-2019\/\"},\"wordCount\":342,\"publisher\":{\"@id\":\"https:\/\/bahiaeconomica.com.br\/wp\/#organization\"},\"articleSection\":[\"DESTAQUE DO DIA\",\"ECONOMIA \/ POL\u00cdTICA\"],\"inLanguage\":\"pt-BR\"},{\"@type\":\"WebPage\",\"@id\":\"https:\/\/bahiaeconomica.com.br\/wp\/2019\/11\/28\/flamengo-ergue-a-taca-de-campeao-brasileiro-de-2019\/\",\"url\":\"https:\/\/bahiaeconomica.com.br\/wp\/2019\/11\/28\/flamengo-ergue-a-taca-de-campeao-brasileiro-de-2019\/\",\"name\":\"FLAMENGO ERGUE A TA\u00c7A DE CAMPE\u00c3O BRASILEIRO DE 2019 - Bahia Economica\",\"isPartOf\":{\"@id\":\"https:\/\/bahiaeconomica.com.br\/wp\/#website\"},\"datePublished\":\"2019-11-28T10:00:14+00:00\",\"dateModified\":\"2019-11-28T09:43:46+00:00\",\"description\":\"O maior portal de Economia da Bahia DESTAQUE DO DIA, ECONOMIA \/ POL\u00cdTICA Bahia Economica\",\"breadcrumb\":{\"@id\":\"https:\/\/bahiaeconomica.com.br\/wp\/2019\/11\/28\/flamengo-ergue-a-taca-de-campeao-brasileiro-de-2019\/#breadcrumb\"},\"inLanguage\":\"pt-BR\",\"potentialAction\":[{\"@type\":\"ReadAction\",\"target\":[\"https:\/\/bahiaeconomica.com.br\/wp\/2019\/11\/28\/flamengo-ergue-a-taca-de-campeao-brasileiro-de-2019\/\"]}]},{\"@type\":\"BreadcrumbList\",\"@id\":\"https:\/\/bahiaeconomica.com.br\/wp\/2019\/11\/28\/flamengo-ergue-a-taca-de-campeao-brasileiro-de-2019\/#breadcrumb\",\"itemListElement\":[{\"@type\":\"ListItem\",\"position\":1,\"name\":\"In\u00edcio\",\"item\":\"https:\/\/bahiaeconomica.com.br\/wp\/\"},{\"@type\":\"ListItem\",\"position\":2,\"name\":\"FLAMENGO ERGUE A TA\u00c7A DE CAMPE\u00c3O BRASILEIRO DE 2019\"}]},{\"@type\":\"WebSite\",\"@id\":\"https:\/\/bahiaeconomica.com.br\/wp\/#website\",\"url\":\"https:\/\/bahiaeconomica.com.br\/wp\/\",\"name\":\"Bahia Economica\",\"description\":\"O maior portal de Economia da Bahia\",\"publisher\":{\"@id\":\"https:\/\/bahiaeconomica.com.br\/wp\/#organization\"},\"potentialAction\":[{\"@type\":\"SearchAction\",\"target\":{\"@type\":\"EntryPoint\",\"urlTemplate\":\"https:\/\/bahiaeconomica.com.br\/wp\/?s={search_term_string}\"},\"query-input\":\"required name=search_term_string\"}],\"inLanguage\":\"pt-BR\"},{\"@type\":\"Organization\",\"@id\":\"https:\/\/bahiaeconomica.com.br\/wp\/#organization\",\"name\":\"Bahia Econ\u00f4mica\",\"url\":\"https:\/\/bahiaeconomica.com.br\/wp\/\",\"logo\":{\"@type\":\"ImageObject\",\"inLanguage\":\"pt-BR\",\"@id\":\"https:\/\/bahiaeconomica.com.br\/wp\/#\/schema\/logo\/image\/\",\"url\":\"https:\/\/bahiaeconomica.com.br\/wp\/wp-content\/uploads\/2020\/12\/cropped-BE.png\",\"contentUrl\":\"https:\/\/bahiaeconomica.com.br\/wp\/wp-content\/uploads\/2020\/12\/cropped-BE.png\",\"width\":512,\"height\":512,\"caption\":\"Bahia Econ\u00f4mica\"},\"image\":{\"@id\":\"https:\/\/bahiaeconomica.com.br\/wp\/#\/schema\/logo\/image\/\"},\"sameAs\":[\"https:\/\/www.facebook.com\/bahiaeconomica\"]},{\"@type\":\"Person\",\"@id\":\"https:\/\/bahiaeconomica.com.br\/wp\/#\/schema\/person\/cb1ab5ba96ad3d9390805381c76284ec\",\"name\":\"admin\",\"url\":\"https:\/\/bahiaeconomica.com.br\/wp\/author\/admin\/\"}]}<\/script>\n<!-- \/ Yoast SEO plugin. -->","yoast_head_json":{"title":"FLAMENGO ERGUE A TA\u00c7A DE CAMPE\u00c3O BRASILEIRO DE 2019 - Bahia Economica","description":"O maior portal de Economia da Bahia DESTAQUE DO DIA, ECONOMIA \/ POL\u00cdTICA Bahia Economica","robots":{"index":"index","follow":"follow","max-snippet":"max-snippet:-1","max-image-preview":"max-image-preview:large","max-video-preview":"max-video-preview:-1"},"canonical":"https:\/\/bahiaeconomica.com.br\/wp\/2019\/11\/28\/flamengo-ergue-a-taca-de-campeao-brasileiro-de-2019\/","og_locale":"pt_BR","og_type":"article","og_title":"FLAMENGO ERGUE A TA\u00c7A DE CAMPE\u00c3O BRASILEIRO DE 2019 - Bahia Economica","og_description":"O maior portal de Economia da Bahia DESTAQUE DO DIA, ECONOMIA \/ POL\u00cdTICA Bahia Economica","og_url":"https:\/\/bahiaeconomica.com.br\/wp\/2019\/11\/28\/flamengo-ergue-a-taca-de-campeao-brasileiro-de-2019\/","og_site_name":"Bahia Economica","article_publisher":"https:\/\/www.facebook.com\/bahiaeconomica","article_published_time":"2019-11-28T10:00:14+00:00","article_modified_time":"2019-11-28T09:43:46+00:00","og_image":[{"width":500,"height":300,"url":"https:\/\/bahiaeconomica.com.br\/wp\/wp-content\/uploads\/2019\/11\/imagesFFFFFFFF.jpg","type":"image\/jpeg"}],"author":"admin","twitter_card":"summary_large_image","twitter_misc":{"Escrito por":"admin","Est. tempo de leitura":"2 minutos"},"schema":{"@context":"https:\/\/schema.org","@graph":[{"@type":"Article","@id":"https:\/\/bahiaeconomica.com.br\/wp\/2019\/11\/28\/flamengo-ergue-a-taca-de-campeao-brasileiro-de-2019\/#article","isPartOf":{"@id":"https:\/\/bahiaeconomica.com.br\/wp\/2019\/11\/28\/flamengo-ergue-a-taca-de-campeao-brasileiro-de-2019\/"},"author":{"name":"admin","@id":"https:\/\/bahiaeconomica.com.br\/wp\/#\/schema\/person\/cb1ab5ba96ad3d9390805381c76284ec"},"headline":"FLAMENGO ERGUE A TA\u00c7A DE CAMPE\u00c3O BRASILEIRO DE 2019","datePublished":"2019-11-28T10:00:14+00:00","dateModified":"2019-11-28T09:43:46+00:00","mainEntityOfPage":{"@id":"https:\/\/bahiaeconomica.com.br\/wp\/2019\/11\/28\/flamengo-ergue-a-taca-de-campeao-brasileiro-de-2019\/"},"wordCount":342,"publisher":{"@id":"https:\/\/bahiaeconomica.com.br\/wp\/#organization"},"articleSection":["DESTAQUE DO DIA","ECONOMIA \/ POL\u00cdTICA"],"inLanguage":"pt-BR"},{"@type":"WebPage","@id":"https:\/\/bahiaeconomica.com.br\/wp\/2019\/11\/28\/flamengo-ergue-a-taca-de-campeao-brasileiro-de-2019\/","url":"https:\/\/bahiaeconomica.com.br\/wp\/2019\/11\/28\/flamengo-ergue-a-taca-de-campeao-brasileiro-de-2019\/","name":"FLAMENGO ERGUE A TA\u00c7A DE CAMPE\u00c3O BRASILEIRO DE 2019 - Bahia Economica","isPartOf":{"@id":"https:\/\/bahiaeconomica.com.br\/wp\/#website"},"datePublished":"2019-11-28T10:00:14+00:00","dateModified":"2019-11-28T09:43:46+00:00","description":"O maior portal de Economia da Bahia DESTAQUE DO DIA, ECONOMIA \/ POL\u00cdTICA Bahia Economica","breadcrumb":{"@id":"https:\/\/bahiaeconomica.com.br\/wp\/2019\/11\/28\/flamengo-ergue-a-taca-de-campeao-brasileiro-de-2019\/#breadcrumb"},"inLanguage":"pt-BR","potentialAction":[{"@type":"ReadAction","target":["https:\/\/bahiaeconomica.com.br\/wp\/2019\/11\/28\/flamengo-ergue-a-taca-de-campeao-brasileiro-de-2019\/"]}]},{"@type":"BreadcrumbList","@id":"https:\/\/bahiaeconomica.com.br\/wp\/2019\/11\/28\/flamengo-ergue-a-taca-de-campeao-brasileiro-de-2019\/#breadcrumb","itemListElement":[{"@type":"ListItem","position":1,"name":"In\u00edcio","item":"https:\/\/bahiaeconomica.com.br\/wp\/"},{"@type":"ListItem","position":2,"name":"FLAMENGO ERGUE A TA\u00c7A DE CAMPE\u00c3O BRASILEIRO DE 2019"}]},{"@type":"WebSite","@id":"https:\/\/bahiaeconomica.com.br\/wp\/#website","url":"https:\/\/bahiaeconomica.com.br\/wp\/","name":"Bahia Economica","description":"O maior portal de Economia da Bahia","publisher":{"@id":"https:\/\/bahiaeconomica.com.br\/wp\/#organization"},"potentialAction":[{"@type":"SearchAction","target":{"@type":"EntryPoint","urlTemplate":"https:\/\/bahiaeconomica.com.br\/wp\/?s={search_term_string}"},"query-input":"required name=search_term_string"}],"inLanguage":"pt-BR"},{"@type":"Organization","@id":"https:\/\/bahiaeconomica.com.br\/wp\/#organization","name":"Bahia Econ\u00f4mica","url":"https:\/\/bahiaeconomica.com.br\/wp\/","logo":{"@type":"ImageObject","inLanguage":"pt-BR","@id":"https:\/\/bahiaeconomica.com.br\/wp\/#\/schema\/logo\/image\/","url":"https:\/\/bahiaeconomica.com.br\/wp\/wp-content\/uploads\/2020\/12\/cropped-BE.png","contentUrl":"https:\/\/bahiaeconomica.com.br\/wp\/wp-content\/uploads\/2020\/12\/cropped-BE.png","width":512,"height":512,"caption":"Bahia Econ\u00f4mica"},"image":{"@id":"https:\/\/bahiaeconomica.com.br\/wp\/#\/schema\/logo\/image\/"},"sameAs":["https:\/\/www.facebook.com\/bahiaeconomica"]},{"@type":"Person","@id":"https:\/\/bahiaeconomica.com.br\/wp\/#\/schema\/person\/cb1ab5ba96ad3d9390805381c76284ec","name":"admin","url":"https:\/\/bahiaeconomica.com.br\/wp\/author\/admin\/"}]}},"views":0,"_links":{"self":[{"href":"https:\/\/bahiaeconomica.com.br\/wp\/wp-json\/wp\/v2\/posts\/420697"}],"collection":[{"href":"https:\/\/bahiaeconomica.com.br\/wp\/wp-json\/wp\/v2\/posts"}],"about":[{"href":"https:\/\/bahiaeconomica.com.br\/wp\/wp-json\/wp\/v2\/types\/post"}],"author":[{"embeddable":true,"href":"https:\/\/bahiaeconomica.com.br\/wp\/wp-json\/wp\/v2\/users\/1"}],"replies":[{"embeddable":true,"href":"https:\/\/bahiaeconomica.com.br\/wp\/wp-json\/wp\/v2\/comments?post=420697"}],"version-history":[{"count":1,"href":"https:\/\/bahiaeconomica.com.br\/wp\/wp-json\/wp\/v2\/posts\/420697\/revisions"}],"predecessor-version":[{"id":420700,"href":"https:\/\/bahiaeconomica.com.br\/wp\/wp-json\/wp\/v2\/posts\/420697\/revisions\/420700"}],"wp:featuredmedia":[{"embeddable":true,"href":"https:\/\/bahiaeconomica.com.br\/wp\/wp-json\/wp\/v2\/media\/420699"}],"wp:attachment":[{"href":"https:\/\/bahiaeconomica.com.br\/wp\/wp-json\/wp\/v2\/media?parent=420697"}],"wp:term":[{"taxonomy":"category","embeddable":true,"href":"https:\/\/bahiaeconomica.com.br\/wp\/wp-json\/wp\/v2\/categories?post=420697"},{"taxonomy":"post_tag","embeddable":true,"href":"https:\/\/bahiaeconomica.com.br\/wp\/wp-json\/wp\/v2\/tags?post=420697"}],"curies":[{"name":"wp","href":"https:\/\/api.w.org\/{rel}","templated":true}]}}