{"id":417824,"date":"2019-11-20T08:00:55","date_gmt":"2019-11-20T11:00:55","guid":{"rendered":"https:\/\/bahiaeconomica.com.br\/wp\/beta\/?p=417824"},"modified":"2019-11-20T07:50:08","modified_gmt":"2019-11-20T10:50:08","slug":"feirao-para-renegociar-dividas-e-limpar-nome-comeca-amanha","status":"publish","type":"post","link":"https:\/\/bahiaeconomica.com.br\/wp\/2019\/11\/20\/feirao-para-renegociar-dividas-e-limpar-nome-comeca-amanha\/","title":{"rendered":"FEIR\u00c3O PARA RENEGOCIAR D\u00cdVIDAS E LIMPAR NOME COME\u00c7A AMANH\u00c3"},"content":{"rendered":"<p>Come\u00e7a na quinta-feira (21) o feir\u00e3o online do Servi\u00e7o de Prote\u00e7\u00e3o ao Cr\u00e9dito (SPC Brasil) para consumidores que precisam renegociar d\u00edvidas e limpar o nome. <!--more-->O servi\u00e7o deve oferecer descontos de at\u00e9 90% de descontos nas d\u00edvidas em atraso, com cerca de 120 empresas participantes.<\/p>\n<p>O feir\u00e3o estar\u00e1 dispon\u00edvel em 15 cidades &#8211; S\u00e3o Paulo, Belo Horizonte, Salvador, Fortaleza, Recife, Goi\u00e2nia, Cuiab\u00e1, S\u00e3o Luis, Teresina, Rio Branco e Manaus, Feira de Santana (BA), Ibirit\u00e9 (MG), Pato Branco (PR) e Santo Ant\u00f4nio da Platina (PR). O servi\u00e7o vai at\u00e9 o dia 15 de dezembro.<\/p>\n<p>Entre as empresas que far\u00e3o parte do feir\u00e3o est\u00e3o bancos, cons\u00f3rcios, operadoras de telefonia, construtoras, supermercados e empresas do com\u00e9rcio e do ramo de servi\u00e7os. Al\u00e9m dos descontos, tamb\u00e9m ser\u00e3o oferecidos como op\u00e7\u00f5es de renegocia\u00e7\u00e3o parcelamentos maiores ou novo prazo para quitar a d\u00edvida.<\/p>\n<p>Para renegociar d\u00edvidas e limpar o nome no feir\u00e3o do SPC, o consumidor precisa: verificar no site do feir\u00e3o se a empresa para a qual ele est\u00e1 devendo est\u00e1 participando; fazer um cadastro no mesmo site; ap\u00f3s a confirma\u00e7\u00e3o do cadastro, consultar gratuitamente o seu CPF para checar se tem alguma pend\u00eancia; se tiver alguma d\u00edvida, verificar se ela est\u00e1 dispon\u00edvel para renegocia\u00e7\u00e3o dentro do pr\u00f3prio site; ap\u00f3s a renegocia\u00e7\u00e3o, o consumidor pode baixar os boletos com as novas condi\u00e7\u00f5es de pagamento. (G1)<\/p>\n<p>&nbsp;<\/p>\n<p>Foto: Reprodu\u00e7\u00e3o\/ CDL<\/p>\n","protected":false},"excerpt":{"rendered":"<p>Come\u00e7a na quinta-feira (21) o feir\u00e3o online do Servi\u00e7o de Prote\u00e7\u00e3o ao Cr\u00e9dito (SPC Brasil) para consumidores que precisam renegociar d\u00edvidas e limpar o nome.<\/p>\n","protected":false},"author":1,"featured_media":416163,"comment_status":"closed","ping_status":"closed","sticky":false,"template":"","format":"standard","meta":[],"categories":[14,3],"tags":[],"acf":[],"yoast_head":"<!-- This site is optimized with the Yoast SEO plugin v20.8 - https:\/\/yoast.com\/wordpress\/plugins\/seo\/ -->\n<title>FEIR\u00c3O PARA RENEGOCIAR D\u00cdVIDAS E LIMPAR NOME COME\u00c7A AMANH\u00c3 - Bahia Economica<\/title>\n<meta name=\"description\" content=\"O maior portal de Economia da Bahia DESTAQUE DO DIA, ECONOMIA \/ POL\u00cdTICA Bahia Economica\" \/>\n<meta name=\"robots\" content=\"index, follow, max-snippet:-1, max-image-preview:large, max-video-preview:-1\" \/>\n<link rel=\"canonical\" href=\"https:\/\/bahiaeconomica.com.br\/wp\/2019\/11\/20\/feirao-para-renegociar-dividas-e-limpar-nome-comeca-amanha\/\" \/>\n<meta property=\"og:locale\" content=\"pt_BR\" \/>\n<meta property=\"og:type\" content=\"article\" \/>\n<meta property=\"og:title\" content=\"FEIR\u00c3O PARA RENEGOCIAR D\u00cdVIDAS E LIMPAR NOME COME\u00c7A AMANH\u00c3 - Bahia Economica\" \/>\n<meta property=\"og:description\" content=\"O maior portal de Economia da Bahia DESTAQUE DO DIA, ECONOMIA \/ POL\u00cdTICA Bahia Economica\" \/>\n<meta property=\"og:url\" content=\"https:\/\/bahiaeconomica.com.br\/wp\/2019\/11\/20\/feirao-para-renegociar-dividas-e-limpar-nome-comeca-amanha\/\" \/>\n<meta property=\"og:site_name\" content=\"Bahia Economica\" \/>\n<meta property=\"article:publisher\" content=\"https:\/\/www.facebook.com\/bahiaeconomica\" \/>\n<meta property=\"article:published_time\" content=\"2019-11-20T11:00:55+00:00\" \/>\n<meta property=\"article:modified_time\" content=\"2019-11-20T10:50:08+00:00\" \/>\n<meta property=\"og:image\" content=\"https:\/\/bahiaeconomica.com.br\/wp\/wp-content\/uploads\/2019\/11\/Inadiplencia-foto-reproducao-cdl-1.jpg\" \/>\n\t<meta property=\"og:image:width\" content=\"500\" \/>\n\t<meta property=\"og:image:height\" content=\"332\" \/>\n\t<meta property=\"og:image:type\" content=\"image\/jpeg\" \/>\n<meta name=\"author\" content=\"admin\" \/>\n<meta name=\"twitter:card\" content=\"summary_large_image\" \/>\n<meta name=\"twitter:label1\" content=\"Escrito por\" \/>\n\t<meta name=\"twitter:data1\" content=\"admin\" \/>\n\t<meta name=\"twitter:label2\" content=\"Est. tempo de leitura\" \/>\n\t<meta name=\"twitter:data2\" content=\"1 minuto\" \/>\n<script type=\"application\/ld+json\" class=\"yoast-schema-graph\">{\"@context\":\"https:\/\/schema.org\",\"@graph\":[{\"@type\":\"Article\",\"@id\":\"https:\/\/bahiaeconomica.com.br\/wp\/2019\/11\/20\/feirao-para-renegociar-dividas-e-limpar-nome-comeca-amanha\/#article\",\"isPartOf\":{\"@id\":\"https:\/\/bahiaeconomica.com.br\/wp\/2019\/11\/20\/feirao-para-renegociar-dividas-e-limpar-nome-comeca-amanha\/\"},\"author\":{\"name\":\"admin\",\"@id\":\"https:\/\/bahiaeconomica.com.br\/wp\/#\/schema\/person\/cb1ab5ba96ad3d9390805381c76284ec\"},\"headline\":\"FEIR\u00c3O PARA RENEGOCIAR D\u00cdVIDAS E LIMPAR NOME COME\u00c7A AMANH\u00c3\",\"datePublished\":\"2019-11-20T11:00:55+00:00\",\"dateModified\":\"2019-11-20T10:50:08+00:00\",\"mainEntityOfPage\":{\"@id\":\"https:\/\/bahiaeconomica.com.br\/wp\/2019\/11\/20\/feirao-para-renegociar-dividas-e-limpar-nome-comeca-amanha\/\"},\"wordCount\":272,\"publisher\":{\"@id\":\"https:\/\/bahiaeconomica.com.br\/wp\/#organization\"},\"articleSection\":[\"DESTAQUE DO DIA\",\"ECONOMIA \/ POL\u00cdTICA\"],\"inLanguage\":\"pt-BR\"},{\"@type\":\"WebPage\",\"@id\":\"https:\/\/bahiaeconomica.com.br\/wp\/2019\/11\/20\/feirao-para-renegociar-dividas-e-limpar-nome-comeca-amanha\/\",\"url\":\"https:\/\/bahiaeconomica.com.br\/wp\/2019\/11\/20\/feirao-para-renegociar-dividas-e-limpar-nome-comeca-amanha\/\",\"name\":\"FEIR\u00c3O PARA RENEGOCIAR D\u00cdVIDAS E LIMPAR NOME COME\u00c7A AMANH\u00c3 - Bahia Economica\",\"isPartOf\":{\"@id\":\"https:\/\/bahiaeconomica.com.br\/wp\/#website\"},\"datePublished\":\"2019-11-20T11:00:55+00:00\",\"dateModified\":\"2019-11-20T10:50:08+00:00\",\"description\":\"O maior portal de Economia da Bahia DESTAQUE DO DIA, ECONOMIA \/ POL\u00cdTICA Bahia Economica\",\"breadcrumb\":{\"@id\":\"https:\/\/bahiaeconomica.com.br\/wp\/2019\/11\/20\/feirao-para-renegociar-dividas-e-limpar-nome-comeca-amanha\/#breadcrumb\"},\"inLanguage\":\"pt-BR\",\"potentialAction\":[{\"@type\":\"ReadAction\",\"target\":[\"https:\/\/bahiaeconomica.com.br\/wp\/2019\/11\/20\/feirao-para-renegociar-dividas-e-limpar-nome-comeca-amanha\/\"]}]},{\"@type\":\"BreadcrumbList\",\"@id\":\"https:\/\/bahiaeconomica.com.br\/wp\/2019\/11\/20\/feirao-para-renegociar-dividas-e-limpar-nome-comeca-amanha\/#breadcrumb\",\"itemListElement\":[{\"@type\":\"ListItem\",\"position\":1,\"name\":\"In\u00edcio\",\"item\":\"https:\/\/bahiaeconomica.com.br\/wp\/\"},{\"@type\":\"ListItem\",\"position\":2,\"name\":\"FEIR\u00c3O PARA RENEGOCIAR D\u00cdVIDAS E LIMPAR NOME COME\u00c7A AMANH\u00c3\"}]},{\"@type\":\"WebSite\",\"@id\":\"https:\/\/bahiaeconomica.com.br\/wp\/#website\",\"url\":\"https:\/\/bahiaeconomica.com.br\/wp\/\",\"name\":\"Bahia Economica\",\"description\":\"O maior portal de Economia da Bahia\",\"publisher\":{\"@id\":\"https:\/\/bahiaeconomica.com.br\/wp\/#organization\"},\"potentialAction\":[{\"@type\":\"SearchAction\",\"target\":{\"@type\":\"EntryPoint\",\"urlTemplate\":\"https:\/\/bahiaeconomica.com.br\/wp\/?s={search_term_string}\"},\"query-input\":\"required name=search_term_string\"}],\"inLanguage\":\"pt-BR\"},{\"@type\":\"Organization\",\"@id\":\"https:\/\/bahiaeconomica.com.br\/wp\/#organization\",\"name\":\"Bahia Econ\u00f4mica\",\"url\":\"https:\/\/bahiaeconomica.com.br\/wp\/\",\"logo\":{\"@type\":\"ImageObject\",\"inLanguage\":\"pt-BR\",\"@id\":\"https:\/\/bahiaeconomica.com.br\/wp\/#\/schema\/logo\/image\/\",\"url\":\"https:\/\/bahiaeconomica.com.br\/wp\/wp-content\/uploads\/2020\/12\/cropped-BE.png\",\"contentUrl\":\"https:\/\/bahiaeconomica.com.br\/wp\/wp-content\/uploads\/2020\/12\/cropped-BE.png\",\"width\":512,\"height\":512,\"caption\":\"Bahia Econ\u00f4mica\"},\"image\":{\"@id\":\"https:\/\/bahiaeconomica.com.br\/wp\/#\/schema\/logo\/image\/\"},\"sameAs\":[\"https:\/\/www.facebook.com\/bahiaeconomica\"]},{\"@type\":\"Person\",\"@id\":\"https:\/\/bahiaeconomica.com.br\/wp\/#\/schema\/person\/cb1ab5ba96ad3d9390805381c76284ec\",\"name\":\"admin\",\"url\":\"https:\/\/bahiaeconomica.com.br\/wp\/author\/admin\/\"}]}<\/script>\n<!-- \/ Yoast SEO plugin. -->","yoast_head_json":{"title":"FEIR\u00c3O PARA RENEGOCIAR D\u00cdVIDAS E LIMPAR NOME COME\u00c7A AMANH\u00c3 - Bahia Economica","description":"O maior portal de Economia da Bahia DESTAQUE DO DIA, ECONOMIA \/ POL\u00cdTICA Bahia Economica","robots":{"index":"index","follow":"follow","max-snippet":"max-snippet:-1","max-image-preview":"max-image-preview:large","max-video-preview":"max-video-preview:-1"},"canonical":"https:\/\/bahiaeconomica.com.br\/wp\/2019\/11\/20\/feirao-para-renegociar-dividas-e-limpar-nome-comeca-amanha\/","og_locale":"pt_BR","og_type":"article","og_title":"FEIR\u00c3O PARA RENEGOCIAR D\u00cdVIDAS E LIMPAR NOME COME\u00c7A AMANH\u00c3 - Bahia Economica","og_description":"O maior portal de Economia da Bahia DESTAQUE DO DIA, ECONOMIA \/ POL\u00cdTICA Bahia Economica","og_url":"https:\/\/bahiaeconomica.com.br\/wp\/2019\/11\/20\/feirao-para-renegociar-dividas-e-limpar-nome-comeca-amanha\/","og_site_name":"Bahia Economica","article_publisher":"https:\/\/www.facebook.com\/bahiaeconomica","article_published_time":"2019-11-20T11:00:55+00:00","article_modified_time":"2019-11-20T10:50:08+00:00","og_image":[{"width":500,"height":332,"url":"https:\/\/bahiaeconomica.com.br\/wp\/wp-content\/uploads\/2019\/11\/Inadiplencia-foto-reproducao-cdl-1.jpg","type":"image\/jpeg"}],"author":"admin","twitter_card":"summary_large_image","twitter_misc":{"Escrito por":"admin","Est. tempo de leitura":"1 minuto"},"schema":{"@context":"https:\/\/schema.org","@graph":[{"@type":"Article","@id":"https:\/\/bahiaeconomica.com.br\/wp\/2019\/11\/20\/feirao-para-renegociar-dividas-e-limpar-nome-comeca-amanha\/#article","isPartOf":{"@id":"https:\/\/bahiaeconomica.com.br\/wp\/2019\/11\/20\/feirao-para-renegociar-dividas-e-limpar-nome-comeca-amanha\/"},"author":{"name":"admin","@id":"https:\/\/bahiaeconomica.com.br\/wp\/#\/schema\/person\/cb1ab5ba96ad3d9390805381c76284ec"},"headline":"FEIR\u00c3O PARA RENEGOCIAR D\u00cdVIDAS E LIMPAR NOME COME\u00c7A AMANH\u00c3","datePublished":"2019-11-20T11:00:55+00:00","dateModified":"2019-11-20T10:50:08+00:00","mainEntityOfPage":{"@id":"https:\/\/bahiaeconomica.com.br\/wp\/2019\/11\/20\/feirao-para-renegociar-dividas-e-limpar-nome-comeca-amanha\/"},"wordCount":272,"publisher":{"@id":"https:\/\/bahiaeconomica.com.br\/wp\/#organization"},"articleSection":["DESTAQUE DO DIA","ECONOMIA \/ POL\u00cdTICA"],"inLanguage":"pt-BR"},{"@type":"WebPage","@id":"https:\/\/bahiaeconomica.com.br\/wp\/2019\/11\/20\/feirao-para-renegociar-dividas-e-limpar-nome-comeca-amanha\/","url":"https:\/\/bahiaeconomica.com.br\/wp\/2019\/11\/20\/feirao-para-renegociar-dividas-e-limpar-nome-comeca-amanha\/","name":"FEIR\u00c3O PARA RENEGOCIAR D\u00cdVIDAS E LIMPAR NOME COME\u00c7A AMANH\u00c3 - Bahia Economica","isPartOf":{"@id":"https:\/\/bahiaeconomica.com.br\/wp\/#website"},"datePublished":"2019-11-20T11:00:55+00:00","dateModified":"2019-11-20T10:50:08+00:00","description":"O maior portal de Economia da Bahia DESTAQUE DO DIA, ECONOMIA \/ POL\u00cdTICA Bahia Economica","breadcrumb":{"@id":"https:\/\/bahiaeconomica.com.br\/wp\/2019\/11\/20\/feirao-para-renegociar-dividas-e-limpar-nome-comeca-amanha\/#breadcrumb"},"inLanguage":"pt-BR","potentialAction":[{"@type":"ReadAction","target":["https:\/\/bahiaeconomica.com.br\/wp\/2019\/11\/20\/feirao-para-renegociar-dividas-e-limpar-nome-comeca-amanha\/"]}]},{"@type":"BreadcrumbList","@id":"https:\/\/bahiaeconomica.com.br\/wp\/2019\/11\/20\/feirao-para-renegociar-dividas-e-limpar-nome-comeca-amanha\/#breadcrumb","itemListElement":[{"@type":"ListItem","position":1,"name":"In\u00edcio","item":"https:\/\/bahiaeconomica.com.br\/wp\/"},{"@type":"ListItem","position":2,"name":"FEIR\u00c3O PARA RENEGOCIAR D\u00cdVIDAS E LIMPAR NOME COME\u00c7A AMANH\u00c3"}]},{"@type":"WebSite","@id":"https:\/\/bahiaeconomica.com.br\/wp\/#website","url":"https:\/\/bahiaeconomica.com.br\/wp\/","name":"Bahia Economica","description":"O maior portal de Economia da Bahia","publisher":{"@id":"https:\/\/bahiaeconomica.com.br\/wp\/#organization"},"potentialAction":[{"@type":"SearchAction","target":{"@type":"EntryPoint","urlTemplate":"https:\/\/bahiaeconomica.com.br\/wp\/?s={search_term_string}"},"query-input":"required name=search_term_string"}],"inLanguage":"pt-BR"},{"@type":"Organization","@id":"https:\/\/bahiaeconomica.com.br\/wp\/#organization","name":"Bahia Econ\u00f4mica","url":"https:\/\/bahiaeconomica.com.br\/wp\/","logo":{"@type":"ImageObject","inLanguage":"pt-BR","@id":"https:\/\/bahiaeconomica.com.br\/wp\/#\/schema\/logo\/image\/","url":"https:\/\/bahiaeconomica.com.br\/wp\/wp-content\/uploads\/2020\/12\/cropped-BE.png","contentUrl":"https:\/\/bahiaeconomica.com.br\/wp\/wp-content\/uploads\/2020\/12\/cropped-BE.png","width":512,"height":512,"caption":"Bahia Econ\u00f4mica"},"image":{"@id":"https:\/\/bahiaeconomica.com.br\/wp\/#\/schema\/logo\/image\/"},"sameAs":["https:\/\/www.facebook.com\/bahiaeconomica"]},{"@type":"Person","@id":"https:\/\/bahiaeconomica.com.br\/wp\/#\/schema\/person\/cb1ab5ba96ad3d9390805381c76284ec","name":"admin","url":"https:\/\/bahiaeconomica.com.br\/wp\/author\/admin\/"}]}},"views":2,"_links":{"self":[{"href":"https:\/\/bahiaeconomica.com.br\/wp\/wp-json\/wp\/v2\/posts\/417824"}],"collection":[{"href":"https:\/\/bahiaeconomica.com.br\/wp\/wp-json\/wp\/v2\/posts"}],"about":[{"href":"https:\/\/bahiaeconomica.com.br\/wp\/wp-json\/wp\/v2\/types\/post"}],"author":[{"embeddable":true,"href":"https:\/\/bahiaeconomica.com.br\/wp\/wp-json\/wp\/v2\/users\/1"}],"replies":[{"embeddable":true,"href":"https:\/\/bahiaeconomica.com.br\/wp\/wp-json\/wp\/v2\/comments?post=417824"}],"version-history":[{"count":1,"href":"https:\/\/bahiaeconomica.com.br\/wp\/wp-json\/wp\/v2\/posts\/417824\/revisions"}],"predecessor-version":[{"id":417826,"href":"https:\/\/bahiaeconomica.com.br\/wp\/wp-json\/wp\/v2\/posts\/417824\/revisions\/417826"}],"wp:featuredmedia":[{"embeddable":true,"href":"https:\/\/bahiaeconomica.com.br\/wp\/wp-json\/wp\/v2\/media\/416163"}],"wp:attachment":[{"href":"https:\/\/bahiaeconomica.com.br\/wp\/wp-json\/wp\/v2\/media?parent=417824"}],"wp:term":[{"taxonomy":"category","embeddable":true,"href":"https:\/\/bahiaeconomica.com.br\/wp\/wp-json\/wp\/v2\/categories?post=417824"},{"taxonomy":"post_tag","embeddable":true,"href":"https:\/\/bahiaeconomica.com.br\/wp\/wp-json\/wp\/v2\/tags?post=417824"}],"curies":[{"name":"wp","href":"https:\/\/api.w.org\/{rel}","templated":true}]}}