{"id":416887,"date":"2019-11-18T13:00:25","date_gmt":"2019-11-18T16:00:25","guid":{"rendered":"https:\/\/bahiaeconomica.com.br\/wp\/beta\/?p=416887"},"modified":"2019-11-18T09:44:02","modified_gmt":"2019-11-18T12:44:02","slug":"comeca-pre-matricula-para-educacao-inclusiva-na-rede-estadual-de-ensino-com-processo-100-online","status":"publish","type":"post","link":"https:\/\/bahiaeconomica.com.br\/wp\/2019\/11\/18\/comeca-pre-matricula-para-educacao-inclusiva-na-rede-estadual-de-ensino-com-processo-100-online\/","title":{"rendered":"COME\u00c7A PR\u00c9-MATR\u00cdCULA PARA EDUCA\u00c7\u00c3O INCLUSIVA NA REDE ESTADUAL DE ENSINO COM PROCESSO 100% ONLINE"},"content":{"rendered":"<p>Come\u00e7a nesta segunda-feira (18) e segue at\u00e9 quarta-feira (20), a pr\u00e9-matr\u00edcula de estudantes da Educa\u00e7\u00e3o Inclusiva na rede estadual de ensino. <!--more-->A grande novidade para este ano \u00e9 que todo o processo poder\u00e1 ser feito por dispositivos m\u00f3veis como tablets e celulares. Basta que os pais ou respons\u00e1veis baixem o aplicativo do SAC Digital nas lojas APP Store ou Google Play, ou fa\u00e7am\u00a0 o cadastro atrav\u00e9s do link https:\/\/www.sacdigital.ba.gov.br\/ para realizar a pr\u00e9-matr\u00edcula e garantir a vaga dos seus filhos.<\/p>\n<p>Quem preferir ainda pode fazer a pr\u00e9-matr\u00edcula na pr\u00f3pria unidade de ensino, mas a matr\u00edcula da rede estadual de ensino j\u00e1 pode ser feita 100% online pelo SAC Digital, que \u00e9 uma moderna plataforma, que unifica todos os servi\u00e7os do Estado em um \u00fanico portal. A matr\u00edcula online foi inclu\u00edda nesta ferramenta gra\u00e7as \u00e0 parceria entre a Secretaria da Educa\u00e7\u00e3o do Estado (SEC), a Secretaria da Administra\u00e7\u00e3o do Estado (SAEB), e a Companhia de Processamento de Dados do Estado da Bahia (PRODEB), com apoio do Banco Interamericano de Desenvolvimento (BID).<\/p>\n<p><strong>Alunos da rede &#8211;<\/strong> Logo ap\u00f3s a pr\u00e9-matr\u00edcula da Educa\u00e7\u00e3o Inclusiva, no dia 21 de novembro, come\u00e7a a renova\u00e7\u00e3o da matr\u00edcula para os estudantes da rede estadual com frequ\u00eancia regular no ano de 2019, seguindo at\u00e9 o dia 10 de dezembro. Os estudantes j\u00e1 matriculados na rede estadual tamb\u00e9m poder\u00e3o optar em fazer a renova\u00e7\u00e3o da matr\u00edcula na pr\u00f3pria escola.<\/p>\n<p>Os alunos novos, oriundos das redes municipais e privada, tamb\u00e9m poder\u00e3o utilizar o SAC Digital, mas para este p\u00fablico, a matr\u00edcula ser\u00e1 realizada de 21 a 28 de janeiro de 2020, de acordo com o calend\u00e1rio a ser divulgado pela Secretaria da Educa\u00e7\u00e3o do Estado e que estar\u00e1 dispon\u00edvel no Portal da Educa\u00e7\u00e3o. Os mesmos tamb\u00e9m precisar\u00e3o fazer o cadastro e, ap\u00f3s a matr\u00edcula online, ter\u00e3o 24 horas para apresentar a documenta\u00e7\u00e3o necess\u00e1ria na escola para a qual efetuou a matr\u00edcula.<\/p>\n<p><strong>Passo a passo \u2013<\/strong> Para realizar o cadastro, o estudante precisa acessar o SAC Digital (portal ou aplicativo) e clicar em \u201cCadastre-se\u201d no menu principal. Em seguida, \u00e9 s\u00f3 preencher um formul\u00e1rio. No campo \u201cE-mail\u201d, \u00e9 necess\u00e1rio informar um e-mail que o usu\u00e1rio costuma acessar e que lembra a senha. No final do cadastro, ser\u00e1 necess\u00e1rio acessar este e-mail para ativar a conta no SAC Digital. A matr\u00edcula s\u00f3 poder\u00e1 ser realizada mediante este cadastro.<\/p>\n<p>O superintendente de Planejamento Operacional da Rede Escolar do Estado, Manoel Vicente Calazans, falou sobre a import\u00e2ncia deste avan\u00e7o tecnol\u00f3gico. \u201cA tecnologia hoje \u00e9 uma ferramenta que permite mais acesso \u00e0 informa\u00e7\u00e3o e a matr\u00edcula pelo SAC Digital vai facilitar ainda mais a vida dos estudantes e dos respons\u00e1veis, podendo ser feita em qualquer lugar\u201d, afirmou Calazans.<\/p>\n<p>O coordenador de Tecnologia da Informa\u00e7\u00e3o da Superintend\u00eancia da Gest\u00e3o e Inova\u00e7\u00e3o (SGI), ligada a Secretaria da Administra\u00e7\u00e3o do Estado da Bahia (SAEB), Anderson Barbosa, tamb\u00e9m falou sobre as vantagens da matr\u00edcula on-line e chamou a aten\u00e7\u00e3o para a necessidade do cadastro no SAC Digital. \u201cA plataforma SAC Digital ser\u00e1 um canal \u00fanico de servi\u00e7os entre o cidad\u00e3o e o Governo da Bahia. Al\u00e9m disso, permitir\u00e1 um melhor relacionamento com os usu\u00e1rios, podendo enviar notifica\u00e7\u00f5es pelo celular. Logo, para que todas as funcionalidades\u00a0 ejam colocadas em pr\u00e1tica, precisamos que os estudantes se cadastrem no sistema\u201d, explicou.<\/p>\n<p>&nbsp;<\/p>\n<p>Foto: Ilustrativa \/Luiz Carrera<\/p>\n","protected":false},"excerpt":{"rendered":"<p>Come\u00e7a nesta segunda-feira (18) e segue at\u00e9 quarta-feira (20), a pr\u00e9-matr\u00edcula de estudantes da Educa\u00e7\u00e3o Inclusiva na rede estadual de ensino.<\/p>\n","protected":false},"author":1,"featured_media":416889,"comment_status":"closed","ping_status":"closed","sticky":false,"template":"","format":"standard","meta":[],"categories":[3],"tags":[],"acf":[],"yoast_head":"<!-- This site is optimized with the Yoast SEO plugin v20.8 - https:\/\/yoast.com\/wordpress\/plugins\/seo\/ -->\n<title>COME\u00c7A PR\u00c9-MATR\u00cdCULA PARA EDUCA\u00c7\u00c3O INCLUSIVA NA REDE ESTADUAL DE ENSINO COM PROCESSO 100% ONLINE - Bahia Economica<\/title>\n<meta name=\"description\" content=\"O maior portal de Economia da Bahia ECONOMIA \/ POL\u00cdTICA Bahia Economica\" \/>\n<meta name=\"robots\" content=\"index, follow, max-snippet:-1, max-image-preview:large, max-video-preview:-1\" \/>\n<link rel=\"canonical\" href=\"https:\/\/bahiaeconomica.com.br\/wp\/2019\/11\/18\/comeca-pre-matricula-para-educacao-inclusiva-na-rede-estadual-de-ensino-com-processo-100-online\/\" \/>\n<meta property=\"og:locale\" content=\"pt_BR\" \/>\n<meta property=\"og:type\" content=\"article\" \/>\n<meta property=\"og:title\" content=\"COME\u00c7A PR\u00c9-MATR\u00cdCULA PARA EDUCA\u00c7\u00c3O INCLUSIVA NA REDE ESTADUAL DE ENSINO COM PROCESSO 100% ONLINE - Bahia Economica\" \/>\n<meta property=\"og:description\" content=\"O maior portal de Economia da Bahia ECONOMIA \/ POL\u00cdTICA Bahia Economica\" \/>\n<meta property=\"og:url\" content=\"https:\/\/bahiaeconomica.com.br\/wp\/2019\/11\/18\/comeca-pre-matricula-para-educacao-inclusiva-na-rede-estadual-de-ensino-com-processo-100-online\/\" \/>\n<meta property=\"og:site_name\" content=\"Bahia Economica\" \/>\n<meta property=\"article:publisher\" content=\"https:\/\/www.facebook.com\/bahiaeconomica\" \/>\n<meta property=\"article:published_time\" content=\"2019-11-18T16:00:25+00:00\" \/>\n<meta property=\"article:modified_time\" content=\"2019-11-18T12:44:02+00:00\" \/>\n<meta property=\"og:image\" content=\"https:\/\/bahiaeconomica.com.br\/wp\/wp-content\/uploads\/2019\/11\/06572397-6060-478d-9257-c93d36439ed4ssssss.jpg\" \/>\n\t<meta property=\"og:image:width\" content=\"500\" \/>\n\t<meta property=\"og:image:height\" content=\"300\" \/>\n\t<meta property=\"og:image:type\" content=\"image\/jpeg\" \/>\n<meta name=\"author\" content=\"admin\" \/>\n<meta name=\"twitter:card\" content=\"summary_large_image\" \/>\n<meta name=\"twitter:label1\" content=\"Escrito por\" \/>\n\t<meta name=\"twitter:data1\" content=\"admin\" \/>\n\t<meta name=\"twitter:label2\" content=\"Est. tempo de leitura\" \/>\n\t<meta name=\"twitter:data2\" content=\"3 minutos\" \/>\n<script type=\"application\/ld+json\" class=\"yoast-schema-graph\">{\"@context\":\"https:\/\/schema.org\",\"@graph\":[{\"@type\":\"Article\",\"@id\":\"https:\/\/bahiaeconomica.com.br\/wp\/2019\/11\/18\/comeca-pre-matricula-para-educacao-inclusiva-na-rede-estadual-de-ensino-com-processo-100-online\/#article\",\"isPartOf\":{\"@id\":\"https:\/\/bahiaeconomica.com.br\/wp\/2019\/11\/18\/comeca-pre-matricula-para-educacao-inclusiva-na-rede-estadual-de-ensino-com-processo-100-online\/\"},\"author\":{\"name\":\"admin\",\"@id\":\"https:\/\/bahiaeconomica.com.br\/wp\/#\/schema\/person\/cb1ab5ba96ad3d9390805381c76284ec\"},\"headline\":\"COME\u00c7A PR\u00c9-MATR\u00cdCULA PARA EDUCA\u00c7\u00c3O INCLUSIVA NA REDE ESTADUAL DE ENSINO COM PROCESSO 100% ONLINE\",\"datePublished\":\"2019-11-18T16:00:25+00:00\",\"dateModified\":\"2019-11-18T12:44:02+00:00\",\"mainEntityOfPage\":{\"@id\":\"https:\/\/bahiaeconomica.com.br\/wp\/2019\/11\/18\/comeca-pre-matricula-para-educacao-inclusiva-na-rede-estadual-de-ensino-com-processo-100-online\/\"},\"wordCount\":622,\"publisher\":{\"@id\":\"https:\/\/bahiaeconomica.com.br\/wp\/#organization\"},\"articleSection\":[\"ECONOMIA \/ POL\u00cdTICA\"],\"inLanguage\":\"pt-BR\"},{\"@type\":\"WebPage\",\"@id\":\"https:\/\/bahiaeconomica.com.br\/wp\/2019\/11\/18\/comeca-pre-matricula-para-educacao-inclusiva-na-rede-estadual-de-ensino-com-processo-100-online\/\",\"url\":\"https:\/\/bahiaeconomica.com.br\/wp\/2019\/11\/18\/comeca-pre-matricula-para-educacao-inclusiva-na-rede-estadual-de-ensino-com-processo-100-online\/\",\"name\":\"COME\u00c7A PR\u00c9-MATR\u00cdCULA PARA EDUCA\u00c7\u00c3O INCLUSIVA NA REDE ESTADUAL DE ENSINO COM PROCESSO 100% ONLINE - Bahia Economica\",\"isPartOf\":{\"@id\":\"https:\/\/bahiaeconomica.com.br\/wp\/#website\"},\"datePublished\":\"2019-11-18T16:00:25+00:00\",\"dateModified\":\"2019-11-18T12:44:02+00:00\",\"description\":\"O maior portal de Economia da Bahia ECONOMIA \/ POL\u00cdTICA Bahia Economica\",\"breadcrumb\":{\"@id\":\"https:\/\/bahiaeconomica.com.br\/wp\/2019\/11\/18\/comeca-pre-matricula-para-educacao-inclusiva-na-rede-estadual-de-ensino-com-processo-100-online\/#breadcrumb\"},\"inLanguage\":\"pt-BR\",\"potentialAction\":[{\"@type\":\"ReadAction\",\"target\":[\"https:\/\/bahiaeconomica.com.br\/wp\/2019\/11\/18\/comeca-pre-matricula-para-educacao-inclusiva-na-rede-estadual-de-ensino-com-processo-100-online\/\"]}]},{\"@type\":\"BreadcrumbList\",\"@id\":\"https:\/\/bahiaeconomica.com.br\/wp\/2019\/11\/18\/comeca-pre-matricula-para-educacao-inclusiva-na-rede-estadual-de-ensino-com-processo-100-online\/#breadcrumb\",\"itemListElement\":[{\"@type\":\"ListItem\",\"position\":1,\"name\":\"In\u00edcio\",\"item\":\"https:\/\/bahiaeconomica.com.br\/wp\/\"},{\"@type\":\"ListItem\",\"position\":2,\"name\":\"COME\u00c7A PR\u00c9-MATR\u00cdCULA PARA EDUCA\u00c7\u00c3O INCLUSIVA NA REDE ESTADUAL DE ENSINO COM PROCESSO 100% ONLINE\"}]},{\"@type\":\"WebSite\",\"@id\":\"https:\/\/bahiaeconomica.com.br\/wp\/#website\",\"url\":\"https:\/\/bahiaeconomica.com.br\/wp\/\",\"name\":\"Bahia Economica\",\"description\":\"O maior portal de Economia da Bahia\",\"publisher\":{\"@id\":\"https:\/\/bahiaeconomica.com.br\/wp\/#organization\"},\"potentialAction\":[{\"@type\":\"SearchAction\",\"target\":{\"@type\":\"EntryPoint\",\"urlTemplate\":\"https:\/\/bahiaeconomica.com.br\/wp\/?s={search_term_string}\"},\"query-input\":\"required name=search_term_string\"}],\"inLanguage\":\"pt-BR\"},{\"@type\":\"Organization\",\"@id\":\"https:\/\/bahiaeconomica.com.br\/wp\/#organization\",\"name\":\"Bahia Econ\u00f4mica\",\"url\":\"https:\/\/bahiaeconomica.com.br\/wp\/\",\"logo\":{\"@type\":\"ImageObject\",\"inLanguage\":\"pt-BR\",\"@id\":\"https:\/\/bahiaeconomica.com.br\/wp\/#\/schema\/logo\/image\/\",\"url\":\"https:\/\/bahiaeconomica.com.br\/wp\/wp-content\/uploads\/2020\/12\/cropped-BE.png\",\"contentUrl\":\"https:\/\/bahiaeconomica.com.br\/wp\/wp-content\/uploads\/2020\/12\/cropped-BE.png\",\"width\":512,\"height\":512,\"caption\":\"Bahia Econ\u00f4mica\"},\"image\":{\"@id\":\"https:\/\/bahiaeconomica.com.br\/wp\/#\/schema\/logo\/image\/\"},\"sameAs\":[\"https:\/\/www.facebook.com\/bahiaeconomica\"]},{\"@type\":\"Person\",\"@id\":\"https:\/\/bahiaeconomica.com.br\/wp\/#\/schema\/person\/cb1ab5ba96ad3d9390805381c76284ec\",\"name\":\"admin\",\"url\":\"https:\/\/bahiaeconomica.com.br\/wp\/author\/admin\/\"}]}<\/script>\n<!-- \/ Yoast SEO plugin. -->","yoast_head_json":{"title":"COME\u00c7A PR\u00c9-MATR\u00cdCULA PARA EDUCA\u00c7\u00c3O INCLUSIVA NA REDE ESTADUAL DE ENSINO COM PROCESSO 100% ONLINE - Bahia Economica","description":"O maior portal de Economia da Bahia ECONOMIA \/ POL\u00cdTICA Bahia Economica","robots":{"index":"index","follow":"follow","max-snippet":"max-snippet:-1","max-image-preview":"max-image-preview:large","max-video-preview":"max-video-preview:-1"},"canonical":"https:\/\/bahiaeconomica.com.br\/wp\/2019\/11\/18\/comeca-pre-matricula-para-educacao-inclusiva-na-rede-estadual-de-ensino-com-processo-100-online\/","og_locale":"pt_BR","og_type":"article","og_title":"COME\u00c7A PR\u00c9-MATR\u00cdCULA PARA EDUCA\u00c7\u00c3O INCLUSIVA NA REDE ESTADUAL DE ENSINO COM PROCESSO 100% ONLINE - Bahia Economica","og_description":"O maior portal de Economia da Bahia ECONOMIA \/ POL\u00cdTICA Bahia Economica","og_url":"https:\/\/bahiaeconomica.com.br\/wp\/2019\/11\/18\/comeca-pre-matricula-para-educacao-inclusiva-na-rede-estadual-de-ensino-com-processo-100-online\/","og_site_name":"Bahia Economica","article_publisher":"https:\/\/www.facebook.com\/bahiaeconomica","article_published_time":"2019-11-18T16:00:25+00:00","article_modified_time":"2019-11-18T12:44:02+00:00","og_image":[{"width":500,"height":300,"url":"https:\/\/bahiaeconomica.com.br\/wp\/wp-content\/uploads\/2019\/11\/06572397-6060-478d-9257-c93d36439ed4ssssss.jpg","type":"image\/jpeg"}],"author":"admin","twitter_card":"summary_large_image","twitter_misc":{"Escrito por":"admin","Est. tempo de leitura":"3 minutos"},"schema":{"@context":"https:\/\/schema.org","@graph":[{"@type":"Article","@id":"https:\/\/bahiaeconomica.com.br\/wp\/2019\/11\/18\/comeca-pre-matricula-para-educacao-inclusiva-na-rede-estadual-de-ensino-com-processo-100-online\/#article","isPartOf":{"@id":"https:\/\/bahiaeconomica.com.br\/wp\/2019\/11\/18\/comeca-pre-matricula-para-educacao-inclusiva-na-rede-estadual-de-ensino-com-processo-100-online\/"},"author":{"name":"admin","@id":"https:\/\/bahiaeconomica.com.br\/wp\/#\/schema\/person\/cb1ab5ba96ad3d9390805381c76284ec"},"headline":"COME\u00c7A PR\u00c9-MATR\u00cdCULA PARA EDUCA\u00c7\u00c3O INCLUSIVA NA REDE ESTADUAL DE ENSINO COM PROCESSO 100% ONLINE","datePublished":"2019-11-18T16:00:25+00:00","dateModified":"2019-11-18T12:44:02+00:00","mainEntityOfPage":{"@id":"https:\/\/bahiaeconomica.com.br\/wp\/2019\/11\/18\/comeca-pre-matricula-para-educacao-inclusiva-na-rede-estadual-de-ensino-com-processo-100-online\/"},"wordCount":622,"publisher":{"@id":"https:\/\/bahiaeconomica.com.br\/wp\/#organization"},"articleSection":["ECONOMIA \/ POL\u00cdTICA"],"inLanguage":"pt-BR"},{"@type":"WebPage","@id":"https:\/\/bahiaeconomica.com.br\/wp\/2019\/11\/18\/comeca-pre-matricula-para-educacao-inclusiva-na-rede-estadual-de-ensino-com-processo-100-online\/","url":"https:\/\/bahiaeconomica.com.br\/wp\/2019\/11\/18\/comeca-pre-matricula-para-educacao-inclusiva-na-rede-estadual-de-ensino-com-processo-100-online\/","name":"COME\u00c7A PR\u00c9-MATR\u00cdCULA PARA EDUCA\u00c7\u00c3O INCLUSIVA NA REDE ESTADUAL DE ENSINO COM PROCESSO 100% ONLINE - Bahia Economica","isPartOf":{"@id":"https:\/\/bahiaeconomica.com.br\/wp\/#website"},"datePublished":"2019-11-18T16:00:25+00:00","dateModified":"2019-11-18T12:44:02+00:00","description":"O maior portal de Economia da Bahia ECONOMIA \/ POL\u00cdTICA Bahia Economica","breadcrumb":{"@id":"https:\/\/bahiaeconomica.com.br\/wp\/2019\/11\/18\/comeca-pre-matricula-para-educacao-inclusiva-na-rede-estadual-de-ensino-com-processo-100-online\/#breadcrumb"},"inLanguage":"pt-BR","potentialAction":[{"@type":"ReadAction","target":["https:\/\/bahiaeconomica.com.br\/wp\/2019\/11\/18\/comeca-pre-matricula-para-educacao-inclusiva-na-rede-estadual-de-ensino-com-processo-100-online\/"]}]},{"@type":"BreadcrumbList","@id":"https:\/\/bahiaeconomica.com.br\/wp\/2019\/11\/18\/comeca-pre-matricula-para-educacao-inclusiva-na-rede-estadual-de-ensino-com-processo-100-online\/#breadcrumb","itemListElement":[{"@type":"ListItem","position":1,"name":"In\u00edcio","item":"https:\/\/bahiaeconomica.com.br\/wp\/"},{"@type":"ListItem","position":2,"name":"COME\u00c7A PR\u00c9-MATR\u00cdCULA PARA EDUCA\u00c7\u00c3O INCLUSIVA NA REDE ESTADUAL DE ENSINO COM PROCESSO 100% ONLINE"}]},{"@type":"WebSite","@id":"https:\/\/bahiaeconomica.com.br\/wp\/#website","url":"https:\/\/bahiaeconomica.com.br\/wp\/","name":"Bahia Economica","description":"O maior portal de Economia da Bahia","publisher":{"@id":"https:\/\/bahiaeconomica.com.br\/wp\/#organization"},"potentialAction":[{"@type":"SearchAction","target":{"@type":"EntryPoint","urlTemplate":"https:\/\/bahiaeconomica.com.br\/wp\/?s={search_term_string}"},"query-input":"required name=search_term_string"}],"inLanguage":"pt-BR"},{"@type":"Organization","@id":"https:\/\/bahiaeconomica.com.br\/wp\/#organization","name":"Bahia Econ\u00f4mica","url":"https:\/\/bahiaeconomica.com.br\/wp\/","logo":{"@type":"ImageObject","inLanguage":"pt-BR","@id":"https:\/\/bahiaeconomica.com.br\/wp\/#\/schema\/logo\/image\/","url":"https:\/\/bahiaeconomica.com.br\/wp\/wp-content\/uploads\/2020\/12\/cropped-BE.png","contentUrl":"https:\/\/bahiaeconomica.com.br\/wp\/wp-content\/uploads\/2020\/12\/cropped-BE.png","width":512,"height":512,"caption":"Bahia Econ\u00f4mica"},"image":{"@id":"https:\/\/bahiaeconomica.com.br\/wp\/#\/schema\/logo\/image\/"},"sameAs":["https:\/\/www.facebook.com\/bahiaeconomica"]},{"@type":"Person","@id":"https:\/\/bahiaeconomica.com.br\/wp\/#\/schema\/person\/cb1ab5ba96ad3d9390805381c76284ec","name":"admin","url":"https:\/\/bahiaeconomica.com.br\/wp\/author\/admin\/"}]}},"views":1,"_links":{"self":[{"href":"https:\/\/bahiaeconomica.com.br\/wp\/wp-json\/wp\/v2\/posts\/416887"}],"collection":[{"href":"https:\/\/bahiaeconomica.com.br\/wp\/wp-json\/wp\/v2\/posts"}],"about":[{"href":"https:\/\/bahiaeconomica.com.br\/wp\/wp-json\/wp\/v2\/types\/post"}],"author":[{"embeddable":true,"href":"https:\/\/bahiaeconomica.com.br\/wp\/wp-json\/wp\/v2\/users\/1"}],"replies":[{"embeddable":true,"href":"https:\/\/bahiaeconomica.com.br\/wp\/wp-json\/wp\/v2\/comments?post=416887"}],"version-history":[{"count":1,"href":"https:\/\/bahiaeconomica.com.br\/wp\/wp-json\/wp\/v2\/posts\/416887\/revisions"}],"predecessor-version":[{"id":416890,"href":"https:\/\/bahiaeconomica.com.br\/wp\/wp-json\/wp\/v2\/posts\/416887\/revisions\/416890"}],"wp:featuredmedia":[{"embeddable":true,"href":"https:\/\/bahiaeconomica.com.br\/wp\/wp-json\/wp\/v2\/media\/416889"}],"wp:attachment":[{"href":"https:\/\/bahiaeconomica.com.br\/wp\/wp-json\/wp\/v2\/media?parent=416887"}],"wp:term":[{"taxonomy":"category","embeddable":true,"href":"https:\/\/bahiaeconomica.com.br\/wp\/wp-json\/wp\/v2\/categories?post=416887"},{"taxonomy":"post_tag","embeddable":true,"href":"https:\/\/bahiaeconomica.com.br\/wp\/wp-json\/wp\/v2\/tags?post=416887"}],"curies":[{"name":"wp","href":"https:\/\/api.w.org\/{rel}","templated":true}]}}