{"id":413479,"date":"2019-11-07T06:24:28","date_gmt":"2019-11-07T09:24:28","guid":{"rendered":"https:\/\/bahiaeconomica.com.br\/wp\/beta\/?p=413479"},"modified":"2019-11-07T06:24:28","modified_gmt":"2019-11-07T09:24:28","slug":"coluna-em-a-tarde-armando-avena-o-plano-de-guedes-cria-um-novo-brasil","status":"publish","type":"post","link":"https:\/\/bahiaeconomica.com.br\/wp\/2019\/11\/07\/coluna-em-a-tarde-armando-avena-o-plano-de-guedes-cria-um-novo-brasil\/","title":{"rendered":"COLUNA EM A TARDE: ARMANDO AVENA: O PLANO DE GUEDES CRIA UM NOVO BRASIL"},"content":{"rendered":"<p style=\"text-align: justify;\">O governo Bolsonaro escorou seu governo em apenas um pilar: o ministro Paulo Guedes. Sem ele, o governo desmoronaria, mas o pilar parece de boa cepa. O plano elaborado por Guedes e encaminhado ao Congresso Nacional pelo presidente\u00a0 \u00e9 a mais revolucion\u00e1ria reforma do estado brasileiro desde o Plano Real.\u00a0 A reforma da Previd\u00eancia foi o primeiro passo, mas agora o governo apresenta um conjunto de propostas que, se aprovadas pelo Congresso, v\u00e3o redefinir os par\u00e2metros federativos, estabelecer uma cultura de responsabilidade fiscal, descentralizar os recursos em favor de estados e munic\u00edpios e viabilizar a desvincula\u00e7\u00e3o de parte do or\u00e7amento.<\/p>\n<p style=\"text-align: justify;\">E n\u00e3o se engane o leitor, muitos dos que est\u00e3o lendo este texto ser\u00e3o afetados\u00a0 pelo pacote. Os setores empresarias \u2013 que capturaram o Estado e se beneficiam de incentivos fiscais \u2013 fazendo com que 4% do PIB brasileiro seja destinado a ruralistas, montadoras, sa\u00fade e educa\u00e7\u00e3o privada e tantos outros \u2013 \u00a0v\u00e3o perder a mamata, pois at\u00e9 2026 esses inventivos v\u00e3o cair pela metade. Os membros do Poder Judici\u00e1rio e Legislativo \u2013\u00a0 com seus super-sal\u00e1rios e que passam ao largo de todo e qualquer ajuste, fazendo dos seus membros uma casta de privilegiados, \u2013v\u00e3o perder os reajustes retroativos e os aditivos que inflam seus sal\u00e1rios e ter\u00e3o de explicar seus gastos e seguir os crit\u00e9rios federais de contabilidade.<\/p>\n<p style=\"text-align: justify;\">Os servidores p\u00fablicos, acostumados com a estabilidade no emprego, sal\u00e1rios maiores que o do setor privado e\u00a0 irredutibilidade de vencimentos \u2013 o que faz do Brasil um pa\u00eds onde um jovem prefere fazer um concurso p\u00fablico do que tornar-se um empreendedor \u2013 estar\u00e3o submetidos a redu\u00e7\u00e3o de jornada e de 25% no sal\u00e1rio, sempre que houver aperto fiscal. Estados e munic\u00edpios ser\u00e3o beneficiados, pois o plano prev\u00ea uma in\u00e9dita descentraliza\u00e7\u00e3o dos recursos, o que vai exigir que a cultura da responsabilidade fiscal seja implantada, mas estar\u00e3o submetidos a regra de ouro e n\u00e3o poder\u00e3o se endividar para pagar despesas correntes ou aumento de sal\u00e1rios e, al\u00e9m disso, sempre que disparar o gatilho do descontrole fiscal,\u00a0 ter\u00e3o de suspender concursos p\u00fablicos, contrata\u00e7\u00e3o ou reajustes de cargos em comiss\u00e3o, progress\u00f5es de carreiras e outras despesas.<\/p>\n<p style=\"text-align: justify;\">A Uni\u00e3o ficar\u00e1 proibida de socorrer estados e munic\u00edpios em crise fiscal e governadores e prefeitos n\u00e3o poder\u00e3o mais fazer empr\u00e9stimos em bancos estatais, ou ter o aval federal para fazer empr\u00e9stimos em institui\u00e7\u00f5es privadas.\u00a0 E aqueles que se beneficiam da sinecura dos 281 fundos p\u00fablicos, criados por \u201cum pirata privado, uma criatura do p\u00e2ntano pol\u00edtico ou um burocrata pol\u00edtico\u201d, e que deixam bilh\u00f5es de reais parados ou aplicados em n\u00e3o se sabe bem o qu\u00ea, tamb\u00e9m v\u00e3o perder a mamata. Para completar, o governo enviou projeto de lei viabilizando a desestatiza\u00e7\u00e3o da Eletrobr\u00e1s,\u00a0 agilizando assim o programas de privatiza\u00e7\u00e3o de estatais, e tramita no Congresso a reforma tribut\u00e1ria, indispens\u00e1vel para tornar competitiva as empresa brasileiras.<\/p>\n<p style=\"text-align: justify;\">O plano de Guedes \u00e9 uma reforma ampla do estado\u00a0 e, se Bolsonaro e sua prole n\u00e3o fabricarem mais uma crise institucional e o conjunto de medidas forem aprovadas pelo Congresso Nacional, o Brasil se tornar\u00e1 um pa\u00eds capitalista e vai retomar o crescimento econ\u00f4mico.<\/p>\n<p>\u00a0\u00a0\u00a0\u00a0\u00a0\u00a0\u00a0\u00a0\u00a0\u00a0\u00a0\u00a0\u00a0\u00a0\u00a0\u00a0\u00a0\u00a0\u00a0\u00a0\u00a0\u00a0\u00a0\u00a0\u00a0\u00a0\u00a0\u00a0\u00a0\u00a0\u00a0\u00a0\u00a0\u00a0\u00a0\u00a0\u00a0\u00a0\u00a0\u00a0\u00a0\u00a0\u00a0\u00a0\u00a0\u00a0\u00a0\u00a0\u00a0\u00a0\u00a0\u00a0\u00a0\u00a0\u00a0\u00a0\u00a0 GERA\u00c7\u00c3O NEM NEM<\/p>\n<p style=\"text-align: justify;\">A gera\u00e7\u00e3o\u00a0 \u201cnem nem \u201c, nem estuda, nem trabalha, \u00e9 o maior desafio para os gestores p\u00fablico na Bahia e em Salvador. Na Bahia, de cada 10 jovens com idade entre 15 a 29 anos, 3 n\u00e3o trabalhava, nem estudava, o que representa 30% da popula\u00e7\u00e3o e quase 1 milh\u00e3o de pessoas.\u00a0 E o pior \u00e9 que 6 em cada 10 desses jovens baianos que n\u00e3o estudam nem trabalham sequer est\u00e3o procurando trabalho. Em Salvador, quase 18% dos jovens entre 15 e 29 anos n\u00e3o estudavam nem trabalhavam, representando 107 mil pessoas nessa situa\u00e7\u00e3o. A\u00ed est\u00e1 boa parte dos motivos que explicam a criminalidade e o uso crescente de drogas. Estado e prefeitura precisam criar pol\u00edticas p\u00fablica visando maior inclus\u00e3o dessa popula\u00e7\u00e3o. Os dados s\u00e3o do IBGE.<\/p>\n","protected":false},"excerpt":{"rendered":"<p>O governo Bolsonaro escorou seu governo em apenas um pilar: o ministro Paulo Guedes. Sem ele, o governo desmoronaria, mas o pilar parece de boa cepa. O plano elaborado por Guedes e encaminhado ao Congresso Nacional pelo presidente\u00a0 \u00e9 a mais revolucion\u00e1ria reforma do estado brasileiro desde o Plano Real.\u00a0 A reforma da Previd\u00eancia foi [&hellip;]<\/p>\n","protected":false},"author":1,"featured_media":409605,"comment_status":"closed","ping_status":"closed","sticky":false,"template":"","format":"standard","meta":[],"categories":[6],"tags":[],"acf":[],"yoast_head":"<!-- This site is optimized with the Yoast SEO plugin v20.8 - https:\/\/yoast.com\/wordpress\/plugins\/seo\/ -->\n<title>COLUNA EM A TARDE: ARMANDO AVENA: O PLANO DE GUEDES CRIA UM NOVO BRASIL - Bahia Economica<\/title>\n<meta name=\"description\" content=\"O maior portal de Economia da Bahia ARTIGOS Bahia Economica\" \/>\n<meta name=\"robots\" content=\"index, follow, max-snippet:-1, max-image-preview:large, max-video-preview:-1\" \/>\n<link rel=\"canonical\" href=\"https:\/\/bahiaeconomica.com.br\/wp\/2019\/11\/07\/coluna-em-a-tarde-armando-avena-o-plano-de-guedes-cria-um-novo-brasil\/\" \/>\n<meta property=\"og:locale\" content=\"pt_BR\" \/>\n<meta property=\"og:type\" content=\"article\" \/>\n<meta property=\"og:title\" content=\"COLUNA EM A TARDE: ARMANDO AVENA: O PLANO DE GUEDES CRIA UM NOVO BRASIL - Bahia Economica\" \/>\n<meta property=\"og:description\" content=\"O maior portal de Economia da Bahia ARTIGOS Bahia Economica\" \/>\n<meta property=\"og:url\" content=\"https:\/\/bahiaeconomica.com.br\/wp\/2019\/11\/07\/coluna-em-a-tarde-armando-avena-o-plano-de-guedes-cria-um-novo-brasil\/\" \/>\n<meta property=\"og:site_name\" content=\"Bahia Economica\" \/>\n<meta property=\"article:publisher\" content=\"https:\/\/www.facebook.com\/bahiaeconomica\" \/>\n<meta property=\"article:published_time\" content=\"2019-11-07T09:24:28+00:00\" \/>\n<meta property=\"og:image\" content=\"https:\/\/bahiaeconomica.com.br\/wp\/wp-content\/uploads\/2019\/10\/armadnoavena.jpg\" \/>\n\t<meta property=\"og:image:width\" content=\"733\" \/>\n\t<meta property=\"og:image:height\" content=\"155\" \/>\n\t<meta property=\"og:image:type\" content=\"image\/jpeg\" \/>\n<meta name=\"author\" content=\"admin\" \/>\n<meta name=\"twitter:card\" content=\"summary_large_image\" \/>\n<meta name=\"twitter:label1\" content=\"Escrito por\" \/>\n\t<meta name=\"twitter:data1\" content=\"admin\" \/>\n\t<meta name=\"twitter:label2\" content=\"Est. tempo de leitura\" \/>\n\t<meta name=\"twitter:data2\" content=\"3 minutos\" \/>\n<script type=\"application\/ld+json\" class=\"yoast-schema-graph\">{\"@context\":\"https:\/\/schema.org\",\"@graph\":[{\"@type\":\"Article\",\"@id\":\"https:\/\/bahiaeconomica.com.br\/wp\/2019\/11\/07\/coluna-em-a-tarde-armando-avena-o-plano-de-guedes-cria-um-novo-brasil\/#article\",\"isPartOf\":{\"@id\":\"https:\/\/bahiaeconomica.com.br\/wp\/2019\/11\/07\/coluna-em-a-tarde-armando-avena-o-plano-de-guedes-cria-um-novo-brasil\/\"},\"author\":{\"name\":\"admin\",\"@id\":\"https:\/\/bahiaeconomica.com.br\/wp\/#\/schema\/person\/cb1ab5ba96ad3d9390805381c76284ec\"},\"headline\":\"COLUNA EM A TARDE: ARMANDO AVENA: O PLANO DE GUEDES CRIA UM NOVO BRASIL\",\"datePublished\":\"2019-11-07T09:24:28+00:00\",\"dateModified\":\"2019-11-07T09:24:28+00:00\",\"mainEntityOfPage\":{\"@id\":\"https:\/\/bahiaeconomica.com.br\/wp\/2019\/11\/07\/coluna-em-a-tarde-armando-avena-o-plano-de-guedes-cria-um-novo-brasil\/\"},\"wordCount\":709,\"publisher\":{\"@id\":\"https:\/\/bahiaeconomica.com.br\/wp\/#organization\"},\"articleSection\":[\"ARTIGOS\"],\"inLanguage\":\"pt-BR\"},{\"@type\":\"WebPage\",\"@id\":\"https:\/\/bahiaeconomica.com.br\/wp\/2019\/11\/07\/coluna-em-a-tarde-armando-avena-o-plano-de-guedes-cria-um-novo-brasil\/\",\"url\":\"https:\/\/bahiaeconomica.com.br\/wp\/2019\/11\/07\/coluna-em-a-tarde-armando-avena-o-plano-de-guedes-cria-um-novo-brasil\/\",\"name\":\"COLUNA EM A TARDE: ARMANDO AVENA: O PLANO DE GUEDES CRIA UM NOVO BRASIL - Bahia Economica\",\"isPartOf\":{\"@id\":\"https:\/\/bahiaeconomica.com.br\/wp\/#website\"},\"datePublished\":\"2019-11-07T09:24:28+00:00\",\"dateModified\":\"2019-11-07T09:24:28+00:00\",\"description\":\"O maior portal de Economia da Bahia ARTIGOS Bahia Economica\",\"breadcrumb\":{\"@id\":\"https:\/\/bahiaeconomica.com.br\/wp\/2019\/11\/07\/coluna-em-a-tarde-armando-avena-o-plano-de-guedes-cria-um-novo-brasil\/#breadcrumb\"},\"inLanguage\":\"pt-BR\",\"potentialAction\":[{\"@type\":\"ReadAction\",\"target\":[\"https:\/\/bahiaeconomica.com.br\/wp\/2019\/11\/07\/coluna-em-a-tarde-armando-avena-o-plano-de-guedes-cria-um-novo-brasil\/\"]}]},{\"@type\":\"BreadcrumbList\",\"@id\":\"https:\/\/bahiaeconomica.com.br\/wp\/2019\/11\/07\/coluna-em-a-tarde-armando-avena-o-plano-de-guedes-cria-um-novo-brasil\/#breadcrumb\",\"itemListElement\":[{\"@type\":\"ListItem\",\"position\":1,\"name\":\"In\u00edcio\",\"item\":\"https:\/\/bahiaeconomica.com.br\/wp\/\"},{\"@type\":\"ListItem\",\"position\":2,\"name\":\"COLUNA EM A TARDE: ARMANDO AVENA: O PLANO DE GUEDES CRIA UM NOVO BRASIL\"}]},{\"@type\":\"WebSite\",\"@id\":\"https:\/\/bahiaeconomica.com.br\/wp\/#website\",\"url\":\"https:\/\/bahiaeconomica.com.br\/wp\/\",\"name\":\"Bahia Economica\",\"description\":\"O maior portal de Economia da Bahia\",\"publisher\":{\"@id\":\"https:\/\/bahiaeconomica.com.br\/wp\/#organization\"},\"potentialAction\":[{\"@type\":\"SearchAction\",\"target\":{\"@type\":\"EntryPoint\",\"urlTemplate\":\"https:\/\/bahiaeconomica.com.br\/wp\/?s={search_term_string}\"},\"query-input\":\"required name=search_term_string\"}],\"inLanguage\":\"pt-BR\"},{\"@type\":\"Organization\",\"@id\":\"https:\/\/bahiaeconomica.com.br\/wp\/#organization\",\"name\":\"Bahia Econ\u00f4mica\",\"url\":\"https:\/\/bahiaeconomica.com.br\/wp\/\",\"logo\":{\"@type\":\"ImageObject\",\"inLanguage\":\"pt-BR\",\"@id\":\"https:\/\/bahiaeconomica.com.br\/wp\/#\/schema\/logo\/image\/\",\"url\":\"https:\/\/bahiaeconomica.com.br\/wp\/wp-content\/uploads\/2020\/12\/cropped-BE.png\",\"contentUrl\":\"https:\/\/bahiaeconomica.com.br\/wp\/wp-content\/uploads\/2020\/12\/cropped-BE.png\",\"width\":512,\"height\":512,\"caption\":\"Bahia Econ\u00f4mica\"},\"image\":{\"@id\":\"https:\/\/bahiaeconomica.com.br\/wp\/#\/schema\/logo\/image\/\"},\"sameAs\":[\"https:\/\/www.facebook.com\/bahiaeconomica\"]},{\"@type\":\"Person\",\"@id\":\"https:\/\/bahiaeconomica.com.br\/wp\/#\/schema\/person\/cb1ab5ba96ad3d9390805381c76284ec\",\"name\":\"admin\",\"url\":\"https:\/\/bahiaeconomica.com.br\/wp\/author\/admin\/\"}]}<\/script>\n<!-- \/ Yoast SEO plugin. -->","yoast_head_json":{"title":"COLUNA EM A TARDE: ARMANDO AVENA: O PLANO DE GUEDES CRIA UM NOVO BRASIL - Bahia Economica","description":"O maior portal de Economia da Bahia ARTIGOS Bahia Economica","robots":{"index":"index","follow":"follow","max-snippet":"max-snippet:-1","max-image-preview":"max-image-preview:large","max-video-preview":"max-video-preview:-1"},"canonical":"https:\/\/bahiaeconomica.com.br\/wp\/2019\/11\/07\/coluna-em-a-tarde-armando-avena-o-plano-de-guedes-cria-um-novo-brasil\/","og_locale":"pt_BR","og_type":"article","og_title":"COLUNA EM A TARDE: ARMANDO AVENA: O PLANO DE GUEDES CRIA UM NOVO BRASIL - Bahia Economica","og_description":"O maior portal de Economia da Bahia ARTIGOS Bahia Economica","og_url":"https:\/\/bahiaeconomica.com.br\/wp\/2019\/11\/07\/coluna-em-a-tarde-armando-avena-o-plano-de-guedes-cria-um-novo-brasil\/","og_site_name":"Bahia Economica","article_publisher":"https:\/\/www.facebook.com\/bahiaeconomica","article_published_time":"2019-11-07T09:24:28+00:00","og_image":[{"width":733,"height":155,"url":"https:\/\/bahiaeconomica.com.br\/wp\/wp-content\/uploads\/2019\/10\/armadnoavena.jpg","type":"image\/jpeg"}],"author":"admin","twitter_card":"summary_large_image","twitter_misc":{"Escrito por":"admin","Est. tempo de leitura":"3 minutos"},"schema":{"@context":"https:\/\/schema.org","@graph":[{"@type":"Article","@id":"https:\/\/bahiaeconomica.com.br\/wp\/2019\/11\/07\/coluna-em-a-tarde-armando-avena-o-plano-de-guedes-cria-um-novo-brasil\/#article","isPartOf":{"@id":"https:\/\/bahiaeconomica.com.br\/wp\/2019\/11\/07\/coluna-em-a-tarde-armando-avena-o-plano-de-guedes-cria-um-novo-brasil\/"},"author":{"name":"admin","@id":"https:\/\/bahiaeconomica.com.br\/wp\/#\/schema\/person\/cb1ab5ba96ad3d9390805381c76284ec"},"headline":"COLUNA EM A TARDE: ARMANDO AVENA: O PLANO DE GUEDES CRIA UM NOVO BRASIL","datePublished":"2019-11-07T09:24:28+00:00","dateModified":"2019-11-07T09:24:28+00:00","mainEntityOfPage":{"@id":"https:\/\/bahiaeconomica.com.br\/wp\/2019\/11\/07\/coluna-em-a-tarde-armando-avena-o-plano-de-guedes-cria-um-novo-brasil\/"},"wordCount":709,"publisher":{"@id":"https:\/\/bahiaeconomica.com.br\/wp\/#organization"},"articleSection":["ARTIGOS"],"inLanguage":"pt-BR"},{"@type":"WebPage","@id":"https:\/\/bahiaeconomica.com.br\/wp\/2019\/11\/07\/coluna-em-a-tarde-armando-avena-o-plano-de-guedes-cria-um-novo-brasil\/","url":"https:\/\/bahiaeconomica.com.br\/wp\/2019\/11\/07\/coluna-em-a-tarde-armando-avena-o-plano-de-guedes-cria-um-novo-brasil\/","name":"COLUNA EM A TARDE: ARMANDO AVENA: O PLANO DE GUEDES CRIA UM NOVO BRASIL - Bahia Economica","isPartOf":{"@id":"https:\/\/bahiaeconomica.com.br\/wp\/#website"},"datePublished":"2019-11-07T09:24:28+00:00","dateModified":"2019-11-07T09:24:28+00:00","description":"O maior portal de Economia da Bahia ARTIGOS Bahia Economica","breadcrumb":{"@id":"https:\/\/bahiaeconomica.com.br\/wp\/2019\/11\/07\/coluna-em-a-tarde-armando-avena-o-plano-de-guedes-cria-um-novo-brasil\/#breadcrumb"},"inLanguage":"pt-BR","potentialAction":[{"@type":"ReadAction","target":["https:\/\/bahiaeconomica.com.br\/wp\/2019\/11\/07\/coluna-em-a-tarde-armando-avena-o-plano-de-guedes-cria-um-novo-brasil\/"]}]},{"@type":"BreadcrumbList","@id":"https:\/\/bahiaeconomica.com.br\/wp\/2019\/11\/07\/coluna-em-a-tarde-armando-avena-o-plano-de-guedes-cria-um-novo-brasil\/#breadcrumb","itemListElement":[{"@type":"ListItem","position":1,"name":"In\u00edcio","item":"https:\/\/bahiaeconomica.com.br\/wp\/"},{"@type":"ListItem","position":2,"name":"COLUNA EM A TARDE: ARMANDO AVENA: O PLANO DE GUEDES CRIA UM NOVO BRASIL"}]},{"@type":"WebSite","@id":"https:\/\/bahiaeconomica.com.br\/wp\/#website","url":"https:\/\/bahiaeconomica.com.br\/wp\/","name":"Bahia Economica","description":"O maior portal de Economia da Bahia","publisher":{"@id":"https:\/\/bahiaeconomica.com.br\/wp\/#organization"},"potentialAction":[{"@type":"SearchAction","target":{"@type":"EntryPoint","urlTemplate":"https:\/\/bahiaeconomica.com.br\/wp\/?s={search_term_string}"},"query-input":"required name=search_term_string"}],"inLanguage":"pt-BR"},{"@type":"Organization","@id":"https:\/\/bahiaeconomica.com.br\/wp\/#organization","name":"Bahia Econ\u00f4mica","url":"https:\/\/bahiaeconomica.com.br\/wp\/","logo":{"@type":"ImageObject","inLanguage":"pt-BR","@id":"https:\/\/bahiaeconomica.com.br\/wp\/#\/schema\/logo\/image\/","url":"https:\/\/bahiaeconomica.com.br\/wp\/wp-content\/uploads\/2020\/12\/cropped-BE.png","contentUrl":"https:\/\/bahiaeconomica.com.br\/wp\/wp-content\/uploads\/2020\/12\/cropped-BE.png","width":512,"height":512,"caption":"Bahia Econ\u00f4mica"},"image":{"@id":"https:\/\/bahiaeconomica.com.br\/wp\/#\/schema\/logo\/image\/"},"sameAs":["https:\/\/www.facebook.com\/bahiaeconomica"]},{"@type":"Person","@id":"https:\/\/bahiaeconomica.com.br\/wp\/#\/schema\/person\/cb1ab5ba96ad3d9390805381c76284ec","name":"admin","url":"https:\/\/bahiaeconomica.com.br\/wp\/author\/admin\/"}]}},"views":3,"_links":{"self":[{"href":"https:\/\/bahiaeconomica.com.br\/wp\/wp-json\/wp\/v2\/posts\/413479"}],"collection":[{"href":"https:\/\/bahiaeconomica.com.br\/wp\/wp-json\/wp\/v2\/posts"}],"about":[{"href":"https:\/\/bahiaeconomica.com.br\/wp\/wp-json\/wp\/v2\/types\/post"}],"author":[{"embeddable":true,"href":"https:\/\/bahiaeconomica.com.br\/wp\/wp-json\/wp\/v2\/users\/1"}],"replies":[{"embeddable":true,"href":"https:\/\/bahiaeconomica.com.br\/wp\/wp-json\/wp\/v2\/comments?post=413479"}],"version-history":[{"count":1,"href":"https:\/\/bahiaeconomica.com.br\/wp\/wp-json\/wp\/v2\/posts\/413479\/revisions"}],"predecessor-version":[{"id":413481,"href":"https:\/\/bahiaeconomica.com.br\/wp\/wp-json\/wp\/v2\/posts\/413479\/revisions\/413481"}],"wp:featuredmedia":[{"embeddable":true,"href":"https:\/\/bahiaeconomica.com.br\/wp\/wp-json\/wp\/v2\/media\/409605"}],"wp:attachment":[{"href":"https:\/\/bahiaeconomica.com.br\/wp\/wp-json\/wp\/v2\/media?parent=413479"}],"wp:term":[{"taxonomy":"category","embeddable":true,"href":"https:\/\/bahiaeconomica.com.br\/wp\/wp-json\/wp\/v2\/categories?post=413479"},{"taxonomy":"post_tag","embeddable":true,"href":"https:\/\/bahiaeconomica.com.br\/wp\/wp-json\/wp\/v2\/tags?post=413479"}],"curies":[{"name":"wp","href":"https:\/\/api.w.org\/{rel}","templated":true}]}}