{"id":411451,"date":"2019-10-31T18:30:08","date_gmt":"2019-10-31T21:30:08","guid":{"rendered":"https:\/\/bahiaeconomica.com.br\/wp\/beta\/?p=411451"},"modified":"2019-10-31T18:43:24","modified_gmt":"2019-10-31T21:43:24","slug":"ditadura-nunca-mais-governadores-do-nordeste-repudiam-declaracao-sobre-ai-5","status":"publish","type":"post","link":"https:\/\/bahiaeconomica.com.br\/wp\/2019\/10\/31\/ditadura-nunca-mais-governadores-do-nordeste-repudiam-declaracao-sobre-ai-5\/","title":{"rendered":"GOVERNADORES DO NORDESTE REPUDIAM DECLARA\u00c7\u00c3O SOBRE AI-5"},"content":{"rendered":"<p>Uma nota de rep\u00fadio foi emitida pelos governadores do Nordeste contra declara\u00e7\u00f5es do filho do presidente Jair Bolsonaro (PSL), o deputado federal<!--more--> Eduardo Bolsonaro (PSL-SP), que amea\u00e7ou a esquerda, nesta quinta-feira (31), com um novo AI-5 caso haja \u201cradicaliza\u00e7\u00e3o\u201d. \u201cOs governadores do Nordeste repudiam amea\u00e7as autorit\u00e1rias, a exemplo da absurda sugest\u00e3o de edi\u00e7\u00e3o de um novo AI-5. Defender a democracia \u00e9 fundamental para que haja paz e prosperidade no Brasil. Ditadura nunca mais\u201d, informa a nota. O texto \u00e9 assinado por Rui Costa (Bahia), Renan Filho (Alagoas), Camilo Santana (Cear\u00e1), Fl\u00e1vio Dino (Maranh\u00e3o), Jo\u00e3o Azevedo (Para\u00edba), Wellington Dias (Piau\u00ed), F\u00e1tima Bezerra (Rio Grande do Norte), Belivaldo Chagas (Sergipe) e Paulo C\u00e2mara (Pernambuco).<\/p>\n<p><em>Foto: Fernando Vivas \/ Governo da Bahia<\/em><\/p>\n","protected":false},"excerpt":{"rendered":"<p>Uma nota de rep\u00fadio foi emitida pelos governadores do Nordeste contra declara\u00e7\u00f5es do filho do presidente Jair Bolsonaro (PSL), o deputado federal<\/p>\n","protected":false},"author":1,"featured_media":411453,"comment_status":"closed","ping_status":"closed","sticky":false,"template":"","format":"standard","meta":[],"categories":[14,3],"tags":[],"acf":[],"yoast_head":"<!-- This site is optimized with the Yoast SEO plugin v20.8 - https:\/\/yoast.com\/wordpress\/plugins\/seo\/ -->\n<title>GOVERNADORES DO NORDESTE REPUDIAM DECLARA\u00c7\u00c3O SOBRE AI-5 - Bahia Economica<\/title>\n<meta name=\"description\" content=\"O maior portal de Economia da Bahia DESTAQUE DO DIA, ECONOMIA \/ POL\u00cdTICA Bahia Economica\" \/>\n<meta name=\"robots\" content=\"index, follow, max-snippet:-1, max-image-preview:large, max-video-preview:-1\" \/>\n<link rel=\"canonical\" href=\"https:\/\/bahiaeconomica.com.br\/wp\/2019\/10\/31\/ditadura-nunca-mais-governadores-do-nordeste-repudiam-declaracao-sobre-ai-5\/\" \/>\n<meta property=\"og:locale\" content=\"pt_BR\" \/>\n<meta property=\"og:type\" content=\"article\" \/>\n<meta property=\"og:title\" content=\"GOVERNADORES DO NORDESTE REPUDIAM DECLARA\u00c7\u00c3O SOBRE AI-5 - Bahia Economica\" \/>\n<meta property=\"og:description\" content=\"O maior portal de Economia da Bahia DESTAQUE DO DIA, ECONOMIA \/ POL\u00cdTICA Bahia Economica\" \/>\n<meta property=\"og:url\" content=\"https:\/\/bahiaeconomica.com.br\/wp\/2019\/10\/31\/ditadura-nunca-mais-governadores-do-nordeste-repudiam-declaracao-sobre-ai-5\/\" \/>\n<meta property=\"og:site_name\" content=\"Bahia Economica\" \/>\n<meta property=\"article:publisher\" content=\"https:\/\/www.facebook.com\/bahiaeconomica\" \/>\n<meta property=\"article:published_time\" content=\"2019-10-31T21:30:08+00:00\" \/>\n<meta property=\"article:modified_time\" content=\"2019-10-31T21:43:24+00:00\" \/>\n<meta property=\"og:image\" content=\"https:\/\/bahiaeconomica.com.br\/wp\/wp-content\/uploads\/2019\/10\/82433governadores-do-nordeste-repudiam-declaracao-sobre-retorno-do-ai-5-ditadura-nunca-mais-3.jpg\" \/>\n\t<meta property=\"og:image:width\" content=\"500\" \/>\n\t<meta property=\"og:image:height\" content=\"300\" \/>\n\t<meta property=\"og:image:type\" content=\"image\/jpeg\" \/>\n<meta name=\"author\" content=\"admin\" \/>\n<meta name=\"twitter:card\" content=\"summary_large_image\" \/>\n<meta name=\"twitter:label1\" content=\"Escrito por\" \/>\n\t<meta name=\"twitter:data1\" content=\"admin\" \/>\n\t<meta name=\"twitter:label2\" content=\"Est. tempo de leitura\" \/>\n\t<meta name=\"twitter:data2\" content=\"1 minuto\" \/>\n<script type=\"application\/ld+json\" class=\"yoast-schema-graph\">{\"@context\":\"https:\/\/schema.org\",\"@graph\":[{\"@type\":\"Article\",\"@id\":\"https:\/\/bahiaeconomica.com.br\/wp\/2019\/10\/31\/ditadura-nunca-mais-governadores-do-nordeste-repudiam-declaracao-sobre-ai-5\/#article\",\"isPartOf\":{\"@id\":\"https:\/\/bahiaeconomica.com.br\/wp\/2019\/10\/31\/ditadura-nunca-mais-governadores-do-nordeste-repudiam-declaracao-sobre-ai-5\/\"},\"author\":{\"name\":\"admin\",\"@id\":\"https:\/\/bahiaeconomica.com.br\/wp\/#\/schema\/person\/cb1ab5ba96ad3d9390805381c76284ec\"},\"headline\":\"GOVERNADORES DO NORDESTE REPUDIAM DECLARA\u00c7\u00c3O SOBRE AI-5\",\"datePublished\":\"2019-10-31T21:30:08+00:00\",\"dateModified\":\"2019-10-31T21:43:24+00:00\",\"mainEntityOfPage\":{\"@id\":\"https:\/\/bahiaeconomica.com.br\/wp\/2019\/10\/31\/ditadura-nunca-mais-governadores-do-nordeste-repudiam-declaracao-sobre-ai-5\/\"},\"wordCount\":137,\"publisher\":{\"@id\":\"https:\/\/bahiaeconomica.com.br\/wp\/#organization\"},\"articleSection\":[\"DESTAQUE DO DIA\",\"ECONOMIA \/ POL\u00cdTICA\"],\"inLanguage\":\"pt-BR\"},{\"@type\":\"WebPage\",\"@id\":\"https:\/\/bahiaeconomica.com.br\/wp\/2019\/10\/31\/ditadura-nunca-mais-governadores-do-nordeste-repudiam-declaracao-sobre-ai-5\/\",\"url\":\"https:\/\/bahiaeconomica.com.br\/wp\/2019\/10\/31\/ditadura-nunca-mais-governadores-do-nordeste-repudiam-declaracao-sobre-ai-5\/\",\"name\":\"GOVERNADORES DO NORDESTE REPUDIAM DECLARA\u00c7\u00c3O SOBRE AI-5 - Bahia Economica\",\"isPartOf\":{\"@id\":\"https:\/\/bahiaeconomica.com.br\/wp\/#website\"},\"datePublished\":\"2019-10-31T21:30:08+00:00\",\"dateModified\":\"2019-10-31T21:43:24+00:00\",\"description\":\"O maior portal de Economia da Bahia DESTAQUE DO DIA, ECONOMIA \/ POL\u00cdTICA Bahia Economica\",\"breadcrumb\":{\"@id\":\"https:\/\/bahiaeconomica.com.br\/wp\/2019\/10\/31\/ditadura-nunca-mais-governadores-do-nordeste-repudiam-declaracao-sobre-ai-5\/#breadcrumb\"},\"inLanguage\":\"pt-BR\",\"potentialAction\":[{\"@type\":\"ReadAction\",\"target\":[\"https:\/\/bahiaeconomica.com.br\/wp\/2019\/10\/31\/ditadura-nunca-mais-governadores-do-nordeste-repudiam-declaracao-sobre-ai-5\/\"]}]},{\"@type\":\"BreadcrumbList\",\"@id\":\"https:\/\/bahiaeconomica.com.br\/wp\/2019\/10\/31\/ditadura-nunca-mais-governadores-do-nordeste-repudiam-declaracao-sobre-ai-5\/#breadcrumb\",\"itemListElement\":[{\"@type\":\"ListItem\",\"position\":1,\"name\":\"In\u00edcio\",\"item\":\"https:\/\/bahiaeconomica.com.br\/wp\/\"},{\"@type\":\"ListItem\",\"position\":2,\"name\":\"GOVERNADORES DO NORDESTE REPUDIAM DECLARA\u00c7\u00c3O SOBRE AI-5\"}]},{\"@type\":\"WebSite\",\"@id\":\"https:\/\/bahiaeconomica.com.br\/wp\/#website\",\"url\":\"https:\/\/bahiaeconomica.com.br\/wp\/\",\"name\":\"Bahia Economica\",\"description\":\"O maior portal de Economia da Bahia\",\"publisher\":{\"@id\":\"https:\/\/bahiaeconomica.com.br\/wp\/#organization\"},\"potentialAction\":[{\"@type\":\"SearchAction\",\"target\":{\"@type\":\"EntryPoint\",\"urlTemplate\":\"https:\/\/bahiaeconomica.com.br\/wp\/?s={search_term_string}\"},\"query-input\":\"required name=search_term_string\"}],\"inLanguage\":\"pt-BR\"},{\"@type\":\"Organization\",\"@id\":\"https:\/\/bahiaeconomica.com.br\/wp\/#organization\",\"name\":\"Bahia Econ\u00f4mica\",\"url\":\"https:\/\/bahiaeconomica.com.br\/wp\/\",\"logo\":{\"@type\":\"ImageObject\",\"inLanguage\":\"pt-BR\",\"@id\":\"https:\/\/bahiaeconomica.com.br\/wp\/#\/schema\/logo\/image\/\",\"url\":\"https:\/\/bahiaeconomica.com.br\/wp\/wp-content\/uploads\/2020\/12\/cropped-BE.png\",\"contentUrl\":\"https:\/\/bahiaeconomica.com.br\/wp\/wp-content\/uploads\/2020\/12\/cropped-BE.png\",\"width\":512,\"height\":512,\"caption\":\"Bahia Econ\u00f4mica\"},\"image\":{\"@id\":\"https:\/\/bahiaeconomica.com.br\/wp\/#\/schema\/logo\/image\/\"},\"sameAs\":[\"https:\/\/www.facebook.com\/bahiaeconomica\"]},{\"@type\":\"Person\",\"@id\":\"https:\/\/bahiaeconomica.com.br\/wp\/#\/schema\/person\/cb1ab5ba96ad3d9390805381c76284ec\",\"name\":\"admin\",\"url\":\"https:\/\/bahiaeconomica.com.br\/wp\/author\/admin\/\"}]}<\/script>\n<!-- \/ Yoast SEO plugin. -->","yoast_head_json":{"title":"GOVERNADORES DO NORDESTE REPUDIAM DECLARA\u00c7\u00c3O SOBRE AI-5 - Bahia Economica","description":"O maior portal de Economia da Bahia DESTAQUE DO DIA, ECONOMIA \/ POL\u00cdTICA Bahia Economica","robots":{"index":"index","follow":"follow","max-snippet":"max-snippet:-1","max-image-preview":"max-image-preview:large","max-video-preview":"max-video-preview:-1"},"canonical":"https:\/\/bahiaeconomica.com.br\/wp\/2019\/10\/31\/ditadura-nunca-mais-governadores-do-nordeste-repudiam-declaracao-sobre-ai-5\/","og_locale":"pt_BR","og_type":"article","og_title":"GOVERNADORES DO NORDESTE REPUDIAM DECLARA\u00c7\u00c3O SOBRE AI-5 - Bahia Economica","og_description":"O maior portal de Economia da Bahia DESTAQUE DO DIA, ECONOMIA \/ POL\u00cdTICA Bahia Economica","og_url":"https:\/\/bahiaeconomica.com.br\/wp\/2019\/10\/31\/ditadura-nunca-mais-governadores-do-nordeste-repudiam-declaracao-sobre-ai-5\/","og_site_name":"Bahia Economica","article_publisher":"https:\/\/www.facebook.com\/bahiaeconomica","article_published_time":"2019-10-31T21:30:08+00:00","article_modified_time":"2019-10-31T21:43:24+00:00","og_image":[{"width":500,"height":300,"url":"https:\/\/bahiaeconomica.com.br\/wp\/wp-content\/uploads\/2019\/10\/82433governadores-do-nordeste-repudiam-declaracao-sobre-retorno-do-ai-5-ditadura-nunca-mais-3.jpg","type":"image\/jpeg"}],"author":"admin","twitter_card":"summary_large_image","twitter_misc":{"Escrito por":"admin","Est. tempo de leitura":"1 minuto"},"schema":{"@context":"https:\/\/schema.org","@graph":[{"@type":"Article","@id":"https:\/\/bahiaeconomica.com.br\/wp\/2019\/10\/31\/ditadura-nunca-mais-governadores-do-nordeste-repudiam-declaracao-sobre-ai-5\/#article","isPartOf":{"@id":"https:\/\/bahiaeconomica.com.br\/wp\/2019\/10\/31\/ditadura-nunca-mais-governadores-do-nordeste-repudiam-declaracao-sobre-ai-5\/"},"author":{"name":"admin","@id":"https:\/\/bahiaeconomica.com.br\/wp\/#\/schema\/person\/cb1ab5ba96ad3d9390805381c76284ec"},"headline":"GOVERNADORES DO NORDESTE REPUDIAM DECLARA\u00c7\u00c3O SOBRE AI-5","datePublished":"2019-10-31T21:30:08+00:00","dateModified":"2019-10-31T21:43:24+00:00","mainEntityOfPage":{"@id":"https:\/\/bahiaeconomica.com.br\/wp\/2019\/10\/31\/ditadura-nunca-mais-governadores-do-nordeste-repudiam-declaracao-sobre-ai-5\/"},"wordCount":137,"publisher":{"@id":"https:\/\/bahiaeconomica.com.br\/wp\/#organization"},"articleSection":["DESTAQUE DO DIA","ECONOMIA \/ POL\u00cdTICA"],"inLanguage":"pt-BR"},{"@type":"WebPage","@id":"https:\/\/bahiaeconomica.com.br\/wp\/2019\/10\/31\/ditadura-nunca-mais-governadores-do-nordeste-repudiam-declaracao-sobre-ai-5\/","url":"https:\/\/bahiaeconomica.com.br\/wp\/2019\/10\/31\/ditadura-nunca-mais-governadores-do-nordeste-repudiam-declaracao-sobre-ai-5\/","name":"GOVERNADORES DO NORDESTE REPUDIAM DECLARA\u00c7\u00c3O SOBRE AI-5 - Bahia Economica","isPartOf":{"@id":"https:\/\/bahiaeconomica.com.br\/wp\/#website"},"datePublished":"2019-10-31T21:30:08+00:00","dateModified":"2019-10-31T21:43:24+00:00","description":"O maior portal de Economia da Bahia DESTAQUE DO DIA, ECONOMIA \/ POL\u00cdTICA Bahia Economica","breadcrumb":{"@id":"https:\/\/bahiaeconomica.com.br\/wp\/2019\/10\/31\/ditadura-nunca-mais-governadores-do-nordeste-repudiam-declaracao-sobre-ai-5\/#breadcrumb"},"inLanguage":"pt-BR","potentialAction":[{"@type":"ReadAction","target":["https:\/\/bahiaeconomica.com.br\/wp\/2019\/10\/31\/ditadura-nunca-mais-governadores-do-nordeste-repudiam-declaracao-sobre-ai-5\/"]}]},{"@type":"BreadcrumbList","@id":"https:\/\/bahiaeconomica.com.br\/wp\/2019\/10\/31\/ditadura-nunca-mais-governadores-do-nordeste-repudiam-declaracao-sobre-ai-5\/#breadcrumb","itemListElement":[{"@type":"ListItem","position":1,"name":"In\u00edcio","item":"https:\/\/bahiaeconomica.com.br\/wp\/"},{"@type":"ListItem","position":2,"name":"GOVERNADORES DO NORDESTE REPUDIAM DECLARA\u00c7\u00c3O SOBRE AI-5"}]},{"@type":"WebSite","@id":"https:\/\/bahiaeconomica.com.br\/wp\/#website","url":"https:\/\/bahiaeconomica.com.br\/wp\/","name":"Bahia Economica","description":"O maior portal de Economia da Bahia","publisher":{"@id":"https:\/\/bahiaeconomica.com.br\/wp\/#organization"},"potentialAction":[{"@type":"SearchAction","target":{"@type":"EntryPoint","urlTemplate":"https:\/\/bahiaeconomica.com.br\/wp\/?s={search_term_string}"},"query-input":"required name=search_term_string"}],"inLanguage":"pt-BR"},{"@type":"Organization","@id":"https:\/\/bahiaeconomica.com.br\/wp\/#organization","name":"Bahia Econ\u00f4mica","url":"https:\/\/bahiaeconomica.com.br\/wp\/","logo":{"@type":"ImageObject","inLanguage":"pt-BR","@id":"https:\/\/bahiaeconomica.com.br\/wp\/#\/schema\/logo\/image\/","url":"https:\/\/bahiaeconomica.com.br\/wp\/wp-content\/uploads\/2020\/12\/cropped-BE.png","contentUrl":"https:\/\/bahiaeconomica.com.br\/wp\/wp-content\/uploads\/2020\/12\/cropped-BE.png","width":512,"height":512,"caption":"Bahia Econ\u00f4mica"},"image":{"@id":"https:\/\/bahiaeconomica.com.br\/wp\/#\/schema\/logo\/image\/"},"sameAs":["https:\/\/www.facebook.com\/bahiaeconomica"]},{"@type":"Person","@id":"https:\/\/bahiaeconomica.com.br\/wp\/#\/schema\/person\/cb1ab5ba96ad3d9390805381c76284ec","name":"admin","url":"https:\/\/bahiaeconomica.com.br\/wp\/author\/admin\/"}]}},"views":0,"_links":{"self":[{"href":"https:\/\/bahiaeconomica.com.br\/wp\/wp-json\/wp\/v2\/posts\/411451"}],"collection":[{"href":"https:\/\/bahiaeconomica.com.br\/wp\/wp-json\/wp\/v2\/posts"}],"about":[{"href":"https:\/\/bahiaeconomica.com.br\/wp\/wp-json\/wp\/v2\/types\/post"}],"author":[{"embeddable":true,"href":"https:\/\/bahiaeconomica.com.br\/wp\/wp-json\/wp\/v2\/users\/1"}],"replies":[{"embeddable":true,"href":"https:\/\/bahiaeconomica.com.br\/wp\/wp-json\/wp\/v2\/comments?post=411451"}],"version-history":[{"count":3,"href":"https:\/\/bahiaeconomica.com.br\/wp\/wp-json\/wp\/v2\/posts\/411451\/revisions"}],"predecessor-version":[{"id":411472,"href":"https:\/\/bahiaeconomica.com.br\/wp\/wp-json\/wp\/v2\/posts\/411451\/revisions\/411472"}],"wp:featuredmedia":[{"embeddable":true,"href":"https:\/\/bahiaeconomica.com.br\/wp\/wp-json\/wp\/v2\/media\/411453"}],"wp:attachment":[{"href":"https:\/\/bahiaeconomica.com.br\/wp\/wp-json\/wp\/v2\/media?parent=411451"}],"wp:term":[{"taxonomy":"category","embeddable":true,"href":"https:\/\/bahiaeconomica.com.br\/wp\/wp-json\/wp\/v2\/categories?post=411451"},{"taxonomy":"post_tag","embeddable":true,"href":"https:\/\/bahiaeconomica.com.br\/wp\/wp-json\/wp\/v2\/tags?post=411451"}],"curies":[{"name":"wp","href":"https:\/\/api.w.org\/{rel}","templated":true}]}}