{"id":408932,"date":"2019-10-24T18:16:34","date_gmt":"2019-10-24T21:16:34","guid":{"rendered":"https:\/\/bahiaeconomica.com.br\/wp\/beta\/?p=408932"},"modified":"2019-10-24T18:08:21","modified_gmt":"2019-10-24T21:08:21","slug":"o-queiroz-cuida-da-vida-dele-e-eu-cuido-da-minha-diz-bolsonaro","status":"publish","type":"post","link":"https:\/\/bahiaeconomica.com.br\/wp\/2019\/10\/24\/o-queiroz-cuida-da-vida-dele-e-eu-cuido-da-minha-diz-bolsonaro\/","title":{"rendered":"&#8216;O QUEIROZ CUIDA DA VIDA DELE E EU CUIDO DA MINHA&#8217;, DIZ BOLSONARO"},"content":{"rendered":"<p>\u201cO Queiroz cuida da vida dele e eu cuido da minha\u201d. Foi assim que o presidente Jair Bolsonaro reagiu ao responder se esperava que <!--more-->Fabr\u00edcio\u00a0Queiroz\u00a0,\u00a0 o ex-assessor de seu filho, o senador Fl\u00e1vio\u00a0Bolsonaro\u00a0(PSL-RJ), ainda estivesse negociando cargos na C\u00e2mara e no Senado,\u00a0conforme revelou ao jornal O Globo nesta quinta-feira . Contrariado por ter sido questionado sobre o tema, Bolsonaro amea\u00e7ou encerrar a entrevista. Disse ainda n\u00e3o ter ouvido o \u00e1udio em que Queiroz revela as tratativas. Indagado se a revela\u00e7\u00e3o do \u00e1udio teria sido originada pela guerra de seus filhos com o presidente do PSL, Luciano Bivar,\u00a0 Bolsonaro respondeu: \u201cN\u00e3o sei, n\u00e3o falo mais com Queiroz, mas vou ouvir o \u00e1udio\u201d.<\/p>\n<p>O presidente confirmou ter conversado com \u201cquatro ou cinco\u201d parlamentares do PSL, \u201ch\u00e1 uns dez dias\u201d,\u00a0 sobre a crise partid\u00e1ria: \u201cTenho direito, s\u00e3o do meu partido\u201d. O presidente voltou a dizer que o desfecho desta crise pode ser sua sa\u00edda do PSL. Queiroz \u00e9 investigado pelo Minist\u00e9rio P\u00fablico do Rio por suposta pr\u00e1tica da rachadinha \u2014 \u00a0quando os servidores comissionados devolvem parte dos sal\u00e1rios. Ele esteve no gabinete de Fl\u00e1vio na Assembleia Legislativa do Rio entre 2007 e 2018 e, no per\u00edodo, emplacou sete parentes na estrutura. Procurado pela reportagem, Queiroz admitiu, por nota, que mant\u00e9m a influ\u00eancia por ter &#8220;contribu\u00eddo de forma significativa na campanha de diversos pol\u00edticos no Estado do Rio de Janeiro&#8221;. Por nota, Fl\u00e1vio Bolsonaro negou que tenha aceitado indica\u00e7\u00f5es do ex-assessor e que mantenha qualquer contato com ele desde o ano passado.<\/p>\n<p><em>Foto: Isac N\u00f3brega \/ PR<\/em><\/p>\n<header class=\"article-header article-header--\">\n<div class=\"article-header__container\">\n<div class=\"article-widgets\">\n<div class=\"share-links-widget\">\n<div class=\"share-links__content\"><\/div>\n<\/div>\n<\/div>\n<\/div>\n<\/header>\n<div class=\"article__content-container protected-content\"><main class=\"main-content\"><\/p>\n<div class=\"block block--advertising block--advertising-inside\">\n<div class=\"block__advertising\"><\/div>\n<\/div>\n<p><\/main><\/div>\n","protected":false},"excerpt":{"rendered":"<p>\u201cO Queiroz cuida da vida dele e eu cuido da minha\u201d. Foi assim que o presidente Jair Bolsonaro reagiu ao responder se esperava que<\/p>\n","protected":false},"author":1,"featured_media":408934,"comment_status":"closed","ping_status":"closed","sticky":false,"template":"","format":"standard","meta":[],"categories":[3],"tags":[],"acf":[],"yoast_head":"<!-- This site is optimized with the Yoast SEO plugin v20.8 - https:\/\/yoast.com\/wordpress\/plugins\/seo\/ -->\n<title>&#039;O QUEIROZ CUIDA DA VIDA DELE E EU CUIDO DA MINHA&#039;, DIZ BOLSONARO - Bahia Economica<\/title>\n<meta name=\"description\" content=\"O maior portal de Economia da Bahia ECONOMIA \/ POL\u00cdTICA Bahia Economica\" \/>\n<meta name=\"robots\" content=\"index, follow, max-snippet:-1, max-image-preview:large, max-video-preview:-1\" \/>\n<link rel=\"canonical\" href=\"https:\/\/bahiaeconomica.com.br\/wp\/2019\/10\/24\/o-queiroz-cuida-da-vida-dele-e-eu-cuido-da-minha-diz-bolsonaro\/\" \/>\n<meta property=\"og:locale\" content=\"pt_BR\" \/>\n<meta property=\"og:type\" content=\"article\" \/>\n<meta property=\"og:title\" content=\"&#039;O QUEIROZ CUIDA DA VIDA DELE E EU CUIDO DA MINHA&#039;, DIZ BOLSONARO - Bahia Economica\" \/>\n<meta property=\"og:description\" content=\"O maior portal de Economia da Bahia ECONOMIA \/ POL\u00cdTICA Bahia Economica\" \/>\n<meta property=\"og:url\" content=\"https:\/\/bahiaeconomica.com.br\/wp\/2019\/10\/24\/o-queiroz-cuida-da-vida-dele-e-eu-cuido-da-minha-diz-bolsonaro\/\" \/>\n<meta property=\"og:site_name\" content=\"Bahia Economica\" \/>\n<meta property=\"article:publisher\" content=\"https:\/\/www.facebook.com\/bahiaeconomica\" \/>\n<meta property=\"article:published_time\" content=\"2019-10-24T21:16:34+00:00\" \/>\n<meta property=\"article:modified_time\" content=\"2019-10-24T21:08:21+00:00\" \/>\n<meta property=\"og:image\" content=\"https:\/\/bahiaeconomica.com.br\/wp\/wp-content\/uploads\/2019\/10\/xbolsonaro-na-china.jpg.pagespeed.ic_.W4bto_xXdX-e1571951271617.jpg\" \/>\n\t<meta property=\"og:image:width\" content=\"500\" \/>\n\t<meta property=\"og:image:height\" content=\"300\" \/>\n\t<meta property=\"og:image:type\" content=\"image\/jpeg\" \/>\n<meta name=\"author\" content=\"admin\" \/>\n<meta name=\"twitter:card\" content=\"summary_large_image\" \/>\n<meta name=\"twitter:label1\" content=\"Escrito por\" \/>\n\t<meta name=\"twitter:data1\" content=\"admin\" \/>\n\t<meta name=\"twitter:label2\" content=\"Est. tempo de leitura\" \/>\n\t<meta name=\"twitter:data2\" content=\"1 minuto\" \/>\n<script type=\"application\/ld+json\" class=\"yoast-schema-graph\">{\"@context\":\"https:\/\/schema.org\",\"@graph\":[{\"@type\":\"Article\",\"@id\":\"https:\/\/bahiaeconomica.com.br\/wp\/2019\/10\/24\/o-queiroz-cuida-da-vida-dele-e-eu-cuido-da-minha-diz-bolsonaro\/#article\",\"isPartOf\":{\"@id\":\"https:\/\/bahiaeconomica.com.br\/wp\/2019\/10\/24\/o-queiroz-cuida-da-vida-dele-e-eu-cuido-da-minha-diz-bolsonaro\/\"},\"author\":{\"name\":\"admin\",\"@id\":\"https:\/\/bahiaeconomica.com.br\/wp\/#\/schema\/person\/cb1ab5ba96ad3d9390805381c76284ec\"},\"headline\":\"&#8216;O QUEIROZ CUIDA DA VIDA DELE E EU CUIDO DA MINHA&#8217;, DIZ BOLSONARO\",\"datePublished\":\"2019-10-24T21:16:34+00:00\",\"dateModified\":\"2019-10-24T21:08:21+00:00\",\"mainEntityOfPage\":{\"@id\":\"https:\/\/bahiaeconomica.com.br\/wp\/2019\/10\/24\/o-queiroz-cuida-da-vida-dele-e-eu-cuido-da-minha-diz-bolsonaro\/\"},\"wordCount\":288,\"publisher\":{\"@id\":\"https:\/\/bahiaeconomica.com.br\/wp\/#organization\"},\"articleSection\":[\"ECONOMIA \/ POL\u00cdTICA\"],\"inLanguage\":\"pt-BR\"},{\"@type\":\"WebPage\",\"@id\":\"https:\/\/bahiaeconomica.com.br\/wp\/2019\/10\/24\/o-queiroz-cuida-da-vida-dele-e-eu-cuido-da-minha-diz-bolsonaro\/\",\"url\":\"https:\/\/bahiaeconomica.com.br\/wp\/2019\/10\/24\/o-queiroz-cuida-da-vida-dele-e-eu-cuido-da-minha-diz-bolsonaro\/\",\"name\":\"'O QUEIROZ CUIDA DA VIDA DELE E EU CUIDO DA MINHA', DIZ BOLSONARO - Bahia Economica\",\"isPartOf\":{\"@id\":\"https:\/\/bahiaeconomica.com.br\/wp\/#website\"},\"datePublished\":\"2019-10-24T21:16:34+00:00\",\"dateModified\":\"2019-10-24T21:08:21+00:00\",\"description\":\"O maior portal de Economia da Bahia ECONOMIA \/ POL\u00cdTICA Bahia Economica\",\"breadcrumb\":{\"@id\":\"https:\/\/bahiaeconomica.com.br\/wp\/2019\/10\/24\/o-queiroz-cuida-da-vida-dele-e-eu-cuido-da-minha-diz-bolsonaro\/#breadcrumb\"},\"inLanguage\":\"pt-BR\",\"potentialAction\":[{\"@type\":\"ReadAction\",\"target\":[\"https:\/\/bahiaeconomica.com.br\/wp\/2019\/10\/24\/o-queiroz-cuida-da-vida-dele-e-eu-cuido-da-minha-diz-bolsonaro\/\"]}]},{\"@type\":\"BreadcrumbList\",\"@id\":\"https:\/\/bahiaeconomica.com.br\/wp\/2019\/10\/24\/o-queiroz-cuida-da-vida-dele-e-eu-cuido-da-minha-diz-bolsonaro\/#breadcrumb\",\"itemListElement\":[{\"@type\":\"ListItem\",\"position\":1,\"name\":\"In\u00edcio\",\"item\":\"https:\/\/bahiaeconomica.com.br\/wp\/\"},{\"@type\":\"ListItem\",\"position\":2,\"name\":\"&#8216;O QUEIROZ CUIDA DA VIDA DELE E EU CUIDO DA MINHA&#8217;, DIZ BOLSONARO\"}]},{\"@type\":\"WebSite\",\"@id\":\"https:\/\/bahiaeconomica.com.br\/wp\/#website\",\"url\":\"https:\/\/bahiaeconomica.com.br\/wp\/\",\"name\":\"Bahia Economica\",\"description\":\"O maior portal de Economia da Bahia\",\"publisher\":{\"@id\":\"https:\/\/bahiaeconomica.com.br\/wp\/#organization\"},\"potentialAction\":[{\"@type\":\"SearchAction\",\"target\":{\"@type\":\"EntryPoint\",\"urlTemplate\":\"https:\/\/bahiaeconomica.com.br\/wp\/?s={search_term_string}\"},\"query-input\":\"required name=search_term_string\"}],\"inLanguage\":\"pt-BR\"},{\"@type\":\"Organization\",\"@id\":\"https:\/\/bahiaeconomica.com.br\/wp\/#organization\",\"name\":\"Bahia Econ\u00f4mica\",\"url\":\"https:\/\/bahiaeconomica.com.br\/wp\/\",\"logo\":{\"@type\":\"ImageObject\",\"inLanguage\":\"pt-BR\",\"@id\":\"https:\/\/bahiaeconomica.com.br\/wp\/#\/schema\/logo\/image\/\",\"url\":\"https:\/\/bahiaeconomica.com.br\/wp\/wp-content\/uploads\/2020\/12\/cropped-BE.png\",\"contentUrl\":\"https:\/\/bahiaeconomica.com.br\/wp\/wp-content\/uploads\/2020\/12\/cropped-BE.png\",\"width\":512,\"height\":512,\"caption\":\"Bahia Econ\u00f4mica\"},\"image\":{\"@id\":\"https:\/\/bahiaeconomica.com.br\/wp\/#\/schema\/logo\/image\/\"},\"sameAs\":[\"https:\/\/www.facebook.com\/bahiaeconomica\"]},{\"@type\":\"Person\",\"@id\":\"https:\/\/bahiaeconomica.com.br\/wp\/#\/schema\/person\/cb1ab5ba96ad3d9390805381c76284ec\",\"name\":\"admin\",\"url\":\"https:\/\/bahiaeconomica.com.br\/wp\/author\/admin\/\"}]}<\/script>\n<!-- \/ Yoast SEO plugin. -->","yoast_head_json":{"title":"'O QUEIROZ CUIDA DA VIDA DELE E EU CUIDO DA MINHA', DIZ BOLSONARO - Bahia Economica","description":"O maior portal de Economia da Bahia ECONOMIA \/ POL\u00cdTICA Bahia Economica","robots":{"index":"index","follow":"follow","max-snippet":"max-snippet:-1","max-image-preview":"max-image-preview:large","max-video-preview":"max-video-preview:-1"},"canonical":"https:\/\/bahiaeconomica.com.br\/wp\/2019\/10\/24\/o-queiroz-cuida-da-vida-dele-e-eu-cuido-da-minha-diz-bolsonaro\/","og_locale":"pt_BR","og_type":"article","og_title":"'O QUEIROZ CUIDA DA VIDA DELE E EU CUIDO DA MINHA', DIZ BOLSONARO - Bahia Economica","og_description":"O maior portal de Economia da Bahia ECONOMIA \/ POL\u00cdTICA Bahia Economica","og_url":"https:\/\/bahiaeconomica.com.br\/wp\/2019\/10\/24\/o-queiroz-cuida-da-vida-dele-e-eu-cuido-da-minha-diz-bolsonaro\/","og_site_name":"Bahia Economica","article_publisher":"https:\/\/www.facebook.com\/bahiaeconomica","article_published_time":"2019-10-24T21:16:34+00:00","article_modified_time":"2019-10-24T21:08:21+00:00","og_image":[{"width":500,"height":300,"url":"https:\/\/bahiaeconomica.com.br\/wp\/wp-content\/uploads\/2019\/10\/xbolsonaro-na-china.jpg.pagespeed.ic_.W4bto_xXdX-e1571951271617.jpg","type":"image\/jpeg"}],"author":"admin","twitter_card":"summary_large_image","twitter_misc":{"Escrito por":"admin","Est. tempo de leitura":"1 minuto"},"schema":{"@context":"https:\/\/schema.org","@graph":[{"@type":"Article","@id":"https:\/\/bahiaeconomica.com.br\/wp\/2019\/10\/24\/o-queiroz-cuida-da-vida-dele-e-eu-cuido-da-minha-diz-bolsonaro\/#article","isPartOf":{"@id":"https:\/\/bahiaeconomica.com.br\/wp\/2019\/10\/24\/o-queiroz-cuida-da-vida-dele-e-eu-cuido-da-minha-diz-bolsonaro\/"},"author":{"name":"admin","@id":"https:\/\/bahiaeconomica.com.br\/wp\/#\/schema\/person\/cb1ab5ba96ad3d9390805381c76284ec"},"headline":"&#8216;O QUEIROZ CUIDA DA VIDA DELE E EU CUIDO DA MINHA&#8217;, DIZ BOLSONARO","datePublished":"2019-10-24T21:16:34+00:00","dateModified":"2019-10-24T21:08:21+00:00","mainEntityOfPage":{"@id":"https:\/\/bahiaeconomica.com.br\/wp\/2019\/10\/24\/o-queiroz-cuida-da-vida-dele-e-eu-cuido-da-minha-diz-bolsonaro\/"},"wordCount":288,"publisher":{"@id":"https:\/\/bahiaeconomica.com.br\/wp\/#organization"},"articleSection":["ECONOMIA \/ POL\u00cdTICA"],"inLanguage":"pt-BR"},{"@type":"WebPage","@id":"https:\/\/bahiaeconomica.com.br\/wp\/2019\/10\/24\/o-queiroz-cuida-da-vida-dele-e-eu-cuido-da-minha-diz-bolsonaro\/","url":"https:\/\/bahiaeconomica.com.br\/wp\/2019\/10\/24\/o-queiroz-cuida-da-vida-dele-e-eu-cuido-da-minha-diz-bolsonaro\/","name":"'O QUEIROZ CUIDA DA VIDA DELE E EU CUIDO DA MINHA', DIZ BOLSONARO - Bahia Economica","isPartOf":{"@id":"https:\/\/bahiaeconomica.com.br\/wp\/#website"},"datePublished":"2019-10-24T21:16:34+00:00","dateModified":"2019-10-24T21:08:21+00:00","description":"O maior portal de Economia da Bahia ECONOMIA \/ POL\u00cdTICA Bahia Economica","breadcrumb":{"@id":"https:\/\/bahiaeconomica.com.br\/wp\/2019\/10\/24\/o-queiroz-cuida-da-vida-dele-e-eu-cuido-da-minha-diz-bolsonaro\/#breadcrumb"},"inLanguage":"pt-BR","potentialAction":[{"@type":"ReadAction","target":["https:\/\/bahiaeconomica.com.br\/wp\/2019\/10\/24\/o-queiroz-cuida-da-vida-dele-e-eu-cuido-da-minha-diz-bolsonaro\/"]}]},{"@type":"BreadcrumbList","@id":"https:\/\/bahiaeconomica.com.br\/wp\/2019\/10\/24\/o-queiroz-cuida-da-vida-dele-e-eu-cuido-da-minha-diz-bolsonaro\/#breadcrumb","itemListElement":[{"@type":"ListItem","position":1,"name":"In\u00edcio","item":"https:\/\/bahiaeconomica.com.br\/wp\/"},{"@type":"ListItem","position":2,"name":"&#8216;O QUEIROZ CUIDA DA VIDA DELE E EU CUIDO DA MINHA&#8217;, DIZ BOLSONARO"}]},{"@type":"WebSite","@id":"https:\/\/bahiaeconomica.com.br\/wp\/#website","url":"https:\/\/bahiaeconomica.com.br\/wp\/","name":"Bahia Economica","description":"O maior portal de Economia da Bahia","publisher":{"@id":"https:\/\/bahiaeconomica.com.br\/wp\/#organization"},"potentialAction":[{"@type":"SearchAction","target":{"@type":"EntryPoint","urlTemplate":"https:\/\/bahiaeconomica.com.br\/wp\/?s={search_term_string}"},"query-input":"required name=search_term_string"}],"inLanguage":"pt-BR"},{"@type":"Organization","@id":"https:\/\/bahiaeconomica.com.br\/wp\/#organization","name":"Bahia Econ\u00f4mica","url":"https:\/\/bahiaeconomica.com.br\/wp\/","logo":{"@type":"ImageObject","inLanguage":"pt-BR","@id":"https:\/\/bahiaeconomica.com.br\/wp\/#\/schema\/logo\/image\/","url":"https:\/\/bahiaeconomica.com.br\/wp\/wp-content\/uploads\/2020\/12\/cropped-BE.png","contentUrl":"https:\/\/bahiaeconomica.com.br\/wp\/wp-content\/uploads\/2020\/12\/cropped-BE.png","width":512,"height":512,"caption":"Bahia Econ\u00f4mica"},"image":{"@id":"https:\/\/bahiaeconomica.com.br\/wp\/#\/schema\/logo\/image\/"},"sameAs":["https:\/\/www.facebook.com\/bahiaeconomica"]},{"@type":"Person","@id":"https:\/\/bahiaeconomica.com.br\/wp\/#\/schema\/person\/cb1ab5ba96ad3d9390805381c76284ec","name":"admin","url":"https:\/\/bahiaeconomica.com.br\/wp\/author\/admin\/"}]}},"views":1,"_links":{"self":[{"href":"https:\/\/bahiaeconomica.com.br\/wp\/wp-json\/wp\/v2\/posts\/408932"}],"collection":[{"href":"https:\/\/bahiaeconomica.com.br\/wp\/wp-json\/wp\/v2\/posts"}],"about":[{"href":"https:\/\/bahiaeconomica.com.br\/wp\/wp-json\/wp\/v2\/types\/post"}],"author":[{"embeddable":true,"href":"https:\/\/bahiaeconomica.com.br\/wp\/wp-json\/wp\/v2\/users\/1"}],"replies":[{"embeddable":true,"href":"https:\/\/bahiaeconomica.com.br\/wp\/wp-json\/wp\/v2\/comments?post=408932"}],"version-history":[{"count":2,"href":"https:\/\/bahiaeconomica.com.br\/wp\/wp-json\/wp\/v2\/posts\/408932\/revisions"}],"predecessor-version":[{"id":408936,"href":"https:\/\/bahiaeconomica.com.br\/wp\/wp-json\/wp\/v2\/posts\/408932\/revisions\/408936"}],"wp:featuredmedia":[{"embeddable":true,"href":"https:\/\/bahiaeconomica.com.br\/wp\/wp-json\/wp\/v2\/media\/408934"}],"wp:attachment":[{"href":"https:\/\/bahiaeconomica.com.br\/wp\/wp-json\/wp\/v2\/media?parent=408932"}],"wp:term":[{"taxonomy":"category","embeddable":true,"href":"https:\/\/bahiaeconomica.com.br\/wp\/wp-json\/wp\/v2\/categories?post=408932"},{"taxonomy":"post_tag","embeddable":true,"href":"https:\/\/bahiaeconomica.com.br\/wp\/wp-json\/wp\/v2\/tags?post=408932"}],"curies":[{"name":"wp","href":"https:\/\/api.w.org\/{rel}","templated":true}]}}