{"id":407712,"date":"2019-10-22T09:40:20","date_gmt":"2019-10-22T12:40:20","guid":{"rendered":"https:\/\/bahiaeconomica.com.br\/wp\/beta\/?p=407712"},"modified":"2019-10-22T09:50:10","modified_gmt":"2019-10-22T12:50:10","slug":"dauster-afirma-que-resultado-de-licitacao-da-ponte-salvador-itaparica-deve-sair-27-de-novembro","status":"publish","type":"post","link":"https:\/\/bahiaeconomica.com.br\/wp\/2019\/10\/22\/dauster-afirma-que-resultado-de-licitacao-da-ponte-salvador-itaparica-deve-sair-27-de-novembro\/","title":{"rendered":"DAUSTER AFIRMA QUE RESULTADO DE LICITA\u00c7\u00c3O DA PONTE SALVADOR-ITAPARICA DEVE SAIR 27 DE NOVEMBRO\u00a0"},"content":{"rendered":"<p style=\"text-align: justify;\">O secret\u00e1rio da Casa Civil estadual, Bruno Dauster, afirmou nesta ter\u00e7a-feira (22) que o governo estuda propostas para implanta\u00e7\u00e3o do Centro de Conven\u00e7\u00f5es do Estado na regi\u00e3o do Com\u00e9rcio. <!--more-->\u201cEstamos estudando as propostas para a implanta\u00e7\u00e3o do Centro de Conven\u00e7\u00f5es da Bahia, na regi\u00e3o do Com\u00e9rcio de Salvador. Numa regi\u00e3o que est\u00e1 passando por um processo de revitaliza\u00e7\u00e3o, al\u00e9m de ser um grande centro e destino tur\u00edstico da cidade\u201d, ressaltou em entrevista ao programa Seis em Ponto, da r\u00e1dio Metr\u00f3pole.<\/p>\n<p style=\"text-align: justify;\">Dauster disse ainda que as obras do Ve\u00edculo Leve de Transporte (VLT) ser\u00e3o iniciadas nos pr\u00f3ximos dias e a liga\u00e7\u00e3o Piraj\u00e1 at\u00e9 \u00c1guas Claras\/Cajazeiras, por meio do metr\u00f4, tamb\u00e9m ter\u00e1 as obras iniciadas em 2019. O secret\u00e1rio pontuou que a Ponte Salvador-Itaparica est\u00e1 em processo de licita\u00e7\u00e3o, com o resultado previsto para 27 de novembro.<\/p>\n<p style=\"text-align: justify;\">\u201cCom isso, no in\u00edcio de 2020 j\u00e1 teremos o contrato assinado para a constru\u00e7\u00e3o e opera\u00e7\u00e3o da ponte. A m\u00e3o de obra da ponte Salvador-Itaparica ser\u00e1 local e contratada de acordo \u00e0s leis trabalhistas brasileiras.<\/p>\n<p style=\"text-align: justify;\">Foto: Camila Souza\/ GOVBA<\/p>\n","protected":false},"excerpt":{"rendered":"<p>O secret\u00e1rio da Casa Civil estadual, Bruno Dauster, afirmou nesta ter\u00e7a-feira (22) que o governo estuda propostas para implanta\u00e7\u00e3o do Centro de Conven\u00e7\u00f5es do Estado na regi\u00e3o do Com\u00e9rcio.<\/p>\n","protected":false},"author":1,"featured_media":276592,"comment_status":"closed","ping_status":"closed","sticky":false,"template":"","format":"standard","meta":[],"categories":[3],"tags":[],"acf":[],"yoast_head":"<!-- This site is optimized with the Yoast SEO plugin v20.8 - https:\/\/yoast.com\/wordpress\/plugins\/seo\/ -->\n<title>DAUSTER AFIRMA QUE RESULTADO DE LICITA\u00c7\u00c3O DA PONTE SALVADOR-ITAPARICA DEVE SAIR 27 DE NOVEMBRO\u00a0 - Bahia Economica<\/title>\n<meta name=\"description\" content=\"O maior portal de Economia da Bahia ECONOMIA \/ POL\u00cdTICA Bahia Economica\" \/>\n<meta name=\"robots\" content=\"index, follow, max-snippet:-1, max-image-preview:large, max-video-preview:-1\" \/>\n<link rel=\"canonical\" href=\"https:\/\/bahiaeconomica.com.br\/wp\/2019\/10\/22\/dauster-afirma-que-resultado-de-licitacao-da-ponte-salvador-itaparica-deve-sair-27-de-novembro\/\" \/>\n<meta property=\"og:locale\" content=\"pt_BR\" \/>\n<meta property=\"og:type\" content=\"article\" \/>\n<meta property=\"og:title\" content=\"DAUSTER AFIRMA QUE RESULTADO DE LICITA\u00c7\u00c3O DA PONTE SALVADOR-ITAPARICA DEVE SAIR 27 DE NOVEMBRO\u00a0 - Bahia Economica\" \/>\n<meta property=\"og:description\" content=\"O maior portal de Economia da Bahia ECONOMIA \/ POL\u00cdTICA Bahia Economica\" \/>\n<meta property=\"og:url\" content=\"https:\/\/bahiaeconomica.com.br\/wp\/2019\/10\/22\/dauster-afirma-que-resultado-de-licitacao-da-ponte-salvador-itaparica-deve-sair-27-de-novembro\/\" \/>\n<meta property=\"og:site_name\" content=\"Bahia Economica\" \/>\n<meta property=\"article:publisher\" content=\"https:\/\/www.facebook.com\/bahiaeconomica\" \/>\n<meta property=\"article:published_time\" content=\"2019-10-22T12:40:20+00:00\" \/>\n<meta property=\"article:modified_time\" content=\"2019-10-22T12:50:10+00:00\" \/>\n<meta property=\"og:image\" content=\"https:\/\/bahiaeconomica.com.br\/wp\/wp-content\/uploads\/2019\/02\/Bruno-Dauster-.jpg\" \/>\n\t<meta property=\"og:image:width\" content=\"500\" \/>\n\t<meta property=\"og:image:height\" content=\"300\" \/>\n\t<meta property=\"og:image:type\" content=\"image\/jpeg\" \/>\n<meta name=\"author\" content=\"admin\" \/>\n<meta name=\"twitter:card\" content=\"summary_large_image\" \/>\n<meta name=\"twitter:label1\" content=\"Escrito por\" \/>\n\t<meta name=\"twitter:data1\" content=\"admin\" \/>\n\t<meta name=\"twitter:label2\" content=\"Est. tempo de leitura\" \/>\n\t<meta name=\"twitter:data2\" content=\"1 minuto\" \/>\n<script type=\"application\/ld+json\" class=\"yoast-schema-graph\">{\"@context\":\"https:\/\/schema.org\",\"@graph\":[{\"@type\":\"Article\",\"@id\":\"https:\/\/bahiaeconomica.com.br\/wp\/2019\/10\/22\/dauster-afirma-que-resultado-de-licitacao-da-ponte-salvador-itaparica-deve-sair-27-de-novembro\/#article\",\"isPartOf\":{\"@id\":\"https:\/\/bahiaeconomica.com.br\/wp\/2019\/10\/22\/dauster-afirma-que-resultado-de-licitacao-da-ponte-salvador-itaparica-deve-sair-27-de-novembro\/\"},\"author\":{\"name\":\"admin\",\"@id\":\"https:\/\/bahiaeconomica.com.br\/wp\/#\/schema\/person\/cb1ab5ba96ad3d9390805381c76284ec\"},\"headline\":\"DAUSTER AFIRMA QUE RESULTADO DE LICITA\u00c7\u00c3O DA PONTE SALVADOR-ITAPARICA DEVE SAIR 27 DE NOVEMBRO\u00a0\",\"datePublished\":\"2019-10-22T12:40:20+00:00\",\"dateModified\":\"2019-10-22T12:50:10+00:00\",\"mainEntityOfPage\":{\"@id\":\"https:\/\/bahiaeconomica.com.br\/wp\/2019\/10\/22\/dauster-afirma-que-resultado-de-licitacao-da-ponte-salvador-itaparica-deve-sair-27-de-novembro\/\"},\"wordCount\":212,\"publisher\":{\"@id\":\"https:\/\/bahiaeconomica.com.br\/wp\/#organization\"},\"articleSection\":[\"ECONOMIA \/ POL\u00cdTICA\"],\"inLanguage\":\"pt-BR\"},{\"@type\":\"WebPage\",\"@id\":\"https:\/\/bahiaeconomica.com.br\/wp\/2019\/10\/22\/dauster-afirma-que-resultado-de-licitacao-da-ponte-salvador-itaparica-deve-sair-27-de-novembro\/\",\"url\":\"https:\/\/bahiaeconomica.com.br\/wp\/2019\/10\/22\/dauster-afirma-que-resultado-de-licitacao-da-ponte-salvador-itaparica-deve-sair-27-de-novembro\/\",\"name\":\"DAUSTER AFIRMA QUE RESULTADO DE LICITA\u00c7\u00c3O DA PONTE SALVADOR-ITAPARICA DEVE SAIR 27 DE NOVEMBRO\u00a0 - Bahia Economica\",\"isPartOf\":{\"@id\":\"https:\/\/bahiaeconomica.com.br\/wp\/#website\"},\"datePublished\":\"2019-10-22T12:40:20+00:00\",\"dateModified\":\"2019-10-22T12:50:10+00:00\",\"description\":\"O maior portal de Economia da Bahia ECONOMIA \/ POL\u00cdTICA Bahia Economica\",\"breadcrumb\":{\"@id\":\"https:\/\/bahiaeconomica.com.br\/wp\/2019\/10\/22\/dauster-afirma-que-resultado-de-licitacao-da-ponte-salvador-itaparica-deve-sair-27-de-novembro\/#breadcrumb\"},\"inLanguage\":\"pt-BR\",\"potentialAction\":[{\"@type\":\"ReadAction\",\"target\":[\"https:\/\/bahiaeconomica.com.br\/wp\/2019\/10\/22\/dauster-afirma-que-resultado-de-licitacao-da-ponte-salvador-itaparica-deve-sair-27-de-novembro\/\"]}]},{\"@type\":\"BreadcrumbList\",\"@id\":\"https:\/\/bahiaeconomica.com.br\/wp\/2019\/10\/22\/dauster-afirma-que-resultado-de-licitacao-da-ponte-salvador-itaparica-deve-sair-27-de-novembro\/#breadcrumb\",\"itemListElement\":[{\"@type\":\"ListItem\",\"position\":1,\"name\":\"In\u00edcio\",\"item\":\"https:\/\/bahiaeconomica.com.br\/wp\/\"},{\"@type\":\"ListItem\",\"position\":2,\"name\":\"DAUSTER AFIRMA QUE RESULTADO DE LICITA\u00c7\u00c3O DA PONTE SALVADOR-ITAPARICA DEVE SAIR 27 DE NOVEMBRO\u00a0\"}]},{\"@type\":\"WebSite\",\"@id\":\"https:\/\/bahiaeconomica.com.br\/wp\/#website\",\"url\":\"https:\/\/bahiaeconomica.com.br\/wp\/\",\"name\":\"Bahia Economica\",\"description\":\"O maior portal de Economia da Bahia\",\"publisher\":{\"@id\":\"https:\/\/bahiaeconomica.com.br\/wp\/#organization\"},\"potentialAction\":[{\"@type\":\"SearchAction\",\"target\":{\"@type\":\"EntryPoint\",\"urlTemplate\":\"https:\/\/bahiaeconomica.com.br\/wp\/?s={search_term_string}\"},\"query-input\":\"required name=search_term_string\"}],\"inLanguage\":\"pt-BR\"},{\"@type\":\"Organization\",\"@id\":\"https:\/\/bahiaeconomica.com.br\/wp\/#organization\",\"name\":\"Bahia Econ\u00f4mica\",\"url\":\"https:\/\/bahiaeconomica.com.br\/wp\/\",\"logo\":{\"@type\":\"ImageObject\",\"inLanguage\":\"pt-BR\",\"@id\":\"https:\/\/bahiaeconomica.com.br\/wp\/#\/schema\/logo\/image\/\",\"url\":\"https:\/\/bahiaeconomica.com.br\/wp\/wp-content\/uploads\/2020\/12\/cropped-BE.png\",\"contentUrl\":\"https:\/\/bahiaeconomica.com.br\/wp\/wp-content\/uploads\/2020\/12\/cropped-BE.png\",\"width\":512,\"height\":512,\"caption\":\"Bahia Econ\u00f4mica\"},\"image\":{\"@id\":\"https:\/\/bahiaeconomica.com.br\/wp\/#\/schema\/logo\/image\/\"},\"sameAs\":[\"https:\/\/www.facebook.com\/bahiaeconomica\"]},{\"@type\":\"Person\",\"@id\":\"https:\/\/bahiaeconomica.com.br\/wp\/#\/schema\/person\/cb1ab5ba96ad3d9390805381c76284ec\",\"name\":\"admin\",\"url\":\"https:\/\/bahiaeconomica.com.br\/wp\/author\/admin\/\"}]}<\/script>\n<!-- \/ Yoast SEO plugin. -->","yoast_head_json":{"title":"DAUSTER AFIRMA QUE RESULTADO DE LICITA\u00c7\u00c3O DA PONTE SALVADOR-ITAPARICA DEVE SAIR 27 DE NOVEMBRO\u00a0 - Bahia Economica","description":"O maior portal de Economia da Bahia ECONOMIA \/ POL\u00cdTICA Bahia Economica","robots":{"index":"index","follow":"follow","max-snippet":"max-snippet:-1","max-image-preview":"max-image-preview:large","max-video-preview":"max-video-preview:-1"},"canonical":"https:\/\/bahiaeconomica.com.br\/wp\/2019\/10\/22\/dauster-afirma-que-resultado-de-licitacao-da-ponte-salvador-itaparica-deve-sair-27-de-novembro\/","og_locale":"pt_BR","og_type":"article","og_title":"DAUSTER AFIRMA QUE RESULTADO DE LICITA\u00c7\u00c3O DA PONTE SALVADOR-ITAPARICA DEVE SAIR 27 DE NOVEMBRO\u00a0 - Bahia Economica","og_description":"O maior portal de Economia da Bahia ECONOMIA \/ POL\u00cdTICA Bahia Economica","og_url":"https:\/\/bahiaeconomica.com.br\/wp\/2019\/10\/22\/dauster-afirma-que-resultado-de-licitacao-da-ponte-salvador-itaparica-deve-sair-27-de-novembro\/","og_site_name":"Bahia Economica","article_publisher":"https:\/\/www.facebook.com\/bahiaeconomica","article_published_time":"2019-10-22T12:40:20+00:00","article_modified_time":"2019-10-22T12:50:10+00:00","og_image":[{"width":500,"height":300,"url":"https:\/\/bahiaeconomica.com.br\/wp\/wp-content\/uploads\/2019\/02\/Bruno-Dauster-.jpg","type":"image\/jpeg"}],"author":"admin","twitter_card":"summary_large_image","twitter_misc":{"Escrito por":"admin","Est. tempo de leitura":"1 minuto"},"schema":{"@context":"https:\/\/schema.org","@graph":[{"@type":"Article","@id":"https:\/\/bahiaeconomica.com.br\/wp\/2019\/10\/22\/dauster-afirma-que-resultado-de-licitacao-da-ponte-salvador-itaparica-deve-sair-27-de-novembro\/#article","isPartOf":{"@id":"https:\/\/bahiaeconomica.com.br\/wp\/2019\/10\/22\/dauster-afirma-que-resultado-de-licitacao-da-ponte-salvador-itaparica-deve-sair-27-de-novembro\/"},"author":{"name":"admin","@id":"https:\/\/bahiaeconomica.com.br\/wp\/#\/schema\/person\/cb1ab5ba96ad3d9390805381c76284ec"},"headline":"DAUSTER AFIRMA QUE RESULTADO DE LICITA\u00c7\u00c3O DA PONTE SALVADOR-ITAPARICA DEVE SAIR 27 DE NOVEMBRO\u00a0","datePublished":"2019-10-22T12:40:20+00:00","dateModified":"2019-10-22T12:50:10+00:00","mainEntityOfPage":{"@id":"https:\/\/bahiaeconomica.com.br\/wp\/2019\/10\/22\/dauster-afirma-que-resultado-de-licitacao-da-ponte-salvador-itaparica-deve-sair-27-de-novembro\/"},"wordCount":212,"publisher":{"@id":"https:\/\/bahiaeconomica.com.br\/wp\/#organization"},"articleSection":["ECONOMIA \/ POL\u00cdTICA"],"inLanguage":"pt-BR"},{"@type":"WebPage","@id":"https:\/\/bahiaeconomica.com.br\/wp\/2019\/10\/22\/dauster-afirma-que-resultado-de-licitacao-da-ponte-salvador-itaparica-deve-sair-27-de-novembro\/","url":"https:\/\/bahiaeconomica.com.br\/wp\/2019\/10\/22\/dauster-afirma-que-resultado-de-licitacao-da-ponte-salvador-itaparica-deve-sair-27-de-novembro\/","name":"DAUSTER AFIRMA QUE RESULTADO DE LICITA\u00c7\u00c3O DA PONTE SALVADOR-ITAPARICA DEVE SAIR 27 DE NOVEMBRO\u00a0 - Bahia Economica","isPartOf":{"@id":"https:\/\/bahiaeconomica.com.br\/wp\/#website"},"datePublished":"2019-10-22T12:40:20+00:00","dateModified":"2019-10-22T12:50:10+00:00","description":"O maior portal de Economia da Bahia ECONOMIA \/ POL\u00cdTICA Bahia Economica","breadcrumb":{"@id":"https:\/\/bahiaeconomica.com.br\/wp\/2019\/10\/22\/dauster-afirma-que-resultado-de-licitacao-da-ponte-salvador-itaparica-deve-sair-27-de-novembro\/#breadcrumb"},"inLanguage":"pt-BR","potentialAction":[{"@type":"ReadAction","target":["https:\/\/bahiaeconomica.com.br\/wp\/2019\/10\/22\/dauster-afirma-que-resultado-de-licitacao-da-ponte-salvador-itaparica-deve-sair-27-de-novembro\/"]}]},{"@type":"BreadcrumbList","@id":"https:\/\/bahiaeconomica.com.br\/wp\/2019\/10\/22\/dauster-afirma-que-resultado-de-licitacao-da-ponte-salvador-itaparica-deve-sair-27-de-novembro\/#breadcrumb","itemListElement":[{"@type":"ListItem","position":1,"name":"In\u00edcio","item":"https:\/\/bahiaeconomica.com.br\/wp\/"},{"@type":"ListItem","position":2,"name":"DAUSTER AFIRMA QUE RESULTADO DE LICITA\u00c7\u00c3O DA PONTE SALVADOR-ITAPARICA DEVE SAIR 27 DE NOVEMBRO\u00a0"}]},{"@type":"WebSite","@id":"https:\/\/bahiaeconomica.com.br\/wp\/#website","url":"https:\/\/bahiaeconomica.com.br\/wp\/","name":"Bahia Economica","description":"O maior portal de Economia da Bahia","publisher":{"@id":"https:\/\/bahiaeconomica.com.br\/wp\/#organization"},"potentialAction":[{"@type":"SearchAction","target":{"@type":"EntryPoint","urlTemplate":"https:\/\/bahiaeconomica.com.br\/wp\/?s={search_term_string}"},"query-input":"required name=search_term_string"}],"inLanguage":"pt-BR"},{"@type":"Organization","@id":"https:\/\/bahiaeconomica.com.br\/wp\/#organization","name":"Bahia Econ\u00f4mica","url":"https:\/\/bahiaeconomica.com.br\/wp\/","logo":{"@type":"ImageObject","inLanguage":"pt-BR","@id":"https:\/\/bahiaeconomica.com.br\/wp\/#\/schema\/logo\/image\/","url":"https:\/\/bahiaeconomica.com.br\/wp\/wp-content\/uploads\/2020\/12\/cropped-BE.png","contentUrl":"https:\/\/bahiaeconomica.com.br\/wp\/wp-content\/uploads\/2020\/12\/cropped-BE.png","width":512,"height":512,"caption":"Bahia Econ\u00f4mica"},"image":{"@id":"https:\/\/bahiaeconomica.com.br\/wp\/#\/schema\/logo\/image\/"},"sameAs":["https:\/\/www.facebook.com\/bahiaeconomica"]},{"@type":"Person","@id":"https:\/\/bahiaeconomica.com.br\/wp\/#\/schema\/person\/cb1ab5ba96ad3d9390805381c76284ec","name":"admin","url":"https:\/\/bahiaeconomica.com.br\/wp\/author\/admin\/"}]}},"views":0,"_links":{"self":[{"href":"https:\/\/bahiaeconomica.com.br\/wp\/wp-json\/wp\/v2\/posts\/407712"}],"collection":[{"href":"https:\/\/bahiaeconomica.com.br\/wp\/wp-json\/wp\/v2\/posts"}],"about":[{"href":"https:\/\/bahiaeconomica.com.br\/wp\/wp-json\/wp\/v2\/types\/post"}],"author":[{"embeddable":true,"href":"https:\/\/bahiaeconomica.com.br\/wp\/wp-json\/wp\/v2\/users\/1"}],"replies":[{"embeddable":true,"href":"https:\/\/bahiaeconomica.com.br\/wp\/wp-json\/wp\/v2\/comments?post=407712"}],"version-history":[{"count":1,"href":"https:\/\/bahiaeconomica.com.br\/wp\/wp-json\/wp\/v2\/posts\/407712\/revisions"}],"predecessor-version":[{"id":407717,"href":"https:\/\/bahiaeconomica.com.br\/wp\/wp-json\/wp\/v2\/posts\/407712\/revisions\/407717"}],"wp:featuredmedia":[{"embeddable":true,"href":"https:\/\/bahiaeconomica.com.br\/wp\/wp-json\/wp\/v2\/media\/276592"}],"wp:attachment":[{"href":"https:\/\/bahiaeconomica.com.br\/wp\/wp-json\/wp\/v2\/media?parent=407712"}],"wp:term":[{"taxonomy":"category","embeddable":true,"href":"https:\/\/bahiaeconomica.com.br\/wp\/wp-json\/wp\/v2\/categories?post=407712"},{"taxonomy":"post_tag","embeddable":true,"href":"https:\/\/bahiaeconomica.com.br\/wp\/wp-json\/wp\/v2\/tags?post=407712"}],"curies":[{"name":"wp","href":"https:\/\/api.w.org\/{rel}","templated":true}]}}