{"id":406371,"date":"2019-10-17T18:58:51","date_gmt":"2019-10-17T21:58:51","guid":{"rendered":"https:\/\/bahiaeconomica.com.br\/wp\/beta\/?p=406371"},"modified":"2019-10-17T19:03:01","modified_gmt":"2019-10-17T22:03:01","slug":"posou-para-foto-e-foi-embora-diz-rui-sobre-visita-do-ministro-ricardo-salles-a-bahia","status":"publish","type":"post","link":"https:\/\/bahiaeconomica.com.br\/wp\/2019\/10\/17\/posou-para-foto-e-foi-embora-diz-rui-sobre-visita-do-ministro-ricardo-salles-a-bahia\/","title":{"rendered":"\u201cPOSOU PARA FOTO E FOI EMBORA\u201d, DIZ RUI SOBRE VISITA DO MINISTRO RICARDO SALLES \u00c0 BAHIA"},"content":{"rendered":"<p>Nesta quinta-feira (17), o governador Rui Costa (PT) falou sobre a\u00a0visita do ministro do Meio Ambiente, Ricardo Salles, ao estado, que<!--more--> ocorreu nesta quarta-feira (16), para ver as manchas de \u00f3leo que atingiram o litoral. Rui disse que ficou sabendo da visita de Ricardo Salles por meio da imprensa. \u201cO Ministro vem aqui, n\u00e3o procura nenhum prefeito, nem o governador. Se re\u00fane em sigilo com a Marinha, posa para foto na praia e vai embora. Muito estranho isso. Nem uma liga\u00e7\u00e3o deu. Eu soube pela imprensa que ele estava aqui\u201d, declarou em coletiva de imprensa, ap\u00f3s\u00a0reuni\u00e3o com os prefeitos dos munic\u00edpios baianos afetados pelas manchas de \u00f3leo.<\/p>\n<p>\u201cIsso mostra um descaso, desrespeito e falta de reconhecimento do pacto federativo. Um ministro que vem avaliar danos ambientais e econ\u00f4micos, tinha que chamar os prefeitos, o governador, e apresentar um relat\u00f3rio do que eles est\u00e3o tomando de providencia. Lament\u00e1vel esse comportamento das autoridades federais\u201d, criticou.<\/p>\n<p>&nbsp;<\/p>\n<p><em>Foto: Raiane Ver\u00edssimo<\/em><\/p>\n","protected":false},"excerpt":{"rendered":"<p>Nesta quinta-feira (17), o governador Rui Costa (PT) falou sobre a\u00a0visita do ministro do Meio Ambiente, Ricardo Salles, ao estado, que<\/p>\n","protected":false},"author":1,"featured_media":406373,"comment_status":"closed","ping_status":"closed","sticky":false,"template":"","format":"standard","meta":[],"categories":[3],"tags":[],"acf":[],"yoast_head":"<!-- This site is optimized with the Yoast SEO plugin v20.8 - https:\/\/yoast.com\/wordpress\/plugins\/seo\/ -->\n<title>\u201cPOSOU PARA FOTO E FOI EMBORA\u201d, DIZ RUI SOBRE VISITA DO MINISTRO RICARDO SALLES \u00c0 BAHIA - Bahia Economica<\/title>\n<meta name=\"description\" content=\"O maior portal de Economia da Bahia ECONOMIA \/ POL\u00cdTICA Bahia Economica\" \/>\n<meta name=\"robots\" content=\"index, follow, max-snippet:-1, max-image-preview:large, max-video-preview:-1\" \/>\n<link rel=\"canonical\" href=\"https:\/\/bahiaeconomica.com.br\/wp\/2019\/10\/17\/posou-para-foto-e-foi-embora-diz-rui-sobre-visita-do-ministro-ricardo-salles-a-bahia\/\" \/>\n<meta property=\"og:locale\" content=\"pt_BR\" \/>\n<meta property=\"og:type\" content=\"article\" \/>\n<meta property=\"og:title\" content=\"\u201cPOSOU PARA FOTO E FOI EMBORA\u201d, DIZ RUI SOBRE VISITA DO MINISTRO RICARDO SALLES \u00c0 BAHIA - Bahia Economica\" \/>\n<meta property=\"og:description\" content=\"O maior portal de Economia da Bahia ECONOMIA \/ POL\u00cdTICA Bahia Economica\" \/>\n<meta property=\"og:url\" content=\"https:\/\/bahiaeconomica.com.br\/wp\/2019\/10\/17\/posou-para-foto-e-foi-embora-diz-rui-sobre-visita-do-ministro-ricardo-salles-a-bahia\/\" \/>\n<meta property=\"og:site_name\" content=\"Bahia Economica\" \/>\n<meta property=\"article:publisher\" content=\"https:\/\/www.facebook.com\/bahiaeconomica\" \/>\n<meta property=\"article:published_time\" content=\"2019-10-17T21:58:51+00:00\" \/>\n<meta property=\"article:modified_time\" content=\"2019-10-17T22:03:01+00:00\" \/>\n<meta property=\"og:image\" content=\"https:\/\/bahiaeconomica.com.br\/wp\/wp-content\/uploads\/2019\/10\/DRRR.png\" \/>\n\t<meta property=\"og:image:width\" content=\"500\" \/>\n\t<meta property=\"og:image:height\" content=\"300\" \/>\n\t<meta property=\"og:image:type\" content=\"image\/png\" \/>\n<meta name=\"author\" content=\"admin\" \/>\n<meta name=\"twitter:card\" content=\"summary_large_image\" \/>\n<meta name=\"twitter:label1\" content=\"Escrito por\" \/>\n\t<meta name=\"twitter:data1\" content=\"admin\" \/>\n\t<meta name=\"twitter:label2\" content=\"Est. tempo de leitura\" \/>\n\t<meta name=\"twitter:data2\" content=\"1 minuto\" \/>\n<script type=\"application\/ld+json\" class=\"yoast-schema-graph\">{\"@context\":\"https:\/\/schema.org\",\"@graph\":[{\"@type\":\"Article\",\"@id\":\"https:\/\/bahiaeconomica.com.br\/wp\/2019\/10\/17\/posou-para-foto-e-foi-embora-diz-rui-sobre-visita-do-ministro-ricardo-salles-a-bahia\/#article\",\"isPartOf\":{\"@id\":\"https:\/\/bahiaeconomica.com.br\/wp\/2019\/10\/17\/posou-para-foto-e-foi-embora-diz-rui-sobre-visita-do-ministro-ricardo-salles-a-bahia\/\"},\"author\":{\"name\":\"admin\",\"@id\":\"https:\/\/bahiaeconomica.com.br\/wp\/#\/schema\/person\/cb1ab5ba96ad3d9390805381c76284ec\"},\"headline\":\"\u201cPOSOU PARA FOTO E FOI EMBORA\u201d, DIZ RUI SOBRE VISITA DO MINISTRO RICARDO SALLES \u00c0 BAHIA\",\"datePublished\":\"2019-10-17T21:58:51+00:00\",\"dateModified\":\"2019-10-17T22:03:01+00:00\",\"mainEntityOfPage\":{\"@id\":\"https:\/\/bahiaeconomica.com.br\/wp\/2019\/10\/17\/posou-para-foto-e-foi-embora-diz-rui-sobre-visita-do-ministro-ricardo-salles-a-bahia\/\"},\"wordCount\":183,\"publisher\":{\"@id\":\"https:\/\/bahiaeconomica.com.br\/wp\/#organization\"},\"articleSection\":[\"ECONOMIA \/ POL\u00cdTICA\"],\"inLanguage\":\"pt-BR\"},{\"@type\":\"WebPage\",\"@id\":\"https:\/\/bahiaeconomica.com.br\/wp\/2019\/10\/17\/posou-para-foto-e-foi-embora-diz-rui-sobre-visita-do-ministro-ricardo-salles-a-bahia\/\",\"url\":\"https:\/\/bahiaeconomica.com.br\/wp\/2019\/10\/17\/posou-para-foto-e-foi-embora-diz-rui-sobre-visita-do-ministro-ricardo-salles-a-bahia\/\",\"name\":\"\u201cPOSOU PARA FOTO E FOI EMBORA\u201d, DIZ RUI SOBRE VISITA DO MINISTRO RICARDO SALLES \u00c0 BAHIA - Bahia Economica\",\"isPartOf\":{\"@id\":\"https:\/\/bahiaeconomica.com.br\/wp\/#website\"},\"datePublished\":\"2019-10-17T21:58:51+00:00\",\"dateModified\":\"2019-10-17T22:03:01+00:00\",\"description\":\"O maior portal de Economia da Bahia ECONOMIA \/ POL\u00cdTICA Bahia Economica\",\"breadcrumb\":{\"@id\":\"https:\/\/bahiaeconomica.com.br\/wp\/2019\/10\/17\/posou-para-foto-e-foi-embora-diz-rui-sobre-visita-do-ministro-ricardo-salles-a-bahia\/#breadcrumb\"},\"inLanguage\":\"pt-BR\",\"potentialAction\":[{\"@type\":\"ReadAction\",\"target\":[\"https:\/\/bahiaeconomica.com.br\/wp\/2019\/10\/17\/posou-para-foto-e-foi-embora-diz-rui-sobre-visita-do-ministro-ricardo-salles-a-bahia\/\"]}]},{\"@type\":\"BreadcrumbList\",\"@id\":\"https:\/\/bahiaeconomica.com.br\/wp\/2019\/10\/17\/posou-para-foto-e-foi-embora-diz-rui-sobre-visita-do-ministro-ricardo-salles-a-bahia\/#breadcrumb\",\"itemListElement\":[{\"@type\":\"ListItem\",\"position\":1,\"name\":\"In\u00edcio\",\"item\":\"https:\/\/bahiaeconomica.com.br\/wp\/\"},{\"@type\":\"ListItem\",\"position\":2,\"name\":\"\u201cPOSOU PARA FOTO E FOI EMBORA\u201d, DIZ RUI SOBRE VISITA DO MINISTRO RICARDO SALLES \u00c0 BAHIA\"}]},{\"@type\":\"WebSite\",\"@id\":\"https:\/\/bahiaeconomica.com.br\/wp\/#website\",\"url\":\"https:\/\/bahiaeconomica.com.br\/wp\/\",\"name\":\"Bahia Economica\",\"description\":\"O maior portal de Economia da Bahia\",\"publisher\":{\"@id\":\"https:\/\/bahiaeconomica.com.br\/wp\/#organization\"},\"potentialAction\":[{\"@type\":\"SearchAction\",\"target\":{\"@type\":\"EntryPoint\",\"urlTemplate\":\"https:\/\/bahiaeconomica.com.br\/wp\/?s={search_term_string}\"},\"query-input\":\"required name=search_term_string\"}],\"inLanguage\":\"pt-BR\"},{\"@type\":\"Organization\",\"@id\":\"https:\/\/bahiaeconomica.com.br\/wp\/#organization\",\"name\":\"Bahia Econ\u00f4mica\",\"url\":\"https:\/\/bahiaeconomica.com.br\/wp\/\",\"logo\":{\"@type\":\"ImageObject\",\"inLanguage\":\"pt-BR\",\"@id\":\"https:\/\/bahiaeconomica.com.br\/wp\/#\/schema\/logo\/image\/\",\"url\":\"https:\/\/bahiaeconomica.com.br\/wp\/wp-content\/uploads\/2020\/12\/cropped-BE.png\",\"contentUrl\":\"https:\/\/bahiaeconomica.com.br\/wp\/wp-content\/uploads\/2020\/12\/cropped-BE.png\",\"width\":512,\"height\":512,\"caption\":\"Bahia Econ\u00f4mica\"},\"image\":{\"@id\":\"https:\/\/bahiaeconomica.com.br\/wp\/#\/schema\/logo\/image\/\"},\"sameAs\":[\"https:\/\/www.facebook.com\/bahiaeconomica\"]},{\"@type\":\"Person\",\"@id\":\"https:\/\/bahiaeconomica.com.br\/wp\/#\/schema\/person\/cb1ab5ba96ad3d9390805381c76284ec\",\"name\":\"admin\",\"url\":\"https:\/\/bahiaeconomica.com.br\/wp\/author\/admin\/\"}]}<\/script>\n<!-- \/ Yoast SEO plugin. -->","yoast_head_json":{"title":"\u201cPOSOU PARA FOTO E FOI EMBORA\u201d, DIZ RUI SOBRE VISITA DO MINISTRO RICARDO SALLES \u00c0 BAHIA - Bahia Economica","description":"O maior portal de Economia da Bahia ECONOMIA \/ POL\u00cdTICA Bahia Economica","robots":{"index":"index","follow":"follow","max-snippet":"max-snippet:-1","max-image-preview":"max-image-preview:large","max-video-preview":"max-video-preview:-1"},"canonical":"https:\/\/bahiaeconomica.com.br\/wp\/2019\/10\/17\/posou-para-foto-e-foi-embora-diz-rui-sobre-visita-do-ministro-ricardo-salles-a-bahia\/","og_locale":"pt_BR","og_type":"article","og_title":"\u201cPOSOU PARA FOTO E FOI EMBORA\u201d, DIZ RUI SOBRE VISITA DO MINISTRO RICARDO SALLES \u00c0 BAHIA - Bahia Economica","og_description":"O maior portal de Economia da Bahia ECONOMIA \/ POL\u00cdTICA Bahia Economica","og_url":"https:\/\/bahiaeconomica.com.br\/wp\/2019\/10\/17\/posou-para-foto-e-foi-embora-diz-rui-sobre-visita-do-ministro-ricardo-salles-a-bahia\/","og_site_name":"Bahia Economica","article_publisher":"https:\/\/www.facebook.com\/bahiaeconomica","article_published_time":"2019-10-17T21:58:51+00:00","article_modified_time":"2019-10-17T22:03:01+00:00","og_image":[{"width":500,"height":300,"url":"https:\/\/bahiaeconomica.com.br\/wp\/wp-content\/uploads\/2019\/10\/DRRR.png","type":"image\/png"}],"author":"admin","twitter_card":"summary_large_image","twitter_misc":{"Escrito por":"admin","Est. tempo de leitura":"1 minuto"},"schema":{"@context":"https:\/\/schema.org","@graph":[{"@type":"Article","@id":"https:\/\/bahiaeconomica.com.br\/wp\/2019\/10\/17\/posou-para-foto-e-foi-embora-diz-rui-sobre-visita-do-ministro-ricardo-salles-a-bahia\/#article","isPartOf":{"@id":"https:\/\/bahiaeconomica.com.br\/wp\/2019\/10\/17\/posou-para-foto-e-foi-embora-diz-rui-sobre-visita-do-ministro-ricardo-salles-a-bahia\/"},"author":{"name":"admin","@id":"https:\/\/bahiaeconomica.com.br\/wp\/#\/schema\/person\/cb1ab5ba96ad3d9390805381c76284ec"},"headline":"\u201cPOSOU PARA FOTO E FOI EMBORA\u201d, DIZ RUI SOBRE VISITA DO MINISTRO RICARDO SALLES \u00c0 BAHIA","datePublished":"2019-10-17T21:58:51+00:00","dateModified":"2019-10-17T22:03:01+00:00","mainEntityOfPage":{"@id":"https:\/\/bahiaeconomica.com.br\/wp\/2019\/10\/17\/posou-para-foto-e-foi-embora-diz-rui-sobre-visita-do-ministro-ricardo-salles-a-bahia\/"},"wordCount":183,"publisher":{"@id":"https:\/\/bahiaeconomica.com.br\/wp\/#organization"},"articleSection":["ECONOMIA \/ POL\u00cdTICA"],"inLanguage":"pt-BR"},{"@type":"WebPage","@id":"https:\/\/bahiaeconomica.com.br\/wp\/2019\/10\/17\/posou-para-foto-e-foi-embora-diz-rui-sobre-visita-do-ministro-ricardo-salles-a-bahia\/","url":"https:\/\/bahiaeconomica.com.br\/wp\/2019\/10\/17\/posou-para-foto-e-foi-embora-diz-rui-sobre-visita-do-ministro-ricardo-salles-a-bahia\/","name":"\u201cPOSOU PARA FOTO E FOI EMBORA\u201d, DIZ RUI SOBRE VISITA DO MINISTRO RICARDO SALLES \u00c0 BAHIA - Bahia Economica","isPartOf":{"@id":"https:\/\/bahiaeconomica.com.br\/wp\/#website"},"datePublished":"2019-10-17T21:58:51+00:00","dateModified":"2019-10-17T22:03:01+00:00","description":"O maior portal de Economia da Bahia ECONOMIA \/ POL\u00cdTICA Bahia Economica","breadcrumb":{"@id":"https:\/\/bahiaeconomica.com.br\/wp\/2019\/10\/17\/posou-para-foto-e-foi-embora-diz-rui-sobre-visita-do-ministro-ricardo-salles-a-bahia\/#breadcrumb"},"inLanguage":"pt-BR","potentialAction":[{"@type":"ReadAction","target":["https:\/\/bahiaeconomica.com.br\/wp\/2019\/10\/17\/posou-para-foto-e-foi-embora-diz-rui-sobre-visita-do-ministro-ricardo-salles-a-bahia\/"]}]},{"@type":"BreadcrumbList","@id":"https:\/\/bahiaeconomica.com.br\/wp\/2019\/10\/17\/posou-para-foto-e-foi-embora-diz-rui-sobre-visita-do-ministro-ricardo-salles-a-bahia\/#breadcrumb","itemListElement":[{"@type":"ListItem","position":1,"name":"In\u00edcio","item":"https:\/\/bahiaeconomica.com.br\/wp\/"},{"@type":"ListItem","position":2,"name":"\u201cPOSOU PARA FOTO E FOI EMBORA\u201d, DIZ RUI SOBRE VISITA DO MINISTRO RICARDO SALLES \u00c0 BAHIA"}]},{"@type":"WebSite","@id":"https:\/\/bahiaeconomica.com.br\/wp\/#website","url":"https:\/\/bahiaeconomica.com.br\/wp\/","name":"Bahia Economica","description":"O maior portal de Economia da Bahia","publisher":{"@id":"https:\/\/bahiaeconomica.com.br\/wp\/#organization"},"potentialAction":[{"@type":"SearchAction","target":{"@type":"EntryPoint","urlTemplate":"https:\/\/bahiaeconomica.com.br\/wp\/?s={search_term_string}"},"query-input":"required name=search_term_string"}],"inLanguage":"pt-BR"},{"@type":"Organization","@id":"https:\/\/bahiaeconomica.com.br\/wp\/#organization","name":"Bahia Econ\u00f4mica","url":"https:\/\/bahiaeconomica.com.br\/wp\/","logo":{"@type":"ImageObject","inLanguage":"pt-BR","@id":"https:\/\/bahiaeconomica.com.br\/wp\/#\/schema\/logo\/image\/","url":"https:\/\/bahiaeconomica.com.br\/wp\/wp-content\/uploads\/2020\/12\/cropped-BE.png","contentUrl":"https:\/\/bahiaeconomica.com.br\/wp\/wp-content\/uploads\/2020\/12\/cropped-BE.png","width":512,"height":512,"caption":"Bahia Econ\u00f4mica"},"image":{"@id":"https:\/\/bahiaeconomica.com.br\/wp\/#\/schema\/logo\/image\/"},"sameAs":["https:\/\/www.facebook.com\/bahiaeconomica"]},{"@type":"Person","@id":"https:\/\/bahiaeconomica.com.br\/wp\/#\/schema\/person\/cb1ab5ba96ad3d9390805381c76284ec","name":"admin","url":"https:\/\/bahiaeconomica.com.br\/wp\/author\/admin\/"}]}},"views":1,"_links":{"self":[{"href":"https:\/\/bahiaeconomica.com.br\/wp\/wp-json\/wp\/v2\/posts\/406371"}],"collection":[{"href":"https:\/\/bahiaeconomica.com.br\/wp\/wp-json\/wp\/v2\/posts"}],"about":[{"href":"https:\/\/bahiaeconomica.com.br\/wp\/wp-json\/wp\/v2\/types\/post"}],"author":[{"embeddable":true,"href":"https:\/\/bahiaeconomica.com.br\/wp\/wp-json\/wp\/v2\/users\/1"}],"replies":[{"embeddable":true,"href":"https:\/\/bahiaeconomica.com.br\/wp\/wp-json\/wp\/v2\/comments?post=406371"}],"version-history":[{"count":1,"href":"https:\/\/bahiaeconomica.com.br\/wp\/wp-json\/wp\/v2\/posts\/406371\/revisions"}],"predecessor-version":[{"id":406374,"href":"https:\/\/bahiaeconomica.com.br\/wp\/wp-json\/wp\/v2\/posts\/406371\/revisions\/406374"}],"wp:featuredmedia":[{"embeddable":true,"href":"https:\/\/bahiaeconomica.com.br\/wp\/wp-json\/wp\/v2\/media\/406373"}],"wp:attachment":[{"href":"https:\/\/bahiaeconomica.com.br\/wp\/wp-json\/wp\/v2\/media?parent=406371"}],"wp:term":[{"taxonomy":"category","embeddable":true,"href":"https:\/\/bahiaeconomica.com.br\/wp\/wp-json\/wp\/v2\/categories?post=406371"},{"taxonomy":"post_tag","embeddable":true,"href":"https:\/\/bahiaeconomica.com.br\/wp\/wp-json\/wp\/v2\/tags?post=406371"}],"curies":[{"name":"wp","href":"https:\/\/api.w.org\/{rel}","templated":true}]}}