{"id":405737,"date":"2019-10-16T13:00:54","date_gmt":"2019-10-16T16:00:54","guid":{"rendered":"https:\/\/bahiaeconomica.com.br\/wp\/beta\/?p=405737"},"modified":"2019-10-16T14:55:27","modified_gmt":"2019-10-16T17:55:27","slug":"aspra-pode-estar-envolvida-em-ataques-ocorridos-apos-anuncio-de-greve-da-pm-diz-secretario","status":"publish","type":"post","link":"https:\/\/bahiaeconomica.com.br\/wp\/2019\/10\/16\/aspra-pode-estar-envolvida-em-ataques-ocorridos-apos-anuncio-de-greve-da-pm-diz-secretario\/","title":{"rendered":"ASPRA PODE ESTAR ENVOLVIDA EM ATAQUES OCORRIDOS AP\u00d3S AN\u00daNCIO DE GREVE DA PM, DIZ SECRET\u00c1RIO"},"content":{"rendered":"<p>O secret\u00e1rio de Seguran\u00e7a P\u00fablica do estado, Maur\u00edcio Barbosa, afirmou, hoje (16), em entrevista coletiva, <!--more-->que h\u00e1 ind\u00edcios de que policiais ligados \u00e0 Aspra tenham se envolvido nos ataques que ocorreram ap\u00f3s o primeiro an\u00fancio de greve, na \u00faltima semana N\u00f3s temos visto ao longo desses \u00faltimos 15 dias uma s\u00e9rie de a\u00e7\u00f5es, a come\u00e7ar pela incita\u00e7\u00e3o, provocada pela Aspra, de uma assembleia em que se dizia que a PM estava em greve, estava parada, e n\u00f3s assistimos nos dias posteriores que a PM n\u00e3o aderiu em nenhum momento. (&#8230;) . S\u00e3o coisas que n\u00f3s assistimos todos os dias, atrav\u00e9s de mensagens de \u00e1udio e de v\u00eddeo, e a partir de ent\u00e3o vimos uma s\u00e9rie de atentados contra agencias banc\u00e1rias, vandalismos em \u00f4nibus e amea\u00e7as em redes sociais, o que levou criminosos a pensarem que a pol\u00edcia estava parada. (&#8230;) Temos ind\u00edcios de participa\u00e7\u00e3o de pessoas ligadas \u00e0 Aspra, seja pela sua filia\u00e7\u00e3o ou na pr\u00f3pria defesa, como no caso do policial que foi baleado por agentes da Opera\u00e7\u00e3o Gemeos em Itacaranha&#8221;, afirmou.<\/p>\n<p>Ainda segundo Barbosa, a SSP-BA tem trabalhado para identificar os envolvidos e encaminhado relat\u00f3rios ao Minist\u00e9rio P\u00fablico do Estado da Bahia (MP-BA) e ao Minist\u00e9rio P\u00fablico Federal (MPF), a fim de viabilizar medidas como a opera\u00e7\u00e3o deflagrada hoje. Quanto ao suposto atentado denunciado pelo deputado estadual Soldado Prisco (PSC), l\u00edder do movimento paredista, o secret\u00e1rio afirmou que a Pol\u00edcia Civil investiga o caso. &#8220;Estamos com toda a Pol\u00edcia Civil empenhada nisso, com nossos melhores delegados, peritos e equipes, fazendo toda a investiga\u00e7\u00e3o dessa situa\u00e7\u00e3o, e esperamos que as v\u00edtimas, o mais breve poss\u00edvel, contribuam com a pol\u00edcia, porque at\u00e9 agora n\u00e3o conseguimos ouvir essas pessoas que se dizem v\u00edtimas&#8221;, disse.<\/p>\n<p>Foto : Juliana Almirante \/ Metropress<\/p>\n","protected":false},"excerpt":{"rendered":"<p>O secret\u00e1rio de Seguran\u00e7a P\u00fablica do estado, Maur\u00edcio Barbosa, afirmou, hoje (16), em entrevista coletiva,<\/p>\n","protected":false},"author":1,"featured_media":405739,"comment_status":"closed","ping_status":"closed","sticky":false,"template":"","format":"standard","meta":[],"categories":[3],"tags":[],"acf":[],"yoast_head":"<!-- This site is optimized with the Yoast SEO plugin v20.8 - https:\/\/yoast.com\/wordpress\/plugins\/seo\/ -->\n<title>ASPRA PODE ESTAR ENVOLVIDA EM ATAQUES OCORRIDOS AP\u00d3S AN\u00daNCIO DE GREVE DA PM, DIZ SECRET\u00c1RIO - Bahia Economica<\/title>\n<meta name=\"description\" content=\"O maior portal de Economia da Bahia ECONOMIA \/ POL\u00cdTICA Bahia Economica\" \/>\n<meta name=\"robots\" content=\"index, follow, max-snippet:-1, max-image-preview:large, max-video-preview:-1\" \/>\n<link rel=\"canonical\" href=\"https:\/\/bahiaeconomica.com.br\/wp\/2019\/10\/16\/aspra-pode-estar-envolvida-em-ataques-ocorridos-apos-anuncio-de-greve-da-pm-diz-secretario\/\" \/>\n<meta property=\"og:locale\" content=\"pt_BR\" \/>\n<meta property=\"og:type\" content=\"article\" \/>\n<meta property=\"og:title\" content=\"ASPRA PODE ESTAR ENVOLVIDA EM ATAQUES OCORRIDOS AP\u00d3S AN\u00daNCIO DE GREVE DA PM, DIZ SECRET\u00c1RIO - Bahia Economica\" \/>\n<meta property=\"og:description\" content=\"O maior portal de Economia da Bahia ECONOMIA \/ POL\u00cdTICA Bahia Economica\" \/>\n<meta property=\"og:url\" content=\"https:\/\/bahiaeconomica.com.br\/wp\/2019\/10\/16\/aspra-pode-estar-envolvida-em-ataques-ocorridos-apos-anuncio-de-greve-da-pm-diz-secretario\/\" \/>\n<meta property=\"og:site_name\" content=\"Bahia Economica\" \/>\n<meta property=\"article:publisher\" content=\"https:\/\/www.facebook.com\/bahiaeconomica\" \/>\n<meta property=\"article:published_time\" content=\"2019-10-16T16:00:54+00:00\" \/>\n<meta property=\"article:modified_time\" content=\"2019-10-16T17:55:27+00:00\" \/>\n<meta property=\"og:image\" content=\"https:\/\/bahiaeconomica.com.br\/wp\/wp-content\/uploads\/2019\/10\/81642aspra-pode-estar-envolvida-em-ataques-ocorridos-apos-anuncio-de-greve-da-pm-diz-secretario-3wwwwwwww.jpg\" \/>\n\t<meta property=\"og:image:width\" content=\"500\" \/>\n\t<meta property=\"og:image:height\" content=\"300\" \/>\n\t<meta property=\"og:image:type\" content=\"image\/jpeg\" \/>\n<meta name=\"author\" content=\"admin\" \/>\n<meta name=\"twitter:card\" content=\"summary_large_image\" \/>\n<meta name=\"twitter:label1\" content=\"Escrito por\" \/>\n\t<meta name=\"twitter:data1\" content=\"admin\" \/>\n\t<meta name=\"twitter:label2\" content=\"Est. tempo de leitura\" \/>\n\t<meta name=\"twitter:data2\" content=\"2 minutos\" \/>\n<script type=\"application\/ld+json\" class=\"yoast-schema-graph\">{\"@context\":\"https:\/\/schema.org\",\"@graph\":[{\"@type\":\"Article\",\"@id\":\"https:\/\/bahiaeconomica.com.br\/wp\/2019\/10\/16\/aspra-pode-estar-envolvida-em-ataques-ocorridos-apos-anuncio-de-greve-da-pm-diz-secretario\/#article\",\"isPartOf\":{\"@id\":\"https:\/\/bahiaeconomica.com.br\/wp\/2019\/10\/16\/aspra-pode-estar-envolvida-em-ataques-ocorridos-apos-anuncio-de-greve-da-pm-diz-secretario\/\"},\"author\":{\"name\":\"admin\",\"@id\":\"https:\/\/bahiaeconomica.com.br\/wp\/#\/schema\/person\/cb1ab5ba96ad3d9390805381c76284ec\"},\"headline\":\"ASPRA PODE ESTAR ENVOLVIDA EM ATAQUES OCORRIDOS AP\u00d3S AN\u00daNCIO DE GREVE DA PM, DIZ SECRET\u00c1RIO\",\"datePublished\":\"2019-10-16T16:00:54+00:00\",\"dateModified\":\"2019-10-16T17:55:27+00:00\",\"mainEntityOfPage\":{\"@id\":\"https:\/\/bahiaeconomica.com.br\/wp\/2019\/10\/16\/aspra-pode-estar-envolvida-em-ataques-ocorridos-apos-anuncio-de-greve-da-pm-diz-secretario\/\"},\"wordCount\":343,\"publisher\":{\"@id\":\"https:\/\/bahiaeconomica.com.br\/wp\/#organization\"},\"articleSection\":[\"ECONOMIA \/ POL\u00cdTICA\"],\"inLanguage\":\"pt-BR\"},{\"@type\":\"WebPage\",\"@id\":\"https:\/\/bahiaeconomica.com.br\/wp\/2019\/10\/16\/aspra-pode-estar-envolvida-em-ataques-ocorridos-apos-anuncio-de-greve-da-pm-diz-secretario\/\",\"url\":\"https:\/\/bahiaeconomica.com.br\/wp\/2019\/10\/16\/aspra-pode-estar-envolvida-em-ataques-ocorridos-apos-anuncio-de-greve-da-pm-diz-secretario\/\",\"name\":\"ASPRA PODE ESTAR ENVOLVIDA EM ATAQUES OCORRIDOS AP\u00d3S AN\u00daNCIO DE GREVE DA PM, DIZ SECRET\u00c1RIO - Bahia Economica\",\"isPartOf\":{\"@id\":\"https:\/\/bahiaeconomica.com.br\/wp\/#website\"},\"datePublished\":\"2019-10-16T16:00:54+00:00\",\"dateModified\":\"2019-10-16T17:55:27+00:00\",\"description\":\"O maior portal de Economia da Bahia ECONOMIA \/ POL\u00cdTICA Bahia Economica\",\"breadcrumb\":{\"@id\":\"https:\/\/bahiaeconomica.com.br\/wp\/2019\/10\/16\/aspra-pode-estar-envolvida-em-ataques-ocorridos-apos-anuncio-de-greve-da-pm-diz-secretario\/#breadcrumb\"},\"inLanguage\":\"pt-BR\",\"potentialAction\":[{\"@type\":\"ReadAction\",\"target\":[\"https:\/\/bahiaeconomica.com.br\/wp\/2019\/10\/16\/aspra-pode-estar-envolvida-em-ataques-ocorridos-apos-anuncio-de-greve-da-pm-diz-secretario\/\"]}]},{\"@type\":\"BreadcrumbList\",\"@id\":\"https:\/\/bahiaeconomica.com.br\/wp\/2019\/10\/16\/aspra-pode-estar-envolvida-em-ataques-ocorridos-apos-anuncio-de-greve-da-pm-diz-secretario\/#breadcrumb\",\"itemListElement\":[{\"@type\":\"ListItem\",\"position\":1,\"name\":\"In\u00edcio\",\"item\":\"https:\/\/bahiaeconomica.com.br\/wp\/\"},{\"@type\":\"ListItem\",\"position\":2,\"name\":\"ASPRA PODE ESTAR ENVOLVIDA EM ATAQUES OCORRIDOS AP\u00d3S AN\u00daNCIO DE GREVE DA PM, DIZ SECRET\u00c1RIO\"}]},{\"@type\":\"WebSite\",\"@id\":\"https:\/\/bahiaeconomica.com.br\/wp\/#website\",\"url\":\"https:\/\/bahiaeconomica.com.br\/wp\/\",\"name\":\"Bahia Economica\",\"description\":\"O maior portal de Economia da Bahia\",\"publisher\":{\"@id\":\"https:\/\/bahiaeconomica.com.br\/wp\/#organization\"},\"potentialAction\":[{\"@type\":\"SearchAction\",\"target\":{\"@type\":\"EntryPoint\",\"urlTemplate\":\"https:\/\/bahiaeconomica.com.br\/wp\/?s={search_term_string}\"},\"query-input\":\"required name=search_term_string\"}],\"inLanguage\":\"pt-BR\"},{\"@type\":\"Organization\",\"@id\":\"https:\/\/bahiaeconomica.com.br\/wp\/#organization\",\"name\":\"Bahia Econ\u00f4mica\",\"url\":\"https:\/\/bahiaeconomica.com.br\/wp\/\",\"logo\":{\"@type\":\"ImageObject\",\"inLanguage\":\"pt-BR\",\"@id\":\"https:\/\/bahiaeconomica.com.br\/wp\/#\/schema\/logo\/image\/\",\"url\":\"https:\/\/bahiaeconomica.com.br\/wp\/wp-content\/uploads\/2020\/12\/cropped-BE.png\",\"contentUrl\":\"https:\/\/bahiaeconomica.com.br\/wp\/wp-content\/uploads\/2020\/12\/cropped-BE.png\",\"width\":512,\"height\":512,\"caption\":\"Bahia Econ\u00f4mica\"},\"image\":{\"@id\":\"https:\/\/bahiaeconomica.com.br\/wp\/#\/schema\/logo\/image\/\"},\"sameAs\":[\"https:\/\/www.facebook.com\/bahiaeconomica\"]},{\"@type\":\"Person\",\"@id\":\"https:\/\/bahiaeconomica.com.br\/wp\/#\/schema\/person\/cb1ab5ba96ad3d9390805381c76284ec\",\"name\":\"admin\",\"url\":\"https:\/\/bahiaeconomica.com.br\/wp\/author\/admin\/\"}]}<\/script>\n<!-- \/ Yoast SEO plugin. -->","yoast_head_json":{"title":"ASPRA PODE ESTAR ENVOLVIDA EM ATAQUES OCORRIDOS AP\u00d3S AN\u00daNCIO DE GREVE DA PM, DIZ SECRET\u00c1RIO - Bahia Economica","description":"O maior portal de Economia da Bahia ECONOMIA \/ POL\u00cdTICA Bahia Economica","robots":{"index":"index","follow":"follow","max-snippet":"max-snippet:-1","max-image-preview":"max-image-preview:large","max-video-preview":"max-video-preview:-1"},"canonical":"https:\/\/bahiaeconomica.com.br\/wp\/2019\/10\/16\/aspra-pode-estar-envolvida-em-ataques-ocorridos-apos-anuncio-de-greve-da-pm-diz-secretario\/","og_locale":"pt_BR","og_type":"article","og_title":"ASPRA PODE ESTAR ENVOLVIDA EM ATAQUES OCORRIDOS AP\u00d3S AN\u00daNCIO DE GREVE DA PM, DIZ SECRET\u00c1RIO - Bahia Economica","og_description":"O maior portal de Economia da Bahia ECONOMIA \/ POL\u00cdTICA Bahia Economica","og_url":"https:\/\/bahiaeconomica.com.br\/wp\/2019\/10\/16\/aspra-pode-estar-envolvida-em-ataques-ocorridos-apos-anuncio-de-greve-da-pm-diz-secretario\/","og_site_name":"Bahia Economica","article_publisher":"https:\/\/www.facebook.com\/bahiaeconomica","article_published_time":"2019-10-16T16:00:54+00:00","article_modified_time":"2019-10-16T17:55:27+00:00","og_image":[{"width":500,"height":300,"url":"https:\/\/bahiaeconomica.com.br\/wp\/wp-content\/uploads\/2019\/10\/81642aspra-pode-estar-envolvida-em-ataques-ocorridos-apos-anuncio-de-greve-da-pm-diz-secretario-3wwwwwwww.jpg","type":"image\/jpeg"}],"author":"admin","twitter_card":"summary_large_image","twitter_misc":{"Escrito por":"admin","Est. tempo de leitura":"2 minutos"},"schema":{"@context":"https:\/\/schema.org","@graph":[{"@type":"Article","@id":"https:\/\/bahiaeconomica.com.br\/wp\/2019\/10\/16\/aspra-pode-estar-envolvida-em-ataques-ocorridos-apos-anuncio-de-greve-da-pm-diz-secretario\/#article","isPartOf":{"@id":"https:\/\/bahiaeconomica.com.br\/wp\/2019\/10\/16\/aspra-pode-estar-envolvida-em-ataques-ocorridos-apos-anuncio-de-greve-da-pm-diz-secretario\/"},"author":{"name":"admin","@id":"https:\/\/bahiaeconomica.com.br\/wp\/#\/schema\/person\/cb1ab5ba96ad3d9390805381c76284ec"},"headline":"ASPRA PODE ESTAR ENVOLVIDA EM ATAQUES OCORRIDOS AP\u00d3S AN\u00daNCIO DE GREVE DA PM, DIZ SECRET\u00c1RIO","datePublished":"2019-10-16T16:00:54+00:00","dateModified":"2019-10-16T17:55:27+00:00","mainEntityOfPage":{"@id":"https:\/\/bahiaeconomica.com.br\/wp\/2019\/10\/16\/aspra-pode-estar-envolvida-em-ataques-ocorridos-apos-anuncio-de-greve-da-pm-diz-secretario\/"},"wordCount":343,"publisher":{"@id":"https:\/\/bahiaeconomica.com.br\/wp\/#organization"},"articleSection":["ECONOMIA \/ POL\u00cdTICA"],"inLanguage":"pt-BR"},{"@type":"WebPage","@id":"https:\/\/bahiaeconomica.com.br\/wp\/2019\/10\/16\/aspra-pode-estar-envolvida-em-ataques-ocorridos-apos-anuncio-de-greve-da-pm-diz-secretario\/","url":"https:\/\/bahiaeconomica.com.br\/wp\/2019\/10\/16\/aspra-pode-estar-envolvida-em-ataques-ocorridos-apos-anuncio-de-greve-da-pm-diz-secretario\/","name":"ASPRA PODE ESTAR ENVOLVIDA EM ATAQUES OCORRIDOS AP\u00d3S AN\u00daNCIO DE GREVE DA PM, DIZ SECRET\u00c1RIO - Bahia Economica","isPartOf":{"@id":"https:\/\/bahiaeconomica.com.br\/wp\/#website"},"datePublished":"2019-10-16T16:00:54+00:00","dateModified":"2019-10-16T17:55:27+00:00","description":"O maior portal de Economia da Bahia ECONOMIA \/ POL\u00cdTICA Bahia Economica","breadcrumb":{"@id":"https:\/\/bahiaeconomica.com.br\/wp\/2019\/10\/16\/aspra-pode-estar-envolvida-em-ataques-ocorridos-apos-anuncio-de-greve-da-pm-diz-secretario\/#breadcrumb"},"inLanguage":"pt-BR","potentialAction":[{"@type":"ReadAction","target":["https:\/\/bahiaeconomica.com.br\/wp\/2019\/10\/16\/aspra-pode-estar-envolvida-em-ataques-ocorridos-apos-anuncio-de-greve-da-pm-diz-secretario\/"]}]},{"@type":"BreadcrumbList","@id":"https:\/\/bahiaeconomica.com.br\/wp\/2019\/10\/16\/aspra-pode-estar-envolvida-em-ataques-ocorridos-apos-anuncio-de-greve-da-pm-diz-secretario\/#breadcrumb","itemListElement":[{"@type":"ListItem","position":1,"name":"In\u00edcio","item":"https:\/\/bahiaeconomica.com.br\/wp\/"},{"@type":"ListItem","position":2,"name":"ASPRA PODE ESTAR ENVOLVIDA EM ATAQUES OCORRIDOS AP\u00d3S AN\u00daNCIO DE GREVE DA PM, DIZ SECRET\u00c1RIO"}]},{"@type":"WebSite","@id":"https:\/\/bahiaeconomica.com.br\/wp\/#website","url":"https:\/\/bahiaeconomica.com.br\/wp\/","name":"Bahia Economica","description":"O maior portal de Economia da Bahia","publisher":{"@id":"https:\/\/bahiaeconomica.com.br\/wp\/#organization"},"potentialAction":[{"@type":"SearchAction","target":{"@type":"EntryPoint","urlTemplate":"https:\/\/bahiaeconomica.com.br\/wp\/?s={search_term_string}"},"query-input":"required name=search_term_string"}],"inLanguage":"pt-BR"},{"@type":"Organization","@id":"https:\/\/bahiaeconomica.com.br\/wp\/#organization","name":"Bahia Econ\u00f4mica","url":"https:\/\/bahiaeconomica.com.br\/wp\/","logo":{"@type":"ImageObject","inLanguage":"pt-BR","@id":"https:\/\/bahiaeconomica.com.br\/wp\/#\/schema\/logo\/image\/","url":"https:\/\/bahiaeconomica.com.br\/wp\/wp-content\/uploads\/2020\/12\/cropped-BE.png","contentUrl":"https:\/\/bahiaeconomica.com.br\/wp\/wp-content\/uploads\/2020\/12\/cropped-BE.png","width":512,"height":512,"caption":"Bahia Econ\u00f4mica"},"image":{"@id":"https:\/\/bahiaeconomica.com.br\/wp\/#\/schema\/logo\/image\/"},"sameAs":["https:\/\/www.facebook.com\/bahiaeconomica"]},{"@type":"Person","@id":"https:\/\/bahiaeconomica.com.br\/wp\/#\/schema\/person\/cb1ab5ba96ad3d9390805381c76284ec","name":"admin","url":"https:\/\/bahiaeconomica.com.br\/wp\/author\/admin\/"}]}},"views":0,"_links":{"self":[{"href":"https:\/\/bahiaeconomica.com.br\/wp\/wp-json\/wp\/v2\/posts\/405737"}],"collection":[{"href":"https:\/\/bahiaeconomica.com.br\/wp\/wp-json\/wp\/v2\/posts"}],"about":[{"href":"https:\/\/bahiaeconomica.com.br\/wp\/wp-json\/wp\/v2\/types\/post"}],"author":[{"embeddable":true,"href":"https:\/\/bahiaeconomica.com.br\/wp\/wp-json\/wp\/v2\/users\/1"}],"replies":[{"embeddable":true,"href":"https:\/\/bahiaeconomica.com.br\/wp\/wp-json\/wp\/v2\/comments?post=405737"}],"version-history":[{"count":2,"href":"https:\/\/bahiaeconomica.com.br\/wp\/wp-json\/wp\/v2\/posts\/405737\/revisions"}],"predecessor-version":[{"id":405794,"href":"https:\/\/bahiaeconomica.com.br\/wp\/wp-json\/wp\/v2\/posts\/405737\/revisions\/405794"}],"wp:featuredmedia":[{"embeddable":true,"href":"https:\/\/bahiaeconomica.com.br\/wp\/wp-json\/wp\/v2\/media\/405739"}],"wp:attachment":[{"href":"https:\/\/bahiaeconomica.com.br\/wp\/wp-json\/wp\/v2\/media?parent=405737"}],"wp:term":[{"taxonomy":"category","embeddable":true,"href":"https:\/\/bahiaeconomica.com.br\/wp\/wp-json\/wp\/v2\/categories?post=405737"},{"taxonomy":"post_tag","embeddable":true,"href":"https:\/\/bahiaeconomica.com.br\/wp\/wp-json\/wp\/v2\/tags?post=405737"}],"curies":[{"name":"wp","href":"https:\/\/api.w.org\/{rel}","templated":true}]}}