{"id":404689,"date":"2019-10-14T07:53:07","date_gmt":"2019-10-14T10:53:07","guid":{"rendered":"https:\/\/bahiaeconomica.com.br\/wp\/beta\/?p=404689"},"modified":"2020-02-17T17:11:22","modified_gmt":"2020-02-17T20:11:22","slug":"as-manchas-de-oleo-vao-afetar-o-turismo-na-bahia-e-no-nordeste","status":"publish","type":"post","link":"https:\/\/bahiaeconomica.com.br\/wp\/2019\/10\/14\/as-manchas-de-oleo-vao-afetar-o-turismo-na-bahia-e-no-nordeste\/","title":{"rendered":"A BAHIA E O NORDESTE PRECISAM DE RECURSOS PARA ENFRENTAR O DESASTRE ECOL\u00d3GICO EM SUAS PRAIAS"},"content":{"rendered":"<p style=\"text-align: justify;\">As manchas de \u00f3leo que sujam as praias da Bahia e do Nordeste se constituem em um ataque frontal a uma das principais atividades econ\u00f4micas do Estado e da regi\u00e3o Nordeste. O turismo na Bahia e em Salvador tem como maior atrativo as praias e se elas est\u00e3o contaminadas a redu\u00e7\u00e3o no n\u00famero de turistas que planejavam visitar nosso Estado ser\u00e1 imediato. N\u00e3o vamos esquecer que estamos \u00e0s v\u00e9speras do ver\u00e3o e que este \u00e9 o momento de alta temporada do turismo baiano e que muitas empresas em v\u00e1rios segmentos investiram na expectativa de, ap\u00f3s anos de recess\u00e3o, obter resultados com aquele que parecia ser o melhor per\u00edodo tur\u00edstico dos \u00faltimos anos. Por isso, \u00e9 preciso que as lideran\u00e7as pol\u00edticas e empresariais da Bahia e do Nordeste mostrem ao governo federal sua responsabilidade nesse evento e passem a exigir que a\u00e7\u00f5es sejam tomadas para recuperar as perdas e evitar um mal maior.<\/p>\n<p style=\"text-align: justify;\">As manchas&nbsp; de&nbsp; petr\u00f3leo cru j\u00e1 atingiram os principais destinos tur\u00edsticos do estado e praias famosas em Salvador, Praia do Forte e em todo Litoral Norte foram atingidas e amea\u00e7am a Baia de Todos-os-Santos e, a depender da a\u00e7\u00e3o dos poderes p\u00fablicos, &nbsp;o impacto desse desastre ecol\u00f3gico no turismo baiano ser\u00e1 significativo. Por isso, o poder p\u00fablico em todas as suas esferas e a sociedade baiana tem de se mobilizar para evitar que o desastre no mar se transforme em um desastre na economia. A mobiliza\u00e7\u00e3o j\u00e1 existe tanto no sentido da limpeza das praias quanto no monitoramento do desastre. No s\u00e1bado, houve uma reuni\u00e3o com a participa\u00e7\u00e3o do governador em exerc\u00edcio, Jo\u00e3o Le\u00e3o, e representantes do Ibama, Marinha, Ex\u00e9rcito e outros \u00f3rg\u00e3os&nbsp; para tra\u00e7ar diretrizes de combate \u00e0 chegada de \u00f3leo nas praias e nesta segunda-feira, o governador assina um decreto estadual de emerg\u00eancia para viabilizar a libera\u00e7\u00e3o de recursos para os munic\u00edpios atingidos por manchas de \u00f3leo no litoral.<\/p>\n<p style=\"text-align: justify;\">Mas \u00e9 preciso fazer muito mais. \u00c9 preciso estabelecer diretrizes de apoio aos segmentos tur\u00edsticos que ser\u00e3o afetados e, ao mesmo tempo, responsabilizar o governo federal pelo acidente, j\u00e1 que o monitoramento das \u00e1guas e o transporte de \u00f3leo no litoral brasileiro \u00e9 sua responsabilidade. \u00c9 preciso tamb\u00e9m exigir do governo Federal que recursos sejam alocados para os Estados e &nbsp;munic\u00edpios atingidos e que outras medidas visando apoiar o turismo nessas localidades sejam efetivadas. (Armando Avena 14\/10\/2019)<\/p>\n","protected":false},"excerpt":{"rendered":"<p>As manchas de \u00f3leo que sujam as praias da Bahia e do Nordeste se constituem em um ataque frontal a uma das principais atividades econ\u00f4micas do Estado e da regi\u00e3o Nordeste. O turismo na Bahia e em Salvador tem como maior atrativo as praias e se elas est\u00e3o contaminadas a redu\u00e7\u00e3o no n\u00famero de turistas [&hellip;]<\/p>\n","protected":false},"author":1,"featured_media":399409,"comment_status":"closed","ping_status":"closed","sticky":false,"template":"","format":"standard","meta":[],"categories":[6],"tags":[],"acf":[],"yoast_head":"<!-- This site is optimized with the Yoast SEO plugin v20.8 - https:\/\/yoast.com\/wordpress\/plugins\/seo\/ -->\n<title>A BAHIA E O NORDESTE PRECISAM DE RECURSOS PARA ENFRENTAR O DESASTRE ECOL\u00d3GICO EM SUAS PRAIAS - Bahia Economica<\/title>\n<meta name=\"description\" content=\"O maior portal de Economia da Bahia ARTIGOS Bahia Economica\" \/>\n<meta name=\"robots\" content=\"index, follow, max-snippet:-1, max-image-preview:large, max-video-preview:-1\" \/>\n<link rel=\"canonical\" href=\"https:\/\/bahiaeconomica.com.br\/wp\/2019\/10\/14\/as-manchas-de-oleo-vao-afetar-o-turismo-na-bahia-e-no-nordeste\/\" \/>\n<meta property=\"og:locale\" content=\"pt_BR\" \/>\n<meta property=\"og:type\" content=\"article\" \/>\n<meta property=\"og:title\" content=\"A BAHIA E O NORDESTE PRECISAM DE RECURSOS PARA ENFRENTAR O DESASTRE ECOL\u00d3GICO EM SUAS PRAIAS - Bahia Economica\" \/>\n<meta property=\"og:description\" content=\"O maior portal de Economia da Bahia ARTIGOS Bahia Economica\" \/>\n<meta property=\"og:url\" content=\"https:\/\/bahiaeconomica.com.br\/wp\/2019\/10\/14\/as-manchas-de-oleo-vao-afetar-o-turismo-na-bahia-e-no-nordeste\/\" \/>\n<meta property=\"og:site_name\" content=\"Bahia Economica\" \/>\n<meta property=\"article:publisher\" content=\"https:\/\/www.facebook.com\/bahiaeconomica\" \/>\n<meta property=\"article:published_time\" content=\"2019-10-14T10:53:07+00:00\" \/>\n<meta property=\"article:modified_time\" content=\"2020-02-17T20:11:22+00:00\" \/>\n<meta property=\"og:image\" content=\"https:\/\/bahiaeconomica.com.br\/wp\/wp-content\/uploads\/2019\/09\/armando-avena_dvFFFFFFF.jpg\" \/>\n\t<meta property=\"og:image:width\" content=\"360\" \/>\n\t<meta property=\"og:image:height\" content=\"220\" \/>\n\t<meta property=\"og:image:type\" content=\"image\/jpeg\" \/>\n<meta name=\"author\" content=\"admin\" \/>\n<meta name=\"twitter:card\" content=\"summary_large_image\" \/>\n<meta name=\"twitter:label1\" content=\"Escrito por\" \/>\n\t<meta name=\"twitter:data1\" content=\"admin\" \/>\n\t<meta name=\"twitter:label2\" content=\"Est. tempo de leitura\" \/>\n\t<meta name=\"twitter:data2\" content=\"2 minutos\" \/>\n<script type=\"application\/ld+json\" class=\"yoast-schema-graph\">{\"@context\":\"https:\/\/schema.org\",\"@graph\":[{\"@type\":\"Article\",\"@id\":\"https:\/\/bahiaeconomica.com.br\/wp\/2019\/10\/14\/as-manchas-de-oleo-vao-afetar-o-turismo-na-bahia-e-no-nordeste\/#article\",\"isPartOf\":{\"@id\":\"https:\/\/bahiaeconomica.com.br\/wp\/2019\/10\/14\/as-manchas-de-oleo-vao-afetar-o-turismo-na-bahia-e-no-nordeste\/\"},\"author\":{\"name\":\"admin\",\"@id\":\"https:\/\/bahiaeconomica.com.br\/wp\/#\/schema\/person\/cb1ab5ba96ad3d9390805381c76284ec\"},\"headline\":\"A BAHIA E O NORDESTE PRECISAM DE RECURSOS PARA ENFRENTAR O DESASTRE ECOL\u00d3GICO EM SUAS PRAIAS\",\"datePublished\":\"2019-10-14T10:53:07+00:00\",\"dateModified\":\"2020-02-17T20:11:22+00:00\",\"mainEntityOfPage\":{\"@id\":\"https:\/\/bahiaeconomica.com.br\/wp\/2019\/10\/14\/as-manchas-de-oleo-vao-afetar-o-turismo-na-bahia-e-no-nordeste\/\"},\"wordCount\":444,\"publisher\":{\"@id\":\"https:\/\/bahiaeconomica.com.br\/wp\/#organization\"},\"articleSection\":[\"ARTIGOS\"],\"inLanguage\":\"pt-BR\"},{\"@type\":\"WebPage\",\"@id\":\"https:\/\/bahiaeconomica.com.br\/wp\/2019\/10\/14\/as-manchas-de-oleo-vao-afetar-o-turismo-na-bahia-e-no-nordeste\/\",\"url\":\"https:\/\/bahiaeconomica.com.br\/wp\/2019\/10\/14\/as-manchas-de-oleo-vao-afetar-o-turismo-na-bahia-e-no-nordeste\/\",\"name\":\"A BAHIA E O NORDESTE PRECISAM DE RECURSOS PARA ENFRENTAR O DESASTRE ECOL\u00d3GICO EM SUAS PRAIAS - Bahia Economica\",\"isPartOf\":{\"@id\":\"https:\/\/bahiaeconomica.com.br\/wp\/#website\"},\"datePublished\":\"2019-10-14T10:53:07+00:00\",\"dateModified\":\"2020-02-17T20:11:22+00:00\",\"description\":\"O maior portal de Economia da Bahia ARTIGOS Bahia Economica\",\"breadcrumb\":{\"@id\":\"https:\/\/bahiaeconomica.com.br\/wp\/2019\/10\/14\/as-manchas-de-oleo-vao-afetar-o-turismo-na-bahia-e-no-nordeste\/#breadcrumb\"},\"inLanguage\":\"pt-BR\",\"potentialAction\":[{\"@type\":\"ReadAction\",\"target\":[\"https:\/\/bahiaeconomica.com.br\/wp\/2019\/10\/14\/as-manchas-de-oleo-vao-afetar-o-turismo-na-bahia-e-no-nordeste\/\"]}]},{\"@type\":\"BreadcrumbList\",\"@id\":\"https:\/\/bahiaeconomica.com.br\/wp\/2019\/10\/14\/as-manchas-de-oleo-vao-afetar-o-turismo-na-bahia-e-no-nordeste\/#breadcrumb\",\"itemListElement\":[{\"@type\":\"ListItem\",\"position\":1,\"name\":\"In\u00edcio\",\"item\":\"https:\/\/bahiaeconomica.com.br\/wp\/\"},{\"@type\":\"ListItem\",\"position\":2,\"name\":\"A BAHIA E O NORDESTE PRECISAM DE RECURSOS PARA ENFRENTAR O DESASTRE ECOL\u00d3GICO EM SUAS PRAIAS\"}]},{\"@type\":\"WebSite\",\"@id\":\"https:\/\/bahiaeconomica.com.br\/wp\/#website\",\"url\":\"https:\/\/bahiaeconomica.com.br\/wp\/\",\"name\":\"Bahia Economica\",\"description\":\"O maior portal de Economia da Bahia\",\"publisher\":{\"@id\":\"https:\/\/bahiaeconomica.com.br\/wp\/#organization\"},\"potentialAction\":[{\"@type\":\"SearchAction\",\"target\":{\"@type\":\"EntryPoint\",\"urlTemplate\":\"https:\/\/bahiaeconomica.com.br\/wp\/?s={search_term_string}\"},\"query-input\":\"required name=search_term_string\"}],\"inLanguage\":\"pt-BR\"},{\"@type\":\"Organization\",\"@id\":\"https:\/\/bahiaeconomica.com.br\/wp\/#organization\",\"name\":\"Bahia Econ\u00f4mica\",\"url\":\"https:\/\/bahiaeconomica.com.br\/wp\/\",\"logo\":{\"@type\":\"ImageObject\",\"inLanguage\":\"pt-BR\",\"@id\":\"https:\/\/bahiaeconomica.com.br\/wp\/#\/schema\/logo\/image\/\",\"url\":\"https:\/\/bahiaeconomica.com.br\/wp\/wp-content\/uploads\/2020\/12\/cropped-BE.png\",\"contentUrl\":\"https:\/\/bahiaeconomica.com.br\/wp\/wp-content\/uploads\/2020\/12\/cropped-BE.png\",\"width\":512,\"height\":512,\"caption\":\"Bahia Econ\u00f4mica\"},\"image\":{\"@id\":\"https:\/\/bahiaeconomica.com.br\/wp\/#\/schema\/logo\/image\/\"},\"sameAs\":[\"https:\/\/www.facebook.com\/bahiaeconomica\"]},{\"@type\":\"Person\",\"@id\":\"https:\/\/bahiaeconomica.com.br\/wp\/#\/schema\/person\/cb1ab5ba96ad3d9390805381c76284ec\",\"name\":\"admin\",\"url\":\"https:\/\/bahiaeconomica.com.br\/wp\/author\/admin\/\"}]}<\/script>\n<!-- \/ Yoast SEO plugin. -->","yoast_head_json":{"title":"A BAHIA E O NORDESTE PRECISAM DE RECURSOS PARA ENFRENTAR O DESASTRE ECOL\u00d3GICO EM SUAS PRAIAS - Bahia Economica","description":"O maior portal de Economia da Bahia ARTIGOS Bahia Economica","robots":{"index":"index","follow":"follow","max-snippet":"max-snippet:-1","max-image-preview":"max-image-preview:large","max-video-preview":"max-video-preview:-1"},"canonical":"https:\/\/bahiaeconomica.com.br\/wp\/2019\/10\/14\/as-manchas-de-oleo-vao-afetar-o-turismo-na-bahia-e-no-nordeste\/","og_locale":"pt_BR","og_type":"article","og_title":"A BAHIA E O NORDESTE PRECISAM DE RECURSOS PARA ENFRENTAR O DESASTRE ECOL\u00d3GICO EM SUAS PRAIAS - Bahia Economica","og_description":"O maior portal de Economia da Bahia ARTIGOS Bahia Economica","og_url":"https:\/\/bahiaeconomica.com.br\/wp\/2019\/10\/14\/as-manchas-de-oleo-vao-afetar-o-turismo-na-bahia-e-no-nordeste\/","og_site_name":"Bahia Economica","article_publisher":"https:\/\/www.facebook.com\/bahiaeconomica","article_published_time":"2019-10-14T10:53:07+00:00","article_modified_time":"2020-02-17T20:11:22+00:00","og_image":[{"width":360,"height":220,"url":"https:\/\/bahiaeconomica.com.br\/wp\/wp-content\/uploads\/2019\/09\/armando-avena_dvFFFFFFF.jpg","type":"image\/jpeg"}],"author":"admin","twitter_card":"summary_large_image","twitter_misc":{"Escrito por":"admin","Est. tempo de leitura":"2 minutos"},"schema":{"@context":"https:\/\/schema.org","@graph":[{"@type":"Article","@id":"https:\/\/bahiaeconomica.com.br\/wp\/2019\/10\/14\/as-manchas-de-oleo-vao-afetar-o-turismo-na-bahia-e-no-nordeste\/#article","isPartOf":{"@id":"https:\/\/bahiaeconomica.com.br\/wp\/2019\/10\/14\/as-manchas-de-oleo-vao-afetar-o-turismo-na-bahia-e-no-nordeste\/"},"author":{"name":"admin","@id":"https:\/\/bahiaeconomica.com.br\/wp\/#\/schema\/person\/cb1ab5ba96ad3d9390805381c76284ec"},"headline":"A BAHIA E O NORDESTE PRECISAM DE RECURSOS PARA ENFRENTAR O DESASTRE ECOL\u00d3GICO EM SUAS PRAIAS","datePublished":"2019-10-14T10:53:07+00:00","dateModified":"2020-02-17T20:11:22+00:00","mainEntityOfPage":{"@id":"https:\/\/bahiaeconomica.com.br\/wp\/2019\/10\/14\/as-manchas-de-oleo-vao-afetar-o-turismo-na-bahia-e-no-nordeste\/"},"wordCount":444,"publisher":{"@id":"https:\/\/bahiaeconomica.com.br\/wp\/#organization"},"articleSection":["ARTIGOS"],"inLanguage":"pt-BR"},{"@type":"WebPage","@id":"https:\/\/bahiaeconomica.com.br\/wp\/2019\/10\/14\/as-manchas-de-oleo-vao-afetar-o-turismo-na-bahia-e-no-nordeste\/","url":"https:\/\/bahiaeconomica.com.br\/wp\/2019\/10\/14\/as-manchas-de-oleo-vao-afetar-o-turismo-na-bahia-e-no-nordeste\/","name":"A BAHIA E O NORDESTE PRECISAM DE RECURSOS PARA ENFRENTAR O DESASTRE ECOL\u00d3GICO EM SUAS PRAIAS - Bahia Economica","isPartOf":{"@id":"https:\/\/bahiaeconomica.com.br\/wp\/#website"},"datePublished":"2019-10-14T10:53:07+00:00","dateModified":"2020-02-17T20:11:22+00:00","description":"O maior portal de Economia da Bahia ARTIGOS Bahia Economica","breadcrumb":{"@id":"https:\/\/bahiaeconomica.com.br\/wp\/2019\/10\/14\/as-manchas-de-oleo-vao-afetar-o-turismo-na-bahia-e-no-nordeste\/#breadcrumb"},"inLanguage":"pt-BR","potentialAction":[{"@type":"ReadAction","target":["https:\/\/bahiaeconomica.com.br\/wp\/2019\/10\/14\/as-manchas-de-oleo-vao-afetar-o-turismo-na-bahia-e-no-nordeste\/"]}]},{"@type":"BreadcrumbList","@id":"https:\/\/bahiaeconomica.com.br\/wp\/2019\/10\/14\/as-manchas-de-oleo-vao-afetar-o-turismo-na-bahia-e-no-nordeste\/#breadcrumb","itemListElement":[{"@type":"ListItem","position":1,"name":"In\u00edcio","item":"https:\/\/bahiaeconomica.com.br\/wp\/"},{"@type":"ListItem","position":2,"name":"A BAHIA E O NORDESTE PRECISAM DE RECURSOS PARA ENFRENTAR O DESASTRE ECOL\u00d3GICO EM SUAS PRAIAS"}]},{"@type":"WebSite","@id":"https:\/\/bahiaeconomica.com.br\/wp\/#website","url":"https:\/\/bahiaeconomica.com.br\/wp\/","name":"Bahia Economica","description":"O maior portal de Economia da Bahia","publisher":{"@id":"https:\/\/bahiaeconomica.com.br\/wp\/#organization"},"potentialAction":[{"@type":"SearchAction","target":{"@type":"EntryPoint","urlTemplate":"https:\/\/bahiaeconomica.com.br\/wp\/?s={search_term_string}"},"query-input":"required name=search_term_string"}],"inLanguage":"pt-BR"},{"@type":"Organization","@id":"https:\/\/bahiaeconomica.com.br\/wp\/#organization","name":"Bahia Econ\u00f4mica","url":"https:\/\/bahiaeconomica.com.br\/wp\/","logo":{"@type":"ImageObject","inLanguage":"pt-BR","@id":"https:\/\/bahiaeconomica.com.br\/wp\/#\/schema\/logo\/image\/","url":"https:\/\/bahiaeconomica.com.br\/wp\/wp-content\/uploads\/2020\/12\/cropped-BE.png","contentUrl":"https:\/\/bahiaeconomica.com.br\/wp\/wp-content\/uploads\/2020\/12\/cropped-BE.png","width":512,"height":512,"caption":"Bahia Econ\u00f4mica"},"image":{"@id":"https:\/\/bahiaeconomica.com.br\/wp\/#\/schema\/logo\/image\/"},"sameAs":["https:\/\/www.facebook.com\/bahiaeconomica"]},{"@type":"Person","@id":"https:\/\/bahiaeconomica.com.br\/wp\/#\/schema\/person\/cb1ab5ba96ad3d9390805381c76284ec","name":"admin","url":"https:\/\/bahiaeconomica.com.br\/wp\/author\/admin\/"}]}},"views":3,"_links":{"self":[{"href":"https:\/\/bahiaeconomica.com.br\/wp\/wp-json\/wp\/v2\/posts\/404689"}],"collection":[{"href":"https:\/\/bahiaeconomica.com.br\/wp\/wp-json\/wp\/v2\/posts"}],"about":[{"href":"https:\/\/bahiaeconomica.com.br\/wp\/wp-json\/wp\/v2\/types\/post"}],"author":[{"embeddable":true,"href":"https:\/\/bahiaeconomica.com.br\/wp\/wp-json\/wp\/v2\/users\/1"}],"replies":[{"embeddable":true,"href":"https:\/\/bahiaeconomica.com.br\/wp\/wp-json\/wp\/v2\/comments?post=404689"}],"version-history":[{"count":3,"href":"https:\/\/bahiaeconomica.com.br\/wp\/wp-json\/wp\/v2\/posts\/404689\/revisions"}],"predecessor-version":[{"id":404841,"href":"https:\/\/bahiaeconomica.com.br\/wp\/wp-json\/wp\/v2\/posts\/404689\/revisions\/404841"}],"wp:featuredmedia":[{"embeddable":true,"href":"https:\/\/bahiaeconomica.com.br\/wp\/wp-json\/wp\/v2\/media\/399409"}],"wp:attachment":[{"href":"https:\/\/bahiaeconomica.com.br\/wp\/wp-json\/wp\/v2\/media?parent=404689"}],"wp:term":[{"taxonomy":"category","embeddable":true,"href":"https:\/\/bahiaeconomica.com.br\/wp\/wp-json\/wp\/v2\/categories?post=404689"},{"taxonomy":"post_tag","embeddable":true,"href":"https:\/\/bahiaeconomica.com.br\/wp\/wp-json\/wp\/v2\/tags?post=404689"}],"curies":[{"name":"wp","href":"https:\/\/api.w.org\/{rel}","templated":true}]}}