{"id":404519,"date":"2019-10-12T08:28:30","date_gmt":"2019-10-12T11:28:30","guid":{"rendered":"https:\/\/bahiaeconomica.com.br\/wp\/beta\/?p=404519"},"modified":"2019-10-12T08:29:39","modified_gmt":"2019-10-12T11:29:39","slug":"trafego-e-alterado-neste-fim-de-semana-para-eventos","status":"publish","type":"post","link":"https:\/\/bahiaeconomica.com.br\/wp\/2019\/10\/12\/trafego-e-alterado-neste-fim-de-semana-para-eventos\/","title":{"rendered":"TR\u00c1FEGO \u00c9 ALTERADO NESTE FIM DE SEMANA PARA EVENTOS"},"content":{"rendered":"<p>Com o objetivo de garantir a seguran\u00e7a de participantes dos eventos que ir\u00e3o ocorrer neste s\u00e1bado e domingo (12 e 13), a Superintend\u00eancia de Tr\u00e2nsito de Salvador (Transalvador) far\u00e1 altera\u00e7\u00f5es no tr\u00e1fego de ve\u00edculos na capital baiana<!--more-->.<br \/>Confira as mudan\u00e7as:<\/p>\n<p><br \/>FESTA DE NOSSA SENHORA DA CONCEI\u00c7\u00c3O APARECIDA &#8211; IMBU\u00cd<\/p>\n<p>Neste s\u00e1bado, haver\u00e1 interdi\u00e7\u00e3o do tr\u00e1fego de ve\u00edculos, das 16h \u00e0s 18h, na Rua das Araras, entre o Restaurante Meu Caranguejo Bartequim e o Col\u00e9gio Estadual R\u00f4mulo Almeida. Tamb\u00e9m ser\u00e1 realizada interdi\u00e7\u00e3o progressiva do tr\u00e1fego de ve\u00edculos, a partir das 16h30, na Rua das Araras (a partir do Col\u00e9gio Estadual R\u00f4mulo Almeida), Av. Jorge Amado (retorno), e novamente Rua das Araras (chegada Santu\u00e1rio Nossa Sra. da Concei\u00e7\u00e3o Aparecida).<br \/>Agentes de tr\u00e2nsito far\u00e3o o controle do tr\u00e1fego e aux\u00edlio na travessia de pedestres das 05:30 \u00e0s 19:00, no entorno do Santu\u00e1rio Nossa Sra. da Concei\u00e7\u00e3o Aparecida.<\/p>\n<p>FEIRA CRIATIVA, VEM PRO CENTRO &#8211; COM\u00c9RCIO<\/p>\n<p>Para o evento que acontece neste s\u00e1bado e domingo, haver\u00e1 interdi\u00e7\u00e3o do tr\u00e1fego de ve\u00edculos, das 5h \u00e0s 22h, na Av. Estados Unidos, no trecho entre a Rua da B\u00e9lgica e a Rua da Argentina, e na Av. da Fran\u00e7a, entre o Galp\u00e3o 3 Codeba e o Terminal N\u00e1utico da Bahia.<\/p>\n<p>\u00a0<\/p>\n<p>A FEIRA DA CIDADE &#8211; PITUBA<\/p>\n<p>Para o evento que acontece neste s\u00e1bado e domingo, haver\u00e1 interdi\u00e7\u00e3o do tr\u00e1fego de ve\u00edculos, das 09h \u00e0s 22h, na Rua Manoel Filomeno de Miranda, no trecho compreendido entre a Rua Professor Carlos de S\u00e1 e a Rua Dr. Eduardo Bahiana.<\/p>\n<p>\u00a0<\/p>\n<p>TREINO OUTUBRO ROSA SALVADOR &#8211; ONDINA<\/p>\n<p>Durante o evento que acontece neste domingo, a Transalvador far\u00e1 a interdi\u00e7\u00e3o progressiva do tr\u00e1fego de ve\u00edculos, a partir das 06h, na Av. Adhemar de Barros (entre a Cl\u00ednica NOB e Av. Anita Garibaldi, e no trecho entre Av. Anita Garibaldi e a Cl\u00ednica NOB), na Av. Anita Garibaldi (sentido Rio Vermelho, entre a Av. Adhemar de Barros at\u00e9 o T\u00fanel, e entre a Pra\u00e7a Lord Cochkrane e Av. Adhemar de Barros, e no sentido Vasco da Gama entre o T\u00fanel e a Pra\u00e7a Lord Cochkrane), e na Av. Reitor Miguel Calmon (entre a Pra\u00e7a Lord Cochkrane e o retorno ap\u00f3s o Bom Pre\u00e7o).<\/p>\n<p>\u00a0<\/p>\n<p>CAMINHADA DA PAZ &#8211; PLATAFORMA<\/p>\n<p>Neste domingo, ser\u00e1 realizada a interdi\u00e7\u00e3o progressiva do tr\u00e1fego de ve\u00edculos, a partir das 16h, na faixa \u00e0 direita, na Rua das Bananeiras (sa\u00edda antiga Telebahia), e na Rua Alto do Manoel Monte, com chegada Associa\u00e7\u00e3o dos Moradores.<\/p>\n<p>\u00a0<\/p>\n<p>PROCISS\u00c3O NOSSA SENHORA DE NAZAR\u00c9 &#8211; NAZAR\u00c9<\/p>\n<p>Para a realiza\u00e7\u00e3o do evento que acontece neste domingo, o tr\u00e1fego de ve\u00edculos ser\u00e1 interditado progressivamente, a partir das 17h, em uma faixa de tr\u00e1fego, na Pra\u00e7a Conselheiro Almeida Couto (sa\u00edda), Rua do Limoeiro, Rua Bela Vista do Cabral, Rua do Cabral, Ladeira do Hospital, Pra\u00e7a Conselheiro Almeida Couto (chegada).<\/p>\n<p>\u00a0<\/p>\n<p>Foto: Projetodraft<\/p>\n\n\n<p><\/p>\n","protected":false},"excerpt":{"rendered":"<p>Com o objetivo de garantir a seguran\u00e7a de participantes dos eventos que ir\u00e3o ocorrer neste s\u00e1bado e domingo (12 e 13), a Superintend\u00eancia de Tr\u00e2nsito de Salvador (Transalvador) far\u00e1 altera\u00e7\u00f5es no tr\u00e1fego de ve\u00edculos na capital baiana<\/p>\n","protected":false},"author":1,"featured_media":404520,"comment_status":"closed","ping_status":"closed","sticky":false,"template":"","format":"standard","meta":[],"categories":[14,3],"tags":[],"acf":[],"yoast_head":"<!-- This site is optimized with the Yoast SEO plugin v20.8 - https:\/\/yoast.com\/wordpress\/plugins\/seo\/ -->\n<title>TR\u00c1FEGO \u00c9 ALTERADO NESTE FIM DE SEMANA PARA EVENTOS - Bahia Economica<\/title>\n<meta name=\"description\" content=\"O maior portal de Economia da Bahia DESTAQUE DO DIA, ECONOMIA \/ POL\u00cdTICA Bahia Economica\" \/>\n<meta name=\"robots\" content=\"index, follow, max-snippet:-1, max-image-preview:large, max-video-preview:-1\" \/>\n<link rel=\"canonical\" href=\"https:\/\/bahiaeconomica.com.br\/wp\/2019\/10\/12\/trafego-e-alterado-neste-fim-de-semana-para-eventos\/\" \/>\n<meta property=\"og:locale\" content=\"pt_BR\" \/>\n<meta property=\"og:type\" content=\"article\" \/>\n<meta property=\"og:title\" content=\"TR\u00c1FEGO \u00c9 ALTERADO NESTE FIM DE SEMANA PARA EVENTOS - Bahia Economica\" \/>\n<meta property=\"og:description\" content=\"O maior portal de Economia da Bahia DESTAQUE DO DIA, ECONOMIA \/ POL\u00cdTICA Bahia Economica\" \/>\n<meta property=\"og:url\" content=\"https:\/\/bahiaeconomica.com.br\/wp\/2019\/10\/12\/trafego-e-alterado-neste-fim-de-semana-para-eventos\/\" \/>\n<meta property=\"og:site_name\" content=\"Bahia Economica\" \/>\n<meta property=\"article:publisher\" content=\"https:\/\/www.facebook.com\/bahiaeconomica\" \/>\n<meta property=\"article:published_time\" content=\"2019-10-12T11:28:30+00:00\" \/>\n<meta property=\"article:modified_time\" content=\"2019-10-12T11:29:39+00:00\" \/>\n<meta property=\"og:image\" content=\"https:\/\/bahiaeconomica.com.br\/wp\/wp-content\/uploads\/2019\/10\/a-feira-e1570879648289.jpg\" \/>\n\t<meta property=\"og:image:width\" content=\"500\" \/>\n\t<meta property=\"og:image:height\" content=\"333\" \/>\n\t<meta property=\"og:image:type\" content=\"image\/jpeg\" \/>\n<meta name=\"author\" content=\"admin\" \/>\n<meta name=\"twitter:card\" content=\"summary_large_image\" \/>\n<meta name=\"twitter:label1\" content=\"Escrito por\" \/>\n\t<meta name=\"twitter:data1\" content=\"admin\" \/>\n\t<meta name=\"twitter:label2\" content=\"Est. tempo de leitura\" \/>\n\t<meta name=\"twitter:data2\" content=\"3 minutos\" \/>\n<script type=\"application\/ld+json\" class=\"yoast-schema-graph\">{\"@context\":\"https:\/\/schema.org\",\"@graph\":[{\"@type\":\"Article\",\"@id\":\"https:\/\/bahiaeconomica.com.br\/wp\/2019\/10\/12\/trafego-e-alterado-neste-fim-de-semana-para-eventos\/#article\",\"isPartOf\":{\"@id\":\"https:\/\/bahiaeconomica.com.br\/wp\/2019\/10\/12\/trafego-e-alterado-neste-fim-de-semana-para-eventos\/\"},\"author\":{\"name\":\"admin\",\"@id\":\"https:\/\/bahiaeconomica.com.br\/wp\/#\/schema\/person\/cb1ab5ba96ad3d9390805381c76284ec\"},\"headline\":\"TR\u00c1FEGO \u00c9 ALTERADO NESTE FIM DE SEMANA PARA EVENTOS\",\"datePublished\":\"2019-10-12T11:28:30+00:00\",\"dateModified\":\"2019-10-12T11:29:39+00:00\",\"mainEntityOfPage\":{\"@id\":\"https:\/\/bahiaeconomica.com.br\/wp\/2019\/10\/12\/trafego-e-alterado-neste-fim-de-semana-para-eventos\/\"},\"wordCount\":532,\"publisher\":{\"@id\":\"https:\/\/bahiaeconomica.com.br\/wp\/#organization\"},\"articleSection\":[\"DESTAQUE DO DIA\",\"ECONOMIA \/ POL\u00cdTICA\"],\"inLanguage\":\"pt-BR\"},{\"@type\":\"WebPage\",\"@id\":\"https:\/\/bahiaeconomica.com.br\/wp\/2019\/10\/12\/trafego-e-alterado-neste-fim-de-semana-para-eventos\/\",\"url\":\"https:\/\/bahiaeconomica.com.br\/wp\/2019\/10\/12\/trafego-e-alterado-neste-fim-de-semana-para-eventos\/\",\"name\":\"TR\u00c1FEGO \u00c9 ALTERADO NESTE FIM DE SEMANA PARA EVENTOS - Bahia Economica\",\"isPartOf\":{\"@id\":\"https:\/\/bahiaeconomica.com.br\/wp\/#website\"},\"datePublished\":\"2019-10-12T11:28:30+00:00\",\"dateModified\":\"2019-10-12T11:29:39+00:00\",\"description\":\"O maior portal de Economia da Bahia DESTAQUE DO DIA, ECONOMIA \/ POL\u00cdTICA Bahia Economica\",\"breadcrumb\":{\"@id\":\"https:\/\/bahiaeconomica.com.br\/wp\/2019\/10\/12\/trafego-e-alterado-neste-fim-de-semana-para-eventos\/#breadcrumb\"},\"inLanguage\":\"pt-BR\",\"potentialAction\":[{\"@type\":\"ReadAction\",\"target\":[\"https:\/\/bahiaeconomica.com.br\/wp\/2019\/10\/12\/trafego-e-alterado-neste-fim-de-semana-para-eventos\/\"]}]},{\"@type\":\"BreadcrumbList\",\"@id\":\"https:\/\/bahiaeconomica.com.br\/wp\/2019\/10\/12\/trafego-e-alterado-neste-fim-de-semana-para-eventos\/#breadcrumb\",\"itemListElement\":[{\"@type\":\"ListItem\",\"position\":1,\"name\":\"In\u00edcio\",\"item\":\"https:\/\/bahiaeconomica.com.br\/wp\/\"},{\"@type\":\"ListItem\",\"position\":2,\"name\":\"TR\u00c1FEGO \u00c9 ALTERADO NESTE FIM DE SEMANA PARA EVENTOS\"}]},{\"@type\":\"WebSite\",\"@id\":\"https:\/\/bahiaeconomica.com.br\/wp\/#website\",\"url\":\"https:\/\/bahiaeconomica.com.br\/wp\/\",\"name\":\"Bahia Economica\",\"description\":\"O maior portal de Economia da Bahia\",\"publisher\":{\"@id\":\"https:\/\/bahiaeconomica.com.br\/wp\/#organization\"},\"potentialAction\":[{\"@type\":\"SearchAction\",\"target\":{\"@type\":\"EntryPoint\",\"urlTemplate\":\"https:\/\/bahiaeconomica.com.br\/wp\/?s={search_term_string}\"},\"query-input\":\"required name=search_term_string\"}],\"inLanguage\":\"pt-BR\"},{\"@type\":\"Organization\",\"@id\":\"https:\/\/bahiaeconomica.com.br\/wp\/#organization\",\"name\":\"Bahia Econ\u00f4mica\",\"url\":\"https:\/\/bahiaeconomica.com.br\/wp\/\",\"logo\":{\"@type\":\"ImageObject\",\"inLanguage\":\"pt-BR\",\"@id\":\"https:\/\/bahiaeconomica.com.br\/wp\/#\/schema\/logo\/image\/\",\"url\":\"https:\/\/bahiaeconomica.com.br\/wp\/wp-content\/uploads\/2020\/12\/cropped-BE.png\",\"contentUrl\":\"https:\/\/bahiaeconomica.com.br\/wp\/wp-content\/uploads\/2020\/12\/cropped-BE.png\",\"width\":512,\"height\":512,\"caption\":\"Bahia Econ\u00f4mica\"},\"image\":{\"@id\":\"https:\/\/bahiaeconomica.com.br\/wp\/#\/schema\/logo\/image\/\"},\"sameAs\":[\"https:\/\/www.facebook.com\/bahiaeconomica\"]},{\"@type\":\"Person\",\"@id\":\"https:\/\/bahiaeconomica.com.br\/wp\/#\/schema\/person\/cb1ab5ba96ad3d9390805381c76284ec\",\"name\":\"admin\",\"url\":\"https:\/\/bahiaeconomica.com.br\/wp\/author\/admin\/\"}]}<\/script>\n<!-- \/ Yoast SEO plugin. -->","yoast_head_json":{"title":"TR\u00c1FEGO \u00c9 ALTERADO NESTE FIM DE SEMANA PARA EVENTOS - Bahia Economica","description":"O maior portal de Economia da Bahia DESTAQUE DO DIA, ECONOMIA \/ POL\u00cdTICA Bahia Economica","robots":{"index":"index","follow":"follow","max-snippet":"max-snippet:-1","max-image-preview":"max-image-preview:large","max-video-preview":"max-video-preview:-1"},"canonical":"https:\/\/bahiaeconomica.com.br\/wp\/2019\/10\/12\/trafego-e-alterado-neste-fim-de-semana-para-eventos\/","og_locale":"pt_BR","og_type":"article","og_title":"TR\u00c1FEGO \u00c9 ALTERADO NESTE FIM DE SEMANA PARA EVENTOS - Bahia Economica","og_description":"O maior portal de Economia da Bahia DESTAQUE DO DIA, ECONOMIA \/ POL\u00cdTICA Bahia Economica","og_url":"https:\/\/bahiaeconomica.com.br\/wp\/2019\/10\/12\/trafego-e-alterado-neste-fim-de-semana-para-eventos\/","og_site_name":"Bahia Economica","article_publisher":"https:\/\/www.facebook.com\/bahiaeconomica","article_published_time":"2019-10-12T11:28:30+00:00","article_modified_time":"2019-10-12T11:29:39+00:00","og_image":[{"width":500,"height":333,"url":"https:\/\/bahiaeconomica.com.br\/wp\/wp-content\/uploads\/2019\/10\/a-feira-e1570879648289.jpg","type":"image\/jpeg"}],"author":"admin","twitter_card":"summary_large_image","twitter_misc":{"Escrito por":"admin","Est. tempo de leitura":"3 minutos"},"schema":{"@context":"https:\/\/schema.org","@graph":[{"@type":"Article","@id":"https:\/\/bahiaeconomica.com.br\/wp\/2019\/10\/12\/trafego-e-alterado-neste-fim-de-semana-para-eventos\/#article","isPartOf":{"@id":"https:\/\/bahiaeconomica.com.br\/wp\/2019\/10\/12\/trafego-e-alterado-neste-fim-de-semana-para-eventos\/"},"author":{"name":"admin","@id":"https:\/\/bahiaeconomica.com.br\/wp\/#\/schema\/person\/cb1ab5ba96ad3d9390805381c76284ec"},"headline":"TR\u00c1FEGO \u00c9 ALTERADO NESTE FIM DE SEMANA PARA EVENTOS","datePublished":"2019-10-12T11:28:30+00:00","dateModified":"2019-10-12T11:29:39+00:00","mainEntityOfPage":{"@id":"https:\/\/bahiaeconomica.com.br\/wp\/2019\/10\/12\/trafego-e-alterado-neste-fim-de-semana-para-eventos\/"},"wordCount":532,"publisher":{"@id":"https:\/\/bahiaeconomica.com.br\/wp\/#organization"},"articleSection":["DESTAQUE DO DIA","ECONOMIA \/ POL\u00cdTICA"],"inLanguage":"pt-BR"},{"@type":"WebPage","@id":"https:\/\/bahiaeconomica.com.br\/wp\/2019\/10\/12\/trafego-e-alterado-neste-fim-de-semana-para-eventos\/","url":"https:\/\/bahiaeconomica.com.br\/wp\/2019\/10\/12\/trafego-e-alterado-neste-fim-de-semana-para-eventos\/","name":"TR\u00c1FEGO \u00c9 ALTERADO NESTE FIM DE SEMANA PARA EVENTOS - Bahia Economica","isPartOf":{"@id":"https:\/\/bahiaeconomica.com.br\/wp\/#website"},"datePublished":"2019-10-12T11:28:30+00:00","dateModified":"2019-10-12T11:29:39+00:00","description":"O maior portal de Economia da Bahia DESTAQUE DO DIA, ECONOMIA \/ POL\u00cdTICA Bahia Economica","breadcrumb":{"@id":"https:\/\/bahiaeconomica.com.br\/wp\/2019\/10\/12\/trafego-e-alterado-neste-fim-de-semana-para-eventos\/#breadcrumb"},"inLanguage":"pt-BR","potentialAction":[{"@type":"ReadAction","target":["https:\/\/bahiaeconomica.com.br\/wp\/2019\/10\/12\/trafego-e-alterado-neste-fim-de-semana-para-eventos\/"]}]},{"@type":"BreadcrumbList","@id":"https:\/\/bahiaeconomica.com.br\/wp\/2019\/10\/12\/trafego-e-alterado-neste-fim-de-semana-para-eventos\/#breadcrumb","itemListElement":[{"@type":"ListItem","position":1,"name":"In\u00edcio","item":"https:\/\/bahiaeconomica.com.br\/wp\/"},{"@type":"ListItem","position":2,"name":"TR\u00c1FEGO \u00c9 ALTERADO NESTE FIM DE SEMANA PARA EVENTOS"}]},{"@type":"WebSite","@id":"https:\/\/bahiaeconomica.com.br\/wp\/#website","url":"https:\/\/bahiaeconomica.com.br\/wp\/","name":"Bahia Economica","description":"O maior portal de Economia da Bahia","publisher":{"@id":"https:\/\/bahiaeconomica.com.br\/wp\/#organization"},"potentialAction":[{"@type":"SearchAction","target":{"@type":"EntryPoint","urlTemplate":"https:\/\/bahiaeconomica.com.br\/wp\/?s={search_term_string}"},"query-input":"required name=search_term_string"}],"inLanguage":"pt-BR"},{"@type":"Organization","@id":"https:\/\/bahiaeconomica.com.br\/wp\/#organization","name":"Bahia Econ\u00f4mica","url":"https:\/\/bahiaeconomica.com.br\/wp\/","logo":{"@type":"ImageObject","inLanguage":"pt-BR","@id":"https:\/\/bahiaeconomica.com.br\/wp\/#\/schema\/logo\/image\/","url":"https:\/\/bahiaeconomica.com.br\/wp\/wp-content\/uploads\/2020\/12\/cropped-BE.png","contentUrl":"https:\/\/bahiaeconomica.com.br\/wp\/wp-content\/uploads\/2020\/12\/cropped-BE.png","width":512,"height":512,"caption":"Bahia Econ\u00f4mica"},"image":{"@id":"https:\/\/bahiaeconomica.com.br\/wp\/#\/schema\/logo\/image\/"},"sameAs":["https:\/\/www.facebook.com\/bahiaeconomica"]},{"@type":"Person","@id":"https:\/\/bahiaeconomica.com.br\/wp\/#\/schema\/person\/cb1ab5ba96ad3d9390805381c76284ec","name":"admin","url":"https:\/\/bahiaeconomica.com.br\/wp\/author\/admin\/"}]}},"views":1,"_links":{"self":[{"href":"https:\/\/bahiaeconomica.com.br\/wp\/wp-json\/wp\/v2\/posts\/404519"}],"collection":[{"href":"https:\/\/bahiaeconomica.com.br\/wp\/wp-json\/wp\/v2\/posts"}],"about":[{"href":"https:\/\/bahiaeconomica.com.br\/wp\/wp-json\/wp\/v2\/types\/post"}],"author":[{"embeddable":true,"href":"https:\/\/bahiaeconomica.com.br\/wp\/wp-json\/wp\/v2\/users\/1"}],"replies":[{"embeddable":true,"href":"https:\/\/bahiaeconomica.com.br\/wp\/wp-json\/wp\/v2\/comments?post=404519"}],"version-history":[{"count":2,"href":"https:\/\/bahiaeconomica.com.br\/wp\/wp-json\/wp\/v2\/posts\/404519\/revisions"}],"predecessor-version":[{"id":404522,"href":"https:\/\/bahiaeconomica.com.br\/wp\/wp-json\/wp\/v2\/posts\/404519\/revisions\/404522"}],"wp:featuredmedia":[{"embeddable":true,"href":"https:\/\/bahiaeconomica.com.br\/wp\/wp-json\/wp\/v2\/media\/404520"}],"wp:attachment":[{"href":"https:\/\/bahiaeconomica.com.br\/wp\/wp-json\/wp\/v2\/media?parent=404519"}],"wp:term":[{"taxonomy":"category","embeddable":true,"href":"https:\/\/bahiaeconomica.com.br\/wp\/wp-json\/wp\/v2\/categories?post=404519"},{"taxonomy":"post_tag","embeddable":true,"href":"https:\/\/bahiaeconomica.com.br\/wp\/wp-json\/wp\/v2\/tags?post=404519"}],"curies":[{"name":"wp","href":"https:\/\/api.w.org\/{rel}","templated":true}]}}